{"id":4389,"date":"2021-04-09T14:14:07","date_gmt":"2021-04-09T12:14:07","guid":{"rendered":"http:\/\/cepronda.com\/blog\/?p=4389"},"modified":"2021-04-09T14:14:07","modified_gmt":"2021-04-09T12:14:07","slug":"educacion-emocional-y-alumnado-con-tea","status":"publish","type":"post","link":"https:\/\/cepronda.com\/blog\/educacion-emocional-y-alumnado-con-tea\/","title":{"rendered":"EDUCACI\u00d3N EMOCIONAL Y ALUMNADO CON TEA"},"content":{"rendered":"<section class=\"entry-content \">Buenas tardes&nbsp; compa\u00f1eras y compa\u00f1eros,<\/section>\n<section><\/section>\n<section><\/section>\n<section class=\"entry-content \">Os informamos que est\u00e1 abierto el plazo de inscripci\u00f3n de la formaci\u00f3n&nbsp; provincial EDUCACI\u00d3N EMOCIONAL Y ALUMNADO CON TEA con c\u00f3digo 212923GE755. Comenzar\u00e1 a desarrollarse el pr\u00f3ximo&nbsp; 05\/05\/2021.&nbsp;<\/section>\n<section class=\"entry-content \">Adjuntamos&nbsp;<a href=\"https:\/\/www.juntadeandalucia.es\/educacion\/secretariavirtual\/consultaCEP\/actividad\/212923GE755\/\">enlace<\/a> : <a href=\"https:\/\/www.juntadeandalucia.es\/educacion\/secretariavirtual\/consultaCEP\/actividad\/212923GE755\/\">https:\/\/www.juntadeandalucia.es\/educacion\/secretariavirtual\/consultaCEP\/actividad\/212923GE755\/<\/a><\/section>\n<section><\/section>\n<section>Esta actividad est\u00e1 gestionada por el CEP de Marbella-Co\u00edn.<\/section>\n<section class=\"entry-content \">Te rogamos que en el caso de renunciar o no poder asistir a esta formaci\u00f3n, lo comuniques a la mayor brevedad posible para no provocar perjuicio al resto de participantes ni al buen funcionamiento de la actividad.&nbsp;<\/section>\n<section><\/section>\n<section class=\"entry-content \">Deseamos que sea de vuestro inter\u00e9s.&nbsp;<\/section>\n<section class=\"entry-content \">Saludos.<\/section>\n<section><\/section>\n<section><img data-recalc-dims=\"1\" loading=\"lazy\" decoding=\"async\" class=\"size-medium wp-image-4390 aligncenter\" src=\"https:\/\/i0.wp.com\/cepronda.com\/blog\/wp-content\/uploads\/2021\/04\/WhatsApp-Image-2021-04-09-at-13.59.43-212x300.jpeg?resize=212%2C300\" alt=\"\" width=\"212\" height=\"300\" srcset=\"https:\/\/i0.wp.com\/cepronda.com\/blog\/wp-content\/uploads\/2021\/04\/WhatsApp-Image-2021-04-09-at-13.59.43.jpeg?resize=212%2C300&amp;ssl=1 212w, https:\/\/i0.wp.com\/cepronda.com\/blog\/wp-content\/uploads\/2021\/04\/WhatsApp-Image-2021-04-09-at-13.59.43.jpeg?w=555&amp;ssl=1 555w\" sizes=\"auto, (max-width: 212px) 100vw, 212px\" \/><\/section>\n","protected":false},"excerpt":{"rendered":"<p>Buenas tardes&nbsp; compa\u00f1eras y compa\u00f1eros, Os informamos que est\u00e1 abierto el plazo de inscripci\u00f3n de la formaci\u00f3n&nbsp; provincial EDUCACI\u00d3N EMOCIONAL Y ALUMNADO CON TEA con c\u00f3digo 212923GE755. Comenzar\u00e1 a desarrollarse el pr\u00f3ximo&nbsp; 05\/05\/2021.&nbsp; Adjuntamos&nbsp;enlace : https:\/\/www.juntadeandalucia.es\/educacion\/secretariavirtual\/consultaCEP\/actividad\/212923GE755\/ Esta actividad est\u00e1 gestionada por el CEP de Marbella-Co\u00edn. Te rogamos que en el caso de renunciar o no [&hellip;]<\/p>\n","protected":false},"author":10,"featured_media":4390,"comment_status":"closed","ping_status":"open","sticky":false,"template":"","format":"standard","meta":{"_crdt_document":"","advanced_seo_description":"","jetpack_seo_html_title":"","jetpack_seo_noindex":false,"jetpack_post_was_ever_published":false,"_jetpack_newsletter_access":"","_jetpack_dont_email_post_to_subs":false,"_jetpack_newsletter_tier_id":0,"_jetpack_memberships_contains_paywalled_content":false,"_jetpack_memberships_contains_paid_content":false,"footnotes":"","jetpack_publicize_message":"","jetpack_publicize_feature_enabled":true,"jetpack_social_post_already_shared":true,"jetpack_social_options":{"image_generator_settings":{"template":"highway","default_image_id":0,"font":"","enabled":false},"version":2}},"categories":[5],"tags":[],"class_list":{"0":"post-4389","1":"post","2":"type-post","3":"status-publish","4":"format-standard","5":"has-post-thumbnail","7":"category-noticias","8":"czr-hentry"},"jetpack_publicize_connections":[],"jetpack_featured_media_url":"https:\/\/i0.wp.com\/cepronda.com\/blog\/wp-content\/uploads\/2021\/04\/WhatsApp-Image-2021-04-09-at-13.59.43.jpeg?fit=555%2C785&ssl=1","jetpack_shortlink":"https:\/\/wp.me\/p8M4X7-18N","jetpack-related-posts":[{"id":4195,"url":"https:\/\/cepronda.com\/blog\/educacion-emocional-herramientas-de-autogestion-y-apoyo-al-alumnado\/","url_meta":{"origin":4389,"position":0},"title":"EDUCACI\u00d3N EMOCIONAL: HERRAMIENTAS DE AUTOGESTI\u00d3N Y APOYO AL ALUMNADO.","author":"Inmaculada Garc\u00eda","date":"15 febrero, 2021","format":false,"excerpt":"Buenos d\u00edas compa\u00f1eros y compa\u00f1eras. Os informamos que est\u00e1 abierto el plazo de inscripci\u00f3n para la actividad formativa \"EDUCACI\u00d3N EMOCIONAL: HERRAMIENTAS DE AUTOGESTI\u00d3N Y APOYO AL ALUMNADO\", con ALBERTO ORTEGA\u00a0 como ponente, experto en Inteligencia Emocional y Coaching Personal. Esperamos que sea de vuestro inter\u00e9s, un saludo. PINCHA EN ESTE\u2026","rel":"","context":"En \u00abNoticias\u00bb","block_context":{"text":"Noticias","link":"https:\/\/cepronda.com\/blog\/category\/noticias\/"},"img":{"alt_text":"","src":"https:\/\/i0.wp.com\/cepronda.com\/blog\/wp-content\/uploads\/2021\/02\/EDUCACION-EMOCIONAL_-HERRAMIENTAS-DE-AUTOGESTION-Y-APOYO-AL-ALUMNADO..jpg?fit=848%2C1200&ssl=1&resize=350%2C200","width":350,"height":200,"srcset":"https:\/\/i0.wp.com\/cepronda.com\/blog\/wp-content\/uploads\/2021\/02\/EDUCACION-EMOCIONAL_-HERRAMIENTAS-DE-AUTOGESTION-Y-APOYO-AL-ALUMNADO..jpg?fit=848%2C1200&ssl=1&resize=350%2C200 1x, https:\/\/i0.wp.com\/cepronda.com\/blog\/wp-content\/uploads\/2021\/02\/EDUCACION-EMOCIONAL_-HERRAMIENTAS-DE-AUTOGESTION-Y-APOYO-AL-ALUMNADO..jpg?fit=848%2C1200&ssl=1&resize=525%2C300 1.5x, https:\/\/i0.wp.com\/cepronda.com\/blog\/wp-content\/uploads\/2021\/02\/EDUCACION-EMOCIONAL_-HERRAMIENTAS-DE-AUTOGESTION-Y-APOYO-AL-ALUMNADO..jpg?fit=848%2C1200&ssl=1&resize=700%2C400 2x"},"classes":[]},{"id":4235,"url":"https:\/\/cepronda.com\/blog\/educacion-emocional-herramientas-de-autogestion-y-apoyo-al-alumnado-2\/","url_meta":{"origin":4389,"position":1},"title":"EDUCACI\u00d3N EMOCIONAL: HERRAMIENTAS DE AUTOGESTI\u00d3N Y APOYO AL ALUMNADO.","author":"Inmaculada Garc\u00eda","date":"4 marzo, 2021","format":false,"excerpt":"Hola compa\u00f1eros y compa\u00f1eras, os recordamos que estamos en los \u00faltimos d\u00edas para realizar vuestra inscripci\u00f3n en la actividad formativa \"EDUCACI\u00d3N EMOCIONAL: HERRAMIENTAS DE AUTOGESTI\u00d3N Y APOYO AL ALUMNADO\", con ALBERTO ORTEGA C\u00c1MARA.\u00a0 Esperamos que sea de vuestro inter\u00e9s. PARA REALIZAR TU INSCRIPCI\u00d3N PINCHA AQU\u00cd.","rel":"","context":"En \u00abNoticias\u00bb","block_context":{"text":"Noticias","link":"https:\/\/cepronda.com\/blog\/category\/noticias\/"},"img":{"alt_text":"","src":"https:\/\/i0.wp.com\/cepronda.com\/blog\/wp-content\/uploads\/2021\/02\/EDUCACION-EMOCIONAL_-HERRAMIENTAS-DE-AUTOGESTION-Y-APOYO-AL-ALUMNADO..jpg?fit=848%2C1200&ssl=1&resize=350%2C200","width":350,"height":200,"srcset":"https:\/\/i0.wp.com\/cepronda.com\/blog\/wp-content\/uploads\/2021\/02\/EDUCACION-EMOCIONAL_-HERRAMIENTAS-DE-AUTOGESTION-Y-APOYO-AL-ALUMNADO..jpg?fit=848%2C1200&ssl=1&resize=350%2C200 1x, https:\/\/i0.wp.com\/cepronda.com\/blog\/wp-content\/uploads\/2021\/02\/EDUCACION-EMOCIONAL_-HERRAMIENTAS-DE-AUTOGESTION-Y-APOYO-AL-ALUMNADO..jpg?fit=848%2C1200&ssl=1&resize=525%2C300 1.5x, https:\/\/i0.wp.com\/cepronda.com\/blog\/wp-content\/uploads\/2021\/02\/EDUCACION-EMOCIONAL_-HERRAMIENTAS-DE-AUTOGESTION-Y-APOYO-AL-ALUMNADO..jpg?fit=848%2C1200&ssl=1&resize=700%2C400 2x"},"classes":[]},{"id":8873,"url":"https:\/\/cepronda.com\/blog\/atencion-al-alumnado-tea-en-el-aula-de-educacion-infantil\/","url_meta":{"origin":4389,"position":2},"title":"ATENCI\u00d3N AL ALUMNADO TEA EN EL AULA DE EDUCACI\u00d3N INFANTIL","author":"Mamen Moreno","date":"30 septiembre, 2025","format":false,"excerpt":"Abierto el plazo de inscripci\u00f3n para el curso \"ATENCI\u00d3N AL ALUMNADO TEA EN EL AULA DE EDUCACI\u00d3N INFANTIL\". C\u00f3digo: 262922GE082. Dirigido: a maestros y maestra de Educaci\u00f3n Infantil ( 3- 6 a\u00f1os). Inscripci\u00f3n: del 30\/09\/2025 al 30\/10\/2025. Actividad: del 05\/11\/2025 a 03\/12\/2025 (mi\u00e9rcoles). Duraci\u00f3n: 15 h presenciales. Lugar: V\u00eda webex\u2026","rel":"","context":"En \u00abFormaciones\u00bb","block_context":{"text":"Formaciones","link":"https:\/\/cepronda.com\/blog\/category\/formaciones\/"},"img":{"alt_text":"","src":"https:\/\/i0.wp.com\/cepronda.com\/blog\/wp-content\/uploads\/2025\/10\/Sin-titulo.png?fit=856%2C853&ssl=1&resize=350%2C200","width":350,"height":200,"srcset":"https:\/\/i0.wp.com\/cepronda.com\/blog\/wp-content\/uploads\/2025\/10\/Sin-titulo.png?fit=856%2C853&ssl=1&resize=350%2C200 1x, https:\/\/i0.wp.com\/cepronda.com\/blog\/wp-content\/uploads\/2025\/10\/Sin-titulo.png?fit=856%2C853&ssl=1&resize=525%2C300 1.5x, https:\/\/i0.wp.com\/cepronda.com\/blog\/wp-content\/uploads\/2025\/10\/Sin-titulo.png?fit=856%2C853&ssl=1&resize=700%2C400 2x"},"classes":[]},{"id":3107,"url":"https:\/\/cepronda.com\/blog\/fomentamos-la-lectura-con-inteligencia-emocional\/","url_meta":{"origin":4389,"position":3},"title":"FOMENTAMOS LA LECTURA CON INTELIGENCIA EMOCIONAL","author":"V\u00edctor Caballero","date":"28 octubre, 2019","format":false,"excerpt":"En todas las etapas de la Educaci\u00f3n, debemos aprovechar todos los recursos posibles para que cada actividad que hagamos sea lo m\u00e1s completa posible y ayude a la formaci\u00f3n y educaci\u00f3n de nuestro alumnado. El desarrollo de la competencia ling\u00fc\u00edstica es fundamental en la etapa de Educaci\u00f3n Infantil y Primaria\u2026","rel":"","context":"En \u00abFormaciones\u00bb","block_context":{"text":"Formaciones","link":"https:\/\/cepronda.com\/blog\/category\/formaciones\/"},"img":{"alt_text":"","src":"https:\/\/i0.wp.com\/cepronda.com\/blog\/wp-content\/uploads\/2019\/10\/Lectura_int_emocional.png?fit=644%2C908&ssl=1&resize=350%2C200","width":350,"height":200,"srcset":"https:\/\/i0.wp.com\/cepronda.com\/blog\/wp-content\/uploads\/2019\/10\/Lectura_int_emocional.png?fit=644%2C908&ssl=1&resize=350%2C200 1x, https:\/\/i0.wp.com\/cepronda.com\/blog\/wp-content\/uploads\/2019\/10\/Lectura_int_emocional.png?fit=644%2C908&ssl=1&resize=525%2C300 1.5x"},"classes":[]},{"id":7284,"url":"https:\/\/cepronda.com\/blog\/que-y-como-ensenar-al-alumnado-tea-en-el-aula-ordinaria\/","url_meta":{"origin":4389,"position":4},"title":"QU\u00c9 Y C\u00d3MO ENSE\u00d1AR AL ALUMNADO TEA EN EL AULA ORDINARIA","author":"V\u00edctor Caballero","date":"22 diciembre, 2023","format":false,"excerpt":"Se encuentra abierto el plazo de inscripci\u00f3n para la formaci\u00f3n \u201cQU\u00c9 Y C\u00d3MO ENSE\u00d1AR AL ALUMNADO TEA EN EL AULA ORDINARIA.\" C\u00d3DIGO 242924GE042. Ponente:\u00a0 Macarena Conesa Duraci\u00f3n de la actividad 10 horas presenciales + 2 horas de tareas. Fecha actividad: X10 enero (16:30 a 19:00h) ONLINE X17 enero (16:30 a\u2026","rel":"","context":"En \u00abFormaciones\u00bb","block_context":{"text":"Formaciones","link":"https:\/\/cepronda.com\/blog\/category\/formaciones\/"},"img":{"alt_text":"","src":"https:\/\/i0.wp.com\/cepronda.com\/blog\/wp-content\/uploads\/2023\/12\/242924GE042-Cartel-TEA.png?fit=1080%2C1080&ssl=1&resize=350%2C200","width":350,"height":200,"srcset":"https:\/\/i0.wp.com\/cepronda.com\/blog\/wp-content\/uploads\/2023\/12\/242924GE042-Cartel-TEA.png?fit=1080%2C1080&ssl=1&resize=350%2C200 1x, https:\/\/i0.wp.com\/cepronda.com\/blog\/wp-content\/uploads\/2023\/12\/242924GE042-Cartel-TEA.png?fit=1080%2C1080&ssl=1&resize=525%2C300 1.5x, https:\/\/i0.wp.com\/cepronda.com\/blog\/wp-content\/uploads\/2023\/12\/242924GE042-Cartel-TEA.png?fit=1080%2C1080&ssl=1&resize=700%2C400 2x, https:\/\/i0.wp.com\/cepronda.com\/blog\/wp-content\/uploads\/2023\/12\/242924GE042-Cartel-TEA.png?fit=1080%2C1080&ssl=1&resize=1050%2C600 3x"},"classes":[]},{"id":7693,"url":"https:\/\/cepronda.com\/blog\/formacion-que-y-como-ensenar-al-alumnado-tea-en-el-aula-ordinaria-de-ed-primaria-codigo\/","url_meta":{"origin":4389,"position":5},"title":"FORMACI\u00d3N: QU\u00c9 Y C\u00d3MO ENSE\u00d1AR AL ALUMNADO TEA EN EL AULA ORDINARIA DE ED. PRIMARIA, c\u00f3digo: 252923GES751.","author":"Inmaculada Garc\u00eda","date":"11 septiembre, 2024","format":false,"excerpt":"Abierto el plazo de inscripci\u00f3n del curso provincial organizado por el CEP Marbella-Co\u00edn: \"QU\u00c9 Y C\u00d3MO ENSE\u00d1AR AL ALUMNADO TEA EN EL AULA ORDINARIA DE ED. PRIMARIA\",\u00a0 con c\u00f3digo 252923GES751, con la ponente Macarena Conesa. Las fechas de realizaci\u00f3n son 10\/17\/24\/31 de Octubre en horario de 16.30h a 19.30h por\u2026","rel":"","context":"En \u00abFormaciones\u00bb","block_context":{"text":"Formaciones","link":"https:\/\/cepronda.com\/blog\/category\/formaciones\/"},"img":{"alt_text":"","src":"https:\/\/i0.wp.com\/cepronda.com\/blog\/wp-content\/uploads\/2024\/09\/CARTEL-TEA-MARBELLA.jpg?fit=1188%2C664&ssl=1&resize=350%2C200","width":350,"height":200,"srcset":"https:\/\/i0.wp.com\/cepronda.com\/blog\/wp-content\/uploads\/2024\/09\/CARTEL-TEA-MARBELLA.jpg?fit=1188%2C664&ssl=1&resize=350%2C200 1x, https:\/\/i0.wp.com\/cepronda.com\/blog\/wp-content\/uploads\/2024\/09\/CARTEL-TEA-MARBELLA.jpg?fit=1188%2C664&ssl=1&resize=525%2C300 1.5x, https:\/\/i0.wp.com\/cepronda.com\/blog\/wp-content\/uploads\/2024\/09\/CARTEL-TEA-MARBELLA.jpg?fit=1188%2C664&ssl=1&resize=700%2C400 2x, https:\/\/i0.wp.com\/cepronda.com\/blog\/wp-content\/uploads\/2024\/09\/CARTEL-TEA-MARBELLA.jpg?fit=1188%2C664&ssl=1&resize=1050%2C600 3x"},"classes":[]}],"jetpack_sharing_enabled":true,"_links":{"self":[{"href":"https:\/\/cepronda.com\/blog\/wp-json\/wp\/v2\/posts\/4389","targetHints":{"allow":["GET"]}}],"collection":[{"href":"https:\/\/cepronda.com\/blog\/wp-json\/wp\/v2\/posts"}],"about":[{"href":"https:\/\/cepronda.com\/blog\/wp-json\/wp\/v2\/types\/post"}],"author":[{"embeddable":true,"href":"https:\/\/cepronda.com\/blog\/wp-json\/wp\/v2\/users\/10"}],"replies":[{"embeddable":true,"href":"https:\/\/cepronda.com\/blog\/wp-json\/wp\/v2\/comments?post=4389"}],"version-history":[{"count":2,"href":"https:\/\/cepronda.com\/blog\/wp-json\/wp\/v2\/posts\/4389\/revisions"}],"predecessor-version":[{"id":4392,"href":"https:\/\/cepronda.com\/blog\/wp-json\/wp\/v2\/posts\/4389\/revisions\/4392"}],"wp:featuredmedia":[{"embeddable":true,"href":"https:\/\/cepronda.com\/blog\/wp-json\/wp\/v2\/media\/4390"}],"wp:attachment":[{"href":"https:\/\/cepronda.com\/blog\/wp-json\/wp\/v2\/media?parent=4389"}],"wp:term":[{"taxonomy":"category","embeddable":true,"href":"https:\/\/cepronda.com\/blog\/wp-json\/wp\/v2\/categories?post=4389"},{"taxonomy":"post_tag","embeddable":true,"href":"https:\/\/cepronda.com\/blog\/wp-json\/wp\/v2\/tags?post=4389"}],"curies":[{"name":"wp","href":"https:\/\/api.w.org\/{rel}","templated":true}]}}