{"id":4387,"date":"2021-04-09T12:43:39","date_gmt":"2021-04-09T10:43:39","guid":{"rendered":"http:\/\/cepronda.com\/blog\/?p=4387"},"modified":"2025-04-28T11:58:37","modified_gmt":"2025-04-28T09:58:37","slug":"plan-estrategico-de-innovacion-educativa-2021-2027","status":"publish","type":"post","link":"https:\/\/cepronda.com\/blog\/plan-estrategico-de-innovacion-educativa-2021-2027\/","title":{"rendered":"Plan Estrat\u00e9gico de Innovaci\u00f3n Educativa 2021-2027"},"content":{"rendered":"<p>Buenos d\u00edas compa\u00f1eras y compa\u00f1eros,<\/p>\n<p>Os recordamos que ten\u00e9is en SENECA el formulario para conocer el grado de innovaci\u00f3n de los centros andaluces. No obstante aqu\u00ed ten\u00e9is el enlace:<br \/>\n<a href=\"https:\/\/ec.europa.eu\/eusurvey\/runner\/InnoEdu\">https:\/\/ec.europa.eu\/eusurvey\/runner\/InnoEdu<\/a><br \/>\nEl plazo para la cumplimentaci\u00f3n del cuestionario por parte de los docentes finaliza el <strong>martes 20 de abril (23.59)<\/strong>.<\/p>\n<p>Os animamos a que lo hag\u00e1is ya que con este formulario se pretende elaborar, desde la Consejer\u00eda, el<strong> I Plan Estrat\u00e9gico de Innovaci\u00f3n Educativa 2021-2027<\/strong>, recientemente aprobado por el Consejo de Gobierno de la Junta de Andaluc\u00eda..<br \/>\nGracias.<\/p>\n<p>Un saludo.<img data-recalc-dims=\"1\" loading=\"lazy\" decoding=\"async\" class=\" wp-image-3495 aligncenter\" src=\"https:\/\/i0.wp.com\/cepronda.com\/blog\/wp-content\/uploads\/2020\/03\/S%C2%B0mbolo-gen%C3%87rico-RRSS-redondo-negativo-300x300.png?resize=220%2C220\" alt=\"\" width=\"220\" height=\"220\" srcset=\"https:\/\/i0.wp.com\/cepronda.com\/blog\/wp-content\/uploads\/2020\/03\/S%C2%B0mbolo-gen%C3%87rico-RRSS-redondo-negativo.png?resize=300%2C300&amp;ssl=1 300w, https:\/\/i0.wp.com\/cepronda.com\/blog\/wp-content\/uploads\/2020\/03\/S%C2%B0mbolo-gen%C3%87rico-RRSS-redondo-negativo.png?resize=1024%2C1024&amp;ssl=1 1024w, https:\/\/i0.wp.com\/cepronda.com\/blog\/wp-content\/uploads\/2020\/03\/S%C2%B0mbolo-gen%C3%87rico-RRSS-redondo-negativo.png?resize=150%2C150&amp;ssl=1 150w, https:\/\/i0.wp.com\/cepronda.com\/blog\/wp-content\/uploads\/2020\/03\/S%C2%B0mbolo-gen%C3%87rico-RRSS-redondo-negativo.png?resize=768%2C768&amp;ssl=1 768w, https:\/\/i0.wp.com\/cepronda.com\/blog\/wp-content\/uploads\/2020\/03\/S%C2%B0mbolo-gen%C3%87rico-RRSS-redondo-negativo.png?resize=50%2C50&amp;ssl=1 50w, https:\/\/i0.wp.com\/cepronda.com\/blog\/wp-content\/uploads\/2020\/03\/S%C2%B0mbolo-gen%C3%87rico-RRSS-redondo-negativo.png?w=1500&amp;ssl=1 1500w\" sizes=\"auto, (max-width: 220px) 100vw, 220px\" \/><\/p>\n","protected":false},"excerpt":{"rendered":"<p>Buenos d\u00edas compa\u00f1eras y compa\u00f1eros, Os recordamos que ten\u00e9is en SENECA el formulario para conocer el grado de innovaci\u00f3n de los centros andaluces. No obstante aqu\u00ed ten\u00e9is el enlace: https:\/\/ec.europa.eu\/eusurvey\/runner\/InnoEdu El plazo para la cumplimentaci\u00f3n del cuestionario por parte de los docentes finaliza el martes 20 de abril (23.59). Os animamos a que lo hag\u00e1is [&hellip;]<\/p>\n","protected":false},"author":10,"featured_media":3495,"comment_status":"closed","ping_status":"open","sticky":false,"template":"","format":"standard","meta":{"_crdt_document":"","advanced_seo_description":"","jetpack_seo_html_title":"","jetpack_seo_noindex":false,"jetpack_post_was_ever_published":false,"_jetpack_newsletter_access":"","_jetpack_dont_email_post_to_subs":false,"_jetpack_newsletter_tier_id":0,"_jetpack_memberships_contains_paywalled_content":false,"_jetpack_memberships_contains_paid_content":false,"footnotes":"","jetpack_publicize_message":"","jetpack_publicize_feature_enabled":true,"jetpack_social_post_already_shared":true,"jetpack_social_options":{"image_generator_settings":{"template":"highway","default_image_id":0,"font":"","enabled":false},"version":2}},"categories":[3,5],"tags":[30,39],"class_list":{"0":"post-4387","1":"post","2":"type-post","3":"status-publish","4":"format-standard","5":"has-post-thumbnail","7":"category-formaciones","8":"category-noticias","9":"tag-formulario","10":"tag-innovacion-educativa","11":"czr-hentry"},"jetpack_publicize_connections":[],"jetpack_featured_media_url":"https:\/\/i0.wp.com\/cepronda.com\/blog\/wp-content\/uploads\/2020\/03\/S%C2%B0mbolo-gen%C3%87rico-RRSS-redondo-negativo.png?fit=1500%2C1500&ssl=1","jetpack_shortlink":"https:\/\/wp.me\/p8M4X7-18L","jetpack-related-posts":[{"id":3731,"url":"https:\/\/cepronda.com\/blog\/programas-para-la-innovacion-educativa\/","url_meta":{"origin":4387,"position":0},"title":"Programas para la Innovaci\u00f3n Educativa","author":"Mar\u00eda Jos\u00e9 M\u00e1rquez","date":"10 septiembre, 2020","format":false,"excerpt":"Buenos d\u00edas compa\u00f1eras y compa\u00f1eros, os recordamos que , hasta el 30 de septiembre, est\u00e1 abierto el plazo de inscripci\u00f3n para participar en la convocatoria de los Programas para la Innovaci\u00f3n Educativa para el curso 2020\/2021. Se solicitar\u00e1n a trav\u00e9s de la plataforma S\u00e9neca siguiendo la ruta: Centro\/Planes y Proyectos\u2026","rel":"","context":"En \u00abNoticias\u00bb","block_context":{"text":"Noticias","link":"https:\/\/cepronda.com\/blog\/category\/noticias\/"},"img":{"alt_text":"","src":"https:\/\/i0.wp.com\/cepronda.com\/blog\/wp-content\/uploads\/2020\/09\/Programas-educativos.png?fit=795%2C794&ssl=1&resize=350%2C200","width":350,"height":200,"srcset":"https:\/\/i0.wp.com\/cepronda.com\/blog\/wp-content\/uploads\/2020\/09\/Programas-educativos.png?fit=795%2C794&ssl=1&resize=350%2C200 1x, https:\/\/i0.wp.com\/cepronda.com\/blog\/wp-content\/uploads\/2020\/09\/Programas-educativos.png?fit=795%2C794&ssl=1&resize=525%2C300 1.5x, https:\/\/i0.wp.com\/cepronda.com\/blog\/wp-content\/uploads\/2020\/09\/Programas-educativos.png?fit=795%2C794&ssl=1&resize=700%2C400 2x"},"classes":[]},{"id":3283,"url":"https:\/\/cepronda.com\/blog\/convocatoria-de-medidas-de-apoyo-aprobacion-y-reconocimiento-al-profesorado-para-la-realizacion-de-proyectos-de-investigacion-e-innovacion-educativa-y-de-elaboracion-de-materiales-para-el-curso-acad\/","url_meta":{"origin":4387,"position":1},"title":"Convocatoria de medidas de apoyo, aprobaci\u00f3n y reconocimiento al profesorado para la realizaci\u00f3n de proyectos de investigaci\u00f3n, e innovaci\u00f3n educativa y de elaboraci\u00f3n de materiales para el curso acad\u00e9mico 2020\/2021","author":"V\u00edctor Caballero","date":"7 enero, 2020","format":false,"excerpt":"Compartimos con todas aquellas personas interesadas esta convocatoria. Para acceder a toda la informaci\u00f3n s\u00f3lo ten\u00e9is que seguir este enlace.","rel":"","context":"En \u00abFormaciones\u00bb","block_context":{"text":"Formaciones","link":"https:\/\/cepronda.com\/blog\/category\/formaciones\/"},"img":{"alt_text":"","src":"https:\/\/i0.wp.com\/cepronda.com\/blog\/wp-content\/uploads\/2019\/05\/logo-nuevo.jpg?fit=531%2C342&ssl=1&resize=350%2C200","width":350,"height":200,"srcset":"https:\/\/i0.wp.com\/cepronda.com\/blog\/wp-content\/uploads\/2019\/05\/logo-nuevo.jpg?fit=531%2C342&ssl=1&resize=350%2C200 1x, https:\/\/i0.wp.com\/cepronda.com\/blog\/wp-content\/uploads\/2019\/05\/logo-nuevo.jpg?fit=531%2C342&ssl=1&resize=525%2C300 1.5x"},"classes":[]},{"id":1744,"url":"https:\/\/cepronda.com\/blog\/xxx-edicion-del-concurso-para-el-fomento-de-la-investigacion-e-innovacion-educativa-en-sus-dos-modalidades-premio-joaquin-guichot-y-premio-antonio-dominguez-ortiz\/","url_meta":{"origin":4387,"position":2},"title":"XXX edici\u00f3n del concurso para el fomento de la investigaci\u00f3n e innovaci\u00f3n educativa en sus dos modalidades, premio \u00abJoaqu\u00edn Guichot\u00bb y premio \u00abAntonio Dom\u00ednguez Ortiz\u00bb","author":"V\u00edctor Caballero","date":"25 abril, 2018","format":false,"excerpt":"Muy buenas,\u00a0 Ponemos en conocimiento de todo el profesorado que se ha lanzado la convocatoria de la XXX edici\u00f3n del concurso para el fomento de la investigaci\u00f3n e innovaci\u00f3n educativa en sus dos modalidades \"Joaqu\u00edn Guichot\" y premio \"Antonio Dom\u00ednguez Ort\u00edz\".\u00a0 Para acceder a la informaci\u00f3n, s\u00f3lo ten\u00e9is seguir este\u2026","rel":"","context":"En \u00abNoticias\u00bb","block_context":{"text":"Noticias","link":"https:\/\/cepronda.com\/blog\/category\/noticias\/"},"img":{"alt_text":"","src":"https:\/\/i0.wp.com\/cepronda.com\/blog\/wp-content\/uploads\/2017\/05\/logo_ja_ce_mejor.jpg?fit=732%2C600&ssl=1&resize=350%2C200","width":350,"height":200,"srcset":"https:\/\/i0.wp.com\/cepronda.com\/blog\/wp-content\/uploads\/2017\/05\/logo_ja_ce_mejor.jpg?fit=732%2C600&ssl=1&resize=350%2C200 1x, https:\/\/i0.wp.com\/cepronda.com\/blog\/wp-content\/uploads\/2017\/05\/logo_ja_ce_mejor.jpg?fit=732%2C600&ssl=1&resize=525%2C300 1.5x, https:\/\/i0.wp.com\/cepronda.com\/blog\/wp-content\/uploads\/2017\/05\/logo_ja_ce_mejor.jpg?fit=732%2C600&ssl=1&resize=700%2C400 2x"},"classes":[]},{"id":4840,"url":"https:\/\/cepronda.com\/blog\/i-congreso-internacional-de-innovacion-educativa-en-andalucia\/","url_meta":{"origin":4387,"position":3},"title":"I CONGRESO INTERNACIONAL DE INNOVACI\u00d3N EDUCATIVA EN ANDALUC\u00cdA","author":"Maribel Mu\u00f1oz","date":"30 octubre, 2021","format":false,"excerpt":"Buenos d\u00edas compa\u00f1eras y compa\u00f1eros, Os informamos que est\u00e1 abierto el plazo de inscripci\u00f3n en el I CONGRESO INTERNACIONAL DE INNOVACI\u00d3N EDUCATIVA EN ANDALUC\u00cdA \u00a0con c\u00f3digo 229922PF002. Es una actividad de \u00e1mbito REGIONAL.\u00a0 Se desarrollar\u00e1 en el FYCMA. Palacio de Ferias y Congresos de M\u00e1laga. Hay un total de 400\u2026","rel":"","context":"En \u00abFormaciones\u00bb","block_context":{"text":"Formaciones","link":"https:\/\/cepronda.com\/blog\/category\/formaciones\/"},"img":{"alt_text":"","src":"https:\/\/i0.wp.com\/cepronda.com\/blog\/wp-content\/uploads\/2021\/10\/Congreso-300x196.jpg?resize=350%2C200","width":350,"height":200},"classes":[]},{"id":7203,"url":"https:\/\/cepronda.com\/blog\/ii-congreso-internacional-de-innovacion-educativa-2ciieand\/","url_meta":{"origin":4387,"position":4},"title":"II Congreso Internacional de Innovaci\u00f3n Educativa #2CIIEAND.","author":"Inmaculada Garc\u00eda","date":"10 noviembre, 2023","format":false,"excerpt":"El 15 y el 16 de diciembre tendr\u00e1 lugar en M\u00e1laga el II Congreso Internacional de Innovaci\u00f3n Educativa #2CIIEAND. Hoy se abre la inscripci\u00f3n en la web de la Consejer\u00eda. Solicita tu plaza aqu\u00ed. https:\/\/lajunta.es\/4gvmb","rel":"","context":"En \u00abNoticias\u00bb","block_context":{"text":"Noticias","link":"https:\/\/cepronda.com\/blog\/category\/noticias\/"},"img":{"alt_text":"","src":"https:\/\/i0.wp.com\/cepronda.com\/blog\/wp-content\/uploads\/2023\/11\/II-congrso-internacionesl.jpg?fit=680%2C589&ssl=1&resize=350%2C200","width":350,"height":200,"srcset":"https:\/\/i0.wp.com\/cepronda.com\/blog\/wp-content\/uploads\/2023\/11\/II-congrso-internacionesl.jpg?fit=680%2C589&ssl=1&resize=350%2C200 1x, https:\/\/i0.wp.com\/cepronda.com\/blog\/wp-content\/uploads\/2023\/11\/II-congrso-internacionesl.jpg?fit=680%2C589&ssl=1&resize=525%2C300 1.5x"},"classes":[]},{"id":3777,"url":"https:\/\/cepronda.com\/blog\/grupos-de-trabajo-formacion-en-centros-programas-para-la-innovacion-educativa\/","url_meta":{"origin":4387,"position":5},"title":"Grupos de trabajo. Formaci\u00f3n en centros. Programas para la innovaci\u00f3n educativa.","author":"Maribel Mu\u00f1oz","date":"28 septiembre, 2020","format":false,"excerpt":"Buenos d\u00edas compa\u00f1eras y compa\u00f1eros, Os informamos que est\u00e1 abierto el plazo para solicitar Grupos de Trabajo y as\u00ed como Formaci\u00f3n en Centros. Estas dos modalidades de autoformaci\u00f3n se solicitan v\u00eda S\u00e9neca. Adjuntamos las instrucciones publicadas ( GT y FC) . Tambi\u00e9n os hacemos llegar las instrucciones relativas a la\u2026","rel":"","context":"En \u00abFormaciones\u00bb","block_context":{"text":"Formaciones","link":"https:\/\/cepronda.com\/blog\/category\/formaciones\/"},"img":{"alt_text":"","src":"https:\/\/i0.wp.com\/cepronda.com\/blog\/wp-content\/uploads\/2020\/09\/Logo-progamas-de-formacion-oficial.jpg?resize=350%2C200","width":350,"height":200},"classes":[]}],"jetpack_sharing_enabled":true,"_links":{"self":[{"href":"https:\/\/cepronda.com\/blog\/wp-json\/wp\/v2\/posts\/4387","targetHints":{"allow":["GET"]}}],"collection":[{"href":"https:\/\/cepronda.com\/blog\/wp-json\/wp\/v2\/posts"}],"about":[{"href":"https:\/\/cepronda.com\/blog\/wp-json\/wp\/v2\/types\/post"}],"author":[{"embeddable":true,"href":"https:\/\/cepronda.com\/blog\/wp-json\/wp\/v2\/users\/10"}],"replies":[{"embeddable":true,"href":"https:\/\/cepronda.com\/blog\/wp-json\/wp\/v2\/comments?post=4387"}],"version-history":[{"count":1,"href":"https:\/\/cepronda.com\/blog\/wp-json\/wp\/v2\/posts\/4387\/revisions"}],"predecessor-version":[{"id":4388,"href":"https:\/\/cepronda.com\/blog\/wp-json\/wp\/v2\/posts\/4387\/revisions\/4388"}],"wp:featuredmedia":[{"embeddable":true,"href":"https:\/\/cepronda.com\/blog\/wp-json\/wp\/v2\/media\/3495"}],"wp:attachment":[{"href":"https:\/\/cepronda.com\/blog\/wp-json\/wp\/v2\/media?parent=4387"}],"wp:term":[{"taxonomy":"category","embeddable":true,"href":"https:\/\/cepronda.com\/blog\/wp-json\/wp\/v2\/categories?post=4387"},{"taxonomy":"post_tag","embeddable":true,"href":"https:\/\/cepronda.com\/blog\/wp-json\/wp\/v2\/tags?post=4387"}],"curies":[{"name":"wp","href":"https:\/\/api.w.org\/{rel}","templated":true}]}}