{"id":4385,"date":"2021-04-08T14:16:00","date_gmt":"2021-04-08T12:16:00","guid":{"rendered":"http:\/\/cepronda.com\/blog\/?p=4385"},"modified":"2025-04-28T11:55:58","modified_gmt":"2025-04-28T09:55:58","slug":"paseos-matematicos-ciencia-y-arte-en-los-monumentos","status":"publish","type":"post","link":"https:\/\/cepronda.com\/blog\/paseos-matematicos-ciencia-y-arte-en-los-monumentos\/","title":{"rendered":"PASEOS MATEM\u00c1TICOS. CIENCIA Y ARTE EN LOS MONUMENTOS."},"content":{"rendered":"<section class=\"entry-content \">Buenas tardes&nbsp; compa\u00f1eras y compa\u00f1eros,<\/section>\n<section><\/section>\n<section><\/section>\n<section><\/section>\n<section class=\"entry-content \">Os informamos que est\u00e1 abierto el plazo de inscripci\u00f3n de la formaci\u00f3n&nbsp; regional <strong>PASEOS MATEM\u00c1TICOS. CIENCIA Y ARTE EN LOS MONUMENTOS<\/strong> con c\u00f3digo 219901CLT286 , &nbsp; que comenzar\u00e1 a desarrollarse el pr\u00f3ximo&nbsp; 20\/04\/2021.&nbsp;<\/section>\n<section><\/section>\n<section class=\"entry-content \">Adjuntamos&nbsp;<a href=\"https:\/\/www.juntadeandalucia.es\/educacion\/secretariavirtual\/consultaCEP\/actividad\/219901CLT286\/\">enlace<\/a> : <a href=\"https:\/\/www.juntadeandalucia.es\/educacion\/secretariavirtual\/consultaCEP\/actividad\/219901CLT286\/\">https:\/\/www.juntadeandalucia.es\/educacion\/secretariavirtual\/consultaCEP\/actividad\/219901CLT286\/<\/a><\/section>\n<section><\/section>\n<section>Esta formaci\u00f3n es gestionada desde el CEP de Almer\u00eda. El plazo de inscripci\u00f3n estar\u00e1 abierto hasta el pr\u00f3ximo jueves 13\/04\/2021<\/section>\n<section><\/section>\n<section class=\"entry-content \">Te rogamos que en el caso de renunciar o no poder asistir a esta formaci\u00f3n, lo comuniques a la mayor brevedad posible para no provocar perjuicio al resto de participantes ni al buen funcionamiento de la actividad.&nbsp;<\/section>\n<section><\/section>\n<section><\/section>\n<section class=\"entry-content \">Deseamos que sea de vuestro inter\u00e9s.&nbsp;<\/section>\n<section class=\"entry-content \">Saludos.<\/section>\n<section><\/section>\n<section><img data-recalc-dims=\"1\" loading=\"lazy\" decoding=\"async\" class=\"wp-image-3495 aligncenter\" src=\"https:\/\/i0.wp.com\/cepronda.com\/blog\/wp-content\/uploads\/2020\/03\/S%C2%B0mbolo-gen%C3%87rico-RRSS-redondo-negativo-300x300.png?resize=191%2C191\" alt=\"\" width=\"191\" height=\"191\" srcset=\"https:\/\/i0.wp.com\/cepronda.com\/blog\/wp-content\/uploads\/2020\/03\/S%C2%B0mbolo-gen%C3%87rico-RRSS-redondo-negativo.png?resize=300%2C300&amp;ssl=1 300w, https:\/\/i0.wp.com\/cepronda.com\/blog\/wp-content\/uploads\/2020\/03\/S%C2%B0mbolo-gen%C3%87rico-RRSS-redondo-negativo.png?resize=1024%2C1024&amp;ssl=1 1024w, https:\/\/i0.wp.com\/cepronda.com\/blog\/wp-content\/uploads\/2020\/03\/S%C2%B0mbolo-gen%C3%87rico-RRSS-redondo-negativo.png?resize=150%2C150&amp;ssl=1 150w, https:\/\/i0.wp.com\/cepronda.com\/blog\/wp-content\/uploads\/2020\/03\/S%C2%B0mbolo-gen%C3%87rico-RRSS-redondo-negativo.png?resize=768%2C768&amp;ssl=1 768w, https:\/\/i0.wp.com\/cepronda.com\/blog\/wp-content\/uploads\/2020\/03\/S%C2%B0mbolo-gen%C3%87rico-RRSS-redondo-negativo.png?resize=50%2C50&amp;ssl=1 50w, https:\/\/i0.wp.com\/cepronda.com\/blog\/wp-content\/uploads\/2020\/03\/S%C2%B0mbolo-gen%C3%87rico-RRSS-redondo-negativo.png?w=1500&amp;ssl=1 1500w\" sizes=\"auto, (max-width: 191px) 100vw, 191px\" \/><\/section>\n<section><\/section>\n<section><\/section>\n<section><\/section>\n<section><\/section>\n","protected":false},"excerpt":{"rendered":"<p>Buenas tardes&nbsp; compa\u00f1eras y compa\u00f1eros, Os informamos que est\u00e1 abierto el plazo de inscripci\u00f3n de la formaci\u00f3n&nbsp; regional PASEOS MATEM\u00c1TICOS. CIENCIA Y ARTE EN LOS MONUMENTOS con c\u00f3digo 219901CLT286 , &nbsp; que comenzar\u00e1 a desarrollarse el pr\u00f3ximo&nbsp; 20\/04\/2021.&nbsp; Adjuntamos&nbsp;enlace : https:\/\/www.juntadeandalucia.es\/educacion\/secretariavirtual\/consultaCEP\/actividad\/219901CLT286\/ Esta formaci\u00f3n es gestionada desde el CEP de Almer\u00eda. El plazo de inscripci\u00f3n estar\u00e1 [&hellip;]<\/p>\n","protected":false},"author":10,"featured_media":3495,"comment_status":"closed","ping_status":"open","sticky":false,"template":"","format":"standard","meta":{"_crdt_document":"","advanced_seo_description":"","jetpack_seo_html_title":"","jetpack_seo_noindex":false,"jetpack_post_was_ever_published":false,"_jetpack_newsletter_access":"","_jetpack_dont_email_post_to_subs":false,"_jetpack_newsletter_tier_id":0,"_jetpack_memberships_contains_paywalled_content":false,"_jetpack_memberships_contains_paid_content":false,"footnotes":"","jetpack_publicize_message":"","jetpack_publicize_feature_enabled":true,"jetpack_social_post_already_shared":true,"jetpack_social_options":{"image_generator_settings":{"template":"highway","default_image_id":0,"font":"","enabled":false},"version":2}},"categories":[3,5],"tags":[239],"class_list":{"0":"post-4385","1":"post","2":"type-post","3":"status-publish","4":"format-standard","5":"has-post-thumbnail","7":"category-formaciones","8":"category-noticias","9":"tag-curso-regional","10":"czr-hentry"},"jetpack_publicize_connections":[],"jetpack_featured_media_url":"https:\/\/i0.wp.com\/cepronda.com\/blog\/wp-content\/uploads\/2020\/03\/S%C2%B0mbolo-gen%C3%87rico-RRSS-redondo-negativo.png?fit=1500%2C1500&ssl=1","jetpack_shortlink":"https:\/\/wp.me\/p8M4X7-18J","jetpack-related-posts":[{"id":4370,"url":"https:\/\/cepronda.com\/blog\/stop-motion-autoficcion-animada\/","url_meta":{"origin":4385,"position":0},"title":"STOP MOTION: AUTOFICCI\u00d3N ANIMADA.","author":"Maribel Mu\u00f1oz","date":"6 abril, 2021","format":false,"excerpt":"Buenas tardes\u00a0 compa\u00f1eras y compa\u00f1eros, Os recordamos que est\u00e1 abierto el plazo de inscripci\u00f3n de la formaci\u00f3n\u00a0 regional\u00a0 STOP MOTION: AUTOFICCI\u00d3N ANIMADA, \u00a0 que comenzar\u00e1 a desarrollarse el pr\u00f3ximo\u00a0 19\/04\/2021.\u00a0 Adjuntamos\u00a0enlace :https:\/\/www.juntadeandalucia.es\/educacion\/secretariavirtual\/consultaCEP\/actividad\/219920CLT290\/ Esta formaci\u00f3n es gestionada desde el CEP de \u00dabeda. El plazo de inscripci\u00f3n estar\u00e1 abierto hasta el pr\u00f3ximo\u2026","rel":"","context":"En \u00abFormaciones\u00bb","block_context":{"text":"Formaciones","link":"https:\/\/cepronda.com\/blog\/category\/formaciones\/"},"img":{"alt_text":"","src":"https:\/\/i0.wp.com\/cepronda.com\/blog\/wp-content\/uploads\/2021\/04\/WhatsApp-Image-2021-04-06-at-15.33.14.jpeg?fit=1080%2C1080&ssl=1&resize=350%2C200","width":350,"height":200,"srcset":"https:\/\/i0.wp.com\/cepronda.com\/blog\/wp-content\/uploads\/2021\/04\/WhatsApp-Image-2021-04-06-at-15.33.14.jpeg?fit=1080%2C1080&ssl=1&resize=350%2C200 1x, https:\/\/i0.wp.com\/cepronda.com\/blog\/wp-content\/uploads\/2021\/04\/WhatsApp-Image-2021-04-06-at-15.33.14.jpeg?fit=1080%2C1080&ssl=1&resize=525%2C300 1.5x, https:\/\/i0.wp.com\/cepronda.com\/blog\/wp-content\/uploads\/2021\/04\/WhatsApp-Image-2021-04-06-at-15.33.14.jpeg?fit=1080%2C1080&ssl=1&resize=700%2C400 2x, https:\/\/i0.wp.com\/cepronda.com\/blog\/wp-content\/uploads\/2021\/04\/WhatsApp-Image-2021-04-06-at-15.33.14.jpeg?fit=1080%2C1080&ssl=1&resize=1050%2C600 3x"},"classes":[]},{"id":8745,"url":"https:\/\/cepronda.com\/blog\/juegos-y-modelos-para-atreverse-con-la-resolucion-de-problemas-matematicos\/","url_meta":{"origin":4385,"position":1},"title":"\u201cJUEGOS Y MODELOS PARA ATREVERSE CON LA RESOLUCI\u00d3N DE PROBLEMAS MATEM\u00c1TICOS\u201d","author":"Mamen Moreno","date":"2 septiembre, 2025","format":false,"excerpt":"Hasta el pr\u00f3ximo 4 de septiembre est\u00e1 abierto el plazo de inscripci\u00f3n a las jornadas provinciales \u201cJUEGOS Y MODELOS PARA ATREVERSE CON LA RESOLUCI\u00d3N DE PROBLEMAS MATEM\u00c1TICOS\u201d de c\u00f3digo 262923GEJ251.PONENTE: Jos\u00e9 Antonio Fern\u00e1ndez Bravo11, 12 y 13 de septiembreD\u00edas 11 y 12, de 16:30 a 20:30 horasD\u00eda 13, de 9:30\u2026","rel":"","context":"En \u00abFormaciones\u00bb","block_context":{"text":"Formaciones","link":"https:\/\/cepronda.com\/blog\/category\/formaciones\/"},"img":{"alt_text":"","src":"https:\/\/i0.wp.com\/cepronda.com\/blog\/wp-content\/uploads\/2025\/09\/532885658_18381494665132491_8811491178714597138_n.jpg?fit=1080%2C1080&ssl=1&resize=350%2C200","width":350,"height":200,"srcset":"https:\/\/i0.wp.com\/cepronda.com\/blog\/wp-content\/uploads\/2025\/09\/532885658_18381494665132491_8811491178714597138_n.jpg?fit=1080%2C1080&ssl=1&resize=350%2C200 1x, https:\/\/i0.wp.com\/cepronda.com\/blog\/wp-content\/uploads\/2025\/09\/532885658_18381494665132491_8811491178714597138_n.jpg?fit=1080%2C1080&ssl=1&resize=525%2C300 1.5x, https:\/\/i0.wp.com\/cepronda.com\/blog\/wp-content\/uploads\/2025\/09\/532885658_18381494665132491_8811491178714597138_n.jpg?fit=1080%2C1080&ssl=1&resize=700%2C400 2x, https:\/\/i0.wp.com\/cepronda.com\/blog\/wp-content\/uploads\/2025\/09\/532885658_18381494665132491_8811491178714597138_n.jpg?fit=1080%2C1080&ssl=1&resize=1050%2C600 3x"},"classes":[]},{"id":4364,"url":"https:\/\/cepronda.com\/blog\/formacion-profesional-nuevo-programa-erasmusconvocatoria-2021\/","url_meta":{"origin":4385,"position":2},"title":"FORMACI\u00d3N PROFESIONAL: NUEVO PROGRAMA ERASMUS+CONVOCATORIA 2021","author":"Maribel Mu\u00f1oz","date":"6 abril, 2021","format":false,"excerpt":"Buenas tardes\u00a0 compa\u00f1eras y compa\u00f1eros, Os informamos que est\u00e1 abierto el plazo de inscripci\u00f3n de la formaci\u00f3n \u00a0DIFUSI\u00d3N DEL NUEVO PROGRAMA ERASMUS+: CONVOCATORIA 2021 PARA FORMACI\u00d3N PROFESIONAL con c\u00f3digo 219923KPI297 \u00a0 que comenzar\u00e1 a desarrollarse el pr\u00f3ximo\u00a0 15\/04\/2021. Es una formaci\u00f3n PROVINCIAL, gestionada por el CEP de Marbella. Adjuntamos\u00a0enlace :\u2026","rel":"","context":"En \u00abFormaciones\u00bb","block_context":{"text":"Formaciones","link":"https:\/\/cepronda.com\/blog\/category\/formaciones\/"},"img":{"alt_text":"","src":"https:\/\/i0.wp.com\/cepronda.com\/blog\/wp-content\/uploads\/2021\/03\/bandera-europea.jpg?resize=350%2C200","width":350,"height":200},"classes":[]},{"id":4362,"url":"https:\/\/cepronda.com\/blog\/nuevo-programa-erasmus-convocatoria-2021\/","url_meta":{"origin":4385,"position":3},"title":"NUEVO PROGRAMA ERASMUS+: CONVOCATORIA 2021","author":"Maribel Mu\u00f1oz","date":"6 abril, 2021","format":false,"excerpt":"Buenas tardes\u00a0 compa\u00f1eras y compa\u00f1eros, Os informamos que est\u00e1 abierto el plazo de inscripci\u00f3n de la formaci\u00f3n \u00a0DIFUSI\u00d3N DEL NUEVO PROGRAMA ERASMUS+: CONVOCATORIA 2021 con c\u00f3digo 219923KPI254 \u00a0 que comenzar\u00e1 a desarrollarse el pr\u00f3ximo\u00a0 15\/04\/2021. Es una formaci\u00f3n PROVINCIAL, gestionada por el CEP de Marbella Adjuntamos\u00a0enlace : https:\/\/www.juntadeandalucia.es\/educacion\/secretariavirtual\/consultaCEP\/actividad\/219923KPI254\/ El plazo\u2026","rel":"","context":"En \u00abFormaciones\u00bb","block_context":{"text":"Formaciones","link":"https:\/\/cepronda.com\/blog\/category\/formaciones\/"},"img":{"alt_text":"","src":"https:\/\/i0.wp.com\/cepronda.com\/blog\/wp-content\/uploads\/2021\/03\/bandera-europea.jpg?resize=350%2C200","width":350,"height":200},"classes":[]},{"id":4315,"url":"https:\/\/cepronda.com\/blog\/4315-2\/","url_meta":{"origin":4385,"position":4},"title":"Buenos d\u00edas&nbsp; compa\u00f1eras y compa\u00f1eros,\u2026","author":"Maribel Mu\u00f1oz","date":"15 marzo, 2021","format":false,"excerpt":"Buenos d\u00edas\u00a0 compa\u00f1eras y compa\u00f1eros, Os informamos que est\u00e1 abierto el plazo de inscripci\u00f3n de la formaci\u00f3n\u00a0 PENSAMIENTO VISUAL.DIBUJANDO LA ENSE\u00d1ANZA DE IDIOMAS\u00a0 212924GE035,\u00a0\u00a0 que comenzar\u00e1 a desarrollarse el pr\u00f3ximo\u00a0 09\/04\/2021. Esta formaci\u00f3n tiene videoconferencias que se desarrollar\u00e1n en horario de ma\u00f1ana. Adjuntamos\u00a0enlace : https:\/\/www.juntadeandalucia.es\/educacion\/secretariavirtual\/consultaCEP\/actividad\/212924GE035\/ El plazo de inscripci\u00f3n finaliza\u2026","rel":"","context":"En \u00abFormaciones\u00bb","block_context":{"text":"Formaciones","link":"https:\/\/cepronda.com\/blog\/category\/formaciones\/"},"img":{"alt_text":"","src":"https:\/\/i0.wp.com\/cepronda.com\/blog\/wp-content\/uploads\/2021\/03\/20210409Pensamiento-Visual.-Pintando-la-ensenanza-de-idiomas212924GE035.jpg?fit=848%2C1200&ssl=1&resize=350%2C200","width":350,"height":200,"srcset":"https:\/\/i0.wp.com\/cepronda.com\/blog\/wp-content\/uploads\/2021\/03\/20210409Pensamiento-Visual.-Pintando-la-ensenanza-de-idiomas212924GE035.jpg?fit=848%2C1200&ssl=1&resize=350%2C200 1x, https:\/\/i0.wp.com\/cepronda.com\/blog\/wp-content\/uploads\/2021\/03\/20210409Pensamiento-Visual.-Pintando-la-ensenanza-de-idiomas212924GE035.jpg?fit=848%2C1200&ssl=1&resize=525%2C300 1.5x, https:\/\/i0.wp.com\/cepronda.com\/blog\/wp-content\/uploads\/2021\/03\/20210409Pensamiento-Visual.-Pintando-la-ensenanza-de-idiomas212924GE035.jpg?fit=848%2C1200&ssl=1&resize=700%2C400 2x"},"classes":[]},{"id":4311,"url":"https:\/\/cepronda.com\/blog\/visores-web-de-informacion-geografica\/","url_meta":{"origin":4385,"position":5},"title":"VISORES WEB DE INFORMACI\u00d3N GEOGR\u00c1FICA","author":"Antonio Montes","date":"13 marzo, 2021","format":false,"excerpt":"Buenas tardes compa\u00f1eras y compa\u00f1eros, Os informamos que est\u00e1 abierto el plazo de inscripci\u00f3n de la formaci\u00f3n VISORES WEB DE INFORMACI\u00d3N GEOGR\u00c1FICA, PROVINCIAL\u00a0 212924FP005,\u00a0\u00a0 que comenzar\u00e1 a desarrollarse el pr\u00f3ximo\u00a0 07\/04\/2021. Adjuntamos enlace : https:\/\/www.juntadeandalucia.es\/educacion\/secretariavirtual\/consultaCEP\/actividad\/212924FP005\/ El plazo de inscripci\u00f3n finaliza el pr\u00f3ximo 31\/03\/2021 a las 23:59. Te rogamos que en\u2026","rel":"","context":"En \u00abFormaciones\u00bb","block_context":{"text":"Formaciones","link":"https:\/\/cepronda.com\/blog\/category\/formaciones\/"},"img":{"alt_text":"","src":"https:\/\/i0.wp.com\/cepronda.com\/blog\/wp-content\/uploads\/2021\/03\/VISORES-WEB.jpg?fit=848%2C1200&ssl=1&resize=350%2C200","width":350,"height":200,"srcset":"https:\/\/i0.wp.com\/cepronda.com\/blog\/wp-content\/uploads\/2021\/03\/VISORES-WEB.jpg?fit=848%2C1200&ssl=1&resize=350%2C200 1x, https:\/\/i0.wp.com\/cepronda.com\/blog\/wp-content\/uploads\/2021\/03\/VISORES-WEB.jpg?fit=848%2C1200&ssl=1&resize=525%2C300 1.5x, https:\/\/i0.wp.com\/cepronda.com\/blog\/wp-content\/uploads\/2021\/03\/VISORES-WEB.jpg?fit=848%2C1200&ssl=1&resize=700%2C400 2x"},"classes":[]}],"jetpack_sharing_enabled":true,"_links":{"self":[{"href":"https:\/\/cepronda.com\/blog\/wp-json\/wp\/v2\/posts\/4385","targetHints":{"allow":["GET"]}}],"collection":[{"href":"https:\/\/cepronda.com\/blog\/wp-json\/wp\/v2\/posts"}],"about":[{"href":"https:\/\/cepronda.com\/blog\/wp-json\/wp\/v2\/types\/post"}],"author":[{"embeddable":true,"href":"https:\/\/cepronda.com\/blog\/wp-json\/wp\/v2\/users\/10"}],"replies":[{"embeddable":true,"href":"https:\/\/cepronda.com\/blog\/wp-json\/wp\/v2\/comments?post=4385"}],"version-history":[{"count":1,"href":"https:\/\/cepronda.com\/blog\/wp-json\/wp\/v2\/posts\/4385\/revisions"}],"predecessor-version":[{"id":4386,"href":"https:\/\/cepronda.com\/blog\/wp-json\/wp\/v2\/posts\/4385\/revisions\/4386"}],"wp:featuredmedia":[{"embeddable":true,"href":"https:\/\/cepronda.com\/blog\/wp-json\/wp\/v2\/media\/3495"}],"wp:attachment":[{"href":"https:\/\/cepronda.com\/blog\/wp-json\/wp\/v2\/media?parent=4385"}],"wp:term":[{"taxonomy":"category","embeddable":true,"href":"https:\/\/cepronda.com\/blog\/wp-json\/wp\/v2\/categories?post=4385"},{"taxonomy":"post_tag","embeddable":true,"href":"https:\/\/cepronda.com\/blog\/wp-json\/wp\/v2\/tags?post=4385"}],"curies":[{"name":"wp","href":"https:\/\/api.w.org\/{rel}","templated":true}]}}