{"id":4378,"date":"2021-04-07T19:27:32","date_gmt":"2021-04-07T17:27:32","guid":{"rendered":"http:\/\/cepronda.com\/blog\/?p=4378"},"modified":"2025-02-21T11:09:25","modified_gmt":"2025-02-21T10:09:25","slug":"atencion-educativa-al-alumnado-de-altas-capacidades","status":"publish","type":"post","link":"https:\/\/cepronda.com\/blog\/atencion-educativa-al-alumnado-de-altas-capacidades\/","title":{"rendered":"Atenci\u00f3n Educativa al Alumnado de Altas Capacidades"},"content":{"rendered":"<p>La pr\u00f3xima semana dar\u00e1 comienzo la formaci\u00f3n <strong>\u00ab<\/strong><strong><a href=\"https:\/\/www.juntadeandalucia.es\/educacion\/secretariavirtual\/consultaCEP\/actividad\/212924GE025\/\">Atenci\u00f3n Educativa al Alumnado de Altas Capacidades<\/a>\u00ab.<\/strong><\/p>\n<p>En esta ocasi\u00f3n contamos con la Asociaci\u00f3n ASA- M\u00e1laga para impartirla. Entre nuestros ponentes vamos a tener a:<\/p>\n<ul>\n<li>Laura D\u00edaz (responsable de formaci\u00f3n de ASA- M\u00e1laga)<\/li>\n<li>Laura Caparr\u00f3s&nbsp; (especialista en atenci\u00f3n educativa a alumnado de AACC)<\/li>\n<li>Mar\u00eda Caballero (especialista en Neuroeducaci\u00f3n)<\/li>\n<li>Antonio Romero (profesor de alumnado AACC)<\/li>\n<li>Lorena Garc\u00eda (psic\u00f3loga especialista en AACC)<\/li>\n<\/ul>\n<p>Todo un lujo poder contar con estos profesionales. Ten\u00e9is toda la informaci\u00f3n en el siguiente <a href=\"https:\/\/www.juntadeandalucia.es\/educacion\/secretariavirtual\/consultaCEP\/actividad\/212924GE025\/\"><strong>enlace<\/strong><\/a>:<a href=\"https:\/\/www.juntadeandalucia.es\/educacion\/secretariavirtual\/consultaCEP\/actividad\/212924GE025\/\"> https:\/\/www.juntadeandalucia.es\/educacion\/secretariavirtual\/consultaCEP\/actividad\/212924GE025\/<\/a><\/p>\n<p>&nbsp;Esperamos que sea de vuestro inter\u00e9s. Un saludo.<\/p>\n<ul class=\"list-group\">\n<li class=\"list-group-item\"><b>Fecha inscripci\u00f3n:&nbsp;24\/03\/2021 hasta 12\/04\/2021<\/b><\/li>\n<li><b>Fecha actividad:<\/b>&nbsp;<strong>14\/04\/2021 hasta 28\/04\/2021<\/strong><\/li>\n<li class=\"list-group-item\"><b>Horas totales:<\/b> 10h.<\/li>\n<li class=\"list-group-item\"><b>Horas presenciales:<\/b> 10 (Videoconferencias en BB Collaborate)<a href=\"https:\/\/www.juntadeandalucia.es\/educacion\/secretariavirtual\/consultaCEP\/actividad\/212924GE025\/\"><img data-recalc-dims=\"1\" loading=\"lazy\" decoding=\"async\" class=\"wp-image-4379 aligncenter\" src=\"https:\/\/i0.wp.com\/cepronda.com\/blog\/wp-content\/uploads\/2021\/04\/212924GE025-CARTEL-ALTAS-CAPACIDADES-212x300.jpg?resize=350%2C495\" alt=\"\" width=\"350\" height=\"495\" srcset=\"https:\/\/i0.wp.com\/cepronda.com\/blog\/wp-content\/uploads\/2021\/04\/212924GE025-CARTEL-ALTAS-CAPACIDADES.jpg?resize=212%2C300&amp;ssl=1 212w, https:\/\/i0.wp.com\/cepronda.com\/blog\/wp-content\/uploads\/2021\/04\/212924GE025-CARTEL-ALTAS-CAPACIDADES.jpg?resize=724%2C1024&amp;ssl=1 724w, https:\/\/i0.wp.com\/cepronda.com\/blog\/wp-content\/uploads\/2021\/04\/212924GE025-CARTEL-ALTAS-CAPACIDADES.jpg?resize=768%2C1086&amp;ssl=1 768w, https:\/\/i0.wp.com\/cepronda.com\/blog\/wp-content\/uploads\/2021\/04\/212924GE025-CARTEL-ALTAS-CAPACIDADES.jpg?resize=1086%2C1536&amp;ssl=1 1086w, https:\/\/i0.wp.com\/cepronda.com\/blog\/wp-content\/uploads\/2021\/04\/212924GE025-CARTEL-ALTAS-CAPACIDADES.jpg?resize=1448%2C2048&amp;ssl=1 1448w, https:\/\/i0.wp.com\/cepronda.com\/blog\/wp-content\/uploads\/2021\/04\/212924GE025-CARTEL-ALTAS-CAPACIDADES.jpg?w=1587&amp;ssl=1 1587w\" sizes=\"auto, (max-width: 350px) 100vw, 350px\" \/><\/a><\/li>\n<\/ul>\n","protected":false},"excerpt":{"rendered":"<p>La pr\u00f3xima semana dar\u00e1 comienzo la formaci\u00f3n \u00abAtenci\u00f3n Educativa al Alumnado de Altas Capacidades\u00ab. En esta ocasi\u00f3n contamos con la Asociaci\u00f3n ASA- M\u00e1laga para impartirla. Entre nuestros ponentes vamos a tener a: Laura D\u00edaz (responsable de formaci\u00f3n de ASA- M\u00e1laga) Laura Caparr\u00f3s&nbsp; (especialista en atenci\u00f3n educativa a alumnado de AACC) Mar\u00eda Caballero (especialista en Neuroeducaci\u00f3n) [&hellip;]<\/p>\n","protected":false},"author":9,"featured_media":4379,"comment_status":"closed","ping_status":"open","sticky":false,"template":"","format":"standard","meta":{"_crdt_document":"","advanced_seo_description":"","jetpack_seo_html_title":"","jetpack_seo_noindex":false,"jetpack_post_was_ever_published":false,"_jetpack_newsletter_access":"","_jetpack_dont_email_post_to_subs":false,"_jetpack_newsletter_tier_id":0,"_jetpack_memberships_contains_paywalled_content":false,"_jetpack_memberships_contains_paid_content":false,"footnotes":"","jetpack_publicize_message":"","jetpack_publicize_feature_enabled":true,"jetpack_social_post_already_shared":true,"jetpack_social_options":{"image_generator_settings":{"template":"highway","default_image_id":0,"font":"","enabled":false},"version":2}},"categories":[3],"tags":[7,126,29],"class_list":{"0":"post-4378","1":"post","2":"type-post","3":"status-publish","4":"format-standard","5":"has-post-thumbnail","7":"category-formaciones","8":"tag-altas-capacidades","9":"tag-atencion-a-la-diversidad","10":"tag-formacion-on-line","11":"czr-hentry"},"jetpack_publicize_connections":[],"jetpack_featured_media_url":"https:\/\/i0.wp.com\/cepronda.com\/blog\/wp-content\/uploads\/2021\/04\/212924GE025-CARTEL-ALTAS-CAPACIDADES.jpg?fit=1587%2C2245&ssl=1","jetpack_shortlink":"https:\/\/wp.me\/p8M4X7-18C","jetpack-related-posts":[{"id":4415,"url":"https:\/\/cepronda.com\/blog\/atencion-al-alumnado-con-altas-capacidades-intelectuales-aaccii\/","url_meta":{"origin":4378,"position":0},"title":"ATENCI\u00d3N AL ALUMNADO CON ALTAS CAPACIDADES INTELECTUALES (AACCII)","author":"Inmaculada Garc\u00eda","date":"15 abril, 2021","format":false,"excerpt":"Os informamos que est\u00e1 abierto el plazo de inscripci\u00f3n (hasta el 26 de abril) de la formaci\u00f3n \u201cATENCI\u00d3N AL ALUMNADO CON ALTAS CAPACIDADES INTELECTUALES (AACCII)(219908KOE278)\u201d. Es un curso a distancia que se desarrollar\u00e1 en el Aula Virtual de Formaci\u00f3n del Profesorado, de car\u00e1cter regional y gestionada por el CEP de\u2026","rel":"","context":"En \u00abFormaciones\u00bb","block_context":{"text":"Formaciones","link":"https:\/\/cepronda.com\/blog\/category\/formaciones\/"},"img":{"alt_text":"","src":"https:\/\/i0.wp.com\/cepronda.com\/blog\/wp-content\/uploads\/2021\/04\/article.jpg?resize=350%2C200","width":350,"height":200},"classes":[]},{"id":9263,"url":"https:\/\/cepronda.com\/blog\/9263-2\/","url_meta":{"origin":4378,"position":1},"title":"RESPUESTA EDUCATIVA AL ALUMNADO CON ALTAS CAPACIDADES: PROGRAMAS DE PROFUNDIZACI\u00d3N","author":"Encarni Jim\u00e9nez Rosado","date":"28 enero, 2026","format":false,"excerpt":"Se abre plazo de inscripci\u00f3n para el curso \u201cRESPUESTA EDUCATIVA AL ALUMNADO CON ALTAS CAPACIDADES: PROGRAMAS DE PROFUNDIZACI\u00d3N\u201d, con c\u00f3digo: 262923GE801. Duraci\u00f3n: 3 sesiones por videoconferencia. 6 horas de tareas tutorizadas en el AVFP Inscripci\u00f3n:\u00a027 enero - 17 febrero Sesiones: 11, 18, 25 marzo - 17:00 a 19:00 Informaci\u00f3n e\u2026","rel":"","context":"En \u00abFormaciones\u00bb","block_context":{"text":"Formaciones","link":"https:\/\/cepronda.com\/blog\/category\/formaciones\/"},"img":{"alt_text":"","src":"https:\/\/i0.wp.com\/cepronda.com\/blog\/wp-content\/uploads\/2026\/01\/aci.png?fit=822%2C818&ssl=1&resize=350%2C200","width":350,"height":200,"srcset":"https:\/\/i0.wp.com\/cepronda.com\/blog\/wp-content\/uploads\/2026\/01\/aci.png?fit=822%2C818&ssl=1&resize=350%2C200 1x, https:\/\/i0.wp.com\/cepronda.com\/blog\/wp-content\/uploads\/2026\/01\/aci.png?fit=822%2C818&ssl=1&resize=525%2C300 1.5x, https:\/\/i0.wp.com\/cepronda.com\/blog\/wp-content\/uploads\/2026\/01\/aci.png?fit=822%2C818&ssl=1&resize=700%2C400 2x"},"classes":[]},{"id":485,"url":"https:\/\/cepronda.com\/blog\/curso-trabajar-en-el-aula-con-alumnado-de-altas-capacidades\/","url_meta":{"origin":4378,"position":2},"title":"Curso \u00abTrabajar en el aula con alumnado de altas capacidades\u00bb","author":"V\u00edctor Caballero","date":"13 diciembre, 2016","format":false,"excerpt":"\u00a1Y seguimos en marcha! \u00a1No nos paran! Ahora continuamos con otro curso dirigido a aquellos docentes que est\u00e9n interesados en la atenci\u00f3n al alumnado con altas capacidades intelectuales, con el objetivo principal de adquirir los mecanismos y medios adecuados para dar una \u00f3ptima respuesta a las necesidades educativas de este\u2026","rel":"","context":"En \u00abFormaciones\u00bb","block_context":{"text":"Formaciones","link":"https:\/\/cepronda.com\/blog\/category\/formaciones\/"},"img":{"alt_text":"sunset-485016_640","src":"https:\/\/i0.wp.com\/cepronda.com\/blog\/wp-content\/uploads\/2016\/12\/sunset-485016_640.png?resize=350%2C200","width":350,"height":200,"srcset":"https:\/\/i0.wp.com\/cepronda.com\/blog\/wp-content\/uploads\/2016\/12\/sunset-485016_640.png?resize=350%2C200 1x, https:\/\/i0.wp.com\/cepronda.com\/blog\/wp-content\/uploads\/2016\/12\/sunset-485016_640.png?resize=525%2C300 1.5x"},"classes":[]},{"id":5119,"url":"https:\/\/cepronda.com\/blog\/atencion-educativa-domiciliaria-del-alumnado-en-situacion-de-enfermedad\/","url_meta":{"origin":4378,"position":3},"title":"ATENCI\u00d3N EDUCATIVA DOMICILIARIA DEL ALUMNADO EN SITUACI\u00d3N DE ENFERMEDAD","author":"Maribel Mu\u00f1oz","date":"16 febrero, 2022","format":false,"excerpt":"Buenas tardes compa\u00f1eras y compa\u00f1eros Os informamos que ma\u00f1ana se abre el plazo de\u00a0 inscripci\u00f3n del\u00a0 CURSO REGIONAL A DISTANCIA : ATENCI\u00d3N EDUCATIVA DOMICILIARIA DEL ALUMNADO EN SITUACI\u00d3N DE ENFERMEDAD C\u00f3digo: 229922PF375 Inscripciones: 17\/02\/2022 hasta 03\/03\/2022 Duraci\u00f3n del curso: 16\/03\/2022 hasta 10\/05\/2022 Lugar de realizaci\u00f3n: AVFP (Aula virtual de formaci\u00f3n\u2026","rel":"","context":"En \u00abFormaciones\u00bb","block_context":{"text":"Formaciones","link":"https:\/\/cepronda.com\/blog\/category\/formaciones\/"},"img":{"alt_text":"","src":"https:\/\/i0.wp.com\/cepronda.com\/blog\/wp-content\/uploads\/2022\/02\/Cartel-Nuevo.jpg?fit=530%2C747&ssl=1&resize=350%2C200","width":350,"height":200,"srcset":"https:\/\/i0.wp.com\/cepronda.com\/blog\/wp-content\/uploads\/2022\/02\/Cartel-Nuevo.jpg?fit=530%2C747&ssl=1&resize=350%2C200 1x, https:\/\/i0.wp.com\/cepronda.com\/blog\/wp-content\/uploads\/2022\/02\/Cartel-Nuevo.jpg?fit=530%2C747&ssl=1&resize=525%2C300 1.5x"},"classes":[]},{"id":7315,"url":"https:\/\/cepronda.com\/blog\/formacion-atencion-educativa-al-alumnado-con-discapacidad-fisica-enfermedades-raras-y-neuromusculares-en-el-aula-ordinaria-con-codigo-249905qoe281\/","url_meta":{"origin":4378,"position":4},"title":"FORMACI\u00d3N: \u00abATENCI\u00d3N EDUCATIVA AL ALUMNADO CON DISCAPACIDAD F\u00cdSICA, ENFERMEDADES RARAS Y NEUROMUSCULARES EN EL AULA ORDINARIA\u00bb, con c\u00f3digo 249905QOE281","author":"Inmaculada Garc\u00eda","date":"11 enero, 2024","format":false,"excerpt":"Se encuentra abierto el plazo de solicitudes de la actividad formativa regional en el AVFP: \"ATENCI\u00d3N EDUCATIVA AL ALUMNADO CON DISCAPACIDAD F\u00cdSICA, ENFERMEDADES RARAS Y NEUROMUSCULARES EN EL AULA ORDINARIA\" con c\u00f3digo 249905QOE281, gestionado por el CEP de Jerez de la Frontera. \u00a0 \u00a0 Curso dirigido a: 1. Profesorado que\u2026","rel":"","context":"En \u00abFormaciones\u00bb","block_context":{"text":"Formaciones","link":"https:\/\/cepronda.com\/blog\/category\/formaciones\/"},"img":{"alt_text":"","src":"https:\/\/i0.wp.com\/cepronda.com\/blog\/wp-content\/uploads\/2024\/01\/enfermedades-raras.png?fit=1080%2C1080&ssl=1&resize=350%2C200","width":350,"height":200,"srcset":"https:\/\/i0.wp.com\/cepronda.com\/blog\/wp-content\/uploads\/2024\/01\/enfermedades-raras.png?fit=1080%2C1080&ssl=1&resize=350%2C200 1x, https:\/\/i0.wp.com\/cepronda.com\/blog\/wp-content\/uploads\/2024\/01\/enfermedades-raras.png?fit=1080%2C1080&ssl=1&resize=525%2C300 1.5x, https:\/\/i0.wp.com\/cepronda.com\/blog\/wp-content\/uploads\/2024\/01\/enfermedades-raras.png?fit=1080%2C1080&ssl=1&resize=700%2C400 2x, https:\/\/i0.wp.com\/cepronda.com\/blog\/wp-content\/uploads\/2024\/01\/enfermedades-raras.png?fit=1080%2C1080&ssl=1&resize=1050%2C600 3x"},"classes":[]},{"id":7311,"url":"https:\/\/cepronda.com\/blog\/formacion-atencion-educativa-al-alumnado-en-programas-de-transicion-a-la-vida-adulta-y-laboral-ptval-en-centros-especificos-de-educacion-especial-con-codigo-249905kpf391\/","url_meta":{"origin":4378,"position":5},"title":"FORMACI\u00d3N: \u00abATENCI\u00d3N EDUCATIVA AL ALUMNADO EN PROGRAMAS DE TRANSICI\u00d3N A LA VIDA ADULTA Y LABORAL (PTVAL) EN CENTROS ESPEC\u00cdFICOS DE EDUCACI\u00d3N ESPECIAL\u00bb con c\u00f3digo 249905KPF391","author":"Inmaculada Garc\u00eda","date":"11 enero, 2024","format":false,"excerpt":"Se encuentra abierto el plazo de solicitudes de la actividad formativa regional en el AVFP: \"ATENCI\u00d3N EDUCATIVA AL ALUMNADO EN PROGRAMAS DE TRANSICI\u00d3N A LA VIDA ADULTA Y LABORAL (PTVAL) EN CENTROS ESPEC\u00cdFICOS DE EDUCACI\u00d3N ESPECIAL\" con c\u00f3digo 249905KPF391, gestionado por el CEP de Jerez de la Frontera. \u00a0 Curso\u2026","rel":"","context":"En \u00abFormaciones\u00bb","block_context":{"text":"Formaciones","link":"https:\/\/cepronda.com\/blog\/category\/formaciones\/"},"img":{"alt_text":"","src":"https:\/\/i0.wp.com\/cepronda.com\/blog\/wp-content\/uploads\/2024\/01\/Atencion-educativa-.png?fit=1080%2C1080&ssl=1&resize=350%2C200","width":350,"height":200,"srcset":"https:\/\/i0.wp.com\/cepronda.com\/blog\/wp-content\/uploads\/2024\/01\/Atencion-educativa-.png?fit=1080%2C1080&ssl=1&resize=350%2C200 1x, https:\/\/i0.wp.com\/cepronda.com\/blog\/wp-content\/uploads\/2024\/01\/Atencion-educativa-.png?fit=1080%2C1080&ssl=1&resize=525%2C300 1.5x, https:\/\/i0.wp.com\/cepronda.com\/blog\/wp-content\/uploads\/2024\/01\/Atencion-educativa-.png?fit=1080%2C1080&ssl=1&resize=700%2C400 2x, https:\/\/i0.wp.com\/cepronda.com\/blog\/wp-content\/uploads\/2024\/01\/Atencion-educativa-.png?fit=1080%2C1080&ssl=1&resize=1050%2C600 3x"},"classes":[]}],"jetpack_sharing_enabled":true,"_links":{"self":[{"href":"https:\/\/cepronda.com\/blog\/wp-json\/wp\/v2\/posts\/4378","targetHints":{"allow":["GET"]}}],"collection":[{"href":"https:\/\/cepronda.com\/blog\/wp-json\/wp\/v2\/posts"}],"about":[{"href":"https:\/\/cepronda.com\/blog\/wp-json\/wp\/v2\/types\/post"}],"author":[{"embeddable":true,"href":"https:\/\/cepronda.com\/blog\/wp-json\/wp\/v2\/users\/9"}],"replies":[{"embeddable":true,"href":"https:\/\/cepronda.com\/blog\/wp-json\/wp\/v2\/comments?post=4378"}],"version-history":[{"count":3,"href":"https:\/\/cepronda.com\/blog\/wp-json\/wp\/v2\/posts\/4378\/revisions"}],"predecessor-version":[{"id":4382,"href":"https:\/\/cepronda.com\/blog\/wp-json\/wp\/v2\/posts\/4378\/revisions\/4382"}],"wp:featuredmedia":[{"embeddable":true,"href":"https:\/\/cepronda.com\/blog\/wp-json\/wp\/v2\/media\/4379"}],"wp:attachment":[{"href":"https:\/\/cepronda.com\/blog\/wp-json\/wp\/v2\/media?parent=4378"}],"wp:term":[{"taxonomy":"category","embeddable":true,"href":"https:\/\/cepronda.com\/blog\/wp-json\/wp\/v2\/categories?post=4378"},{"taxonomy":"post_tag","embeddable":true,"href":"https:\/\/cepronda.com\/blog\/wp-json\/wp\/v2\/tags?post=4378"}],"curies":[{"name":"wp","href":"https:\/\/api.w.org\/{rel}","templated":true}]}}