{"id":4362,"date":"2021-04-06T11:23:22","date_gmt":"2021-04-06T09:23:22","guid":{"rendered":"http:\/\/cepronda.com\/blog\/?p=4362"},"modified":"2025-04-28T11:55:58","modified_gmt":"2025-04-28T09:55:58","slug":"nuevo-programa-erasmus-convocatoria-2021","status":"publish","type":"post","link":"https:\/\/cepronda.com\/blog\/nuevo-programa-erasmus-convocatoria-2021\/","title":{"rendered":"NUEVO PROGRAMA ERASMUS+: CONVOCATORIA 2021"},"content":{"rendered":"<section class=\"entry-content \">Buenas tardes&nbsp; compa\u00f1eras y compa\u00f1eros,<\/section>\n<section><\/section>\n<section><\/section>\n<section class=\"entry-content \">Os informamos que est\u00e1 abierto el plazo de inscripci\u00f3n de la formaci\u00f3n &nbsp;DIFUSI\u00d3N DEL NUEVO PROGRAMA ERASMUS+: CONVOCATORIA 2021 con c\u00f3digo 219923KPI254 &nbsp; que comenzar\u00e1 a desarrollarse el pr\u00f3ximo&nbsp; 15\/04\/2021. Es una formaci\u00f3n PROVINCIAL, gestionada por el CEP de Marbella<\/section>\n<section class=\"entry-content \">Adjuntamos&nbsp;<a href=\"https:\/\/www.juntadeandalucia.es\/educacion\/secretariavirtual\/consultaCEP\/actividad\/219923KPI254\/\">enlace<\/a> : https:\/\/www.juntadeandalucia.es\/educacion\/secretariavirtual\/consultaCEP\/actividad\/219923KPI254\/<\/section>\n<section><\/section>\n<section>El plazo de inscripci\u00f3n finaliza el pr\u00f3ximo 13\/04\/2021 .<\/section>\n<section class=\"entry-content \">Te rogamos que en el caso de renunciar o no poder asistir a esta formaci\u00f3n, lo comuniques a la mayor brevedad posible para no provocar perjuicio al resto de participantes ni al buen funcionamiento de la actividad.&nbsp;<\/section>\n<section><\/section>\n<section class=\"entry-content \">Deseamos que sea de vuestro inter\u00e9s.&nbsp;<\/section>\n<section class=\"entry-content \">Saludos.<\/section>\n<section><img data-recalc-dims=\"1\" loading=\"lazy\" decoding=\"async\" class=\"size-full wp-image-4356 aligncenter\" src=\"https:\/\/i0.wp.com\/cepronda.com\/blog\/wp-content\/uploads\/2021\/03\/bandera-europea.jpg?resize=275%2C183\" alt=\"\" width=\"275\" height=\"183\"><\/section>\n","protected":false},"excerpt":{"rendered":"<p>Buenas tardes&nbsp; compa\u00f1eras y compa\u00f1eros, Os informamos que est\u00e1 abierto el plazo de inscripci\u00f3n de la formaci\u00f3n &nbsp;DIFUSI\u00d3N DEL NUEVO PROGRAMA ERASMUS+: CONVOCATORIA 2021 con c\u00f3digo 219923KPI254 &nbsp; que comenzar\u00e1 a desarrollarse el pr\u00f3ximo&nbsp; 15\/04\/2021. Es una formaci\u00f3n PROVINCIAL, gestionada por el CEP de Marbella Adjuntamos&nbsp;enlace : https:\/\/www.juntadeandalucia.es\/educacion\/secretariavirtual\/consultaCEP\/actividad\/219923KPI254\/ El plazo de inscripci\u00f3n finaliza el pr\u00f3ximo [&hellip;]<\/p>\n","protected":false},"author":10,"featured_media":4356,"comment_status":"closed","ping_status":"open","sticky":false,"template":"","format":"standard","meta":{"_crdt_document":"","advanced_seo_description":"","jetpack_seo_html_title":"","jetpack_seo_noindex":false,"jetpack_post_was_ever_published":false,"_jetpack_newsletter_access":"","_jetpack_dont_email_post_to_subs":false,"_jetpack_newsletter_tier_id":0,"_jetpack_memberships_contains_paywalled_content":false,"_jetpack_memberships_contains_paid_content":false,"footnotes":"","jetpack_publicize_message":"","jetpack_publicize_feature_enabled":true,"jetpack_social_post_already_shared":true,"jetpack_social_options":{"image_generator_settings":{"template":"highway","default_image_id":0,"font":"","enabled":false},"version":2}},"categories":[3,5],"tags":[90,96],"class_list":{"0":"post-4362","1":"post","2":"type-post","3":"status-publish","4":"format-standard","5":"has-post-thumbnail","7":"category-formaciones","8":"category-noticias","9":"tag-cursos","10":"tag-erasmus","11":"czr-hentry"},"jetpack_publicize_connections":[],"jetpack_featured_media_url":"https:\/\/i0.wp.com\/cepronda.com\/blog\/wp-content\/uploads\/2021\/03\/bandera-europea.jpg?fit=275%2C183&ssl=1","jetpack_shortlink":"https:\/\/wp.me\/p8M4X7-18m","jetpack-related-posts":[{"id":4364,"url":"https:\/\/cepronda.com\/blog\/formacion-profesional-nuevo-programa-erasmusconvocatoria-2021\/","url_meta":{"origin":4362,"position":0},"title":"FORMACI\u00d3N PROFESIONAL: NUEVO PROGRAMA ERASMUS+CONVOCATORIA 2021","author":"Maribel Mu\u00f1oz","date":"6 abril, 2021","format":false,"excerpt":"Buenas tardes\u00a0 compa\u00f1eras y compa\u00f1eros, Os informamos que est\u00e1 abierto el plazo de inscripci\u00f3n de la formaci\u00f3n \u00a0DIFUSI\u00d3N DEL NUEVO PROGRAMA ERASMUS+: CONVOCATORIA 2021 PARA FORMACI\u00d3N PROFESIONAL con c\u00f3digo 219923KPI297 \u00a0 que comenzar\u00e1 a desarrollarse el pr\u00f3ximo\u00a0 15\/04\/2021. Es una formaci\u00f3n PROVINCIAL, gestionada por el CEP de Marbella. Adjuntamos\u00a0enlace :\u2026","rel":"","context":"En \u00abFormaciones\u00bb","block_context":{"text":"Formaciones","link":"https:\/\/cepronda.com\/blog\/category\/formaciones\/"},"img":{"alt_text":"","src":"https:\/\/i0.wp.com\/cepronda.com\/blog\/wp-content\/uploads\/2021\/03\/bandera-europea.jpg?resize=350%2C200","width":350,"height":200},"classes":[]},{"id":6065,"url":"https:\/\/cepronda.com\/blog\/acreditacion-erasmus-en-el-ambito-de-la-educacion-escolar-y-educacion-permanente-convocatoria-2023\/","url_meta":{"origin":4362,"position":1},"title":"ACREDITACI\u00d3N ERASMUS EN EL \u00c1MBITO DE LA EDUCACI\u00d3N ESCOLAR Y EDUCACI\u00d3N PERMANENTE. CONVOCATORIA 2023","author":"Inmaculada Garc\u00eda","date":"20 septiembre, 2023","format":false,"excerpt":"Abierto plazo de inscripci\u00f3n para la Acreditaci\u00f3n Erasmus en el \u00c1mbito de la Educaci\u00f3n Escolar y Permanente. Convocatoria 2023.\u00a0 C\u00f3digo de la actividad:\u00a0\u00a0249922KPI003 Fechas de realizaci\u00f3n:\u00a025\/09\/2023 - 27\/10\/2023 Lugar de realizaci\u00f3n:\u00a0AULA VIRTUAL DE FORMACI\u00d3N DEL PROFESORADO N\u00ba de plazas:\u00a090 PLAZO DE INSCRIPCI\u00d3N:\u00a0Abierto hasta el 22 de septiembre a las 10:00\u2026","rel":"","context":"En \u00abFormaciones\u00bb","block_context":{"text":"Formaciones","link":"https:\/\/cepronda.com\/blog\/category\/formaciones\/"},"img":{"alt_text":"","src":"https:\/\/i0.wp.com\/cepronda.com\/blog\/wp-content\/uploads\/2023\/09\/ACREDITACION.jpg?fit=720%2C509&ssl=1&resize=350%2C200","width":350,"height":200,"srcset":"https:\/\/i0.wp.com\/cepronda.com\/blog\/wp-content\/uploads\/2023\/09\/ACREDITACION.jpg?fit=720%2C509&ssl=1&resize=350%2C200 1x, https:\/\/i0.wp.com\/cepronda.com\/blog\/wp-content\/uploads\/2023\/09\/ACREDITACION.jpg?fit=720%2C509&ssl=1&resize=525%2C300 1.5x, https:\/\/i0.wp.com\/cepronda.com\/blog\/wp-content\/uploads\/2023\/09\/ACREDITACION.jpg?fit=720%2C509&ssl=1&resize=700%2C400 2x"},"classes":[]},{"id":4670,"url":"https:\/\/cepronda.com\/blog\/acreditacion-erasmus-en-el-ambito-de-la-educacion-escolar-y-educacion-permanente-convocatoria-2021\/","url_meta":{"origin":4362,"position":2},"title":"ACREDITACI\u00d3N ERASMUS EN EL \u00c1MBITO DE LA EDUCACI\u00d3N ESCOLAR Y EDUCACI\u00d3N PERMANENTE. CONVOCATORIA 2021","author":"Maribel Mu\u00f1oz","date":"24 septiembre, 2021","format":false,"excerpt":"Buenas tardes compa\u00f1eras y compa\u00f1eros, Os informamos que est\u00e1 abierto el plazo de inscripci\u00f3n en la actividad \u00a0\"ACREDITACI\u00d3N ERASMUS EN EL \u00c1MBITO DE LA EDUCACI\u00d3N ESCOLAR Y EDUCACI\u00d3N PERMANENTE. CONVOCATORIA 2021\" \u00a0hasta el 27 de septiembre .\u00a0 Es una actividad PROVINCIAL con c\u00f3digo 229922KPI003\u00a0 El curso se desarrollar\u00e1\u00a0 desde el\u2026","rel":"","context":"En \u00abFormaciones\u00bb","block_context":{"text":"Formaciones","link":"https:\/\/cepronda.com\/blog\/category\/formaciones\/"},"img":{"alt_text":"","src":"https:\/\/i0.wp.com\/cepronda.com\/blog\/wp-content\/uploads\/2021\/09\/CARTEL-FORMACION-PROVINCIAL-300x273.png?resize=350%2C200","width":350,"height":200},"classes":[]},{"id":4423,"url":"https:\/\/cepronda.com\/blog\/gestion-administrativa-de-proyectos-erasmus\/","url_meta":{"origin":4362,"position":3},"title":"GESTI\u00d3N ADMINISTRATIVA DE PROYECTOS ERASMUS.","author":"Maribel Mu\u00f1oz","date":"15 abril, 2021","format":false,"excerpt":"Buenas tardes\u00a0 compa\u00f1eras y compa\u00f1eros, Os informamos que est\u00e1 abierto el plazo de inscripci\u00f3n del curso a distancia de \u00e1mbito provincial GESTI\u00d3N ADMINISTRATIVA DE PROYECTOS ERASMUS. Este curso est\u00e1 especialmente dirigido a las coordinaciones de proyectos Erasmus de escolar y adultos. C\u00f3digo: 219922KPI296.\u00a0 Es una formaci\u00f3n PROVINCIAL, gestionada por el\u2026","rel":"","context":"En \u00abFormaciones\u00bb","block_context":{"text":"Formaciones","link":"https:\/\/cepronda.com\/blog\/category\/formaciones\/"},"img":{"alt_text":"","src":"https:\/\/i0.wp.com\/cepronda.com\/blog\/wp-content\/uploads\/2021\/03\/bandera-europea.jpg?resize=350%2C200","width":350,"height":200},"classes":[]},{"id":4901,"url":"https:\/\/cepronda.com\/blog\/difusion-del-programa-erasmus-y-elaboracion-de-proyectos-de-calidad\/","url_meta":{"origin":4362,"position":4},"title":"DIFUSI\u00d3N DEL PROGRAMA ERASMUS+ Y ELABORACI\u00d3N DE PROYECTOS DE CALIDAD","author":"Maribel Mu\u00f1oz","date":"21 diciembre, 2021","format":false,"excerpt":"Buenos d\u00edas compa\u00f1eras y compa\u00f1eros,\u00a0 Os informamos que est\u00e1 abierto el plazo de inscripci\u00f3n en la actividad DIFUSI\u00d3N DEL PROGRAMA ERASMUS+ Y ELABORACI\u00d3N DE PROYECTOS DE CALIDAD con c\u00f3digo 221105FP109. Es una actividad REGIONAL.\u00a0 dirigida al profesorado de Formaci\u00f3n\u00a0Profesional. El plazo de solicitudes\u00a0 finaliza el 10 de enero a las\u2026","rel":"","context":"En \u00abFormaciones\u00bb","block_context":{"text":"Formaciones","link":"https:\/\/cepronda.com\/blog\/category\/formaciones\/"},"img":{"alt_text":"","src":"https:\/\/i0.wp.com\/cepronda.com\/blog\/wp-content\/uploads\/2021\/12\/DIFUSION-ERASMUS-FP-1.jpg?fit=1200%2C848&ssl=1&resize=350%2C200","width":350,"height":200,"srcset":"https:\/\/i0.wp.com\/cepronda.com\/blog\/wp-content\/uploads\/2021\/12\/DIFUSION-ERASMUS-FP-1.jpg?fit=1200%2C848&ssl=1&resize=350%2C200 1x, https:\/\/i0.wp.com\/cepronda.com\/blog\/wp-content\/uploads\/2021\/12\/DIFUSION-ERASMUS-FP-1.jpg?fit=1200%2C848&ssl=1&resize=525%2C300 1.5x, https:\/\/i0.wp.com\/cepronda.com\/blog\/wp-content\/uploads\/2021\/12\/DIFUSION-ERASMUS-FP-1.jpg?fit=1200%2C848&ssl=1&resize=700%2C400 2x, https:\/\/i0.wp.com\/cepronda.com\/blog\/wp-content\/uploads\/2021\/12\/DIFUSION-ERASMUS-FP-1.jpg?fit=1200%2C848&ssl=1&resize=1050%2C600 3x"},"classes":[]},{"id":4847,"url":"https:\/\/cepronda.com\/blog\/gestion-economica-de-proyectos-erasmus\/","url_meta":{"origin":4362,"position":5},"title":"GESTI\u00d3N ECON\u00d3MICA DE PROYECTOS ERASMUS","author":"Maribel Mu\u00f1oz","date":"2 noviembre, 2021","format":false,"excerpt":"Buenas tardes compa\u00f1eras y compa\u00f1eros, Os informamos que est\u00e1 abierto el plazo de inscripci\u00f3n en la actividad GESTI\u00d3N ECON\u00d3MICA DE PROYECTOS ERASMUS con c\u00f3digo 229924PI002. Es una actividad PROVINCIAL.\u00a0 Se desarrollar\u00e1 en el Aula Virtual de Formaci\u00f3n del Profesorado. Consta de 10 horas , 6 de ellas se desarrollaran mediante\u2026","rel":"","context":"En \u00abFormaciones\u00bb","block_context":{"text":"Formaciones","link":"https:\/\/cepronda.com\/blog\/category\/formaciones\/"},"img":{"alt_text":"","src":"https:\/\/i0.wp.com\/cepronda.com\/blog\/wp-content\/uploads\/2021\/11\/229924PI002-Gestion-Economica-Erasmus-212x300.png?resize=350%2C200","width":350,"height":200},"classes":[]}],"jetpack_sharing_enabled":true,"_links":{"self":[{"href":"https:\/\/cepronda.com\/blog\/wp-json\/wp\/v2\/posts\/4362","targetHints":{"allow":["GET"]}}],"collection":[{"href":"https:\/\/cepronda.com\/blog\/wp-json\/wp\/v2\/posts"}],"about":[{"href":"https:\/\/cepronda.com\/blog\/wp-json\/wp\/v2\/types\/post"}],"author":[{"embeddable":true,"href":"https:\/\/cepronda.com\/blog\/wp-json\/wp\/v2\/users\/10"}],"replies":[{"embeddable":true,"href":"https:\/\/cepronda.com\/blog\/wp-json\/wp\/v2\/comments?post=4362"}],"version-history":[{"count":1,"href":"https:\/\/cepronda.com\/blog\/wp-json\/wp\/v2\/posts\/4362\/revisions"}],"predecessor-version":[{"id":4363,"href":"https:\/\/cepronda.com\/blog\/wp-json\/wp\/v2\/posts\/4362\/revisions\/4363"}],"wp:featuredmedia":[{"embeddable":true,"href":"https:\/\/cepronda.com\/blog\/wp-json\/wp\/v2\/media\/4356"}],"wp:attachment":[{"href":"https:\/\/cepronda.com\/blog\/wp-json\/wp\/v2\/media?parent=4362"}],"wp:term":[{"taxonomy":"category","embeddable":true,"href":"https:\/\/cepronda.com\/blog\/wp-json\/wp\/v2\/categories?post=4362"},{"taxonomy":"post_tag","embeddable":true,"href":"https:\/\/cepronda.com\/blog\/wp-json\/wp\/v2\/tags?post=4362"}],"curies":[{"name":"wp","href":"https:\/\/api.w.org\/{rel}","templated":true}]}}