{"id":4358,"date":"2021-03-26T12:59:53","date_gmt":"2021-03-26T11:59:53","guid":{"rendered":"http:\/\/cepronda.com\/blog\/?p=4358"},"modified":"2021-03-26T12:59:53","modified_gmt":"2021-03-26T11:59:53","slug":"la-escuela-rural-otra-escuela-posible","status":"publish","type":"post","link":"https:\/\/cepronda.com\/blog\/la-escuela-rural-otra-escuela-posible\/","title":{"rendered":"LA ESCUELA RURAL, OTRA ESCUELA POSIBLE."},"content":{"rendered":"<p>Hola compa\u00f1eros y compa\u00f1eras, os informamos de que contin\u00faa abierto el plazo de inscripci\u00f3n para la actividad formativa \u00abLA ESCUELA RURAL, OTRA ESCUELA POSIBLE\u00bb, curso orientado al profesorado de las escuelas rurales y aulas multinivel. Si no perteneces a nuestra zona CEP ponte en contacto con la asesor\u00eda responsable. Esperamos que sea de vuestro inter\u00e9s, un saludo.<\/p>\n<p><img data-recalc-dims=\"1\" loading=\"lazy\" decoding=\"async\" class=\"size-medium wp-image-4360 aligncenter\" src=\"https:\/\/i0.wp.com\/cepronda.com\/blog\/wp-content\/uploads\/2021\/03\/LA-ESCUELA-RURAL-OTRA-ESCUELA-POSIBLE-1-212x300.jpg?resize=212%2C300\" alt=\"\" width=\"212\" height=\"300\" srcset=\"https:\/\/i0.wp.com\/cepronda.com\/blog\/wp-content\/uploads\/2021\/03\/LA-ESCUELA-RURAL-OTRA-ESCUELA-POSIBLE-1.jpg?resize=212%2C300&amp;ssl=1 212w, https:\/\/i0.wp.com\/cepronda.com\/blog\/wp-content\/uploads\/2021\/03\/LA-ESCUELA-RURAL-OTRA-ESCUELA-POSIBLE-1.jpg?resize=724%2C1024&amp;ssl=1 724w, https:\/\/i0.wp.com\/cepronda.com\/blog\/wp-content\/uploads\/2021\/03\/LA-ESCUELA-RURAL-OTRA-ESCUELA-POSIBLE-1.jpg?resize=768%2C1086&amp;ssl=1 768w, https:\/\/i0.wp.com\/cepronda.com\/blog\/wp-content\/uploads\/2021\/03\/LA-ESCUELA-RURAL-OTRA-ESCUELA-POSIBLE-1.jpg?resize=1086%2C1536&amp;ssl=1 1086w, https:\/\/i0.wp.com\/cepronda.com\/blog\/wp-content\/uploads\/2021\/03\/LA-ESCUELA-RURAL-OTRA-ESCUELA-POSIBLE-1.jpg?resize=1448%2C2048&amp;ssl=1 1448w, https:\/\/i0.wp.com\/cepronda.com\/blog\/wp-content\/uploads\/2021\/03\/LA-ESCUELA-RURAL-OTRA-ESCUELA-POSIBLE-1.jpg?w=1587&amp;ssl=1 1587w\" sizes=\"auto, (max-width: 212px) 100vw, 212px\" \/><\/p>\n<p style=\"text-align: center;\"><a href=\"https:\/\/www.juntadeandalucia.es\/educacion\/secretariavirtual\/consultaCEP\/actividad\/212924GE017\/\">PINCHA AQU\u00cd PARA REALIZAR TU INSCRIPCI\u00d3N.<\/a><\/p>\n","protected":false},"excerpt":{"rendered":"<p>Hola compa\u00f1eros y compa\u00f1eras, os informamos de que contin\u00faa abierto el plazo de inscripci\u00f3n para la actividad formativa \u00abLA ESCUELA RURAL, OTRA ESCUELA POSIBLE\u00bb, curso orientado al profesorado de las escuelas rurales y aulas multinivel. Si no perteneces a nuestra zona CEP ponte en contacto con la asesor\u00eda responsable. Esperamos que sea de vuestro inter\u00e9s, [&hellip;]<\/p>\n","protected":false},"author":9,"featured_media":4360,"comment_status":"closed","ping_status":"open","sticky":false,"template":"","format":"standard","meta":{"_crdt_document":"","advanced_seo_description":"","jetpack_seo_html_title":"","jetpack_seo_noindex":false,"jetpack_post_was_ever_published":false,"_jetpack_newsletter_access":"","_jetpack_dont_email_post_to_subs":false,"_jetpack_newsletter_tier_id":0,"_jetpack_memberships_contains_paywalled_content":false,"_jetpack_memberships_contains_paid_content":false,"footnotes":"","jetpack_publicize_message":"","jetpack_publicize_feature_enabled":true,"jetpack_social_post_already_shared":true,"jetpack_social_options":{"image_generator_settings":{"template":"highway","default_image_id":0,"font":"","enabled":false},"version":2}},"categories":[5],"tags":[],"class_list":{"0":"post-4358","1":"post","2":"type-post","3":"status-publish","4":"format-standard","5":"has-post-thumbnail","7":"category-noticias","8":"czr-hentry"},"jetpack_publicize_connections":[],"jetpack_featured_media_url":"https:\/\/i0.wp.com\/cepronda.com\/blog\/wp-content\/uploads\/2021\/03\/LA-ESCUELA-RURAL-OTRA-ESCUELA-POSIBLE-1.jpg?fit=1587%2C2245&ssl=1","jetpack_shortlink":"https:\/\/wp.me\/p8M4X7-18i","jetpack-related-posts":[{"id":3930,"url":"https:\/\/cepronda.com\/blog\/3930-2\/","url_meta":{"origin":4358,"position":0},"title":"COMUNIDAD DIGITAL DE METODOLOG\u00cdA PARA LA ESCUELA RURAL.","author":"Inmaculada Garc\u00eda","date":"28 octubre, 2020","format":false,"excerpt":"Hola compa\u00f1eros y compa\u00f1eras, os informamos que son los \u00faltimos d\u00edas para realizar vuestra inscripci\u00f3n en la actividad formativa COMUNIDAD DIGITAL DE METODOLOG\u00cdA PARA LA ESCUELA RURAL, curso que pertenece a nuestro ITINERARIO FORMATIVO PARA LA ESCUELA RURAL. Esperamos que sea de vuestro inter\u00e9s. Un saludo. ENLACE A LA INSCRIPCI\u00d3N","rel":"","context":"En \u00abNoticias\u00bb","block_context":{"text":"Noticias","link":"https:\/\/cepronda.com\/blog\/category\/noticias\/"},"img":{"alt_text":"","src":"https:\/\/i0.wp.com\/cepronda.com\/blog\/wp-content\/uploads\/2020\/10\/comunidad-digital-de-metodologia-tic-para-la-escuela-rural..png?fit=848%2C1200&ssl=1&resize=350%2C200","width":350,"height":200,"srcset":"https:\/\/i0.wp.com\/cepronda.com\/blog\/wp-content\/uploads\/2020\/10\/comunidad-digital-de-metodologia-tic-para-la-escuela-rural..png?fit=848%2C1200&ssl=1&resize=350%2C200 1x, https:\/\/i0.wp.com\/cepronda.com\/blog\/wp-content\/uploads\/2020\/10\/comunidad-digital-de-metodologia-tic-para-la-escuela-rural..png?fit=848%2C1200&ssl=1&resize=525%2C300 1.5x, https:\/\/i0.wp.com\/cepronda.com\/blog\/wp-content\/uploads\/2020\/10\/comunidad-digital-de-metodologia-tic-para-la-escuela-rural..png?fit=848%2C1200&ssl=1&resize=700%2C400 2x"},"classes":[]},{"id":7443,"url":"https:\/\/cepronda.com\/blog\/innovacion-e-internacionalizacion-de-la-escuela-rural\/","url_meta":{"origin":4358,"position":1},"title":"INNOVACI\u00d3N E INTERNACIONALIZACI\u00d3N DE LA ESCUELA RURAL","author":"Mamen Moreno","date":"12 febrero, 2024","format":false,"excerpt":"Abierto el plazo de inscripci\u00f3n de la actividad provincial correspondiente al IV Itinerario Formativo para Centros Rurales a nivel Provincial \"INNOVACI\u00d3N E INTERNACIONALIZACI\u00d3N DE LA ESCUELA RURAL\u00a0\", organizado por el CEP de Ronda con c\u00f3digo 242924GE045. Ponentes:\u00a0 Sebasti\u00e1n G\u00f3mez Monge Liliana Cruz Campos Sergio Mart\u00edn Carrasco Ra\u00fal Parrillo S\u00e1nchez Fecha\u2026","rel":"","context":"En \u00abFormaciones\u00bb","block_context":{"text":"Formaciones","link":"https:\/\/cepronda.com\/blog\/category\/formaciones\/"},"img":{"alt_text":"","src":"https:\/\/i0.wp.com\/cepronda.com\/blog\/wp-content\/uploads\/2024\/02\/2o-TRIMESTRE-RURAL-4.png?fit=848%2C1200&ssl=1&resize=350%2C200","width":350,"height":200,"srcset":"https:\/\/i0.wp.com\/cepronda.com\/blog\/wp-content\/uploads\/2024\/02\/2o-TRIMESTRE-RURAL-4.png?fit=848%2C1200&ssl=1&resize=350%2C200 1x, https:\/\/i0.wp.com\/cepronda.com\/blog\/wp-content\/uploads\/2024\/02\/2o-TRIMESTRE-RURAL-4.png?fit=848%2C1200&ssl=1&resize=525%2C300 1.5x, https:\/\/i0.wp.com\/cepronda.com\/blog\/wp-content\/uploads\/2024\/02\/2o-TRIMESTRE-RURAL-4.png?fit=848%2C1200&ssl=1&resize=700%2C400 2x"},"classes":[]},{"id":5697,"url":"https:\/\/cepronda.com\/blog\/dua-y-tareas-multinivel-de-areas-instrumentales-en-la-escuela-rural\/","url_meta":{"origin":4358,"position":2},"title":"DUA Y TAREAS MULTINIVEL DE \u00c1REAS INSTRUMENTALES EN LA ESCUELA RURAL","author":"Mamen Moreno","date":"16 enero, 2023","format":false,"excerpt":"Os informamos que se ha abierto el plazo de inscripci\u00f3n al curso: DUA Y TAREAS MULTINIVEL DE \u00c1REAS INSTRUMENTALES EN LA ESCUELA RURAL con c\u00f3digo 232924GE019. Fechas de Inscripci\u00f3n: Del 16 de enero al 2 de febrero. Curso de\u00a012 horas, 8 presenciales ( VIDEOCONFERENCIA) y 4 horas de tareas no\u2026","rel":"","context":"En \u00abFormaciones\u00bb","block_context":{"text":"Formaciones","link":"https:\/\/cepronda.com\/blog\/category\/formaciones\/"},"img":{"alt_text":"","src":"https:\/\/i0.wp.com\/cepronda.com\/blog\/wp-content\/uploads\/2023\/01\/PROVINCIAL.jpg?fit=848%2C1200&ssl=1&resize=350%2C200","width":350,"height":200,"srcset":"https:\/\/i0.wp.com\/cepronda.com\/blog\/wp-content\/uploads\/2023\/01\/PROVINCIAL.jpg?fit=848%2C1200&ssl=1&resize=350%2C200 1x, https:\/\/i0.wp.com\/cepronda.com\/blog\/wp-content\/uploads\/2023\/01\/PROVINCIAL.jpg?fit=848%2C1200&ssl=1&resize=525%2C300 1.5x, https:\/\/i0.wp.com\/cepronda.com\/blog\/wp-content\/uploads\/2023\/01\/PROVINCIAL.jpg?fit=848%2C1200&ssl=1&resize=700%2C400 2x"},"classes":[]},{"id":5198,"url":"https:\/\/cepronda.com\/blog\/la-comunidad-educativa-en-la-escuela-rural-cooperacion-y-convivencia\/","url_meta":{"origin":4358,"position":3},"title":"LA COMUNIDAD EDUCATIVA EN LA ESCUELA RURAL. COOPERACI\u00d3N Y CONVIVENCIA.","author":"Inmaculada Garc\u00eda","date":"29 marzo, 2022","format":false,"excerpt":"Estimados compa\u00f1eros y compa\u00f1eras, os informamos de que sigue abierto el plazo de inscripci\u00f3n para la actividad formativa LA COMUNIDAD EDUCATIVA EN LA ESCUELA RURAL. COOPERACI\u00d3N Y CONVIVENCIA, una formaci\u00f3n espec\u00edfica para el profesorado que ejerce su labor docente en Centros P\u00fablicos Rurales de la provincia de M\u00e1laga que comenzar\u00e1\u2026","rel":"","context":"En \u00abFormaciones\u00bb","block_context":{"text":"Formaciones","link":"https:\/\/cepronda.com\/blog\/category\/formaciones\/"},"img":{"alt_text":"","src":"https:\/\/i0.wp.com\/cepronda.com\/blog\/wp-content\/uploads\/2022\/03\/estrategias-para-la-convivencia-en-el-centro-rural-5.png?fit=848%2C1200&ssl=1&resize=350%2C200","width":350,"height":200,"srcset":"https:\/\/i0.wp.com\/cepronda.com\/blog\/wp-content\/uploads\/2022\/03\/estrategias-para-la-convivencia-en-el-centro-rural-5.png?fit=848%2C1200&ssl=1&resize=350%2C200 1x, https:\/\/i0.wp.com\/cepronda.com\/blog\/wp-content\/uploads\/2022\/03\/estrategias-para-la-convivencia-en-el-centro-rural-5.png?fit=848%2C1200&ssl=1&resize=525%2C300 1.5x, https:\/\/i0.wp.com\/cepronda.com\/blog\/wp-content\/uploads\/2022\/03\/estrategias-para-la-convivencia-en-el-centro-rural-5.png?fit=848%2C1200&ssl=1&resize=700%2C400 2x"},"classes":[]},{"id":5875,"url":"https:\/\/cepronda.com\/blog\/construir-una-escuela-inclusiva-dua\/","url_meta":{"origin":4358,"position":4},"title":"CONSTRUIR UNA ESCUELA INCLUSIVA (DUA)","author":"Inmaculada Garc\u00eda","date":"22 marzo, 2023","format":false,"excerpt":"Buenos d\u00edas,\u00a0 Os Informamos de que se encuentra abierta la inscripci\u00f3n del CURSO PROVINCIAL con videoconferencias en directo, organizado por el CEP de V\u00e9lez-M\u00e1laga: CONSTRUIR UNA ESCUELA INCLUSIVA (DUA). C\u00f3digo: 232926GE406 Fecha actividad:\u00a012\/04\/2023 hasta 24\/05\/2023 Fecha inscripci\u00f3n:\u00a013\/03\/2023 hasta 28\/03\/2023 Horas totales: 20h. Lugar de realizaci\u00f3n: Aula Virtual de Formaci\u00f3n del\u2026","rel":"","context":"En \u00abFormaciones\u00bb","block_context":{"text":"Formaciones","link":"https:\/\/cepronda.com\/blog\/category\/formaciones\/"},"img":{"alt_text":"","src":"https:\/\/i0.wp.com\/cepronda.com\/blog\/wp-content\/uploads\/2023\/03\/WhatsApp-Image-2023-03-22-at-13.23.04.jpeg?fit=813%2C1200&ssl=1&resize=350%2C200","width":350,"height":200,"srcset":"https:\/\/i0.wp.com\/cepronda.com\/blog\/wp-content\/uploads\/2023\/03\/WhatsApp-Image-2023-03-22-at-13.23.04.jpeg?fit=813%2C1200&ssl=1&resize=350%2C200 1x, https:\/\/i0.wp.com\/cepronda.com\/blog\/wp-content\/uploads\/2023\/03\/WhatsApp-Image-2023-03-22-at-13.23.04.jpeg?fit=813%2C1200&ssl=1&resize=525%2C300 1.5x, https:\/\/i0.wp.com\/cepronda.com\/blog\/wp-content\/uploads\/2023\/03\/WhatsApp-Image-2023-03-22-at-13.23.04.jpeg?fit=813%2C1200&ssl=1&resize=700%2C400 2x"},"classes":[]},{"id":4305,"url":"https:\/\/cepronda.com\/blog\/la-escuela-como-herramienta-de-transformacion-para-lograr-la-igualdad-entre-hombres-y-mujeres\/","url_meta":{"origin":4358,"position":5},"title":"LA ESCUELA COMO HERRAMIENTA DE TRANSFORMACI\u00d3N PARA LOGRAR LA IGUALDAD ENTRE HOMBRES Y MUJERES","author":"Maribel Mu\u00f1oz","date":"12 marzo, 2021","format":false,"excerpt":"Buenas tardes compa\u00f1eras y compa\u00f1eros, Os informamos que est\u00e1 abierto el plazo de inscripci\u00f3n de la formaci\u00f3n LA ESCUELA COMO HERRAMIENTA DE TRANSFORMACI\u00d3N PARA LOGRAR LA IGUALDAD ENTRE HOMBRES Y MUJERES. PROVINCIAL\u00a0 219925KPF283,\u00a0\u00a0 que comenzar\u00e1 a desarrollarse el pr\u00f3ximo\u00a0 05\/04\/2021. Adjuntamos enlace : https:\/\/www.juntadeandalucia.es\/educacion\/secretariavirtual\/consultaCEP\/actividad\/219925KPF283\/ El plazo de inscripci\u00f3n finaliza el\u2026","rel":"","context":"En \u00abFormaciones\u00bb","block_context":{"text":"Formaciones","link":"https:\/\/cepronda.com\/blog\/category\/formaciones\/"},"img":{"alt_text":"","src":"https:\/\/i0.wp.com\/cepronda.com\/blog\/wp-content\/uploads\/2021\/03\/WhatsApp-Image-2021-03-12-at-14.02.49.jpeg?fit=607%2C843&ssl=1&resize=350%2C200","width":350,"height":200,"srcset":"https:\/\/i0.wp.com\/cepronda.com\/blog\/wp-content\/uploads\/2021\/03\/WhatsApp-Image-2021-03-12-at-14.02.49.jpeg?fit=607%2C843&ssl=1&resize=350%2C200 1x, https:\/\/i0.wp.com\/cepronda.com\/blog\/wp-content\/uploads\/2021\/03\/WhatsApp-Image-2021-03-12-at-14.02.49.jpeg?fit=607%2C843&ssl=1&resize=525%2C300 1.5x"},"classes":[]}],"jetpack_sharing_enabled":true,"_links":{"self":[{"href":"https:\/\/cepronda.com\/blog\/wp-json\/wp\/v2\/posts\/4358","targetHints":{"allow":["GET"]}}],"collection":[{"href":"https:\/\/cepronda.com\/blog\/wp-json\/wp\/v2\/posts"}],"about":[{"href":"https:\/\/cepronda.com\/blog\/wp-json\/wp\/v2\/types\/post"}],"author":[{"embeddable":true,"href":"https:\/\/cepronda.com\/blog\/wp-json\/wp\/v2\/users\/9"}],"replies":[{"embeddable":true,"href":"https:\/\/cepronda.com\/blog\/wp-json\/wp\/v2\/comments?post=4358"}],"version-history":[{"count":1,"href":"https:\/\/cepronda.com\/blog\/wp-json\/wp\/v2\/posts\/4358\/revisions"}],"predecessor-version":[{"id":4361,"href":"https:\/\/cepronda.com\/blog\/wp-json\/wp\/v2\/posts\/4358\/revisions\/4361"}],"wp:featuredmedia":[{"embeddable":true,"href":"https:\/\/cepronda.com\/blog\/wp-json\/wp\/v2\/media\/4360"}],"wp:attachment":[{"href":"https:\/\/cepronda.com\/blog\/wp-json\/wp\/v2\/media?parent=4358"}],"wp:term":[{"taxonomy":"category","embeddable":true,"href":"https:\/\/cepronda.com\/blog\/wp-json\/wp\/v2\/categories?post=4358"},{"taxonomy":"post_tag","embeddable":true,"href":"https:\/\/cepronda.com\/blog\/wp-json\/wp\/v2\/tags?post=4358"}],"curies":[{"name":"wp","href":"https:\/\/api.w.org\/{rel}","templated":true}]}}