{"id":4355,"date":"2021-03-24T13:04:17","date_gmt":"2021-03-24T12:04:17","guid":{"rendered":"http:\/\/cepronda.com\/blog\/?p=4355"},"modified":"2025-04-28T11:55:58","modified_gmt":"2025-04-28T09:55:58","slug":"convocatoria-estancia-profesional-en-europa","status":"publish","type":"post","link":"https:\/\/cepronda.com\/blog\/convocatoria-estancia-profesional-en-europa\/","title":{"rendered":"CONVOCATORIA ESTANCIA PROFESIONAL EN EUROPA"},"content":{"rendered":"<p style=\"font-weight: 400;\">&nbsp;Buenas tardes compa\u00f1eras y compa\u00f1eros,&nbsp;<\/p>\n<p style=\"font-weight: 400;\">Os informamos que se ha abierto el plazo de solicitudes para la participaci\u00f3n en la convocatoria de 117 plazas para aquellos docentes que deseen realizar una Estancia Profesional en un centro educativo europeo para el curso acad\u00e9mico 2021\/2022.<\/p>\n<p style=\"font-weight: 400;\">Al tratarse de una convocatoria con a\u00f1os de trayectoria, se pretende que docentes espa\u00f1oles visiten, durante dos semanas, centros educativos de Alemania, Austria, B\u00e9lgica, Dinamarca, Finlandia, Francia, Italia, Noruega, Pa\u00edses Bajos, Portugal, Reino Unido, Irlanda, Suecia y Suiza. El objetivo es participar en otros contextos educativos y reforzar, de esta forma, el conjunto de acciones destinadas a mejorar la calidad de la formaci\u00f3n del profesorado a trav\u00e9s de la observaci\u00f3n directa del funcionamiento del centro, el intercambio buenas pr\u00e1cticas pedag\u00f3gicas e incluso la realizaci\u00f3n de proyectos futuros comunes.<\/p>\n<p style=\"font-weight: 400;\">Los\/las docentes que resulten seleccionados\/as, una vez aceptada la estancia, solicitar\u00e1n el permiso correspondiente a su Administraci\u00f3n educativa.&nbsp;<\/p>\n<p style=\"font-weight: 400;\">Toda la informaci\u00f3n sobre la convocatoria se encuentra a trav\u00e9s del siguiente enlace:<a href=\"https:\/\/www.educacionyfp.gob.es\/servicios-al-ciudadano\/catalogo\/profesorado\/profesorado-no-universitario\/becas-ayudas\/movilidad\/estancias-profesionales-para-docentes.html\" data-saferedirecturl=\"https:\/\/www.google.com\/url?q=https:\/\/www.educacionyfp.gob.es\/servicios-al-ciudadano\/catalogo\/profesorado\/profesorado-no-universitario\/becas-ayudas\/movilidad\/estancias-profesionales-para-docentes.html&amp;source=gmail&amp;ust=1616670884741000&amp;usg=AFQjCNHCNqgRnZrZMlIJ0eUr2FTJ8itdzQ\">&nbsp;https:\/\/www.educacionyfp.gob.es\/servicios-al-ciudadano\/catalogo\/profesorado\/profesorado-no-universitario\/becas-ayudas\/movilidad\/estancias-profesionales-para-docentes.html<\/a>.<\/p>\n<p style=\"font-weight: 400;\">Por \u00faltimo, informaros tambi\u00e9n que en los pr\u00f3ximos d\u00edas se publicar\u00e1 la convocatoria de Estancias Profesionales para centros que deseen acoger a un docente extranjero.<\/p>\n<p style=\"font-weight: 400;\">Deseamos que sea de vuestro inter\u00e9s.<\/p>\n<p>Saludos.<\/p>\n<p><img data-recalc-dims=\"1\" loading=\"lazy\" decoding=\"async\" class=\"size-full wp-image-4356 aligncenter\" src=\"https:\/\/i0.wp.com\/cepronda.com\/blog\/wp-content\/uploads\/2021\/03\/bandera-europea.jpg?resize=275%2C183\" alt=\"\" width=\"275\" height=\"183\"><\/p>\n","protected":false},"excerpt":{"rendered":"<p>&nbsp;Buenas tardes compa\u00f1eras y compa\u00f1eros,&nbsp; Os informamos que se ha abierto el plazo de solicitudes para la participaci\u00f3n en la convocatoria de 117 plazas para aquellos docentes que deseen realizar una Estancia Profesional en un centro educativo europeo para el curso acad\u00e9mico 2021\/2022. Al tratarse de una convocatoria con a\u00f1os de trayectoria, se pretende que [&hellip;]<\/p>\n","protected":false},"author":10,"featured_media":4356,"comment_status":"closed","ping_status":"open","sticky":false,"template":"","format":"standard","meta":{"_crdt_document":"","advanced_seo_description":"","jetpack_seo_html_title":"","jetpack_seo_noindex":false,"jetpack_post_was_ever_published":false,"_jetpack_newsletter_access":"","_jetpack_dont_email_post_to_subs":false,"_jetpack_newsletter_tier_id":0,"_jetpack_memberships_contains_paywalled_content":false,"_jetpack_memberships_contains_paid_content":false,"footnotes":"","jetpack_publicize_message":"","jetpack_publicize_feature_enabled":true,"jetpack_social_post_already_shared":true,"jetpack_social_options":{"image_generator_settings":{"template":"highway","default_image_id":0,"font":"","enabled":false},"version":2}},"categories":[3,5],"tags":[17,235,234],"class_list":{"0":"post-4355","1":"post","2":"type-post","3":"status-publish","4":"format-standard","5":"has-post-thumbnail","7":"category-formaciones","8":"category-noticias","9":"tag-convocatorias","10":"tag-estancias-profesionales","11":"tag-europa","12":"czr-hentry"},"jetpack_publicize_connections":[],"jetpack_featured_media_url":"https:\/\/i0.wp.com\/cepronda.com\/blog\/wp-content\/uploads\/2021\/03\/bandera-europea.jpg?fit=275%2C183&ssl=1","jetpack_shortlink":"https:\/\/wp.me\/p8M4X7-18f","jetpack-related-posts":[{"id":5382,"url":"https:\/\/cepronda.com\/blog\/estancias-docentes-extranjeros\/","url_meta":{"origin":4355,"position":0},"title":"ESTANCIAS DOCENTES EXTRANJEROS","author":"Maribel Mu\u00f1oz","date":"27 junio, 2022","format":false,"excerpt":"Buenas tardes compa\u00f1eras y compa\u00f1eros, Os recordamos que\u00a0hasta el 6 de julio est\u00e1 abierta la convocatoria del Ministerio de Educaci\u00f3n y Formaci\u00f3n Profesional para centros educativos sostenidos con fondos p\u00fablicos que deseen acoger a un docente extranjero para una estancia de dos semanas durante el curso 2022-23.\u00a0 Para m\u00e1s informaci\u00f3n\u2026","rel":"","context":"En \u00abFormaciones\u00bb","block_context":{"text":"Formaciones","link":"https:\/\/cepronda.com\/blog\/category\/formaciones\/"},"img":{"alt_text":"","src":"https:\/\/i0.wp.com\/cepronda.com\/blog\/wp-content\/uploads\/2022\/06\/1280px-Logotipo_del_Ministerio_de_Educacion_y_Formacion_Profesional.svg_-1.png?fit=1200%2C300&ssl=1&resize=350%2C200","width":350,"height":200,"srcset":"https:\/\/i0.wp.com\/cepronda.com\/blog\/wp-content\/uploads\/2022\/06\/1280px-Logotipo_del_Ministerio_de_Educacion_y_Formacion_Profesional.svg_-1.png?fit=1200%2C300&ssl=1&resize=350%2C200 1x, https:\/\/i0.wp.com\/cepronda.com\/blog\/wp-content\/uploads\/2022\/06\/1280px-Logotipo_del_Ministerio_de_Educacion_y_Formacion_Profesional.svg_-1.png?fit=1200%2C300&ssl=1&resize=525%2C300 1.5x, https:\/\/i0.wp.com\/cepronda.com\/blog\/wp-content\/uploads\/2022\/06\/1280px-Logotipo_del_Ministerio_de_Educacion_y_Formacion_Profesional.svg_-1.png?fit=1200%2C300&ssl=1&resize=700%2C400 2x, https:\/\/i0.wp.com\/cepronda.com\/blog\/wp-content\/uploads\/2022\/06\/1280px-Logotipo_del_Ministerio_de_Educacion_y_Formacion_Profesional.svg_-1.png?fit=1200%2C300&ssl=1&resize=1050%2C600 3x"},"classes":[]},{"id":4030,"url":"https:\/\/cepronda.com\/blog\/convocatoria-para-elaborar-recursos-educativos\/","url_meta":{"origin":4355,"position":1},"title":"Convocatoria para elaborar recursos educativos.","author":"Maribel Mu\u00f1oz","date":"10 diciembre, 2020","format":false,"excerpt":"Buenos d\u00edas compa\u00f1eras y compa\u00f1eros, Os informamos que est\u00e1 publicada la Resoluci\u00f3n de 20 de noviembre de 2020, de la Direcci\u00f3n General de Formaci\u00f3n del Profesorado e Innovaci\u00f3n Educativa, por la que se efect\u00faa convocatoria de selecci\u00f3n y nombramiento de profesorado para la elaboraci\u00f3n de recursos educativos abiertos de ense\u00f1anzas\u2026","rel":"","context":"En \u00abFormaciones\u00bb","block_context":{"text":"Formaciones","link":"https:\/\/cepronda.com\/blog\/category\/formaciones\/"},"img":{"alt_text":"","src":"https:\/\/i0.wp.com\/cepronda.com\/blog\/wp-content\/uploads\/2020\/03\/S%C2%B0mbolo-gen%C3%87rico-RRSS-redondo-negativo.png?fit=1200%2C1200&ssl=1&resize=350%2C200","width":350,"height":200,"srcset":"https:\/\/i0.wp.com\/cepronda.com\/blog\/wp-content\/uploads\/2020\/03\/S%C2%B0mbolo-gen%C3%87rico-RRSS-redondo-negativo.png?fit=1200%2C1200&ssl=1&resize=350%2C200 1x, https:\/\/i0.wp.com\/cepronda.com\/blog\/wp-content\/uploads\/2020\/03\/S%C2%B0mbolo-gen%C3%87rico-RRSS-redondo-negativo.png?fit=1200%2C1200&ssl=1&resize=525%2C300 1.5x, https:\/\/i0.wp.com\/cepronda.com\/blog\/wp-content\/uploads\/2020\/03\/S%C2%B0mbolo-gen%C3%87rico-RRSS-redondo-negativo.png?fit=1200%2C1200&ssl=1&resize=700%2C400 2x, https:\/\/i0.wp.com\/cepronda.com\/blog\/wp-content\/uploads\/2020\/03\/S%C2%B0mbolo-gen%C3%87rico-RRSS-redondo-negativo.png?fit=1200%2C1200&ssl=1&resize=1050%2C600 3x"},"classes":[]},{"id":1793,"url":"https:\/\/cepronda.com\/blog\/convocatoria-de-puestos-especificos\/","url_meta":{"origin":4355,"position":2},"title":"Convocatoria de puestos espec\u00edficos","author":"V\u00edctor Caballero","date":"14 mayo, 2018","format":false,"excerpt":"Muy buenas a todo el mundo,\u00a0 Comenzamos la semana compartiendo la\u00a0Resoluci\u00f3n de 8 de mayo de 2018 de la Delegaci\u00f3n Territorial de la Consejer\u00eda de Educaci\u00f3n de la Junta de Andaluc\u00eda en Sevilla, por la que se realiza convocatoria para la cobertura, con ocasi\u00f3n de vacante y, en su caso\u2026","rel":"","context":"En \u00abFormaciones\u00bb","block_context":{"text":"Formaciones","link":"https:\/\/cepronda.com\/blog\/category\/formaciones\/"},"img":{"alt_text":"","src":"https:\/\/i0.wp.com\/cepronda.com\/blog\/wp-content\/uploads\/2017\/05\/logo_ja_ce_mejor.jpg?fit=732%2C600&ssl=1&resize=350%2C200","width":350,"height":200,"srcset":"https:\/\/i0.wp.com\/cepronda.com\/blog\/wp-content\/uploads\/2017\/05\/logo_ja_ce_mejor.jpg?fit=732%2C600&ssl=1&resize=350%2C200 1x, https:\/\/i0.wp.com\/cepronda.com\/blog\/wp-content\/uploads\/2017\/05\/logo_ja_ce_mejor.jpg?fit=732%2C600&ssl=1&resize=525%2C300 1.5x, https:\/\/i0.wp.com\/cepronda.com\/blog\/wp-content\/uploads\/2017\/05\/logo_ja_ce_mejor.jpg?fit=732%2C600&ssl=1&resize=700%2C400 2x"},"classes":[]},{"id":5179,"url":"https:\/\/cepronda.com\/blog\/provision-de-puestos-docentes-para-el-desarrollo-de-funciones-de-impulso-de-la-formacion-profesional-dual\/","url_meta":{"origin":4355,"position":3},"title":"Provisi\u00f3n de puestos docentes para el desarrollo de funciones de impulso de la Formaci\u00f3n Profesional Dual","author":"Inmaculada Garc\u00eda","date":"17 marzo, 2022","format":false,"excerpt":"Buenos d\u00edas, compa\u00f1eros y compa\u00f1eras. Ha salido publicada la convocatoria p\u00fablica para la provisi\u00f3n de puestos docentes para el desarrollo de funciones de impulso de la Formaci\u00f3n Profesional Dual mediante el trabajo en red. Convocatoria, mediante concurso de m\u00e9ritos, para la selecci\u00f3n y nombramiento de cincuenta docentes con funciones de\u2026","rel":"","context":"En \u00abNoticias\u00bb","block_context":{"text":"Noticias","link":"https:\/\/cepronda.com\/blog\/category\/noticias\/"},"img":{"alt_text":"","src":"https:\/\/i0.wp.com\/cepronda.com\/blog\/wp-content\/uploads\/2022\/03\/Copia-de-ESTANCIAS-FORMATIVAS-EN-EMPRESAS-PARA-EL-PROFESORADO-DE-FORMACION-PROFESIONAL-1.png?fit=1080%2C1080&ssl=1&resize=350%2C200","width":350,"height":200,"srcset":"https:\/\/i0.wp.com\/cepronda.com\/blog\/wp-content\/uploads\/2022\/03\/Copia-de-ESTANCIAS-FORMATIVAS-EN-EMPRESAS-PARA-EL-PROFESORADO-DE-FORMACION-PROFESIONAL-1.png?fit=1080%2C1080&ssl=1&resize=350%2C200 1x, https:\/\/i0.wp.com\/cepronda.com\/blog\/wp-content\/uploads\/2022\/03\/Copia-de-ESTANCIAS-FORMATIVAS-EN-EMPRESAS-PARA-EL-PROFESORADO-DE-FORMACION-PROFESIONAL-1.png?fit=1080%2C1080&ssl=1&resize=525%2C300 1.5x, https:\/\/i0.wp.com\/cepronda.com\/blog\/wp-content\/uploads\/2022\/03\/Copia-de-ESTANCIAS-FORMATIVAS-EN-EMPRESAS-PARA-EL-PROFESORADO-DE-FORMACION-PROFESIONAL-1.png?fit=1080%2C1080&ssl=1&resize=700%2C400 2x, https:\/\/i0.wp.com\/cepronda.com\/blog\/wp-content\/uploads\/2022\/03\/Copia-de-ESTANCIAS-FORMATIVAS-EN-EMPRESAS-PARA-EL-PROFESORADO-DE-FORMACION-PROFESIONAL-1.png?fit=1080%2C1080&ssl=1&resize=1050%2C600 3x"},"classes":[]},{"id":5421,"url":"https:\/\/cepronda.com\/blog\/convocatoria-provincial-para-el-desarrollo-de-la-competencia-digital-docente\/","url_meta":{"origin":4355,"position":4},"title":"CONVOCATORIA PROVINCIAL PARA EL DESARROLLO DE LA COMPETENCIA DIGITAL DOCENTE.","author":"Inmaculada Garc\u00eda","date":"20 septiembre, 2022","format":false,"excerpt":"Os informamos de que el pr\u00f3ximo viernes \u00a023 de septiembre se abrir\u00e1 el plazo para solicitar la inscripci\u00f3n en las formaciones ofertadas en la Convocatoria Provincial para el desarrollo de la Competencia Digital Docente, dentro del plan de formaci\u00f3n del profesorado de la Consejer\u00eda de Desarrollo Educativo y Formaci\u00f3n Profesional.\u2026","rel":"","context":"En \u00abFormaciones\u00bb","block_context":{"text":"Formaciones","link":"https:\/\/cepronda.com\/blog\/category\/formaciones\/"},"img":{"alt_text":"","src":"https:\/\/i0.wp.com\/cepronda.com\/blog\/wp-content\/uploads\/2022\/09\/convocatoria-provincial-para-el-desarrollo-de-la-competencia-digital.png?fit=1200%2C705&ssl=1&resize=350%2C200","width":350,"height":200,"srcset":"https:\/\/i0.wp.com\/cepronda.com\/blog\/wp-content\/uploads\/2022\/09\/convocatoria-provincial-para-el-desarrollo-de-la-competencia-digital.png?fit=1200%2C705&ssl=1&resize=350%2C200 1x, https:\/\/i0.wp.com\/cepronda.com\/blog\/wp-content\/uploads\/2022\/09\/convocatoria-provincial-para-el-desarrollo-de-la-competencia-digital.png?fit=1200%2C705&ssl=1&resize=525%2C300 1.5x, https:\/\/i0.wp.com\/cepronda.com\/blog\/wp-content\/uploads\/2022\/09\/convocatoria-provincial-para-el-desarrollo-de-la-competencia-digital.png?fit=1200%2C705&ssl=1&resize=700%2C400 2x, https:\/\/i0.wp.com\/cepronda.com\/blog\/wp-content\/uploads\/2022\/09\/convocatoria-provincial-para-el-desarrollo-de-la-competencia-digital.png?fit=1200%2C705&ssl=1&resize=1050%2C600 3x"},"classes":[]},{"id":2066,"url":"https:\/\/cepronda.com\/blog\/convocatoria-del-curso-de-formacion-en-red-proyecta-etwinning\/","url_meta":{"origin":4355,"position":5},"title":"Convocatoria del Curso de formaci\u00f3n en red Proyecta eTwinning","author":"V\u00edctor Caballero","date":"4 junio, 2018","format":false,"excerpt":"Muy buenas,\u00a0 Os informamos de la convocatoria de este curso en l\u00ednea, cuyo plazo termina el pr\u00f3ximo 7 de junio. Se trata de un curso en l\u00ednea para docentes, con materiales y metodolog\u00edas totalmente renovadas y adaptadas a los \u00faltimos desarrollos de la plataforma, orientado a conocer mejor eTwinning y\u2026","rel":"","context":"En \u00abFormaciones\u00bb","block_context":{"text":"Formaciones","link":"https:\/\/cepronda.com\/blog\/category\/formaciones\/"},"img":{"alt_text":"","src":"https:\/\/i0.wp.com\/cepronda.com\/blog\/wp-content\/uploads\/2017\/11\/logo_1269x942.png?fit=1200%2C891&ssl=1&resize=350%2C200","width":350,"height":200,"srcset":"https:\/\/i0.wp.com\/cepronda.com\/blog\/wp-content\/uploads\/2017\/11\/logo_1269x942.png?fit=1200%2C891&ssl=1&resize=350%2C200 1x, https:\/\/i0.wp.com\/cepronda.com\/blog\/wp-content\/uploads\/2017\/11\/logo_1269x942.png?fit=1200%2C891&ssl=1&resize=525%2C300 1.5x, https:\/\/i0.wp.com\/cepronda.com\/blog\/wp-content\/uploads\/2017\/11\/logo_1269x942.png?fit=1200%2C891&ssl=1&resize=700%2C400 2x, https:\/\/i0.wp.com\/cepronda.com\/blog\/wp-content\/uploads\/2017\/11\/logo_1269x942.png?fit=1200%2C891&ssl=1&resize=1050%2C600 3x"},"classes":[]}],"jetpack_sharing_enabled":true,"_links":{"self":[{"href":"https:\/\/cepronda.com\/blog\/wp-json\/wp\/v2\/posts\/4355","targetHints":{"allow":["GET"]}}],"collection":[{"href":"https:\/\/cepronda.com\/blog\/wp-json\/wp\/v2\/posts"}],"about":[{"href":"https:\/\/cepronda.com\/blog\/wp-json\/wp\/v2\/types\/post"}],"author":[{"embeddable":true,"href":"https:\/\/cepronda.com\/blog\/wp-json\/wp\/v2\/users\/10"}],"replies":[{"embeddable":true,"href":"https:\/\/cepronda.com\/blog\/wp-json\/wp\/v2\/comments?post=4355"}],"version-history":[{"count":1,"href":"https:\/\/cepronda.com\/blog\/wp-json\/wp\/v2\/posts\/4355\/revisions"}],"predecessor-version":[{"id":4357,"href":"https:\/\/cepronda.com\/blog\/wp-json\/wp\/v2\/posts\/4355\/revisions\/4357"}],"wp:featuredmedia":[{"embeddable":true,"href":"https:\/\/cepronda.com\/blog\/wp-json\/wp\/v2\/media\/4356"}],"wp:attachment":[{"href":"https:\/\/cepronda.com\/blog\/wp-json\/wp\/v2\/media?parent=4355"}],"wp:term":[{"taxonomy":"category","embeddable":true,"href":"https:\/\/cepronda.com\/blog\/wp-json\/wp\/v2\/categories?post=4355"},{"taxonomy":"post_tag","embeddable":true,"href":"https:\/\/cepronda.com\/blog\/wp-json\/wp\/v2\/tags?post=4355"}],"curies":[{"name":"wp","href":"https:\/\/api.w.org\/{rel}","templated":true}]}}