{"id":4346,"date":"2021-03-22T10:30:47","date_gmt":"2021-03-22T09:30:47","guid":{"rendered":"http:\/\/cepronda.com\/blog\/?p=4346"},"modified":"2021-03-22T10:30:47","modified_gmt":"2021-03-22T09:30:47","slug":"recursos-y-estrategias-para-la-mejora-de-la-convivencia-en-el-aula","status":"publish","type":"post","link":"https:\/\/cepronda.com\/blog\/recursos-y-estrategias-para-la-mejora-de-la-convivencia-en-el-aula\/","title":{"rendered":"RECURSOS Y ESTRATEGIAS PARA LA MEJORA DE LA CONVIVENCIA EN EL AULA."},"content":{"rendered":"<p>Buenos d\u00edas compa\u00f1eros y compa\u00f1eras. Os informamos de que hoy se abre el plazo de solicitud para la actividad formativa \u00abRECURSOS Y ESTRATEGIAS PARA LA MEJORA DE LA CONVIVENCIA EN EL AULA\u00bb, que tendr\u00e1 una duraci\u00f3n de 4 sesiones presenciales a trav\u00e9s de videoconferencia con Rosa Torres. Esperamos que sea de vuestro inter\u00e9s. Un saludo.<\/p>\n<p>&nbsp;<\/p>\n<p style=\"text-align: center;\"><img data-recalc-dims=\"1\" loading=\"lazy\" decoding=\"async\" class=\"size-medium wp-image-4347 aligncenter\" src=\"https:\/\/i0.wp.com\/cepronda.com\/blog\/wp-content\/uploads\/2021\/03\/recursos-y-estrategias-para-la-mejora-de-la-convivencia-en-el-aula-212x300.jpg?resize=212%2C300\" alt=\"\" width=\"212\" height=\"300\" srcset=\"https:\/\/i0.wp.com\/cepronda.com\/blog\/wp-content\/uploads\/2021\/03\/recursos-y-estrategias-para-la-mejora-de-la-convivencia-en-el-aula.jpg?resize=212%2C300&amp;ssl=1 212w, https:\/\/i0.wp.com\/cepronda.com\/blog\/wp-content\/uploads\/2021\/03\/recursos-y-estrategias-para-la-mejora-de-la-convivencia-en-el-aula.jpg?resize=724%2C1024&amp;ssl=1 724w, https:\/\/i0.wp.com\/cepronda.com\/blog\/wp-content\/uploads\/2021\/03\/recursos-y-estrategias-para-la-mejora-de-la-convivencia-en-el-aula.jpg?resize=768%2C1086&amp;ssl=1 768w, https:\/\/i0.wp.com\/cepronda.com\/blog\/wp-content\/uploads\/2021\/03\/recursos-y-estrategias-para-la-mejora-de-la-convivencia-en-el-aula.jpg?resize=1086%2C1536&amp;ssl=1 1086w, https:\/\/i0.wp.com\/cepronda.com\/blog\/wp-content\/uploads\/2021\/03\/recursos-y-estrategias-para-la-mejora-de-la-convivencia-en-el-aula.jpg?resize=1448%2C2048&amp;ssl=1 1448w, https:\/\/i0.wp.com\/cepronda.com\/blog\/wp-content\/uploads\/2021\/03\/recursos-y-estrategias-para-la-mejora-de-la-convivencia-en-el-aula.jpg?w=1587&amp;ssl=1 1587w\" sizes=\"auto, (max-width: 212px) 100vw, 212px\" \/><a href=\"https:\/\/www.juntadeandalucia.es\/educacion\/secretariavirtual\/consultaCEP\/actividad\/212924GE021\/\">PINCHA AQU\u00cd PARA REALIZAR TU INSCRIPCI\u00d3N.<\/a><\/p>\n<p>&nbsp;<\/p>\n","protected":false},"excerpt":{"rendered":"<p>Buenos d\u00edas compa\u00f1eros y compa\u00f1eras. Os informamos de que hoy se abre el plazo de solicitud para la actividad formativa \u00abRECURSOS Y ESTRATEGIAS PARA LA MEJORA DE LA CONVIVENCIA EN EL AULA\u00bb, que tendr\u00e1 una duraci\u00f3n de 4 sesiones presenciales a trav\u00e9s de videoconferencia con Rosa Torres. Esperamos que sea de vuestro inter\u00e9s. Un saludo. [&hellip;]<\/p>\n","protected":false},"author":9,"featured_media":4347,"comment_status":"closed","ping_status":"open","sticky":false,"template":"","format":"standard","meta":{"_crdt_document":"","advanced_seo_description":"","jetpack_seo_html_title":"","jetpack_seo_noindex":false,"jetpack_post_was_ever_published":false,"_jetpack_newsletter_access":"","_jetpack_dont_email_post_to_subs":false,"_jetpack_newsletter_tier_id":0,"_jetpack_memberships_contains_paywalled_content":false,"_jetpack_memberships_contains_paid_content":false,"footnotes":"","jetpack_publicize_message":"","jetpack_publicize_feature_enabled":true,"jetpack_social_post_already_shared":true,"jetpack_social_options":{"image_generator_settings":{"template":"highway","default_image_id":0,"font":"","enabled":false},"version":2}},"categories":[5],"tags":[],"class_list":{"0":"post-4346","1":"post","2":"type-post","3":"status-publish","4":"format-standard","5":"has-post-thumbnail","7":"category-noticias","8":"czr-hentry"},"jetpack_publicize_connections":[],"jetpack_featured_media_url":"https:\/\/i0.wp.com\/cepronda.com\/blog\/wp-content\/uploads\/2021\/03\/recursos-y-estrategias-para-la-mejora-de-la-convivencia-en-el-aula.jpg?fit=1587%2C2245&ssl=1","jetpack_shortlink":"https:\/\/wp.me\/p8M4X7-186","jetpack-related-posts":[{"id":5529,"url":"https:\/\/cepronda.com\/blog\/oralidad-en-el-aula-recursos-y-estrategias\/","url_meta":{"origin":4346,"position":0},"title":"ORALIDAD EN EL AULA. RECURSOS Y ESTRATEGIAS","author":"Maribel Mu\u00f1oz","date":"13 octubre, 2022","format":false,"excerpt":"Buenos d\u00edas compa\u00f1eras y compa\u00f1eros, Os\u00a0 informamos que est\u00e1 abierto el plazo de inscripci\u00f3n en el curso ORALIDAD EN EL AULA. RECURSOS Y ESTRATEGIAS con c\u00f3digo 232924GE15. Fechas de inscripci\u00f3n : del 11\/10\/2022 al 27\/10\/2022 Fecha de inicio: 02\/11\/2022 Fecha finalizaci\u00f3n: 30\/11\/2022 Horas: 12\u00a0 ( 10h de videoconferencias y 2\u2026","rel":"","context":"En \u00abFormaciones\u00bb","block_context":{"text":"Formaciones","link":"https:\/\/cepronda.com\/blog\/category\/formaciones\/"},"img":{"alt_text":"","src":"https:\/\/i0.wp.com\/cepronda.com\/blog\/wp-content\/uploads\/2022\/10\/WhatsApp-Image-2022-10-13-at-09.57.49.jpeg?fit=848%2C1200&ssl=1&resize=350%2C200","width":350,"height":200,"srcset":"https:\/\/i0.wp.com\/cepronda.com\/blog\/wp-content\/uploads\/2022\/10\/WhatsApp-Image-2022-10-13-at-09.57.49.jpeg?fit=848%2C1200&ssl=1&resize=350%2C200 1x, https:\/\/i0.wp.com\/cepronda.com\/blog\/wp-content\/uploads\/2022\/10\/WhatsApp-Image-2022-10-13-at-09.57.49.jpeg?fit=848%2C1200&ssl=1&resize=525%2C300 1.5x, https:\/\/i0.wp.com\/cepronda.com\/blog\/wp-content\/uploads\/2022\/10\/WhatsApp-Image-2022-10-13-at-09.57.49.jpeg?fit=848%2C1200&ssl=1&resize=700%2C400 2x"},"classes":[]},{"id":9368,"url":"https:\/\/cepronda.com\/blog\/9368-2\/","url_meta":{"origin":4346,"position":1},"title":"PROGRAMA COMUNICA. RECURSOS Y ESTRATEGIAS DID\u00c1CTICAS","author":"Encarni Jim\u00e9nez Rosado","date":"12 febrero, 2026","format":false,"excerpt":"Abierto el plazo de inscripci\u00f3n en el curso Regional, \"PROGRAMA COMUNICA. RECURSOS Y ESTRATEGIAS DID\u00c1CTICAS\", con C\u00f3digo:\u00a0269930KLIN608 Inscripciones:\u00a0 09\/02\/2026 hasta 16\/02\/2026 Fecha actividad:\u00a023\/02\/2026 hasta 10\/04\/2026 Horas totales:\u00a040 Modalidad:\u00a0Curso a Distancia N\u00ba de plazas:\u00a0240 Aula Virtual de Formaci\u00f3n del Profesorado M\u00e1s informaci\u00f3n e inscripci\u00f3n: https:\/\/secretariavirtual.juntadeandalucia.es\/secretariavirtual\/consultaCEP\/actividad\/269930KLIN608\/","rel":"","context":"En \u00abFormaciones\u00bb","block_context":{"text":"Formaciones","link":"https:\/\/cepronda.com\/blog\/category\/formaciones\/"},"img":{"alt_text":"","src":"https:\/\/i0.wp.com\/cepronda.com\/blog\/wp-content\/uploads\/2026\/02\/Copia-de-Copia-de-Copia-de-CEP-MOTOR-INTERNACIONALIZACION-PRIMEROS-PASOS.pptx.jpg?fit=960%2C1200&ssl=1&resize=350%2C200","width":350,"height":200,"srcset":"https:\/\/i0.wp.com\/cepronda.com\/blog\/wp-content\/uploads\/2026\/02\/Copia-de-Copia-de-Copia-de-CEP-MOTOR-INTERNACIONALIZACION-PRIMEROS-PASOS.pptx.jpg?fit=960%2C1200&ssl=1&resize=350%2C200 1x, https:\/\/i0.wp.com\/cepronda.com\/blog\/wp-content\/uploads\/2026\/02\/Copia-de-Copia-de-Copia-de-CEP-MOTOR-INTERNACIONALIZACION-PRIMEROS-PASOS.pptx.jpg?fit=960%2C1200&ssl=1&resize=525%2C300 1.5x, https:\/\/i0.wp.com\/cepronda.com\/blog\/wp-content\/uploads\/2026\/02\/Copia-de-Copia-de-Copia-de-CEP-MOTOR-INTERNACIONALIZACION-PRIMEROS-PASOS.pptx.jpg?fit=960%2C1200&ssl=1&resize=700%2C400 2x"},"classes":[]},{"id":5063,"url":"https:\/\/cepronda.com\/blog\/estrategias-de-intervencion-en-igualdad-acoso-y-ciberacoso\/","url_meta":{"origin":4346,"position":2},"title":"ESTRATEGIAS DE INTERVENCI\u00d3N EN IGUALDAD, ACOSO Y CIBERACOSO","author":"Inmaculada Garc\u00eda","date":"2 febrero, 2022","format":false,"excerpt":"Estimados compa\u00f1eros y compa\u00f1eras. Os informamos de que hasta el d\u00eda 18 de febrero pod\u00e9is realizar vuestra inscripci\u00f3n en la actividad formativa \"ESTRATEGIAS DE INTERVENCI\u00d3N EN IGUALDAD, ACOSO Y CIBERACOSO\", con c\u00f3digo 222924GE033. Actividad en la que analizaremos situaciones que encontramos en nuestros centros y entre nuestro alumnado buscando estrategias\u2026","rel":"","context":"En \u00abNoticias\u00bb","block_context":{"text":"Noticias","link":"https:\/\/cepronda.com\/blog\/category\/noticias\/"},"img":{"alt_text":"","src":"https:\/\/i0.wp.com\/cepronda.com\/blog\/wp-content\/uploads\/2022\/02\/love-igualdad.jpeg?fit=848%2C1200&ssl=1&resize=350%2C200","width":350,"height":200,"srcset":"https:\/\/i0.wp.com\/cepronda.com\/blog\/wp-content\/uploads\/2022\/02\/love-igualdad.jpeg?fit=848%2C1200&ssl=1&resize=350%2C200 1x, https:\/\/i0.wp.com\/cepronda.com\/blog\/wp-content\/uploads\/2022\/02\/love-igualdad.jpeg?fit=848%2C1200&ssl=1&resize=525%2C300 1.5x, https:\/\/i0.wp.com\/cepronda.com\/blog\/wp-content\/uploads\/2022\/02\/love-igualdad.jpeg?fit=848%2C1200&ssl=1&resize=700%2C400 2x"},"classes":[]},{"id":4771,"url":"https:\/\/cepronda.com\/blog\/herramientas-y-estrategias-para-trabajar-la-oralidad-en-el-aula\/","url_meta":{"origin":4346,"position":3},"title":"HERRAMIENTAS Y ESTRATEGIAS PARA TRABAJAR LA ORALIDAD EN EL AULA.","author":"Maribel Mu\u00f1oz","date":"15 octubre, 2021","format":false,"excerpt":"Buenas tardes compa\u00f1eras y compa\u00f1eros, Os informamos que est\u00e1 abierto el plazo de inscripci\u00f3n en la actividad HERRAMIENTAS Y ESTRATEGIAS PARA TRABAJAR LA ORALIDAD EN EL AULA con c\u00f3digo 222924GE020. La formaci\u00f3n es presencial, con un total de 10 horas. Es de \u00e1mbito CEP y de car\u00e1cter internivelar.\u00a0 La fechas\u2026","rel":"","context":"En \u00abFormaciones\u00bb","block_context":{"text":"Formaciones","link":"https:\/\/cepronda.com\/blog\/category\/formaciones\/"},"img":{"alt_text":"","src":"https:\/\/i0.wp.com\/cepronda.com\/blog\/wp-content\/uploads\/2021\/10\/222924GE020-HERRAMIENTAS-Y-ESTRATEGIAS.-ORALIDAD-212x300.png?resize=350%2C200","width":350,"height":200},"classes":[]},{"id":9023,"url":"https:\/\/cepronda.com\/blog\/574-mejora-de-la-competencia-lectora-en-el-aula-de-infantil-y-primaria-nivel-i-2\/","url_meta":{"origin":4346,"position":4},"title":"576. MEJORA DE LA COMPETENCIA LECTORA EN EL AULA DE ESO Y CFGB &#8211; NIVEL I.","author":"Inmaculada Garc\u00eda","date":"13 noviembre, 2025","format":false,"excerpt":"Se encuentra abierto el plazo de inscripci\u00f3n para la formaci\u00f3n regional a distancia: 576. MEJORA DE LA COMPETENCIA LECTORA EN EL AULA DE ESO Y CFGB - NIVEL I. C\u00f3digo: 269915KPF576. Con una dedicaci\u00f3n de 30 HORAS NO PRESENCIALES (AVFP). Plazo de solicitudes: 11 noviembre al 18 de noviembre. Listado\u2026","rel":"","context":"En \u00abFormaciones\u00bb","block_context":{"text":"Formaciones","link":"https:\/\/cepronda.com\/blog\/category\/formaciones\/"},"img":{"alt_text":"","src":"https:\/\/i0.wp.com\/cepronda.com\/blog\/wp-content\/uploads\/2025\/11\/Copia-de-CEP-MOTOR-INTERNACIONALIZACION-PRIMEROS-PASOS.pptx.jpg?fit=960%2C1200&ssl=1&resize=350%2C200","width":350,"height":200,"srcset":"https:\/\/i0.wp.com\/cepronda.com\/blog\/wp-content\/uploads\/2025\/11\/Copia-de-CEP-MOTOR-INTERNACIONALIZACION-PRIMEROS-PASOS.pptx.jpg?fit=960%2C1200&ssl=1&resize=350%2C200 1x, https:\/\/i0.wp.com\/cepronda.com\/blog\/wp-content\/uploads\/2025\/11\/Copia-de-CEP-MOTOR-INTERNACIONALIZACION-PRIMEROS-PASOS.pptx.jpg?fit=960%2C1200&ssl=1&resize=525%2C300 1.5x, https:\/\/i0.wp.com\/cepronda.com\/blog\/wp-content\/uploads\/2025\/11\/Copia-de-CEP-MOTOR-INTERNACIONALIZACION-PRIMEROS-PASOS.pptx.jpg?fit=960%2C1200&ssl=1&resize=700%2C400 2x"},"classes":[]},{"id":9019,"url":"https:\/\/cepronda.com\/blog\/574-mejora-de-la-competencia-lectora-en-el-aula-de-infantil-y-primaria-nivel-i\/","url_meta":{"origin":4346,"position":5},"title":"574. MEJORA DE LA COMPETENCIA LECTORA EN EL AULA DE INFANTIL Y PRIMARIA &#8211; NIVEL I.","author":"Inmaculada Garc\u00eda","date":"13 noviembre, 2025","format":false,"excerpt":"Se encuentra abierto el plazo de inscripci\u00f3n para la formaci\u00f3n regional a distancia: 574. MEJORA DE LA COMPETENCIA LECTORA EN EL AULA DE INFANTIL Y PRIMARIA - NIVEL I. C\u00f3digo: 269915KPF574. Con una dedicaci\u00f3n de 30 HORAS NO PRESENCIALES (AVFP). Plazo de solicitudes: 11 noviembre al 18 de noviembre. Listado\u2026","rel":"","context":"En \u00abFormaciones\u00bb","block_context":{"text":"Formaciones","link":"https:\/\/cepronda.com\/blog\/category\/formaciones\/"},"img":{"alt_text":"","src":"https:\/\/i0.wp.com\/cepronda.com\/blog\/wp-content\/uploads\/2025\/11\/Copia-de-CEP-MOTOR-INTERNACIONALIZACION-PRIMEROS-PASOS.pptx-2.jpg?fit=960%2C1200&ssl=1&resize=350%2C200","width":350,"height":200,"srcset":"https:\/\/i0.wp.com\/cepronda.com\/blog\/wp-content\/uploads\/2025\/11\/Copia-de-CEP-MOTOR-INTERNACIONALIZACION-PRIMEROS-PASOS.pptx-2.jpg?fit=960%2C1200&ssl=1&resize=350%2C200 1x, https:\/\/i0.wp.com\/cepronda.com\/blog\/wp-content\/uploads\/2025\/11\/Copia-de-CEP-MOTOR-INTERNACIONALIZACION-PRIMEROS-PASOS.pptx-2.jpg?fit=960%2C1200&ssl=1&resize=525%2C300 1.5x, https:\/\/i0.wp.com\/cepronda.com\/blog\/wp-content\/uploads\/2025\/11\/Copia-de-CEP-MOTOR-INTERNACIONALIZACION-PRIMEROS-PASOS.pptx-2.jpg?fit=960%2C1200&ssl=1&resize=700%2C400 2x"},"classes":[]}],"jetpack_sharing_enabled":true,"_links":{"self":[{"href":"https:\/\/cepronda.com\/blog\/wp-json\/wp\/v2\/posts\/4346","targetHints":{"allow":["GET"]}}],"collection":[{"href":"https:\/\/cepronda.com\/blog\/wp-json\/wp\/v2\/posts"}],"about":[{"href":"https:\/\/cepronda.com\/blog\/wp-json\/wp\/v2\/types\/post"}],"author":[{"embeddable":true,"href":"https:\/\/cepronda.com\/blog\/wp-json\/wp\/v2\/users\/9"}],"replies":[{"embeddable":true,"href":"https:\/\/cepronda.com\/blog\/wp-json\/wp\/v2\/comments?post=4346"}],"version-history":[{"count":1,"href":"https:\/\/cepronda.com\/blog\/wp-json\/wp\/v2\/posts\/4346\/revisions"}],"predecessor-version":[{"id":4348,"href":"https:\/\/cepronda.com\/blog\/wp-json\/wp\/v2\/posts\/4346\/revisions\/4348"}],"wp:featuredmedia":[{"embeddable":true,"href":"https:\/\/cepronda.com\/blog\/wp-json\/wp\/v2\/media\/4347"}],"wp:attachment":[{"href":"https:\/\/cepronda.com\/blog\/wp-json\/wp\/v2\/media?parent=4346"}],"wp:term":[{"taxonomy":"category","embeddable":true,"href":"https:\/\/cepronda.com\/blog\/wp-json\/wp\/v2\/categories?post=4346"},{"taxonomy":"post_tag","embeddable":true,"href":"https:\/\/cepronda.com\/blog\/wp-json\/wp\/v2\/tags?post=4346"}],"curies":[{"name":"wp","href":"https:\/\/api.w.org\/{rel}","templated":true}]}}