{"id":4320,"date":"2021-03-16T14:02:38","date_gmt":"2021-03-16T13:02:38","guid":{"rendered":"http:\/\/cepronda.com\/blog\/?p=4320"},"modified":"2025-04-28T12:11:54","modified_gmt":"2025-04-28T10:11:54","slug":"fomentamos-la-lectura-con-inteligencia-emocional-poecuentoterapia","status":"publish","type":"post","link":"https:\/\/cepronda.com\/blog\/fomentamos-la-lectura-con-inteligencia-emocional-poecuentoterapia\/","title":{"rendered":"FOMENTAMOS LA LECTURA CON INTELIGENCIA EMOCIONAL.POECUENTOTERAPIA."},"content":{"rendered":"<section class=\"entry-content \">Buenas tardes&nbsp; compa\u00f1eras y compa\u00f1eros,<\/section>\n<section><\/section>\n<section><\/section>\n<section class=\"entry-content \">Os informamos que est\u00e1 abierto el plazo de inscripci\u00f3n de la formaci\u00f3n&nbsp; FOMENTAMOS LA LECTURA CON INTELIGENCIA EMOCIONAL.POECUENTOTERAPIA.&nbsp; 212924GE006,&nbsp;&nbsp; que comenzar\u00e1 a desarrollarse el pr\u00f3ximo&nbsp; 08\/04\/2021.&nbsp;<\/section>\n<section class=\"entry-content \">Adjuntamos&nbsp;<a href=\"https:\/\/www.juntadeandalucia.es\/educacion\/secretariavirtual\/consultaCEP\/actividad\/212924GE006\/\">enlace<\/a> : https:\/\/www.juntadeandalucia.es\/educacion\/secretariavirtual\/consultaCEP\/actividad\/212924GE006\/<\/section>\n<section><\/section>\n<section>El plazo de inscripci\u00f3n finaliza el pr\u00f3ximo 05\/04\/2021 a las 23:59.<\/section>\n<section class=\"entry-content \">Te rogamos que en el caso de renunciar o no poder asistir a esta formaci\u00f3n, lo comuniques a la mayor brevedad posible para no provocar perjuicio al resto de participantes ni al buen funcionamiento de la actividad.&nbsp;<\/section>\n<section><\/section>\n<section class=\"entry-content \">Deseamos que sea de vuestro inter\u00e9s.&nbsp;<\/section>\n<section class=\"entry-content \">Saludos.<\/section>\n<section><\/section>\n<section><img data-recalc-dims=\"1\" loading=\"lazy\" decoding=\"async\" class=\"size-medium wp-image-4321 aligncenter\" src=\"https:\/\/i0.wp.com\/cepronda.com\/blog\/wp-content\/uploads\/2021\/03\/20210408Fomentando-la-lectura-con-inteligencia-emocional-212x300.jpg?resize=212%2C300\" alt=\"\" width=\"212\" height=\"300\" srcset=\"https:\/\/i0.wp.com\/cepronda.com\/blog\/wp-content\/uploads\/2021\/03\/20210408Fomentando-la-lectura-con-inteligencia-emocional.jpg?resize=212%2C300&amp;ssl=1 212w, https:\/\/i0.wp.com\/cepronda.com\/blog\/wp-content\/uploads\/2021\/03\/20210408Fomentando-la-lectura-con-inteligencia-emocional.jpg?resize=724%2C1024&amp;ssl=1 724w, https:\/\/i0.wp.com\/cepronda.com\/blog\/wp-content\/uploads\/2021\/03\/20210408Fomentando-la-lectura-con-inteligencia-emocional.jpg?resize=768%2C1086&amp;ssl=1 768w, https:\/\/i0.wp.com\/cepronda.com\/blog\/wp-content\/uploads\/2021\/03\/20210408Fomentando-la-lectura-con-inteligencia-emocional.jpg?resize=1086%2C1536&amp;ssl=1 1086w, https:\/\/i0.wp.com\/cepronda.com\/blog\/wp-content\/uploads\/2021\/03\/20210408Fomentando-la-lectura-con-inteligencia-emocional.jpg?resize=1448%2C2048&amp;ssl=1 1448w, https:\/\/i0.wp.com\/cepronda.com\/blog\/wp-content\/uploads\/2021\/03\/20210408Fomentando-la-lectura-con-inteligencia-emocional.jpg?w=1587&amp;ssl=1 1587w\" sizes=\"auto, (max-width: 212px) 100vw, 212px\" \/><\/section>\n<section><\/section>\n","protected":false},"excerpt":{"rendered":"<p>Buenas tardes&nbsp; compa\u00f1eras y compa\u00f1eros, Os informamos que est\u00e1 abierto el plazo de inscripci\u00f3n de la formaci\u00f3n&nbsp; FOMENTAMOS LA LECTURA CON INTELIGENCIA EMOCIONAL.POECUENTOTERAPIA.&nbsp; 212924GE006,&nbsp;&nbsp; que comenzar\u00e1 a desarrollarse el pr\u00f3ximo&nbsp; 08\/04\/2021.&nbsp; Adjuntamos&nbsp;enlace : https:\/\/www.juntadeandalucia.es\/educacion\/secretariavirtual\/consultaCEP\/actividad\/212924GE006\/ El plazo de inscripci\u00f3n finaliza el pr\u00f3ximo 05\/04\/2021 a las 23:59. Te rogamos que en el caso de renunciar o no [&hellip;]<\/p>\n","protected":false},"author":10,"featured_media":4321,"comment_status":"closed","ping_status":"open","sticky":false,"template":"","format":"standard","meta":{"_crdt_document":"","advanced_seo_description":"","jetpack_seo_html_title":"","jetpack_seo_noindex":false,"jetpack_post_was_ever_published":false,"_jetpack_newsletter_access":"","_jetpack_dont_email_post_to_subs":false,"_jetpack_newsletter_tier_id":0,"_jetpack_memberships_contains_paywalled_content":false,"_jetpack_memberships_contains_paid_content":false,"footnotes":"","jetpack_publicize_message":"","jetpack_publicize_feature_enabled":true,"jetpack_social_post_already_shared":true,"jetpack_social_options":{"image_generator_settings":{"template":"highway","default_image_id":0,"font":"","enabled":false},"version":2}},"categories":[3],"tags":[184,90,97],"class_list":{"0":"post-4320","1":"post","2":"type-post","3":"status-publish","4":"format-standard","5":"has-post-thumbnail","7":"category-formaciones","8":"tag-competencia-linguistica","9":"tag-cursos","10":"tag-inteligencia-emocional","11":"czr-hentry"},"jetpack_publicize_connections":[],"jetpack_featured_media_url":"https:\/\/i0.wp.com\/cepronda.com\/blog\/wp-content\/uploads\/2021\/03\/20210408Fomentando-la-lectura-con-inteligencia-emocional.jpg?fit=1587%2C2245&ssl=1","jetpack_shortlink":"https:\/\/wp.me\/p8M4X7-17G","jetpack-related-posts":[{"id":8464,"url":"https:\/\/cepronda.com\/blog\/iniciacion-al-uso-de-la-inteligencia-artificial-generativa-centrada-en-la-educacion\/","url_meta":{"origin":4320,"position":0},"title":"INICIACI\u00d3N AL USO DE LA INTELIGENCIA ARTIFICIAL GENERATIVA CENTRADA EN LA EDUCACI\u00d3N.","author":"Inmaculada Garc\u00eda","date":"23 abril, 2025","format":false,"excerpt":"Abierto el plazo de inscripci\u00f3n para la actividad a distancia \" INICIACI\u00d3N AL USO DE LA INTELIGENCIA ARTIFICIAL GENERATIVA CENTRADA EN LA EDUCACI\u00d3N\u201d. C\u00f3digo: 259926WPF485. Curso con reconocimiento de 40 horas de formaci\u00f3n, a desarrollar en el Aula Virtual de Formaci\u00f3n del Profesorado. Plazo de inscripci\u00f3n: 23\/04\/2025 hasta 05\/05\/2025 Fecha\u2026","rel":"","context":"En \u00abFormaciones\u00bb","block_context":{"text":"Formaciones","link":"https:\/\/cepronda.com\/blog\/category\/formaciones\/"},"img":{"alt_text":"","src":"https:\/\/i0.wp.com\/cepronda.com\/blog\/wp-content\/uploads\/2025\/04\/ia-generativa.jpg?fit=960%2C1200&ssl=1&resize=350%2C200","width":350,"height":200,"srcset":"https:\/\/i0.wp.com\/cepronda.com\/blog\/wp-content\/uploads\/2025\/04\/ia-generativa.jpg?fit=960%2C1200&ssl=1&resize=350%2C200 1x, https:\/\/i0.wp.com\/cepronda.com\/blog\/wp-content\/uploads\/2025\/04\/ia-generativa.jpg?fit=960%2C1200&ssl=1&resize=525%2C300 1.5x, https:\/\/i0.wp.com\/cepronda.com\/blog\/wp-content\/uploads\/2025\/04\/ia-generativa.jpg?fit=960%2C1200&ssl=1&resize=700%2C400 2x"},"classes":[]},{"id":7159,"url":"https:\/\/cepronda.com\/blog\/la-elaboracion-del-plan-de-lectura-planificada242924ge041\/","url_meta":{"origin":4320,"position":1},"title":"\u00abLA ELABORACI\u00d3N DEL PLAN DE LECTURA PLANIFICADA\u00bb(242924GE041)","author":"Inmaculada Garc\u00eda","date":"26 octubre, 2023","format":false,"excerpt":"Abierto el plazo de inscripci\u00f3n para la formaci\u00f3n \"LA ELABORACI\u00d3N DEL PLAN DE LECTURA PLANIFICADA\" (242924GE041) Se trata de una formaci\u00f3n on line, de 10h de duraci\u00f3n, dise\u00f1ada desde Servicios Centrales. Tiene car\u00e1cter autocorregible, por lo que no cuenta con tutorizaci\u00f3n. Fecha inscripci\u00f3n: 26\/10\/2023 hasta 02\/11\/2023 \u00a0 \u00a0 \u00a0Fecha actividad:\u2026","rel":"","context":"En \u00abFormaciones\u00bb","block_context":{"text":"Formaciones","link":"https:\/\/cepronda.com\/blog\/category\/formaciones\/"},"img":{"alt_text":"lectura","src":"https:\/\/i0.wp.com\/cepronda.com\/blog\/wp-content\/uploads\/2023\/10\/LA-ELABORACION-DEL-PLAN-DE-LECTURA-PLANIFICADA.png?fit=1080%2C1080&ssl=1&resize=350%2C200","width":350,"height":200,"srcset":"https:\/\/i0.wp.com\/cepronda.com\/blog\/wp-content\/uploads\/2023\/10\/LA-ELABORACION-DEL-PLAN-DE-LECTURA-PLANIFICADA.png?fit=1080%2C1080&ssl=1&resize=350%2C200 1x, https:\/\/i0.wp.com\/cepronda.com\/blog\/wp-content\/uploads\/2023\/10\/LA-ELABORACION-DEL-PLAN-DE-LECTURA-PLANIFICADA.png?fit=1080%2C1080&ssl=1&resize=525%2C300 1.5x, https:\/\/i0.wp.com\/cepronda.com\/blog\/wp-content\/uploads\/2023\/10\/LA-ELABORACION-DEL-PLAN-DE-LECTURA-PLANIFICADA.png?fit=1080%2C1080&ssl=1&resize=700%2C400 2x, https:\/\/i0.wp.com\/cepronda.com\/blog\/wp-content\/uploads\/2023\/10\/LA-ELABORACION-DEL-PLAN-DE-LECTURA-PLANIFICADA.png?fit=1080%2C1080&ssl=1&resize=1050%2C600 3x"},"classes":[]},{"id":8251,"url":"https:\/\/cepronda.com\/blog\/iniciacion-al-uso-de-la-inteligencia-artificial-generativa-centrada-en-la-educacion-codigo-259924kpf485\/","url_meta":{"origin":4320,"position":2},"title":"\u00abINICIACI\u00d3N AL USO DE LA INTELIGENCIA ARTIFICIAL GENERATIVA CENTRADA EN LA EDUCACI\u00d3N\u00bb, c\u00f3digo: 259924KPF485.","author":"Inmaculada Garc\u00eda","date":"30 septiembre, 2024","format":false,"excerpt":"Se encuentra abierto el plazo de inscripci\u00f3n del curso provincial: INICIACI\u00d3N AL USO DE LA INTELIGENCIA ARTIFICIAL GENERATIVA CENTRADA EN LA EDUCACI\u00d3N, c\u00f3digo: 259924KPF485. Curso a distancia con certificaci\u00f3n de 40 horas de formaci\u00f3n y v\u00e1lido para la acreditaci\u00f3n del nivel A1 de CDD. A desarrollar en el Aula Virtual\u2026","rel":"","context":"En \u00abNoticias\u00bb","block_context":{"text":"Noticias","link":"https:\/\/cepronda.com\/blog\/category\/noticias\/"},"img":{"alt_text":"","src":"https:\/\/i0.wp.com\/cepronda.com\/blog\/wp-content\/uploads\/2025\/03\/Anadir-un-subtitulo-819x1024.jpg?resize=350%2C200&ssl=1","width":350,"height":200},"classes":[]},{"id":7288,"url":"https:\/\/cepronda.com\/blog\/inteligencia-artificial-para-docentes\/","url_meta":{"origin":4320,"position":3},"title":"INTELIGENCIA ARTIFICIAL PARA DOCENTES","author":"V\u00edctor Caballero","date":"22 diciembre, 2023","format":false,"excerpt":"Se encuentra abierto el plazo de inscripci\u00f3n para la formaci\u00f3n \u201cINTELIGENCIA ARTIFICIAL PARA DOCENTES.\" C\u00d3DIGO 242924GE013. Ponente:\u00a0 Vanesa Moreno Duraci\u00f3n de la actividad 10 horas presenciales + 2 horas de tareas. Fecha actividad: J11\/01\/2024 (16:30h a 19:00h) CEP de Ronda J18\/01\/2024 (16:30h a 19:00h) CEP de Ronda J25\/01\/2024 (16:30h a\u2026","rel":"","context":"En \u00abFormaciones\u00bb","block_context":{"text":"Formaciones","link":"https:\/\/cepronda.com\/blog\/category\/formaciones\/"},"img":{"alt_text":"","src":"https:\/\/i0.wp.com\/cepronda.com\/blog\/wp-content\/uploads\/2023\/12\/242924GE013-Cartel-Inteligencia-artificial.png?fit=1080%2C1080&ssl=1&resize=350%2C200","width":350,"height":200,"srcset":"https:\/\/i0.wp.com\/cepronda.com\/blog\/wp-content\/uploads\/2023\/12\/242924GE013-Cartel-Inteligencia-artificial.png?fit=1080%2C1080&ssl=1&resize=350%2C200 1x, https:\/\/i0.wp.com\/cepronda.com\/blog\/wp-content\/uploads\/2023\/12\/242924GE013-Cartel-Inteligencia-artificial.png?fit=1080%2C1080&ssl=1&resize=525%2C300 1.5x, https:\/\/i0.wp.com\/cepronda.com\/blog\/wp-content\/uploads\/2023\/12\/242924GE013-Cartel-Inteligencia-artificial.png?fit=1080%2C1080&ssl=1&resize=700%2C400 2x, https:\/\/i0.wp.com\/cepronda.com\/blog\/wp-content\/uploads\/2023\/12\/242924GE013-Cartel-Inteligencia-artificial.png?fit=1080%2C1080&ssl=1&resize=1050%2C600 3x"},"classes":[]},{"id":4364,"url":"https:\/\/cepronda.com\/blog\/formacion-profesional-nuevo-programa-erasmusconvocatoria-2021\/","url_meta":{"origin":4320,"position":4},"title":"FORMACI\u00d3N PROFESIONAL: NUEVO PROGRAMA ERASMUS+CONVOCATORIA 2021","author":"Maribel Mu\u00f1oz","date":"6 abril, 2021","format":false,"excerpt":"Buenas tardes\u00a0 compa\u00f1eras y compa\u00f1eros, Os informamos que est\u00e1 abierto el plazo de inscripci\u00f3n de la formaci\u00f3n \u00a0DIFUSI\u00d3N DEL NUEVO PROGRAMA ERASMUS+: CONVOCATORIA 2021 PARA FORMACI\u00d3N PROFESIONAL con c\u00f3digo 219923KPI297 \u00a0 que comenzar\u00e1 a desarrollarse el pr\u00f3ximo\u00a0 15\/04\/2021. Es una formaci\u00f3n PROVINCIAL, gestionada por el CEP de Marbella. Adjuntamos\u00a0enlace :\u2026","rel":"","context":"En \u00abFormaciones\u00bb","block_context":{"text":"Formaciones","link":"https:\/\/cepronda.com\/blog\/category\/formaciones\/"},"img":{"alt_text":"","src":"https:\/\/i0.wp.com\/cepronda.com\/blog\/wp-content\/uploads\/2021\/03\/bandera-europea.jpg?resize=350%2C200","width":350,"height":200},"classes":[]},{"id":7214,"url":"https:\/\/cepronda.com\/blog\/lectura-y-escritura-creativa-herramientas-para-generar-conocimiento\/","url_meta":{"origin":4320,"position":5},"title":"LECTURA Y ESCRITURA CREATIVA. HERRAMIENTAS PARA GENERAR CONOCIMIENTO.","author":"Maribel Mu\u00f1oz","date":"17 noviembre, 2023","format":false,"excerpt":"Abierto el plazo de inscripci\u00f3n para la formaci\u00f3n\u00a0\u201cLECTURA Y ESCRITURA CREATIVA. HERRAMIENTAS PARA GENERAR CONOCIMIENTO\". C\u00d3DIGO 242924GE021. Duraci\u00f3n de la actividad 10 horas: 6 horas presenciales , 3 horas videoconferencia y 1 hora no presencial. Lugar de realizaci\u00f3n: Aula del CEP de Ronda y plataforma de videoconferencias. Fecha inscripci\u00f3n: 17\/11\/2023\u2026","rel":"","context":"En \u00abFormaciones\u00bb","block_context":{"text":"Formaciones","link":"https:\/\/cepronda.com\/blog\/category\/formaciones\/"},"img":{"alt_text":"","src":"https:\/\/i0.wp.com\/cepronda.com\/blog\/wp-content\/uploads\/2023\/11\/WhatsApp-Image-2023-11-16-at-13.08.24.jpeg?fit=650%2C652&ssl=1&resize=350%2C200","width":350,"height":200,"srcset":"https:\/\/i0.wp.com\/cepronda.com\/blog\/wp-content\/uploads\/2023\/11\/WhatsApp-Image-2023-11-16-at-13.08.24.jpeg?fit=650%2C652&ssl=1&resize=350%2C200 1x, https:\/\/i0.wp.com\/cepronda.com\/blog\/wp-content\/uploads\/2023\/11\/WhatsApp-Image-2023-11-16-at-13.08.24.jpeg?fit=650%2C652&ssl=1&resize=525%2C300 1.5x"},"classes":[]}],"jetpack_sharing_enabled":true,"_links":{"self":[{"href":"https:\/\/cepronda.com\/blog\/wp-json\/wp\/v2\/posts\/4320","targetHints":{"allow":["GET"]}}],"collection":[{"href":"https:\/\/cepronda.com\/blog\/wp-json\/wp\/v2\/posts"}],"about":[{"href":"https:\/\/cepronda.com\/blog\/wp-json\/wp\/v2\/types\/post"}],"author":[{"embeddable":true,"href":"https:\/\/cepronda.com\/blog\/wp-json\/wp\/v2\/users\/10"}],"replies":[{"embeddable":true,"href":"https:\/\/cepronda.com\/blog\/wp-json\/wp\/v2\/comments?post=4320"}],"version-history":[{"count":1,"href":"https:\/\/cepronda.com\/blog\/wp-json\/wp\/v2\/posts\/4320\/revisions"}],"predecessor-version":[{"id":4322,"href":"https:\/\/cepronda.com\/blog\/wp-json\/wp\/v2\/posts\/4320\/revisions\/4322"}],"wp:featuredmedia":[{"embeddable":true,"href":"https:\/\/cepronda.com\/blog\/wp-json\/wp\/v2\/media\/4321"}],"wp:attachment":[{"href":"https:\/\/cepronda.com\/blog\/wp-json\/wp\/v2\/media?parent=4320"}],"wp:term":[{"taxonomy":"category","embeddable":true,"href":"https:\/\/cepronda.com\/blog\/wp-json\/wp\/v2\/categories?post=4320"},{"taxonomy":"post_tag","embeddable":true,"href":"https:\/\/cepronda.com\/blog\/wp-json\/wp\/v2\/tags?post=4320"}],"curies":[{"name":"wp","href":"https:\/\/api.w.org\/{rel}","templated":true}]}}