{"id":432,"date":"2016-12-12T18:28:16","date_gmt":"2016-12-12T17:28:16","guid":{"rendered":"http:\/\/cepronda.com\/blog\/?p=432"},"modified":"2016-12-12T18:28:16","modified_gmt":"2016-12-12T17:28:16","slug":"curso-basico-de-lengua-de-signos-espanola","status":"publish","type":"post","link":"https:\/\/cepronda.com\/blog\/curso-basico-de-lengua-de-signos-espanola\/","title":{"rendered":"Curso b\u00e1sico de Lengua de Signos Espa\u00f1ola"},"content":{"rendered":"<p>Hola a todo el mundo,<\/p>\n<p>Antes de que lleguen las fiestas queremos comentaros que a la vuelta de las vacaciones, en enero, tenemos ya preparados algunos cursos que seguro que os interesan.<\/p>\n<p>Uno de ellos es el <a href=\"https:\/\/www.juntadeandalucia.es\/educacion\/secretariavirtual\/consultaCEP\/actividad\/172924GE007\/\" target=\"_blank\">Curso de Lengua de Signos Espa\u00f1ola<\/a>, que se va a llevar a cabo en el CEP, preferentemente para el profesorado del IES Profesor Gonzalo Huesa, pero se han creado algunas plazas disponibles para aquellos otros docentes que est\u00e9is interesados en el mismo. Si hac\u00e9is clic en el enlace de arriba, o bien en la foto, pod\u00e9is acceder a los detalles del curso e inscribiros como de costumbre a trav\u00e9s de S\u00e9neca.<\/p>\n<p><img data-recalc-dims=\"1\" loading=\"lazy\" decoding=\"async\" class=\"aligncenter  wp-image-436\" src=\"https:\/\/i0.wp.com\/cepronda.com\/blog\/wp-content\/uploads\/2016\/12\/lse.jpg?resize=418%2C279\" alt=\"lse\" width=\"418\" height=\"279\" \/><\/p>\n<p>Seguid atentos al blog &#8230; \u00a1que tenemos m\u00e1s actividades y cursos que ofreceros!<\/p>\n","protected":false},"excerpt":{"rendered":"<p>Hola a todo el mundo, Antes de que lleguen las fiestas queremos comentaros que a la vuelta de las vacaciones, en enero, tenemos ya preparados algunos cursos que seguro que os interesan. Uno de ellos es el Curso de Lengua de Signos Espa\u00f1ola, que se va a llevar a cabo en el CEP, preferentemente para [&hellip;]<\/p>\n","protected":false},"author":3,"featured_media":436,"comment_status":"open","ping_status":"open","sticky":false,"template":"","format":"standard","meta":{"_crdt_document":"","advanced_seo_description":"","jetpack_seo_html_title":"","jetpack_seo_noindex":false,"jetpack_post_was_ever_published":false,"_jetpack_newsletter_access":"","_jetpack_dont_email_post_to_subs":false,"_jetpack_newsletter_tier_id":0,"_jetpack_memberships_contains_paywalled_content":false,"_jetpack_memberships_contains_paid_content":false,"footnotes":"","jetpack_publicize_message":"","jetpack_publicize_feature_enabled":true,"jetpack_social_post_already_shared":false,"jetpack_social_options":{"image_generator_settings":{"template":"highway","default_image_id":0,"font":"","enabled":false},"version":2}},"categories":[3],"tags":[45,53],"class_list":{"0":"post-432","1":"post","2":"type-post","3":"status-publish","4":"format-standard","5":"has-post-thumbnail","7":"category-formaciones","8":"tag-lengua-de-signos","9":"tag-nnee","10":"czr-hentry"},"jetpack_publicize_connections":[],"jetpack_featured_media_url":"","jetpack_shortlink":"https:\/\/wp.me\/p8M4X7-6Y","jetpack-related-posts":[{"id":9501,"url":"https:\/\/cepronda.com\/blog\/formacion-en-lengua-de-signos-con-inteligencia-artificial\/","url_meta":{"origin":432,"position":0},"title":"FORMACI\u00d3N EN LENGUA DE SIGNOS CON INTELIGENCIA ARTIFICIAL","author":"Inmaculada Garc\u00eda","date":"10 abril, 2026","format":false,"excerpt":"Abierto el plazo de inscripci\u00f3n al curso a distancia: FORMACI\u00d3N EN LENGUA DE SIGNOS CON INTELIGENCIA ARTIFICIAL, con c\u00f3digo: 269911EX001. \u00a0 \ud83c\udf0d \u00c1mbito: Regional. \ud83d\udcbb Modalidad a Distancia. Duraci\u00f3n: 60 horas: 2 Presenciales ( Videoconferencia) y 58 No presenciales. N\u00ba de plazas: 500. \ud83d\udcccLugar de realizaci\u00f3n: Plataforma Eldes. \u00a0 \ud83d\uddd3\ufe0f\u2026","rel":"","context":"En \u00abFormaciones\u00bb","block_context":{"text":"Formaciones","link":"https:\/\/cepronda.com\/blog\/category\/formaciones\/"},"img":{"alt_text":"","src":"https:\/\/i0.wp.com\/cepronda.com\/blog\/wp-content\/uploads\/2026\/04\/Modelo-Plantilla-publicaciones-2.jpg?fit=960%2C1200&ssl=1&resize=350%2C200","width":350,"height":200,"srcset":"https:\/\/i0.wp.com\/cepronda.com\/blog\/wp-content\/uploads\/2026\/04\/Modelo-Plantilla-publicaciones-2.jpg?fit=960%2C1200&ssl=1&resize=350%2C200 1x, https:\/\/i0.wp.com\/cepronda.com\/blog\/wp-content\/uploads\/2026\/04\/Modelo-Plantilla-publicaciones-2.jpg?fit=960%2C1200&ssl=1&resize=525%2C300 1.5x, https:\/\/i0.wp.com\/cepronda.com\/blog\/wp-content\/uploads\/2026\/04\/Modelo-Plantilla-publicaciones-2.jpg?fit=960%2C1200&ssl=1&resize=700%2C400 2x"},"classes":[]},{"id":2585,"url":"https:\/\/cepronda.com\/blog\/lengua-de-signos-para-centros-educativos\/","url_meta":{"origin":432,"position":1},"title":"LENGUA DE SIGNOS PARA CENTROS EDUCATIVOS","author":"V\u00edctor Caballero","date":"15 enero, 2019","format":false,"excerpt":"Hola de nuevo, Os informamos que para el pr\u00f3ximo mes de marzo est\u00e1 prevista la realizaci\u00f3n de esta actividad dirigida a todo el profesorado interesado en la Lengua de Signos Espa\u00f1ola. Se trata de un curso eminentemente pr\u00e1ctico con una duraci\u00f3n de 9 horas presenciales llev\u00e1ndose a cabo en 3\u2026","rel":"","context":"En \u00abFormaciones\u00bb","block_context":{"text":"Formaciones","link":"https:\/\/cepronda.com\/blog\/category\/formaciones\/"},"img":{"alt_text":"","src":"https:\/\/i0.wp.com\/cepronda.com\/blog\/wp-content\/uploads\/2019\/01\/interpreter-41437_1280.png?fit=1056%2C1200&ssl=1&resize=350%2C200","width":350,"height":200,"srcset":"https:\/\/i0.wp.com\/cepronda.com\/blog\/wp-content\/uploads\/2019\/01\/interpreter-41437_1280.png?fit=1056%2C1200&ssl=1&resize=350%2C200 1x, https:\/\/i0.wp.com\/cepronda.com\/blog\/wp-content\/uploads\/2019\/01\/interpreter-41437_1280.png?fit=1056%2C1200&ssl=1&resize=525%2C300 1.5x, https:\/\/i0.wp.com\/cepronda.com\/blog\/wp-content\/uploads\/2019\/01\/interpreter-41437_1280.png?fit=1056%2C1200&ssl=1&resize=700%2C400 2x, https:\/\/i0.wp.com\/cepronda.com\/blog\/wp-content\/uploads\/2019\/01\/interpreter-41437_1280.png?fit=1056%2C1200&ssl=1&resize=1050%2C600 3x"},"classes":[]},{"id":3275,"url":"https:\/\/cepronda.com\/blog\/estrategias-de-evaluacion-en-frances-lengua-extranjera-primaria-y-secundaria\/","url_meta":{"origin":432,"position":2},"title":"ESTRATEGIAS DE EVALUACI\u00d3N EN FRANC\u00c9S LENGUA EXTRANJERA (PRIMARIA Y SECUNDARIA)","author":"V\u00edctor Caballero","date":"7 enero, 2020","format":false,"excerpt":"Muy buenas familia, Comenzamos un nuevo a\u00f1o con renovadas energ\u00edas, y nuevos cursos que se ponen en marcha. Para inscribiros ya ten\u00e9is abierto el curso ESTRATEGIAS DE EVALUACI\u00d3N EN FRANC\u00c9S LENGUA EXTRANJERA (PRIMARIA y SECUNDARIA). Para ver los detalles de la actividad e inscribiros s\u00f3lo ten\u00e9is que seguir uno de\u2026","rel":"","context":"En \u00abFormaciones\u00bb","block_context":{"text":"Formaciones","link":"https:\/\/cepronda.com\/blog\/category\/formaciones\/"},"img":{"alt_text":"","src":"https:\/\/i0.wp.com\/cepronda.com\/blog\/wp-content\/uploads\/2020\/01\/20200213-Franc%C3%A9s.-Estrategias-de-evaluaci%C3%B3n..jpg?fit=848%2C1200&ssl=1&resize=350%2C200","width":350,"height":200,"srcset":"https:\/\/i0.wp.com\/cepronda.com\/blog\/wp-content\/uploads\/2020\/01\/20200213-Franc%C3%A9s.-Estrategias-de-evaluaci%C3%B3n..jpg?fit=848%2C1200&ssl=1&resize=350%2C200 1x, https:\/\/i0.wp.com\/cepronda.com\/blog\/wp-content\/uploads\/2020\/01\/20200213-Franc%C3%A9s.-Estrategias-de-evaluaci%C3%B3n..jpg?fit=848%2C1200&ssl=1&resize=525%2C300 1.5x, https:\/\/i0.wp.com\/cepronda.com\/blog\/wp-content\/uploads\/2020\/01\/20200213-Franc%C3%A9s.-Estrategias-de-evaluaci%C3%B3n..jpg?fit=848%2C1200&ssl=1&resize=700%2C400 2x"},"classes":[]},{"id":614,"url":"https:\/\/cepronda.com\/blog\/semana-muy-intensa\/","url_meta":{"origin":432,"position":3},"title":"Semana muy intensa","author":"V\u00edctor Caballero","date":"30 enero, 2017","format":false,"excerpt":"Muy buenas, Seguimos con las actividad intensa con la que hemos comenzado este trimestre, y con la que esperamos poder satisfacer vuestras demandas e intereses. Hoy lunes tenemos la primera sesi\u00f3n del curso \"Cuaderno del Profesor de Seneca-Pasen\", donde aprenderemos a usar esta potente herramienta, y como nos puede facilitar\u2026","rel":"","context":"En \u00abNoticias\u00bb","block_context":{"text":"Noticias","link":"https:\/\/cepronda.com\/blog\/category\/noticias\/"},"img":{"alt_text":"","src":"","width":0,"height":0},"classes":[]},{"id":1291,"url":"https:\/\/cepronda.com\/blog\/curso-de-actualizacion-en-frances-para-primaria\/","url_meta":{"origin":432,"position":4},"title":"Curso de actualizaci\u00f3n en franc\u00e9s para primaria","author":"V\u00edctor Caballero","date":"27 septiembre, 2017","format":false,"excerpt":"Muy buenas, Uno de los cursos que el curso pasado tuvo un magn\u00edfico recorrido fu\u00e9 el curso de \"ACTUALIZACI\u00d3N LING\u00dc\u00cdSTICA Y METODOL\u00d3GICA EN LENGUA FRANCESA PARA EL PROFESORADO DE EDUCACI\u00d3N PRIMARIA\". Pues este curso seguimos con continuaci\u00f3n del mismo, as\u00ed que seguiremos aprendiendo y avanzando en nuestra metodolog\u00eda a la\u2026","rel":"","context":"En \u00abFormaciones\u00bb","block_context":{"text":"Formaciones","link":"https:\/\/cepronda.com\/blog\/category\/formaciones\/"},"img":{"alt_text":"","src":"https:\/\/i0.wp.com\/cepronda.com\/blog\/wp-content\/uploads\/2017\/09\/french-flag-2695008_640.jpg?fit=640%2C426&ssl=1&resize=350%2C200","width":350,"height":200,"srcset":"https:\/\/i0.wp.com\/cepronda.com\/blog\/wp-content\/uploads\/2017\/09\/french-flag-2695008_640.jpg?fit=640%2C426&ssl=1&resize=350%2C200 1x, https:\/\/i0.wp.com\/cepronda.com\/blog\/wp-content\/uploads\/2017\/09\/french-flag-2695008_640.jpg?fit=640%2C426&ssl=1&resize=525%2C300 1.5x"},"classes":[]},{"id":551,"url":"https:\/\/cepronda.com\/blog\/nuevos-cursos-en-enero\/","url_meta":{"origin":432,"position":5},"title":"Nuevos cursos en enero","author":"V\u00edctor Caballero","date":"23 diciembre, 2016","format":false,"excerpt":"\u00a1Muy buenas! Despedimos el a\u00f1o 2016 recordando todas las opciones de cursos que ten\u00e9is que comienzan en enero, y que seguro que os resultan interesantes. Si hac\u00e9is clic en cada una de las pesta\u00f1as de abajo podr\u00e9is ver la informaci\u00f3n de cada uno. \u00a0 Adem\u00e1s aprovechamos para desearos FELICES FIESTAS\u2026","rel":"","context":"En \u00abFormaciones\u00bb","block_context":{"text":"Formaciones","link":"https:\/\/cepronda.com\/blog\/category\/formaciones\/"},"img":{"alt_text":"","src":"","width":0,"height":0},"classes":[]}],"jetpack_sharing_enabled":true,"_links":{"self":[{"href":"https:\/\/cepronda.com\/blog\/wp-json\/wp\/v2\/posts\/432","targetHints":{"allow":["GET"]}}],"collection":[{"href":"https:\/\/cepronda.com\/blog\/wp-json\/wp\/v2\/posts"}],"about":[{"href":"https:\/\/cepronda.com\/blog\/wp-json\/wp\/v2\/types\/post"}],"author":[{"embeddable":true,"href":"https:\/\/cepronda.com\/blog\/wp-json\/wp\/v2\/users\/3"}],"replies":[{"embeddable":true,"href":"https:\/\/cepronda.com\/blog\/wp-json\/wp\/v2\/comments?post=432"}],"version-history":[{"count":0,"href":"https:\/\/cepronda.com\/blog\/wp-json\/wp\/v2\/posts\/432\/revisions"}],"wp:featuredmedia":[{"embeddable":true,"href":"https:\/\/cepronda.com\/blog\/wp-json\/"}],"wp:attachment":[{"href":"https:\/\/cepronda.com\/blog\/wp-json\/wp\/v2\/media?parent=432"}],"wp:term":[{"taxonomy":"category","embeddable":true,"href":"https:\/\/cepronda.com\/blog\/wp-json\/wp\/v2\/categories?post=432"},{"taxonomy":"post_tag","embeddable":true,"href":"https:\/\/cepronda.com\/blog\/wp-json\/wp\/v2\/tags?post=432"}],"curies":[{"name":"wp","href":"https:\/\/api.w.org\/{rel}","templated":true}]}}