{"id":4305,"date":"2021-03-12T14:19:27","date_gmt":"2021-03-12T13:19:27","guid":{"rendered":"http:\/\/cepronda.com\/blog\/?p=4305"},"modified":"2025-04-28T12:16:03","modified_gmt":"2025-04-28T10:16:03","slug":"la-escuela-como-herramienta-de-transformacion-para-lograr-la-igualdad-entre-hombres-y-mujeres","status":"publish","type":"post","link":"https:\/\/cepronda.com\/blog\/la-escuela-como-herramienta-de-transformacion-para-lograr-la-igualdad-entre-hombres-y-mujeres\/","title":{"rendered":"LA ESCUELA COMO HERRAMIENTA DE TRANSFORMACI\u00d3N PARA LOGRAR LA IGUALDAD ENTRE HOMBRES Y MUJERES"},"content":{"rendered":"<section class=\"entry-content \">Buenas tardes compa\u00f1eras y compa\u00f1eros,<\/section>\n<section><\/section>\n<section><\/section>\n<section><\/section>\n<section class=\"entry-content \">Os informamos que est\u00e1 abierto el plazo de inscripci\u00f3n de la formaci\u00f3n LA ESCUELA COMO HERRAMIENTA DE TRANSFORMACI\u00d3N PARA LOGRAR LA IGUALDAD ENTRE HOMBRES Y MUJERES. PROVINCIAL&nbsp; 219925KPF283,&nbsp;&nbsp; que comenzar\u00e1 a desarrollarse el pr\u00f3ximo&nbsp; 05\/04\/2021.<\/section>\n<section class=\"entry-content \">Adjuntamos <a href=\"https:\/\/www.juntadeandalucia.es\/educacion\/secretariavirtual\/consultaCEP\/actividad\/219925KPF283\/\">enlace<\/a> : https:\/\/www.juntadeandalucia.es\/educacion\/secretariavirtual\/consultaCEP\/actividad\/219925KPF283\/<\/section>\n<section><\/section>\n<section>El plazo de inscripci\u00f3n finaliza el pr\u00f3ximo 22\/03\/2021.<\/section>\n<section><\/section>\n<section class=\"entry-content \">Te rogamos que en el caso de renunciar o no poder asistir a esta formaci\u00f3n, lo comuniques a la mayor brevedad posible para no provocar perjuicio al resto de participantes ni al buen funcionamiento de la actividad.&nbsp;<\/section>\n<section class=\"entry-content \">Deseamos que sea de vuestro inter\u00e9s.&nbsp;<\/section>\n<section class=\"entry-content \">Saludos.<\/section>\n<section><img data-recalc-dims=\"1\" loading=\"lazy\" decoding=\"async\" class=\"alignnone size-medium wp-image-4306 aligncenter\" src=\"https:\/\/i0.wp.com\/cepronda.com\/blog\/wp-content\/uploads\/2021\/03\/WhatsApp-Image-2021-03-12-at-14.02.49-216x300.jpeg?resize=216%2C300\" alt=\"\" width=\"216\" height=\"300\" srcset=\"https:\/\/i0.wp.com\/cepronda.com\/blog\/wp-content\/uploads\/2021\/03\/WhatsApp-Image-2021-03-12-at-14.02.49.jpeg?resize=216%2C300&amp;ssl=1 216w, https:\/\/i0.wp.com\/cepronda.com\/blog\/wp-content\/uploads\/2021\/03\/WhatsApp-Image-2021-03-12-at-14.02.49.jpeg?w=607&amp;ssl=1 607w\" sizes=\"auto, (max-width: 216px) 100vw, 216px\" \/><\/section>\n","protected":false},"excerpt":{"rendered":"<p>Buenas tardes compa\u00f1eras y compa\u00f1eros, Os informamos que est\u00e1 abierto el plazo de inscripci\u00f3n de la formaci\u00f3n LA ESCUELA COMO HERRAMIENTA DE TRANSFORMACI\u00d3N PARA LOGRAR LA IGUALDAD ENTRE HOMBRES Y MUJERES. PROVINCIAL&nbsp; 219925KPF283,&nbsp;&nbsp; que comenzar\u00e1 a desarrollarse el pr\u00f3ximo&nbsp; 05\/04\/2021. Adjuntamos enlace : https:\/\/www.juntadeandalucia.es\/educacion\/secretariavirtual\/consultaCEP\/actividad\/219925KPF283\/ El plazo de inscripci\u00f3n finaliza el pr\u00f3ximo 22\/03\/2021. Te rogamos que [&hellip;]<\/p>\n","protected":false},"author":10,"featured_media":4306,"comment_status":"closed","ping_status":"open","sticky":false,"template":"","format":"standard","meta":{"_crdt_document":"","advanced_seo_description":"","jetpack_seo_html_title":"","jetpack_seo_noindex":false,"jetpack_post_was_ever_published":false,"_jetpack_newsletter_access":"","_jetpack_dont_email_post_to_subs":false,"_jetpack_newsletter_tier_id":0,"_jetpack_memberships_contains_paywalled_content":false,"_jetpack_memberships_contains_paid_content":false,"footnotes":"","jetpack_publicize_message":"","jetpack_publicize_feature_enabled":true,"jetpack_social_post_already_shared":true,"jetpack_social_options":{"image_generator_settings":{"template":"highway","default_image_id":0,"font":"","enabled":false},"version":2}},"categories":[3,5],"tags":[90,37,202],"class_list":{"0":"post-4305","1":"post","2":"type-post","3":"status-publish","4":"format-standard","5":"has-post-thumbnail","7":"category-formaciones","8":"category-noticias","9":"tag-cursos","10":"tag-igualdad","11":"tag-provincial","12":"czr-hentry"},"jetpack_publicize_connections":[],"jetpack_featured_media_url":"https:\/\/i0.wp.com\/cepronda.com\/blog\/wp-content\/uploads\/2021\/03\/WhatsApp-Image-2021-03-12-at-14.02.49.jpeg?fit=607%2C843&ssl=1","jetpack_shortlink":"https:\/\/wp.me\/p8M4X7-17r","jetpack-related-posts":[{"id":8821,"url":"https:\/\/cepronda.com\/blog\/coeducar-como-herramienta-de-transformacion-social\/","url_meta":{"origin":4305,"position":0},"title":"COEDUCAR COMO HERRAMIENTA DE TRANSFORMACI\u00d3N SOCIAL","author":"Mamen Moreno","date":"19 septiembre, 2025","format":false,"excerpt":"Abierto el plazo de inscripci\u00f3n para el curso \"COEDUCAR COMO HERRAMIENTA DE TRANSFORMACI\u00d3N SOCIAL\" c\u00f3digo 262924GE252 Este curso semipresencial te ofrece 15 horas de formaci\u00f3n para dotarte de herramientas y estrategias que te permitir\u00e1n incorporar la perspectiva de igualdad en el aula. Aprender\u00e1s a reflexionar sobre estereotipos de g\u00e9nero y\u2026","rel":"","context":"En \u00abFormaciones\u00bb","block_context":{"text":"Formaciones","link":"https:\/\/cepronda.com\/blog\/category\/formaciones\/"},"img":{"alt_text":"","src":"https:\/\/i0.wp.com\/cepronda.com\/blog\/wp-content\/uploads\/2025\/09\/Post-de-Instagram-Evento-de-Networking-Relaciones-Publicas-Corporativo-Geometrico-2.png?fit=960%2C1200&ssl=1&resize=350%2C200","width":350,"height":200,"srcset":"https:\/\/i0.wp.com\/cepronda.com\/blog\/wp-content\/uploads\/2025\/09\/Post-de-Instagram-Evento-de-Networking-Relaciones-Publicas-Corporativo-Geometrico-2.png?fit=960%2C1200&ssl=1&resize=350%2C200 1x, https:\/\/i0.wp.com\/cepronda.com\/blog\/wp-content\/uploads\/2025\/09\/Post-de-Instagram-Evento-de-Networking-Relaciones-Publicas-Corporativo-Geometrico-2.png?fit=960%2C1200&ssl=1&resize=525%2C300 1.5x, https:\/\/i0.wp.com\/cepronda.com\/blog\/wp-content\/uploads\/2025\/09\/Post-de-Instagram-Evento-de-Networking-Relaciones-Publicas-Corporativo-Geometrico-2.png?fit=960%2C1200&ssl=1&resize=700%2C400 2x"},"classes":[]},{"id":4364,"url":"https:\/\/cepronda.com\/blog\/formacion-profesional-nuevo-programa-erasmusconvocatoria-2021\/","url_meta":{"origin":4305,"position":1},"title":"FORMACI\u00d3N PROFESIONAL: NUEVO PROGRAMA ERASMUS+CONVOCATORIA 2021","author":"Maribel Mu\u00f1oz","date":"6 abril, 2021","format":false,"excerpt":"Buenas tardes\u00a0 compa\u00f1eras y compa\u00f1eros, Os informamos que est\u00e1 abierto el plazo de inscripci\u00f3n de la formaci\u00f3n \u00a0DIFUSI\u00d3N DEL NUEVO PROGRAMA ERASMUS+: CONVOCATORIA 2021 PARA FORMACI\u00d3N PROFESIONAL con c\u00f3digo 219923KPI297 \u00a0 que comenzar\u00e1 a desarrollarse el pr\u00f3ximo\u00a0 15\/04\/2021. Es una formaci\u00f3n PROVINCIAL, gestionada por el CEP de Marbella. Adjuntamos\u00a0enlace :\u2026","rel":"","context":"En \u00abFormaciones\u00bb","block_context":{"text":"Formaciones","link":"https:\/\/cepronda.com\/blog\/category\/formaciones\/"},"img":{"alt_text":"","src":"https:\/\/i0.wp.com\/cepronda.com\/blog\/wp-content\/uploads\/2021\/03\/bandera-europea.jpg?resize=350%2C200","width":350,"height":200},"classes":[]},{"id":4311,"url":"https:\/\/cepronda.com\/blog\/visores-web-de-informacion-geografica\/","url_meta":{"origin":4305,"position":2},"title":"VISORES WEB DE INFORMACI\u00d3N GEOGR\u00c1FICA","author":"Antonio Montes","date":"13 marzo, 2021","format":false,"excerpt":"Buenas tardes compa\u00f1eras y compa\u00f1eros, Os informamos que est\u00e1 abierto el plazo de inscripci\u00f3n de la formaci\u00f3n VISORES WEB DE INFORMACI\u00d3N GEOGR\u00c1FICA, PROVINCIAL\u00a0 212924FP005,\u00a0\u00a0 que comenzar\u00e1 a desarrollarse el pr\u00f3ximo\u00a0 07\/04\/2021. Adjuntamos enlace : https:\/\/www.juntadeandalucia.es\/educacion\/secretariavirtual\/consultaCEP\/actividad\/212924FP005\/ El plazo de inscripci\u00f3n finaliza el pr\u00f3ximo 31\/03\/2021 a las 23:59. Te rogamos que en\u2026","rel":"","context":"En \u00abFormaciones\u00bb","block_context":{"text":"Formaciones","link":"https:\/\/cepronda.com\/blog\/category\/formaciones\/"},"img":{"alt_text":"","src":"https:\/\/i0.wp.com\/cepronda.com\/blog\/wp-content\/uploads\/2021\/03\/VISORES-WEB.jpg?fit=848%2C1200&ssl=1&resize=350%2C200","width":350,"height":200,"srcset":"https:\/\/i0.wp.com\/cepronda.com\/blog\/wp-content\/uploads\/2021\/03\/VISORES-WEB.jpg?fit=848%2C1200&ssl=1&resize=350%2C200 1x, https:\/\/i0.wp.com\/cepronda.com\/blog\/wp-content\/uploads\/2021\/03\/VISORES-WEB.jpg?fit=848%2C1200&ssl=1&resize=525%2C300 1.5x, https:\/\/i0.wp.com\/cepronda.com\/blog\/wp-content\/uploads\/2021\/03\/VISORES-WEB.jpg?fit=848%2C1200&ssl=1&resize=700%2C400 2x"},"classes":[]},{"id":4362,"url":"https:\/\/cepronda.com\/blog\/nuevo-programa-erasmus-convocatoria-2021\/","url_meta":{"origin":4305,"position":3},"title":"NUEVO PROGRAMA ERASMUS+: CONVOCATORIA 2021","author":"Maribel Mu\u00f1oz","date":"6 abril, 2021","format":false,"excerpt":"Buenas tardes\u00a0 compa\u00f1eras y compa\u00f1eros, Os informamos que est\u00e1 abierto el plazo de inscripci\u00f3n de la formaci\u00f3n \u00a0DIFUSI\u00d3N DEL NUEVO PROGRAMA ERASMUS+: CONVOCATORIA 2021 con c\u00f3digo 219923KPI254 \u00a0 que comenzar\u00e1 a desarrollarse el pr\u00f3ximo\u00a0 15\/04\/2021. Es una formaci\u00f3n PROVINCIAL, gestionada por el CEP de Marbella Adjuntamos\u00a0enlace : https:\/\/www.juntadeandalucia.es\/educacion\/secretariavirtual\/consultaCEP\/actividad\/219923KPI254\/ El plazo\u2026","rel":"","context":"En \u00abFormaciones\u00bb","block_context":{"text":"Formaciones","link":"https:\/\/cepronda.com\/blog\/category\/formaciones\/"},"img":{"alt_text":"","src":"https:\/\/i0.wp.com\/cepronda.com\/blog\/wp-content\/uploads\/2021\/03\/bandera-europea.jpg?resize=350%2C200","width":350,"height":200},"classes":[]},{"id":4297,"url":"https:\/\/cepronda.com\/blog\/estrategias-de-evaluacion-en-frances-lengua-extranjera-primaria\/","url_meta":{"origin":4305,"position":4},"title":"ESTRATEGIAS DE EVALUACI\u00d3N EN FRANC\u00c9S LENGUA EXTRANJERA (PRIMARIA)","author":"Maribel Mu\u00f1oz","date":"12 marzo, 2021","format":false,"excerpt":"Buenas tardes compa\u00f1eras y compa\u00f1eros, Os informamos que est\u00e1 abierto el plazo de inscripci\u00f3n de la formaci\u00f3n ESTRATEGIAS DE EVALUACI\u00d3N EN FRANC\u00c9S LENGUA EXTRANJERA (PRIMARIA) PROVINCIAL\u00a0 212924GE031,\u00a0\u00a0 que comenzar\u00e1 a desarrollarse el pr\u00f3ximo\u00a0 06\/04\/2021. Adjuntamos enlace : https:\/\/www.juntadeandalucia.es\/educacion\/secretariavirtual\/consultaCEP\/actividad\/212924GE031\/ El plazo de inscripci\u00f3n finaliza el pr\u00f3ximo 04\/04\/2021 a las 23:59. Te\u2026","rel":"","context":"En \u00abNoticias\u00bb","block_context":{"text":"Noticias","link":"https:\/\/cepronda.com\/blog\/category\/noticias\/"},"img":{"alt_text":"","src":"https:\/\/i0.wp.com\/cepronda.com\/blog\/wp-content\/uploads\/2021\/03\/WhatsApp-Image-2021-03-12-at-13.07.43.jpeg?fit=848%2C1200&ssl=1&resize=350%2C200","width":350,"height":200,"srcset":"https:\/\/i0.wp.com\/cepronda.com\/blog\/wp-content\/uploads\/2021\/03\/WhatsApp-Image-2021-03-12-at-13.07.43.jpeg?fit=848%2C1200&ssl=1&resize=350%2C200 1x, https:\/\/i0.wp.com\/cepronda.com\/blog\/wp-content\/uploads\/2021\/03\/WhatsApp-Image-2021-03-12-at-13.07.43.jpeg?fit=848%2C1200&ssl=1&resize=525%2C300 1.5x, https:\/\/i0.wp.com\/cepronda.com\/blog\/wp-content\/uploads\/2021\/03\/WhatsApp-Image-2021-03-12-at-13.07.43.jpeg?fit=848%2C1200&ssl=1&resize=700%2C400 2x"},"classes":[]},{"id":4302,"url":"https:\/\/cepronda.com\/blog\/estrategias-de-evaluacion-en-frances-lengua-extranjera-secundaria\/","url_meta":{"origin":4305,"position":5},"title":"ESTRATEGIAS DE EVALUACI\u00d3N EN FRANC\u00c9S LENGUA EXTRANJERA (SECUNDARIA)","author":"Maribel Mu\u00f1oz","date":"12 marzo, 2021","format":false,"excerpt":"Buenas tardes compa\u00f1eras y compa\u00f1eros, Os informamos que est\u00e1 abierto el plazo de inscripci\u00f3n de la formaci\u00f3n ESTRATEGIAS DE EVALUACI\u00d3N EN FRANC\u00c9S LENGUA EXTRANJERA (SECUNDARIA) PROVINCIAL\u00a0 212924GE032,\u00a0\u00a0 que comenzar\u00e1 a desarrollarse el pr\u00f3ximo\u00a0 06\/04\/2021. Adjuntamos enlace : https:\/\/www.juntadeandalucia.es\/educacion\/secretariavirtual\/consultaCEP\/actividad\/212924GE032\/ El plazo de inscripci\u00f3n finaliza el pr\u00f3ximo 04\/04\/2021 a las 23:59. Te\u2026","rel":"","context":"En \u00abFormaciones\u00bb","block_context":{"text":"Formaciones","link":"https:\/\/cepronda.com\/blog\/category\/formaciones\/"},"img":{"alt_text":"","src":"https:\/\/i0.wp.com\/cepronda.com\/blog\/wp-content\/uploads\/2021\/03\/WhatsApp-Image-2021-03-12-at-13.07.27.jpeg?fit=848%2C1200&ssl=1&resize=350%2C200","width":350,"height":200,"srcset":"https:\/\/i0.wp.com\/cepronda.com\/blog\/wp-content\/uploads\/2021\/03\/WhatsApp-Image-2021-03-12-at-13.07.27.jpeg?fit=848%2C1200&ssl=1&resize=350%2C200 1x, https:\/\/i0.wp.com\/cepronda.com\/blog\/wp-content\/uploads\/2021\/03\/WhatsApp-Image-2021-03-12-at-13.07.27.jpeg?fit=848%2C1200&ssl=1&resize=525%2C300 1.5x, https:\/\/i0.wp.com\/cepronda.com\/blog\/wp-content\/uploads\/2021\/03\/WhatsApp-Image-2021-03-12-at-13.07.27.jpeg?fit=848%2C1200&ssl=1&resize=700%2C400 2x"},"classes":[]}],"jetpack_sharing_enabled":true,"_links":{"self":[{"href":"https:\/\/cepronda.com\/blog\/wp-json\/wp\/v2\/posts\/4305","targetHints":{"allow":["GET"]}}],"collection":[{"href":"https:\/\/cepronda.com\/blog\/wp-json\/wp\/v2\/posts"}],"about":[{"href":"https:\/\/cepronda.com\/blog\/wp-json\/wp\/v2\/types\/post"}],"author":[{"embeddable":true,"href":"https:\/\/cepronda.com\/blog\/wp-json\/wp\/v2\/users\/10"}],"replies":[{"embeddable":true,"href":"https:\/\/cepronda.com\/blog\/wp-json\/wp\/v2\/comments?post=4305"}],"version-history":[{"count":2,"href":"https:\/\/cepronda.com\/blog\/wp-json\/wp\/v2\/posts\/4305\/revisions"}],"predecessor-version":[{"id":4310,"href":"https:\/\/cepronda.com\/blog\/wp-json\/wp\/v2\/posts\/4305\/revisions\/4310"}],"wp:featuredmedia":[{"embeddable":true,"href":"https:\/\/cepronda.com\/blog\/wp-json\/wp\/v2\/media\/4306"}],"wp:attachment":[{"href":"https:\/\/cepronda.com\/blog\/wp-json\/wp\/v2\/media?parent=4305"}],"wp:term":[{"taxonomy":"category","embeddable":true,"href":"https:\/\/cepronda.com\/blog\/wp-json\/wp\/v2\/categories?post=4305"},{"taxonomy":"post_tag","embeddable":true,"href":"https:\/\/cepronda.com\/blog\/wp-json\/wp\/v2\/tags?post=4305"}],"curies":[{"name":"wp","href":"https:\/\/api.w.org\/{rel}","templated":true}]}}