{"id":4302,"date":"2021-03-12T13:59:47","date_gmt":"2021-03-12T12:59:47","guid":{"rendered":"http:\/\/cepronda.com\/blog\/?p=4302"},"modified":"2025-04-28T11:55:59","modified_gmt":"2025-04-28T09:55:59","slug":"estrategias-de-evaluacion-en-frances-lengua-extranjera-secundaria","status":"publish","type":"post","link":"https:\/\/cepronda.com\/blog\/estrategias-de-evaluacion-en-frances-lengua-extranjera-secundaria\/","title":{"rendered":"ESTRATEGIAS DE EVALUACI\u00d3N EN FRANC\u00c9S LENGUA EXTRANJERA (SECUNDARIA)"},"content":{"rendered":"<section class=\"entry-content \">Buenas tardes compa\u00f1eras y compa\u00f1eros,<\/section>\n<section><\/section>\n<section><\/section>\n<section class=\"entry-content \">Os informamos que est\u00e1 abierto el plazo de inscripci\u00f3n de la formaci\u00f3n ESTRATEGIAS DE EVALUACI\u00d3N EN FRANC\u00c9S LENGUA EXTRANJERA (SECUNDARIA) PROVINCIAL&nbsp; 212924GE032,&nbsp;&nbsp; que comenzar\u00e1 a desarrollarse el pr\u00f3ximo&nbsp; 06\/04\/2021.<\/section>\n<section class=\"entry-content \">Adjuntamos <a href=\"https:\/\/www.juntadeandalucia.es\/educacion\/secretariavirtual\/consultaCEP\/actividad\/212924GE032\/\">enlace<\/a> : https:\/\/www.juntadeandalucia.es\/educacion\/secretariavirtual\/consultaCEP\/actividad\/212924GE032\/<\/section>\n<section><\/section>\n<section>El plazo de inscripci\u00f3n finaliza el pr\u00f3ximo 04\/04\/2021 a las 23:59.<\/section>\n<section class=\"entry-content \">Te rogamos que en el caso de renunciar o no poder asistir a esta formaci\u00f3n, lo comuniques a la mayor brevedad posible para no provocar perjuicio al resto de participantes ni al buen funcionamiento de la actividad.&nbsp;Deseamos que sea de vuestro inter\u00e9s.&nbsp;Saludos.<\/p>\n<\/section>\n<p><img data-recalc-dims=\"1\" loading=\"lazy\" decoding=\"async\" class=\"size-medium wp-image-4303 aligncenter\" src=\"https:\/\/i0.wp.com\/cepronda.com\/blog\/wp-content\/uploads\/2021\/03\/WhatsApp-Image-2021-03-12-at-13.07.27-212x300.jpeg?resize=212%2C300\" alt=\"\" width=\"212\" height=\"300\" srcset=\"https:\/\/i0.wp.com\/cepronda.com\/blog\/wp-content\/uploads\/2021\/03\/WhatsApp-Image-2021-03-12-at-13.07.27.jpeg?resize=212%2C300&amp;ssl=1 212w, https:\/\/i0.wp.com\/cepronda.com\/blog\/wp-content\/uploads\/2021\/03\/WhatsApp-Image-2021-03-12-at-13.07.27.jpeg?resize=724%2C1024&amp;ssl=1 724w, https:\/\/i0.wp.com\/cepronda.com\/blog\/wp-content\/uploads\/2021\/03\/WhatsApp-Image-2021-03-12-at-13.07.27.jpeg?resize=768%2C1086&amp;ssl=1 768w, https:\/\/i0.wp.com\/cepronda.com\/blog\/wp-content\/uploads\/2021\/03\/WhatsApp-Image-2021-03-12-at-13.07.27.jpeg?resize=1086%2C1536&amp;ssl=1 1086w, https:\/\/i0.wp.com\/cepronda.com\/blog\/wp-content\/uploads\/2021\/03\/WhatsApp-Image-2021-03-12-at-13.07.27.jpeg?w=1131&amp;ssl=1 1131w\" sizes=\"auto, (max-width: 212px) 100vw, 212px\" \/><\/p>\n","protected":false},"excerpt":{"rendered":"<p>Buenas tardes compa\u00f1eras y compa\u00f1eros, Os informamos que est\u00e1 abierto el plazo de inscripci\u00f3n de la formaci\u00f3n ESTRATEGIAS DE EVALUACI\u00d3N EN FRANC\u00c9S LENGUA EXTRANJERA (SECUNDARIA) PROVINCIAL&nbsp; 212924GE032,&nbsp;&nbsp; que comenzar\u00e1 a desarrollarse el pr\u00f3ximo&nbsp; 06\/04\/2021. Adjuntamos enlace : https:\/\/www.juntadeandalucia.es\/educacion\/secretariavirtual\/consultaCEP\/actividad\/212924GE032\/ El plazo de inscripci\u00f3n finaliza el pr\u00f3ximo 04\/04\/2021 a las 23:59. Te rogamos que en el caso [&hellip;]<\/p>\n","protected":false},"author":10,"featured_media":4303,"comment_status":"closed","ping_status":"open","sticky":false,"template":"","format":"standard","meta":{"_crdt_document":"","advanced_seo_description":"","jetpack_seo_html_title":"","jetpack_seo_noindex":false,"jetpack_post_was_ever_published":false,"_jetpack_newsletter_access":"","_jetpack_dont_email_post_to_subs":false,"_jetpack_newsletter_tier_id":0,"_jetpack_memberships_contains_paywalled_content":false,"_jetpack_memberships_contains_paid_content":false,"footnotes":"","jetpack_publicize_message":"","jetpack_publicize_feature_enabled":true,"jetpack_social_post_already_shared":true,"jetpack_social_options":{"image_generator_settings":{"template":"highway","default_image_id":0,"font":"","enabled":false},"version":2}},"categories":[3,5],"tags":[90,227,202],"class_list":{"0":"post-4302","1":"post","2":"type-post","3":"status-publish","4":"format-standard","5":"has-post-thumbnail","7":"category-formaciones","8":"category-noticias","9":"tag-cursos","10":"tag-franc","11":"tag-provincial","12":"czr-hentry"},"jetpack_publicize_connections":[],"jetpack_featured_media_url":"https:\/\/i0.wp.com\/cepronda.com\/blog\/wp-content\/uploads\/2021\/03\/WhatsApp-Image-2021-03-12-at-13.07.27.jpeg?fit=1131%2C1600&ssl=1","jetpack_shortlink":"https:\/\/wp.me\/p8M4X7-17o","jetpack-related-posts":[{"id":4297,"url":"https:\/\/cepronda.com\/blog\/estrategias-de-evaluacion-en-frances-lengua-extranjera-primaria\/","url_meta":{"origin":4302,"position":0},"title":"ESTRATEGIAS DE EVALUACI\u00d3N EN FRANC\u00c9S LENGUA EXTRANJERA (PRIMARIA)","author":"Maribel Mu\u00f1oz","date":"12 marzo, 2021","format":false,"excerpt":"Buenas tardes compa\u00f1eras y compa\u00f1eros, Os informamos que est\u00e1 abierto el plazo de inscripci\u00f3n de la formaci\u00f3n ESTRATEGIAS DE EVALUACI\u00d3N EN FRANC\u00c9S LENGUA EXTRANJERA (PRIMARIA) PROVINCIAL\u00a0 212924GE031,\u00a0\u00a0 que comenzar\u00e1 a desarrollarse el pr\u00f3ximo\u00a0 06\/04\/2021. Adjuntamos enlace : https:\/\/www.juntadeandalucia.es\/educacion\/secretariavirtual\/consultaCEP\/actividad\/212924GE031\/ El plazo de inscripci\u00f3n finaliza el pr\u00f3ximo 04\/04\/2021 a las 23:59. Te\u2026","rel":"","context":"En \u00abNoticias\u00bb","block_context":{"text":"Noticias","link":"https:\/\/cepronda.com\/blog\/category\/noticias\/"},"img":{"alt_text":"","src":"https:\/\/i0.wp.com\/cepronda.com\/blog\/wp-content\/uploads\/2021\/03\/WhatsApp-Image-2021-03-12-at-13.07.43.jpeg?fit=848%2C1200&ssl=1&resize=350%2C200","width":350,"height":200,"srcset":"https:\/\/i0.wp.com\/cepronda.com\/blog\/wp-content\/uploads\/2021\/03\/WhatsApp-Image-2021-03-12-at-13.07.43.jpeg?fit=848%2C1200&ssl=1&resize=350%2C200 1x, https:\/\/i0.wp.com\/cepronda.com\/blog\/wp-content\/uploads\/2021\/03\/WhatsApp-Image-2021-03-12-at-13.07.43.jpeg?fit=848%2C1200&ssl=1&resize=525%2C300 1.5x, https:\/\/i0.wp.com\/cepronda.com\/blog\/wp-content\/uploads\/2021\/03\/WhatsApp-Image-2021-03-12-at-13.07.43.jpeg?fit=848%2C1200&ssl=1&resize=700%2C400 2x"},"classes":[]},{"id":3275,"url":"https:\/\/cepronda.com\/blog\/estrategias-de-evaluacion-en-frances-lengua-extranjera-primaria-y-secundaria\/","url_meta":{"origin":4302,"position":1},"title":"ESTRATEGIAS DE EVALUACI\u00d3N EN FRANC\u00c9S LENGUA EXTRANJERA (PRIMARIA Y SECUNDARIA)","author":"V\u00edctor Caballero","date":"7 enero, 2020","format":false,"excerpt":"Muy buenas familia, Comenzamos un nuevo a\u00f1o con renovadas energ\u00edas, y nuevos cursos que se ponen en marcha. Para inscribiros ya ten\u00e9is abierto el curso ESTRATEGIAS DE EVALUACI\u00d3N EN FRANC\u00c9S LENGUA EXTRANJERA (PRIMARIA y SECUNDARIA). Para ver los detalles de la actividad e inscribiros s\u00f3lo ten\u00e9is que seguir uno de\u2026","rel":"","context":"En \u00abFormaciones\u00bb","block_context":{"text":"Formaciones","link":"https:\/\/cepronda.com\/blog\/category\/formaciones\/"},"img":{"alt_text":"","src":"https:\/\/i0.wp.com\/cepronda.com\/blog\/wp-content\/uploads\/2020\/01\/20200213-Franc%C3%A9s.-Estrategias-de-evaluaci%C3%B3n..jpg?fit=848%2C1200&ssl=1&resize=350%2C200","width":350,"height":200,"srcset":"https:\/\/i0.wp.com\/cepronda.com\/blog\/wp-content\/uploads\/2020\/01\/20200213-Franc%C3%A9s.-Estrategias-de-evaluaci%C3%B3n..jpg?fit=848%2C1200&ssl=1&resize=350%2C200 1x, https:\/\/i0.wp.com\/cepronda.com\/blog\/wp-content\/uploads\/2020\/01\/20200213-Franc%C3%A9s.-Estrategias-de-evaluaci%C3%B3n..jpg?fit=848%2C1200&ssl=1&resize=525%2C300 1.5x, https:\/\/i0.wp.com\/cepronda.com\/blog\/wp-content\/uploads\/2020\/01\/20200213-Franc%C3%A9s.-Estrategias-de-evaluaci%C3%B3n..jpg?fit=848%2C1200&ssl=1&resize=700%2C400 2x"},"classes":[]},{"id":4656,"url":"https:\/\/cepronda.com\/blog\/jornada-de-sensibilizacion-del-proyecto-linguistico-de-centro-plc-provincial-2\/","url_meta":{"origin":4302,"position":2},"title":"ESTRATEGIAS DE EVALUACI\u00d3N EN SECUNDARIA Y BACHILLERATO:  PR\u00c1CTICAS DE \u00c9XITO","author":"Maribel Mu\u00f1oz","date":"23 septiembre, 2021","format":false,"excerpt":"Buenas tardes compa\u00f1eras y compa\u00f1eros, Os informamos que est\u00e1 abierto el plazo de inscripci\u00f3n en la actividad ESTRATEGIAS DE EVALUACI\u00d3N EN SECUNDARIA Y BACHILLERATO:PR\u00c1CTICAS DE \u00c9XITO\u00a0 con c\u00f3digo 222924GE023. La formaci\u00f3n es online, con un total de 10 horas. Es de \u00e1mbito CEP.\u00a0 La fechas son:\u00a0 \u00a0 Plazo de inscripci\u00f3n:\u2026","rel":"","context":"En \u00abFormaciones\u00bb","block_context":{"text":"Formaciones","link":"https:\/\/cepronda.com\/blog\/category\/formaciones\/"},"img":{"alt_text":"","src":"https:\/\/i0.wp.com\/cepronda.com\/blog\/wp-content\/uploads\/2021\/09\/RECURSOS-DIGITALES-1.png?fit=848%2C1200&ssl=1&resize=350%2C200","width":350,"height":200,"srcset":"https:\/\/i0.wp.com\/cepronda.com\/blog\/wp-content\/uploads\/2021\/09\/RECURSOS-DIGITALES-1.png?fit=848%2C1200&ssl=1&resize=350%2C200 1x, https:\/\/i0.wp.com\/cepronda.com\/blog\/wp-content\/uploads\/2021\/09\/RECURSOS-DIGITALES-1.png?fit=848%2C1200&ssl=1&resize=525%2C300 1.5x, https:\/\/i0.wp.com\/cepronda.com\/blog\/wp-content\/uploads\/2021\/09\/RECURSOS-DIGITALES-1.png?fit=848%2C1200&ssl=1&resize=700%2C400 2x"},"classes":[]},{"id":5795,"url":"https:\/\/cepronda.com\/blog\/actualizacion-metodologica-de-la-ensenanza-del-espanol-como-lengua-extranjera\/","url_meta":{"origin":4302,"position":3},"title":"ACTUALIZACI\u00d3N METODOL\u00d3GICA DE LA ENSE\u00d1ANZA DEL ESPA\u00d1OL COMO LENGUA EXTRANJERA","author":"Mamen Moreno","date":"23 febrero, 2023","format":false,"excerpt":"Abierto el plazo de inscripci\u00f3n del curso provincial con videoconferencias en directo: M\u00e1s informaci\u00f3n e inscripci\u00f3n: https:\/\/www.juntadeandalucia.es\/educacion\/secretariavirtual\/consultaCEP\/actividad\/232926GE108\/ Dirigido al profesorado de ATAL. Fechas de inscripci\u00f3n: 23\/02\/2023 hasta 15\/03\/2023. Fechas de realizaci\u00f3n de las sesiones a trav\u00e9s de videoconferencias: 23 y 29 de marzo, 11, 13 y 18 de abril de\u2026","rel":"","context":"En \u00abFormaciones\u00bb","block_context":{"text":"Formaciones","link":"https:\/\/cepronda.com\/blog\/category\/formaciones\/"},"img":{"alt_text":"","src":"https:\/\/i0.wp.com\/cepronda.com\/blog\/wp-content\/uploads\/2023\/02\/WhatsApp-Image-2023-02-23-at-11.16.56.jpeg?fit=848%2C1200&ssl=1&resize=350%2C200","width":350,"height":200,"srcset":"https:\/\/i0.wp.com\/cepronda.com\/blog\/wp-content\/uploads\/2023\/02\/WhatsApp-Image-2023-02-23-at-11.16.56.jpeg?fit=848%2C1200&ssl=1&resize=350%2C200 1x, https:\/\/i0.wp.com\/cepronda.com\/blog\/wp-content\/uploads\/2023\/02\/WhatsApp-Image-2023-02-23-at-11.16.56.jpeg?fit=848%2C1200&ssl=1&resize=525%2C300 1.5x, https:\/\/i0.wp.com\/cepronda.com\/blog\/wp-content\/uploads\/2023\/02\/WhatsApp-Image-2023-02-23-at-11.16.56.jpeg?fit=848%2C1200&ssl=1&resize=700%2C400 2x"},"classes":[]},{"id":4333,"url":"https:\/\/cepronda.com\/blog\/promoviendo-relaciones-respetuosas-en-el-aula-de-fpb-estrategias-practicas-de-intervencion-con-disciplina-positiva\/","url_meta":{"origin":4302,"position":4},"title":"PROMOVIENDO RELACIONES RESPETUOSAS EN EL AULA DE FPB. ESTRATEGIAS PR\u00c1CTICAS DE INTERVENCI\u00d3N CON DISCIPLINA POSITIVA","author":"Antonio Montes","date":"19 marzo, 2021","format":false,"excerpt":"Buenas tardes compa\u00f1eras y compa\u00f1eros, Os informamos que est\u00e1 abierto el plazo de inscripci\u00f3n de la formaci\u00f3n PROMOVIENDO RELACIONES RESPETUOSAS EN EL AULA DE FPB. ESTRATEGIAS PR\u00c1CTICAS DE INTERVENCI\u00d3N CON DISCIPLINA POSITIVA, PROVINCIAL\u00a0 212924FP004,\u00a0\u00a0 que comenzar\u00e1 a desarrollarse el pr\u00f3ximo\u00a0 27\/04\/2021. Adjuntamos enlace : https:\/\/www.juntadeandalucia.es\/educacion\/secretariavirtual\/consultaCEP\/actividad\/212924FP004\/ El plazo de inscripci\u00f3n finaliza\u2026","rel":"","context":"En \u00abFormaciones\u00bb","block_context":{"text":"Formaciones","link":"https:\/\/cepronda.com\/blog\/category\/formaciones\/"},"img":{"alt_text":"","src":"https:\/\/i0.wp.com\/cepronda.com\/blog\/wp-content\/uploads\/2021\/03\/212924FP004-PROMOVIENDO-RELACIONES-RESPETUOSAS-EN-EL-AULA-DE-FPB.jpg?fit=848%2C1200&ssl=1&resize=350%2C200","width":350,"height":200,"srcset":"https:\/\/i0.wp.com\/cepronda.com\/blog\/wp-content\/uploads\/2021\/03\/212924FP004-PROMOVIENDO-RELACIONES-RESPETUOSAS-EN-EL-AULA-DE-FPB.jpg?fit=848%2C1200&ssl=1&resize=350%2C200 1x, https:\/\/i0.wp.com\/cepronda.com\/blog\/wp-content\/uploads\/2021\/03\/212924FP004-PROMOVIENDO-RELACIONES-RESPETUOSAS-EN-EL-AULA-DE-FPB.jpg?fit=848%2C1200&ssl=1&resize=525%2C300 1.5x, https:\/\/i0.wp.com\/cepronda.com\/blog\/wp-content\/uploads\/2021\/03\/212924FP004-PROMOVIENDO-RELACIONES-RESPETUOSAS-EN-EL-AULA-DE-FPB.jpg?fit=848%2C1200&ssl=1&resize=700%2C400 2x"},"classes":[]},{"id":7242,"url":"https:\/\/cepronda.com\/blog\/curso-para-el-profesorado-area-no-linguistica-anl-en-frances\/","url_meta":{"origin":4302,"position":5},"title":"CURSO PARA EL PROFESORADO \u00c1REA NO LING\u00dc\u00cdSTICA (ANL) EN FRANC\u00c9S","author":"Mamen Moreno","date":"5 diciembre, 2023","format":false,"excerpt":"Abierto el plazo de inscripci\u00f3n para el curso regional a distancia, dirigido al profesorado de \u00e1reas no ling\u00fc\u00edsticas de centros biling\u00fces franc\u00e9s: CURSO PARA PROFESORADO DE \u00c1REA NO LING\u00dc\u00cdSTICA EN FRANC\u00c9S c\u00f3digo: 24K9926AV155 Plazo de Inscripci\u00f3n: 04\/12\/2023 al 18\/12\/2023 Del 08\/01\/2024 hasta 29\/02\/2024 Enlace de inscripci\u00f3n:\u00a0https:\/\/www.juntadeandalucia.es\/educacion\/secretariavirtual\/consultaCEP\/actividad\/24K9926AV155\/","rel":"","context":"En \u00abFormaciones\u00bb","block_context":{"text":"Formaciones","link":"https:\/\/cepronda.com\/blog\/category\/formaciones\/"},"img":{"alt_text":"","src":"https:\/\/i0.wp.com\/cepronda.com\/blog\/wp-content\/uploads\/2023\/12\/CODIGO-1.png?fit=1080%2C1080&ssl=1&resize=350%2C200","width":350,"height":200,"srcset":"https:\/\/i0.wp.com\/cepronda.com\/blog\/wp-content\/uploads\/2023\/12\/CODIGO-1.png?fit=1080%2C1080&ssl=1&resize=350%2C200 1x, https:\/\/i0.wp.com\/cepronda.com\/blog\/wp-content\/uploads\/2023\/12\/CODIGO-1.png?fit=1080%2C1080&ssl=1&resize=525%2C300 1.5x, https:\/\/i0.wp.com\/cepronda.com\/blog\/wp-content\/uploads\/2023\/12\/CODIGO-1.png?fit=1080%2C1080&ssl=1&resize=700%2C400 2x, https:\/\/i0.wp.com\/cepronda.com\/blog\/wp-content\/uploads\/2023\/12\/CODIGO-1.png?fit=1080%2C1080&ssl=1&resize=1050%2C600 3x"},"classes":[]}],"jetpack_sharing_enabled":true,"_links":{"self":[{"href":"https:\/\/cepronda.com\/blog\/wp-json\/wp\/v2\/posts\/4302","targetHints":{"allow":["GET"]}}],"collection":[{"href":"https:\/\/cepronda.com\/blog\/wp-json\/wp\/v2\/posts"}],"about":[{"href":"https:\/\/cepronda.com\/blog\/wp-json\/wp\/v2\/types\/post"}],"author":[{"embeddable":true,"href":"https:\/\/cepronda.com\/blog\/wp-json\/wp\/v2\/users\/10"}],"replies":[{"embeddable":true,"href":"https:\/\/cepronda.com\/blog\/wp-json\/wp\/v2\/comments?post=4302"}],"version-history":[{"count":1,"href":"https:\/\/cepronda.com\/blog\/wp-json\/wp\/v2\/posts\/4302\/revisions"}],"predecessor-version":[{"id":4304,"href":"https:\/\/cepronda.com\/blog\/wp-json\/wp\/v2\/posts\/4302\/revisions\/4304"}],"wp:featuredmedia":[{"embeddable":true,"href":"https:\/\/cepronda.com\/blog\/wp-json\/wp\/v2\/media\/4303"}],"wp:attachment":[{"href":"https:\/\/cepronda.com\/blog\/wp-json\/wp\/v2\/media?parent=4302"}],"wp:term":[{"taxonomy":"category","embeddable":true,"href":"https:\/\/cepronda.com\/blog\/wp-json\/wp\/v2\/categories?post=4302"},{"taxonomy":"post_tag","embeddable":true,"href":"https:\/\/cepronda.com\/blog\/wp-json\/wp\/v2\/tags?post=4302"}],"curies":[{"name":"wp","href":"https:\/\/api.w.org\/{rel}","templated":true}]}}