{"id":4242,"date":"2021-03-05T14:28:43","date_gmt":"2021-03-05T13:28:43","guid":{"rendered":"http:\/\/cepronda.com\/blog\/?p=4242"},"modified":"2021-03-05T14:28:43","modified_gmt":"2021-03-05T13:28:43","slug":"iii-edicion-de-talleres-de-astronomia-para-centros-educativos-de-la-provincia-de-malaga-como-ver-arder-el-sol","status":"publish","type":"post","link":"https:\/\/cepronda.com\/blog\/iii-edicion-de-talleres-de-astronomia-para-centros-educativos-de-la-provincia-de-malaga-como-ver-arder-el-sol\/","title":{"rendered":"III Edici\u00f3n de Talleres de Astronom\u00eda para Centros Educativos de la Provincia de M\u00e1laga: \u00a1C\u00f3mo ver arder el Sol!"},"content":{"rendered":"<p>Buenas tardes compa\u00f1eras y compa\u00f1eros,<\/p>\n<p>Os informamos que el&nbsp;&nbsp;Servicio de Educaci\u00f3n de la Diputaci\u00f3n de M\u00e1laga acerca a los CEIPS e Institutos 80<strong>&nbsp;<\/strong>Talleres de Astronom\u00eda&nbsp;<strong><em>telem\u00e1ticos<\/em><\/strong>&nbsp;titulados: \u201c<strong>III Edici\u00f3n de Talleres de Astronom\u00eda para Centros Educativos de la Provincia de M\u00e1laga: \u201c\u00a1C\u00f3mo ver arder el Sol!\u201d&nbsp;<\/strong>para&nbsp;<strong>20&nbsp;<\/strong><strong>Centros Educativos de&nbsp;<\/strong>que tendr\u00e1n lugar durante los meses de marzo abril, mayo y junio.&nbsp;<\/p>\n<p>&nbsp;<\/p>\n<p>Estos talleres<strong>&nbsp;telem\u00e1ticos&nbsp;<\/strong>son<strong>&nbsp;gratuitos,<\/strong>&nbsp;est\u00e1n&nbsp;especialmente dirigidos a estudiantes para Primaria, Secundaria, Bachillerato, FP y ciclos formativos.&nbsp;&nbsp;La sesiones&nbsp;son de una duraci\u00f3n de 40-50 minutos, de manera que se ofrecen hasta 4 talleres por centro para la jornada escolar, sin l\u00edmite de participantes\/sesi\u00f3n.<\/p>\n<p>&nbsp;<\/p>\n<p>Se realizar\u00e1 la&nbsp;<strong><em>Observaci\u00f3n Astron\u00f3mica del Sol<\/em><\/strong>&nbsp; en directo, mediante diferentes sistemas \u00f3pticos con el objetivo&nbsp;de contemplar la fotosfera y la cromosfera solar en la que los participantes podr\u00e1n estudiar la intensa actividad que en ellas se desarrolla y disfrutar de im\u00e1genes \u00fanicas.<\/p>\n<p>&nbsp;<\/p>\n<p>La actividad ser\u00e1 impartida por Francisco Javier G\u00e1lvez Fern\u00e1ndez, Lcdo. en Ciencias (astr\u00f3nomo por Matem\u00e1ticas) y Planetarista. Director del Aula del Cielo y del Observatorio Astron\u00f3mico del Torcal de Antequera.<\/p>\n<p>&nbsp;<\/p>\n<p>Se realizar\u00e1n fotograf\u00edas y grabaciones en video de la observaci\u00f3n realizada, que se ofrecer\u00e1n a los centros como material escolar propio. Tambi\u00e9n se ofrecer\u00e1 material complementario para seguir trabajando en el aula. Al final de cada taller, se invitar\u00e1 a los docentes a participar en una actividad adicional para profundizar.<\/p>\n<p>&nbsp;<\/p>\n<p><strong>El plazo de inscripci\u00f3n para dicha actividad se abrir\u00e1 el d\u00eda&nbsp;<\/strong><strong>19 de Febrero<\/strong><strong>&nbsp;y hasta el&nbsp;<\/strong><strong>12 de Marzo<\/strong><strong>.<\/strong><\/p>\n<p>&nbsp;<\/p>\n<p>&nbsp;Para&nbsp;participar es requisito indispensable realizar la correspondiente solicitud en el enlace de inscripci\u00f3n y debe realizarse&nbsp;<strong>por personal directivo del centro educativo, director\/a o jefe\/a de estudios.<\/strong><\/p>\n<p>&nbsp;<\/p>\n<p><a href=\"https:\/\/www.malaga.es\/deportesjuventud\/educacion\/inscripcion\" data-saferedirecturl=\"https:\/\/www.google.com\/url?q=https:\/\/www.malaga.es\/deportesjuventud\/educacion\/inscripcion&amp;source=gmail&amp;ust=1615018241728000&amp;usg=AFQjCNEHQADfB5M80KOMl_QOS9PplZllWg\">https:\/\/www.malaga.es\/deportesjuventud\/educacion\/inscripcion<\/a>&nbsp;<\/p>\n<p>&nbsp;<\/p>\n<p>Aqu\u00ed habr\u00e1 que seleccionar la actividad&nbsp;\u201c<strong>III Edici\u00f3n de Talleres de Astronom\u00eda para Centros Educativos de la Provincia de M\u00e1laga: \u201c\u00a1C\u00f3mo ver arder el Sol!\u201d.&nbsp;&nbsp;&nbsp;&nbsp;&nbsp;&nbsp;&nbsp;&nbsp;&nbsp;&nbsp;&nbsp;&nbsp;&nbsp;&nbsp;&nbsp;&nbsp;&nbsp;&nbsp;&nbsp;&nbsp;&nbsp;&nbsp;&nbsp;&nbsp;&nbsp;&nbsp;&nbsp;&nbsp;&nbsp;&nbsp;&nbsp;&nbsp;&nbsp;&nbsp;&nbsp;&nbsp;&nbsp;&nbsp;&nbsp;&nbsp;&nbsp;&nbsp;&nbsp;&nbsp;&nbsp;&nbsp;&nbsp;&nbsp;&nbsp;&nbsp;&nbsp;&nbsp;&nbsp;&nbsp;&nbsp;&nbsp;&nbsp;&nbsp;&nbsp;&nbsp;&nbsp;&nbsp;&nbsp;&nbsp;&nbsp;&nbsp;&nbsp;&nbsp;<\/strong><\/p>\n<p>&nbsp;<\/p>\n<p><strong>&nbsp;<\/strong>Al enviar el formulario de inscripci\u00f3n, recibir\u00e1n un correo electr\u00f3nico que se genera autom\u00e1ticamente y refleja los datos que hayan cumplimentado. Este correo NO LE ASIGNA la actividad. Esta se realizar\u00e1 por orden de inscripci\u00f3n.<\/p>\n<p><strong><em>Desde el servicio de Educaci\u00f3n de la Diputaci\u00f3n de M\u00e1laga esperamos&nbsp;que esta informaci\u00f3n sea de su inter\u00e9s.<\/em><\/strong><\/p>\n<p><strong><em>&nbsp;PARA MAS INFO PUEDE SEGUIR EL SIGUIENTE ENLACE:<\/em><\/strong><\/p>\n<p>&nbsp;<\/p>\n<p><strong><em><a href=\"https:\/\/www.malaga.es\/deportesjuventud\/5740\/educacion\" data-saferedirecturl=\"https:\/\/www.google.com\/url?q=https:\/\/www.malaga.es\/deportesjuventud\/5740\/educacion&amp;source=gmail&amp;ust=1615018241728000&amp;usg=AFQjCNHrf7Cl68IcjvRm941m3HDVYnBhSQ\">https:\/\/www.malaga.es\/deportesjuventud\/5740\/educacion<\/a><\/em><\/strong><\/p>\n<p>&nbsp;<\/p>\n","protected":false},"excerpt":{"rendered":"<p>Buenas tardes compa\u00f1eras y compa\u00f1eros, Os informamos que el&nbsp;&nbsp;Servicio de Educaci\u00f3n de la Diputaci\u00f3n de M\u00e1laga acerca a los CEIPS e Institutos 80&nbsp;Talleres de Astronom\u00eda&nbsp;telem\u00e1ticos&nbsp;titulados: \u201cIII Edici\u00f3n de Talleres de Astronom\u00eda para Centros Educativos de la Provincia de M\u00e1laga: \u201c\u00a1C\u00f3mo ver arder el Sol!\u201d&nbsp;para&nbsp;20&nbsp;Centros Educativos de&nbsp;que tendr\u00e1n lugar durante los meses de marzo abril, mayo [&hellip;]<\/p>\n","protected":false},"author":3,"featured_media":3495,"comment_status":"closed","ping_status":"open","sticky":false,"template":"","format":"standard","meta":{"_crdt_document":"","advanced_seo_description":"","jetpack_seo_html_title":"","jetpack_seo_noindex":false,"jetpack_post_was_ever_published":false,"_jetpack_newsletter_access":"","_jetpack_dont_email_post_to_subs":false,"_jetpack_newsletter_tier_id":0,"_jetpack_memberships_contains_paywalled_content":false,"_jetpack_memberships_contains_paid_content":false,"footnotes":"","jetpack_publicize_message":"","jetpack_publicize_feature_enabled":true,"jetpack_social_post_already_shared":true,"jetpack_social_options":{"image_generator_settings":{"template":"highway","default_image_id":0,"font":"","enabled":false},"version":2}},"categories":[5],"tags":[223],"class_list":{"0":"post-4242","1":"post","2":"type-post","3":"status-publish","4":"format-standard","5":"has-post-thumbnail","7":"category-noticias","8":"tag-video","9":"czr-hentry"},"jetpack_publicize_connections":[],"jetpack_featured_media_url":"https:\/\/i0.wp.com\/cepronda.com\/blog\/wp-content\/uploads\/2020\/03\/S%C2%B0mbolo-gen%C3%87rico-RRSS-redondo-negativo.png?fit=1500%2C1500&ssl=1","jetpack_shortlink":"https:\/\/wp.me\/p8M4X7-16q","jetpack-related-posts":[{"id":7370,"url":"https:\/\/cepronda.com\/blog\/v-campeonato-malagueno-de-orientacion-por-centros-educativos-cmceo-2024-en-ronda\/","url_meta":{"origin":4242,"position":0},"title":"V CAMPEONATO MALAGUE\u00d1O DE ORIENTACI\u00d3N POR CENTROS EDUCATIVOS (CMCEO 2024) -En Ronda-","author":"V\u00edctor Caballero","date":"16 enero, 2024","format":false,"excerpt":"V CAMPEONATO MALAGUE\u00d1O DE ORIENTACI\u00d3N POR CENTROS EDUCATIVOS (CMCEO 2024) Informaci\u00f3n\u00a0general: CP \u2013 2\u00aa prueba del Circuito Provincial + CMCEO \u2013 Ronda (10 febrero 2024) \u2013 Club de Orientaci\u00f3n de M\u00e1laga (clubcoma.org) Informaci\u00f3n espec\u00edfica CMCEO\u00a02024: CMCEO24 - Bolet\u00edn Informativo.pdf - Google Drive BOLET\u00cdN INFORMATIVO Fecha: 10\/02\/2024 Lugar: Ronda (M\u00e1laga) Horario:\u2026","rel":"","context":"En \u00abFormaciones\u00bb","block_context":{"text":"Formaciones","link":"https:\/\/cepronda.com\/blog\/category\/formaciones\/"},"img":{"alt_text":"","src":"https:\/\/i0.wp.com\/cepronda.com\/blog\/wp-content\/uploads\/2024\/01\/Captura-de-pantalla-2024-01-16-a-las-10.01.38.png?fit=678%2C410&ssl=1&resize=350%2C200","width":350,"height":200,"srcset":"https:\/\/i0.wp.com\/cepronda.com\/blog\/wp-content\/uploads\/2024\/01\/Captura-de-pantalla-2024-01-16-a-las-10.01.38.png?fit=678%2C410&ssl=1&resize=350%2C200 1x, https:\/\/i0.wp.com\/cepronda.com\/blog\/wp-content\/uploads\/2024\/01\/Captura-de-pantalla-2024-01-16-a-las-10.01.38.png?fit=678%2C410&ssl=1&resize=525%2C300 1.5x"},"classes":[]},{"id":7565,"url":"https:\/\/cepronda.com\/blog\/7565-2\/","url_meta":{"origin":4242,"position":1},"title":"TRATAMIENTO Y DIFUSI\u00d3N DEL PLAN DE LECTURA PLANIFICADA EN LOS CENTROS EDUCATIVOS","author":"Mamen Moreno","date":"16 abril, 2024","format":false,"excerpt":"Jornadas Provinciales \"TRATAMIENTO Y DIFUSI\u00d3N DEL PLAN DE LECTURA PLANIFICADA EN LOS CENTROS EDUCATIVOS.\" Esta actividad formativa se ha dise\u00f1ado para orientar y proporcionar recursos al profesorado de Educaci\u00f3n Infantil, Primaria y Secundaria. Se ofrecer\u00e1n estrategias de seguimiento y evaluaci\u00f3n, talleres de lectura y escritura, y pr\u00e1cticas de \u00e9xito desarrolladas\u2026","rel":"","context":"En \u00abFormaciones\u00bb","block_context":{"text":"Formaciones","link":"https:\/\/cepronda.com\/blog\/category\/formaciones\/"},"img":{"alt_text":"","src":"https:\/\/i0.wp.com\/cepronda.com\/blog\/wp-content\/uploads\/2024\/04\/WhatsApp-Image-2024-04-15-at-13.55.01.jpeg?fit=800%2C800&ssl=1&resize=350%2C200","width":350,"height":200,"srcset":"https:\/\/i0.wp.com\/cepronda.com\/blog\/wp-content\/uploads\/2024\/04\/WhatsApp-Image-2024-04-15-at-13.55.01.jpeg?fit=800%2C800&ssl=1&resize=350%2C200 1x, https:\/\/i0.wp.com\/cepronda.com\/blog\/wp-content\/uploads\/2024\/04\/WhatsApp-Image-2024-04-15-at-13.55.01.jpeg?fit=800%2C800&ssl=1&resize=525%2C300 1.5x, https:\/\/i0.wp.com\/cepronda.com\/blog\/wp-content\/uploads\/2024\/04\/WhatsApp-Image-2024-04-15-at-13.55.01.jpeg?fit=800%2C800&ssl=1&resize=700%2C400 2x"},"classes":[]},{"id":8937,"url":"https:\/\/cepronda.com\/blog\/gestion-economica-para-secretarias-5\/","url_meta":{"origin":4242,"position":2},"title":"GESTI\u00d3N ECON\u00d3MICA PARA SECRETAR\u00cdAS","author":"Mamen Moreno","date":"17 octubre, 2025","format":false,"excerpt":"Abierta la inscripci\u00f3n para el 2\u00ba curso del Itinerario Formativo para Secretar\u00edas de Centros P\u00fablicos: Gesti\u00f3n econ\u00f3mica para secretar\u00edas. C\u00f3digo: 269924KPF230 Dirigido a: secretar\u00edas en activo de los centros educativos p\u00fablicos de la provincia de M\u00e1laga. Comienzo: 5 de noviembre Inscripci\u00f3n del 17\/10 al 31\/10 M\u00e1s informaci\u00f3n: https:\/\/www.juntadeandalucia.es\/educacion\/secretariavirtual\/consultaCEP\/actividad\/269924KPF230\/","rel":"","context":"En \u00abFormaciones\u00bb","block_context":{"text":"Formaciones","link":"https:\/\/cepronda.com\/blog\/category\/formaciones\/"},"img":{"alt_text":"","src":"https:\/\/i0.wp.com\/cepronda.com\/blog\/wp-content\/uploads\/2025\/09\/SECRETARIAS-NOVELES-2023_24.png?fit=848%2C1200&ssl=1&resize=350%2C200","width":350,"height":200,"srcset":"https:\/\/i0.wp.com\/cepronda.com\/blog\/wp-content\/uploads\/2025\/09\/SECRETARIAS-NOVELES-2023_24.png?fit=848%2C1200&ssl=1&resize=350%2C200 1x, https:\/\/i0.wp.com\/cepronda.com\/blog\/wp-content\/uploads\/2025\/09\/SECRETARIAS-NOVELES-2023_24.png?fit=848%2C1200&ssl=1&resize=525%2C300 1.5x, https:\/\/i0.wp.com\/cepronda.com\/blog\/wp-content\/uploads\/2025\/09\/SECRETARIAS-NOVELES-2023_24.png?fit=848%2C1200&ssl=1&resize=700%2C400 2x"},"classes":[]},{"id":8544,"url":"https:\/\/cepronda.com\/blog\/suspension-jornadas-becrea-malaga\/","url_meta":{"origin":4242,"position":3},"title":"SUSPENSI\u00d3N DE LAS JORNADAS RED BECREA M\u00c1LAGA","author":"Mamen Moreno","date":"29 abril, 2025","format":false,"excerpt":"En vista de los recientes acontecimientos, las condiciones relacionadas con transporte, conectividad, electricidad\u2026 y con el objetivo de que pod\u00e1is atender al alumnado correctamente en los centros educativos, hemos tomado la decisi\u00f3n de POSPONER LAS JORNADAS DE LA RED BECREA M\u00e1laga. Les comunicaremos una nueva fecha para las mismas tan\u2026","rel":"","context":"En \u00abNoticias\u00bb","block_context":{"text":"Noticias","link":"https:\/\/cepronda.com\/blog\/category\/noticias\/"},"img":{"alt_text":"","src":"https:\/\/i0.wp.com\/cepronda.com\/blog\/wp-content\/uploads\/2025\/04\/WhatsApp-Image-2025-04-29-at-07.38.58.jpeg?fit=675%2C1200&ssl=1&resize=350%2C200","width":350,"height":200,"srcset":"https:\/\/i0.wp.com\/cepronda.com\/blog\/wp-content\/uploads\/2025\/04\/WhatsApp-Image-2025-04-29-at-07.38.58.jpeg?fit=675%2C1200&ssl=1&resize=350%2C200 1x, https:\/\/i0.wp.com\/cepronda.com\/blog\/wp-content\/uploads\/2025\/04\/WhatsApp-Image-2025-04-29-at-07.38.58.jpeg?fit=675%2C1200&ssl=1&resize=525%2C300 1.5x"},"classes":[]},{"id":2581,"url":"https:\/\/cepronda.com\/blog\/primeros-auxilios-y-actuacion-en-incendios-en-centros-educativos\/","url_meta":{"origin":4242,"position":4},"title":"PRIMEROS AUXILIOS Y ACTUACI\u00d3N EN INCENDIOS EN CENTROS EDUCATIVOS","author":"V\u00edctor Caballero","date":"15 enero, 2019","format":false,"excerpt":"\u00a1Hola! Sabemos que una de vuestras peticiones de formaci\u00f3n cada curso, casi siempre va relacionada con los primeros auxilios. Es por ello por lo que se ha decidido dise\u00f1ar esta actividad formativa. Para ver los detalles e inscribiros en la misma, s\u00f3lo ten\u00e9is que seguir este enlace.","rel":"","context":"En \u00abNoticias\u00bb","block_context":{"text":"Noticias","link":"https:\/\/cepronda.com\/blog\/category\/noticias\/"},"img":{"alt_text":"","src":"https:\/\/i0.wp.com\/cepronda.com\/blog\/wp-content\/uploads\/2019\/01\/first-aid-3082670_1920.jpg?resize=350%2C200&ssl=1","width":350,"height":200,"srcset":"https:\/\/i0.wp.com\/cepronda.com\/blog\/wp-content\/uploads\/2019\/01\/first-aid-3082670_1920.jpg?resize=350%2C200&ssl=1 1x, https:\/\/i0.wp.com\/cepronda.com\/blog\/wp-content\/uploads\/2019\/01\/first-aid-3082670_1920.jpg?resize=525%2C300&ssl=1 1.5x, https:\/\/i0.wp.com\/cepronda.com\/blog\/wp-content\/uploads\/2019\/01\/first-aid-3082670_1920.jpg?resize=700%2C400&ssl=1 2x, https:\/\/i0.wp.com\/cepronda.com\/blog\/wp-content\/uploads\/2019\/01\/first-aid-3082670_1920.jpg?resize=1050%2C600&ssl=1 3x, https:\/\/i0.wp.com\/cepronda.com\/blog\/wp-content\/uploads\/2019\/01\/first-aid-3082670_1920.jpg?resize=1400%2C800&ssl=1 4x"},"classes":[]},{"id":7694,"url":"https:\/\/cepronda.com\/blog\/jornadas-para-responsables-de-formacion-y-equipos-directivos-de-los-centros-educativos-12h-codigo-252924ge001\/","url_meta":{"origin":4242,"position":5},"title":"JORNADAS PARA RESPONSABLES DE FORMACI\u00d3N Y EQUIPOS DIRECTIVOS DE LOS CENTROS EDUCATIVOS (12h), c\u00f3digo 252924GE001.","author":"Inmaculada Garc\u00eda","date":"11 septiembre, 2024","format":false,"excerpt":"Os informamos que se encuentra abierta la inscripci\u00f3n en el curso provincial: JORNADAS PARA RESPONSABLES DE FORMACI\u00d3N Y EQUIPOS DIRECTIVOS DE LOS CENTROS EDUCATIVOS (12h), con c\u00f3digo 252924GE001. Esta actividad est\u00e1 dirigida a equipos directivos de los diferentes niveles educativos, responsables de formaci\u00f3n de centros educativos de infantil, primaria y\u2026","rel":"","context":"En \u00abNoticias\u00bb","block_context":{"text":"Noticias","link":"https:\/\/cepronda.com\/blog\/category\/noticias\/"},"img":{"alt_text":"","src":"https:\/\/i0.wp.com\/cepronda.com\/blog\/wp-content\/uploads\/2024\/09\/CARTEL-FEIE.jpg?fit=1080%2C1080&ssl=1&resize=350%2C200","width":350,"height":200,"srcset":"https:\/\/i0.wp.com\/cepronda.com\/blog\/wp-content\/uploads\/2024\/09\/CARTEL-FEIE.jpg?fit=1080%2C1080&ssl=1&resize=350%2C200 1x, https:\/\/i0.wp.com\/cepronda.com\/blog\/wp-content\/uploads\/2024\/09\/CARTEL-FEIE.jpg?fit=1080%2C1080&ssl=1&resize=525%2C300 1.5x, https:\/\/i0.wp.com\/cepronda.com\/blog\/wp-content\/uploads\/2024\/09\/CARTEL-FEIE.jpg?fit=1080%2C1080&ssl=1&resize=700%2C400 2x, https:\/\/i0.wp.com\/cepronda.com\/blog\/wp-content\/uploads\/2024\/09\/CARTEL-FEIE.jpg?fit=1080%2C1080&ssl=1&resize=1050%2C600 3x"},"classes":[]}],"jetpack_sharing_enabled":true,"_links":{"self":[{"href":"https:\/\/cepronda.com\/blog\/wp-json\/wp\/v2\/posts\/4242","targetHints":{"allow":["GET"]}}],"collection":[{"href":"https:\/\/cepronda.com\/blog\/wp-json\/wp\/v2\/posts"}],"about":[{"href":"https:\/\/cepronda.com\/blog\/wp-json\/wp\/v2\/types\/post"}],"author":[{"embeddable":true,"href":"https:\/\/cepronda.com\/blog\/wp-json\/wp\/v2\/users\/3"}],"replies":[{"embeddable":true,"href":"https:\/\/cepronda.com\/blog\/wp-json\/wp\/v2\/comments?post=4242"}],"version-history":[{"count":1,"href":"https:\/\/cepronda.com\/blog\/wp-json\/wp\/v2\/posts\/4242\/revisions"}],"predecessor-version":[{"id":4243,"href":"https:\/\/cepronda.com\/blog\/wp-json\/wp\/v2\/posts\/4242\/revisions\/4243"}],"wp:featuredmedia":[{"embeddable":true,"href":"https:\/\/cepronda.com\/blog\/wp-json\/wp\/v2\/media\/3495"}],"wp:attachment":[{"href":"https:\/\/cepronda.com\/blog\/wp-json\/wp\/v2\/media?parent=4242"}],"wp:term":[{"taxonomy":"category","embeddable":true,"href":"https:\/\/cepronda.com\/blog\/wp-json\/wp\/v2\/categories?post=4242"},{"taxonomy":"post_tag","embeddable":true,"href":"https:\/\/cepronda.com\/blog\/wp-json\/wp\/v2\/tags?post=4242"}],"curies":[{"name":"wp","href":"https:\/\/api.w.org\/{rel}","templated":true}]}}