{"id":4238,"date":"2021-03-04T19:34:53","date_gmt":"2021-03-04T18:34:53","guid":{"rendered":"http:\/\/cepronda.com\/blog\/?p=4238"},"modified":"2025-04-28T11:55:59","modified_gmt":"2025-04-28T09:55:59","slug":"programacion-didactica-la-evaluacion-en-fp-iv","status":"publish","type":"post","link":"https:\/\/cepronda.com\/blog\/programacion-didactica-la-evaluacion-en-fp-iv\/","title":{"rendered":"PROGRAMACI\u00d3N DID\u00c1CTICA: LA EVALUACI\u00d3N EN FP (IV)"},"content":{"rendered":"<p>Buenas tardes compa\u00f1eras y compa\u00f1eros,<\/p>\n<p>Os informamos que est\u00e1 abiero el plazo de inscripci\u00f3n de la formaci\u00f3n <strong>PROGRAMACI\u00d3N DID\u00c1CTICA: LA EVALUACI\u00d3N EN FP (IV)&nbsp; 211107FP013&nbsp;<\/strong> desde el martes 2 de marzo a las 10:00 hasta el 12\/03\/2021. La inscripci\u00f3n se cerrar\u00e1 cuando se llegue a las 315 solicitudes, aunque sea antes del 12 de marzo. Esta formaci\u00f3n se desarrollar\u00e1 en el Aula Virtual Formaci\u00f3n del Profesorado del 19\/03\/2021 al 17\/04\/2021. Tiene una duraci\u00f3n de&nbsp; 30horas (0 presenciales y 30 no presenciales)<\/p>\n<p>Detalles e <a href=\"https:\/\/www.juntadeandalucia.es\/educacion\/secretariavirtual\/consultaCEP\/actividad\/211107FP013\/\">inscripci\u00f3n<\/a>: https:\/\/www.juntadeandalucia.es\/educacion\/secretariavirtual\/consultaCEP\/actividad\/211107FP013\/<\/p>\n<p>Deseamos que sea de vuestro inter\u00e9s.<\/p>\n<p>Saludos<\/p>\n<p><img data-recalc-dims=\"1\" loading=\"lazy\" decoding=\"async\" class=\" wp-image-3778 aligncenter\" src=\"https:\/\/i0.wp.com\/cepronda.com\/blog\/wp-content\/uploads\/2020\/09\/Logo-progamas-de-formacion-oficial.jpg?resize=187%2C116\" alt=\"\" width=\"187\" height=\"116\"><\/p>\n","protected":false},"excerpt":{"rendered":"<p>Buenas tardes compa\u00f1eras y compa\u00f1eros, Os informamos que est\u00e1 abiero el plazo de inscripci\u00f3n de la formaci\u00f3n PROGRAMACI\u00d3N DID\u00c1CTICA: LA EVALUACI\u00d3N EN FP (IV)&nbsp; 211107FP013&nbsp; desde el martes 2 de marzo a las 10:00 hasta el 12\/03\/2021. La inscripci\u00f3n se cerrar\u00e1 cuando se llegue a las 315 solicitudes, aunque sea antes del 12 de marzo. [&hellip;]<\/p>\n","protected":false},"author":10,"featured_media":3778,"comment_status":"closed","ping_status":"open","sticky":false,"template":"","format":"standard","meta":{"_crdt_document":"","advanced_seo_description":"","jetpack_seo_html_title":"","jetpack_seo_noindex":false,"jetpack_post_was_ever_published":false,"_jetpack_newsletter_access":"","_jetpack_dont_email_post_to_subs":false,"_jetpack_newsletter_tier_id":0,"_jetpack_memberships_contains_paywalled_content":false,"_jetpack_memberships_contains_paid_content":false,"footnotes":"","jetpack_publicize_message":"","jetpack_publicize_feature_enabled":true,"jetpack_social_post_already_shared":true,"jetpack_social_options":{"image_generator_settings":{"template":"highway","default_image_id":0,"font":"","enabled":false},"version":2}},"categories":[3,5],"tags":[10,90,218],"class_list":{"0":"post-4238","1":"post","2":"type-post","3":"status-publish","4":"format-standard","5":"has-post-thumbnail","7":"category-formaciones","8":"category-noticias","9":"tag-avfp","10":"tag-cursos","11":"tag-fp","12":"czr-hentry"},"jetpack_publicize_connections":[],"jetpack_featured_media_url":"https:\/\/i0.wp.com\/cepronda.com\/blog\/wp-content\/uploads\/2020\/09\/Logo-progamas-de-formacion-oficial.jpg?fit=134%2C83&ssl=1","jetpack_shortlink":"https:\/\/wp.me\/p8M4X7-16m","jetpack-related-posts":[{"id":7519,"url":"https:\/\/cepronda.com\/blog\/comunicacion-y-trabajo-en-equipo-lo-implementamos-en-el-aula-de-fp-24403ge056\/","url_meta":{"origin":4238,"position":0},"title":"\u00abCOMUNICACI\u00d3N Y TRABAJO EN EQUIPO: LO IMPLEMENTAMOS EN EL AULA DE FP\u00bb (24403GE056)","author":"Inmaculada Garc\u00eda","date":"18 marzo, 2024","format":false,"excerpt":"Se encuentra abierto el plazo de inscripci\u00f3n de la actividad regional \"COMUNICACI\u00d3N Y TRABAJO EN EQUIPO: LO IMPLEMENTAMOS EN EL AULA DE FP\", dirigida al profesorado de Formaci\u00f3n Profesional. T\u00edtulo:\u00a0COMUNICACI\u00d3N Y TRABAJO EN EQUIPO: LO IMPLEMENTAMOS EN EL AULA DE FP C\u00f3digo:\u00a024403GE056 Modalidad:\u00a0Curso a Distancia \u00c1mbito:\u00a0Regional Lugar de realizaci\u00f3n:\u00a0AVFP Fecha\u2026","rel":"","context":"En \u00abFormaciones\u00bb","block_context":{"text":"Formaciones","link":"https:\/\/cepronda.com\/blog\/category\/formaciones\/"},"img":{"alt_text":"","src":"https:\/\/i0.wp.com\/cepronda.com\/blog\/wp-content\/uploads\/2024\/03\/ComunicaciA%C6%92AEA%E2%80%A0aE%E2%84%A2A%C6%92aEsA%E2%80%9AA%C2%B3n-y-trabajo-en-equipo-1.png?fit=1080%2C1080&ssl=1&resize=350%2C200","width":350,"height":200,"srcset":"https:\/\/i0.wp.com\/cepronda.com\/blog\/wp-content\/uploads\/2024\/03\/ComunicaciA%C6%92AEA%E2%80%A0aE%E2%84%A2A%C6%92aEsA%E2%80%9AA%C2%B3n-y-trabajo-en-equipo-1.png?fit=1080%2C1080&ssl=1&resize=350%2C200 1x, https:\/\/i0.wp.com\/cepronda.com\/blog\/wp-content\/uploads\/2024\/03\/ComunicaciA%C6%92AEA%E2%80%A0aE%E2%84%A2A%C6%92aEsA%E2%80%9AA%C2%B3n-y-trabajo-en-equipo-1.png?fit=1080%2C1080&ssl=1&resize=525%2C300 1.5x, https:\/\/i0.wp.com\/cepronda.com\/blog\/wp-content\/uploads\/2024\/03\/ComunicaciA%C6%92AEA%E2%80%A0aE%E2%84%A2A%C6%92aEsA%E2%80%9AA%C2%B3n-y-trabajo-en-equipo-1.png?fit=1080%2C1080&ssl=1&resize=700%2C400 2x, https:\/\/i0.wp.com\/cepronda.com\/blog\/wp-content\/uploads\/2024\/03\/ComunicaciA%C6%92AEA%E2%80%A0aE%E2%84%A2A%C6%92aEsA%E2%80%9AA%C2%B3n-y-trabajo-en-equipo-1.png?fit=1080%2C1080&ssl=1&resize=1050%2C600 3x"},"classes":[]},{"id":3103,"url":"https:\/\/cepronda.com\/blog\/taller-de-programacion-y-evaluacion-por-competencias-para-secundaria-bachillerato-y-fp\/","url_meta":{"origin":4238,"position":1},"title":"TALLER DE PROGRAMACI\u00d3N Y EVALUACI\u00d3N POR COMPETENCIAS PARA SECUNDARIA, BACHILLERATO Y FP","author":"V\u00edctor Caballero","date":"18 octubre, 2019","format":false,"excerpt":"Muy buenas, comunicamos que se ha abierto el plazo de inscripci\u00f3n para la actividad de \"TALLER DE PROGRAMACI\u00d3N Y EVALUACI\u00d3N POR COMPETENCIAS PARA SECUNDARIA, BACHILLERATO Y FP\". Os dejamos con el enlace a la actividad para que os pod\u00e1is inscribir.","rel":"","context":"En \u00abFormaciones\u00bb","block_context":{"text":"Formaciones","link":"https:\/\/cepronda.com\/blog\/category\/formaciones\/"},"img":{"alt_text":"","src":"https:\/\/i0.wp.com\/cepronda.com\/blog\/wp-content\/uploads\/2019\/10\/TALLER-DE-PROGRAMACI%C3%93N-POR-COMPETENCIAS-EN-SECUNDARIA-BACHILLERATO-Y-FP.jpg?fit=848%2C1200&ssl=1&resize=350%2C200","width":350,"height":200,"srcset":"https:\/\/i0.wp.com\/cepronda.com\/blog\/wp-content\/uploads\/2019\/10\/TALLER-DE-PROGRAMACI%C3%93N-POR-COMPETENCIAS-EN-SECUNDARIA-BACHILLERATO-Y-FP.jpg?fit=848%2C1200&ssl=1&resize=350%2C200 1x, https:\/\/i0.wp.com\/cepronda.com\/blog\/wp-content\/uploads\/2019\/10\/TALLER-DE-PROGRAMACI%C3%93N-POR-COMPETENCIAS-EN-SECUNDARIA-BACHILLERATO-Y-FP.jpg?fit=848%2C1200&ssl=1&resize=525%2C300 1.5x, https:\/\/i0.wp.com\/cepronda.com\/blog\/wp-content\/uploads\/2019\/10\/TALLER-DE-PROGRAMACI%C3%93N-POR-COMPETENCIAS-EN-SECUNDARIA-BACHILLERATO-Y-FP.jpg?fit=848%2C1200&ssl=1&resize=700%2C400 2x"},"classes":[]},{"id":4139,"url":"https:\/\/cepronda.com\/blog\/taller-elaboracion-proyectos-fp-dual-curso-2021-2022\/","url_meta":{"origin":4238,"position":2},"title":"TALLER ELABORACI\u00d3N PROYECTOS FP DUAL.CURSO 2021\/2022","author":"Maribel Mu\u00f1oz","date":"1 febrero, 2021","format":false,"excerpt":"Buenas tardes compa\u00f1eras y compa\u00f1eros, Os informamos que est\u00e1 abierto el plazo de inscripci\u00f3n de la formaci\u00f3n TALLER ELABORACI\u00d3N PROYECTOS FP DUAL CURSO 2021\/2022 (211410FP006), que tendr\u00e1 lugar en el AVFP desde el d\u00eda 18-02-2021 al 26-03-2021. Las inscripciones se pueden hacer en S\u00e9neca desde el d\u00eda 01-02-2021 hasta el\u2026","rel":"","context":"En \u00abFormaciones\u00bb","block_context":{"text":"Formaciones","link":"https:\/\/cepronda.com\/blog\/category\/formaciones\/"},"img":{"alt_text":"","src":"https:\/\/i0.wp.com\/cepronda.com\/blog\/wp-content\/uploads\/2021\/02\/Formacion-DUAL-FP.jpg?fit=709%2C907&ssl=1&resize=350%2C200","width":350,"height":200,"srcset":"https:\/\/i0.wp.com\/cepronda.com\/blog\/wp-content\/uploads\/2021\/02\/Formacion-DUAL-FP.jpg?fit=709%2C907&ssl=1&resize=350%2C200 1x, https:\/\/i0.wp.com\/cepronda.com\/blog\/wp-content\/uploads\/2021\/02\/Formacion-DUAL-FP.jpg?fit=709%2C907&ssl=1&resize=525%2C300 1.5x, https:\/\/i0.wp.com\/cepronda.com\/blog\/wp-content\/uploads\/2021\/02\/Formacion-DUAL-FP.jpg?fit=709%2C907&ssl=1&resize=700%2C400 2x"},"classes":[]},{"id":9182,"url":"https:\/\/cepronda.com\/blog\/curso-formacion-en-debate-academico-jurados-curso-25-26\/","url_meta":{"origin":4238,"position":3},"title":"CURSO FORMACI\u00d3N EN DEBATE ACAD\u00c9MICO: JURADOS. CURSO 25-26","author":"Encarni Jim\u00e9nez Rosado","date":"13 enero, 2026","format":false,"excerpt":"Abierto el plazo de inscripci\u00f3n para el curso \"FORMACI\u00d3N EN DEBATE ACAD\u00c9MICO: JURADOS. CURSO 25-26\" Dirigido a: Profesorado de Educaci\u00f3n Secundaria Obligatoria, Bachillerato, FP de Grado Medio. Inscripci\u00f3n: desde 13\/01\/2026 a 23\/01\/2026 Actividad: 27\/01\/2026 a 27\/02\/2026 Duraci\u00f3n: 12 horas (9 presenciales + 3 no presenciales) Lugar: Webex (de 16:00 a\u2026","rel":"","context":"En \u00abNoticias\u00bb","block_context":{"text":"Noticias","link":"https:\/\/cepronda.com\/blog\/category\/noticias\/"},"img":{"alt_text":"","src":"","width":0,"height":0},"classes":[]},{"id":4087,"url":"https:\/\/cepronda.com\/blog\/aplicacion-didactica-de-classroom-y-herramientas-google-avanzado-2\/","url_meta":{"origin":4238,"position":4},"title":"APLICACI\u00d3N DID\u00c1CTICA DE CLASSROOM Y HERRAMIENTAS GOOGLE. AVANZADO.\u00a0","author":"V\u00edctor Caballero","date":"7 enero, 2021","format":false,"excerpt":"Muy buenas, compa\u00f1eros y compa\u00f1eras. Primero desearos Feliz a\u00f1o y que hay\u00e1is descansado en vuestras merecidas vacaciones. Recordaros que el\u00a0plazo de inscripci\u00f3n para participar en la actividad formativa \" APLICACI\u00d3N DID\u00c1CTICA DE CLASSROOM Y HERRAMIENTAS DE GOOGLE. AVANZADO\", finaliza el lunes 11 de enero. Fecha actividad:\u00a022\/01\/2021 hasta 19\/03\/2021 Fecha inscripci\u00f3n:\u00a0\u2026","rel":"","context":"En \u00abFormaciones\u00bb","block_context":{"text":"Formaciones","link":"https:\/\/cepronda.com\/blog\/category\/formaciones\/"},"img":{"alt_text":"","src":"https:\/\/i0.wp.com\/cepronda.com\/blog\/wp-content\/uploads\/2020\/12\/20210111-Aplicacion-didactica-google-avanzado.jpg?fit=848%2C1200&ssl=1&resize=350%2C200","width":350,"height":200,"srcset":"https:\/\/i0.wp.com\/cepronda.com\/blog\/wp-content\/uploads\/2020\/12\/20210111-Aplicacion-didactica-google-avanzado.jpg?fit=848%2C1200&ssl=1&resize=350%2C200 1x, https:\/\/i0.wp.com\/cepronda.com\/blog\/wp-content\/uploads\/2020\/12\/20210111-Aplicacion-didactica-google-avanzado.jpg?fit=848%2C1200&ssl=1&resize=525%2C300 1.5x, https:\/\/i0.wp.com\/cepronda.com\/blog\/wp-content\/uploads\/2020\/12\/20210111-Aplicacion-didactica-google-avanzado.jpg?fit=848%2C1200&ssl=1&resize=700%2C400 2x"},"classes":[]},{"id":3292,"url":"https:\/\/cepronda.com\/blog\/programacion-y-evaluacion-por-competencias-en-primaria-ampliacion-de-fechas-de-inscripcion\/","url_meta":{"origin":4238,"position":5},"title":"PROGRAMACI\u00d3N Y EVALUACI\u00d3N POR COMPETENCIAS EN PRIMARIA. Ampliaci\u00f3n de fechas de inscripci\u00f3n.","author":"V\u00edctor Caballero","date":"8 enero, 2020","format":false,"excerpt":"Con motivo de las vacaciones de Navidad que ha dificultado la publicidad de esta interesante formaci\u00f3n, informamos de una ampliaci\u00f3n en las fechas de inscripci\u00f3n hasta el viernes 10 de enero de 2020. \u00a1No lo dejes escapar! Para m\u00e1s informaci\u00f3n e inscripci\u00f3n entra en la ficha de la actividad.","rel":"","context":"En \u00abNoticias\u00bb","block_context":{"text":"Noticias","link":"https:\/\/cepronda.com\/blog\/category\/noticias\/"},"img":{"alt_text":"","src":"https:\/\/i0.wp.com\/cepronda.com\/blog\/wp-content\/uploads\/2019\/12\/Competencias-primaria.jpeg?resize=350%2C200&ssl=1","width":350,"height":200,"srcset":"https:\/\/i0.wp.com\/cepronda.com\/blog\/wp-content\/uploads\/2019\/12\/Competencias-primaria.jpeg?resize=350%2C200&ssl=1 1x, https:\/\/i0.wp.com\/cepronda.com\/blog\/wp-content\/uploads\/2019\/12\/Competencias-primaria.jpeg?resize=525%2C300&ssl=1 1.5x, https:\/\/i0.wp.com\/cepronda.com\/blog\/wp-content\/uploads\/2019\/12\/Competencias-primaria.jpeg?resize=700%2C400&ssl=1 2x, https:\/\/i0.wp.com\/cepronda.com\/blog\/wp-content\/uploads\/2019\/12\/Competencias-primaria.jpeg?resize=1050%2C600&ssl=1 3x, https:\/\/i0.wp.com\/cepronda.com\/blog\/wp-content\/uploads\/2019\/12\/Competencias-primaria.jpeg?resize=1400%2C800&ssl=1 4x"},"classes":[]}],"jetpack_sharing_enabled":true,"_links":{"self":[{"href":"https:\/\/cepronda.com\/blog\/wp-json\/wp\/v2\/posts\/4238","targetHints":{"allow":["GET"]}}],"collection":[{"href":"https:\/\/cepronda.com\/blog\/wp-json\/wp\/v2\/posts"}],"about":[{"href":"https:\/\/cepronda.com\/blog\/wp-json\/wp\/v2\/types\/post"}],"author":[{"embeddable":true,"href":"https:\/\/cepronda.com\/blog\/wp-json\/wp\/v2\/users\/10"}],"replies":[{"embeddable":true,"href":"https:\/\/cepronda.com\/blog\/wp-json\/wp\/v2\/comments?post=4238"}],"version-history":[{"count":2,"href":"https:\/\/cepronda.com\/blog\/wp-json\/wp\/v2\/posts\/4238\/revisions"}],"predecessor-version":[{"id":4240,"href":"https:\/\/cepronda.com\/blog\/wp-json\/wp\/v2\/posts\/4238\/revisions\/4240"}],"wp:featuredmedia":[{"embeddable":true,"href":"https:\/\/cepronda.com\/blog\/wp-json\/wp\/v2\/media\/3778"}],"wp:attachment":[{"href":"https:\/\/cepronda.com\/blog\/wp-json\/wp\/v2\/media?parent=4238"}],"wp:term":[{"taxonomy":"category","embeddable":true,"href":"https:\/\/cepronda.com\/blog\/wp-json\/wp\/v2\/categories?post=4238"},{"taxonomy":"post_tag","embeddable":true,"href":"https:\/\/cepronda.com\/blog\/wp-json\/wp\/v2\/tags?post=4238"}],"curies":[{"name":"wp","href":"https:\/\/api.w.org\/{rel}","templated":true}]}}