{"id":420,"date":"2016-12-12T18:24:07","date_gmt":"2016-12-12T17:24:07","guid":{"rendered":"http:\/\/cepronda.com\/blog\/?p=420"},"modified":"2016-12-12T18:24:07","modified_gmt":"2016-12-12T17:24:07","slug":"ii-certamen-de-idiomas-ven-y-lo-intentas","status":"publish","type":"post","link":"https:\/\/cepronda.com\/blog\/ii-certamen-de-idiomas-ven-y-lo-intentas\/","title":{"rendered":"II CERTAMEN DE IDIOMAS \u00abVEN Y LO INTENTAS\u00bb"},"content":{"rendered":"<h3><img data-recalc-dims=\"1\" loading=\"lazy\" decoding=\"async\" class=\"size-medium wp-image-437 alignleft\" src=\"https:\/\/i0.wp.com\/cepronda.com\/blog\/wp-content\/uploads\/2016\/12\/CARTEL-DEL-CERTAMEN1-213x300.jpg?resize=213%2C300\" alt=\"cartel-del-certamen1\" width=\"213\" height=\"300\" \/> AP\u00daNTATE\u00a0 y PARTICIPA en el <span style=\"color: #d44a61;\">II CERTAMEN DE IDIOMAS \u00abVEN Y LO INTENTAS\u00bb<\/span> organizado por el CEP de RONDA.<\/h3>\n<p>Prepara un microteatro, una canci\u00f3n o una \u201cmini\u201d actuaci\u00f3n con tu alumnado o t\u00fa a nivel individual como \u00abprofe\u00bb de idiomas para que tus alumnos\/as te vean en acci\u00f3n \ud83d\ude42 . Puede ser un sketch o escena, humor\u00edstica, dram\u00e1tica, o musical que dure entre uno, tres o hasta 15 minutos aproximadamente. Pueden ser mon\u00f3logos, gags, canciones&#8230;la representaci\u00f3n de un anuncio de la tv, una adaptaci\u00f3n de un cuento tradicional&#8230;lo que se os ocurra que no pase de los 10\/15\u00a0 minutos.<\/p>\n<p><span style=\"color: #d44a61;\"><strong><a style=\"color: #d44a61;\" href=\"https:\/\/docs.google.com\/document\/d\/1Xc7fjgaN7WwjW6AwSNfQBj7vL_cSYJFceLmwTm6MpXI\/edit?usp=sharing\">DESCARGA LAS BASES AQU\u00cd <\/a><\/strong><\/span><\/p>\n<p><a href=\"https:\/\/goo.gl\/forms\/vlm6l0Ur3V1zXTCH2\">PINCHA AQU\u00cd PARA INSCRIBIRTE COMO PARTICIPANTE<\/a><\/p>\n<p><a href=\"https:\/\/goo.gl\/forms\/t0jIwRtSa83sJuBP2\">PINCHA AQU\u00cd PARA INSCRIBIRTE COMO P\u00daBLICO<\/a><\/p>\n<p>&nbsp;<\/p>\n<p>&nbsp;<\/p>\n","protected":false},"excerpt":{"rendered":"<p>AP\u00daNTATE\u00a0 y PARTICIPA en el II CERTAMEN DE IDIOMAS \u00abVEN Y LO INTENTAS\u00bb organizado por el CEP de RONDA. Prepara un microteatro, una canci\u00f3n o una \u201cmini\u201d actuaci\u00f3n con tu alumnado o t\u00fa a nivel individual como \u00abprofe\u00bb de idiomas para que tus alumnos\/as te vean en acci\u00f3n \ud83d\ude42 . Puede ser un sketch o [&hellip;]<\/p>\n","protected":false},"author":3,"featured_media":437,"comment_status":"open","ping_status":"open","sticky":false,"template":"","format":"standard","meta":{"_crdt_document":"","advanced_seo_description":"","jetpack_seo_html_title":"","jetpack_seo_noindex":false,"jetpack_post_was_ever_published":false,"_jetpack_newsletter_access":"","_jetpack_dont_email_post_to_subs":false,"_jetpack_newsletter_tier_id":0,"_jetpack_memberships_contains_paywalled_content":false,"_jetpack_memberships_contains_paid_content":false,"footnotes":"","jetpack_publicize_message":"","jetpack_publicize_feature_enabled":true,"jetpack_social_post_already_shared":false,"jetpack_social_options":{"image_generator_settings":{"template":"highway","default_image_id":0,"font":"","enabled":false},"version":2}},"categories":[5],"tags":[64],"class_list":{"0":"post-420","1":"post","2":"type-post","3":"status-publish","4":"format-standard","5":"has-post-thumbnail","7":"category-noticias","8":"tag-teatro","9":"czr-hentry"},"jetpack_publicize_connections":[],"jetpack_featured_media_url":"","jetpack_shortlink":"https:\/\/wp.me\/p8M4X7-6M","jetpack-related-posts":[{"id":7432,"url":"https:\/\/cepronda.com\/blog\/metodologias-innovadoras-en-la-clase-de-idiomas\/","url_meta":{"origin":420,"position":0},"title":"METODOLOG\u00cdAS INNOVADORAS EN LA CLASE DE IDIOMAS.","author":"Maribel Mu\u00f1oz","date":"5 febrero, 2024","format":false,"excerpt":"Os informamos que se encuentra abierta la inscripci\u00f3n en el curso METODOLOG\u00cdAS INNOVADORAS EN LA CLASE DE IDIOMAS.\u00a0con c\u00f3digo\u00a0242924GE019, organizado por el CEP de Ronda: Inscripciones:\u00a0 05\/02\/2024 al 04\/03\/2024 Fecha actividad: 7 de marzo hasta el 22 de marzo de 2024. Fechas de las sesiones presenciales :\u00a0 7, 14 y\u2026","rel":"","context":"En \u00abFormaciones\u00bb","block_context":{"text":"Formaciones","link":"https:\/\/cepronda.com\/blog\/category\/formaciones\/"},"img":{"alt_text":"","src":"https:\/\/i0.wp.com\/cepronda.com\/blog\/wp-content\/uploads\/2024\/02\/Metodologias-Innovadoras-en-la-clase-de-Idiomas-codigo-242924GE019-2.png?fit=1080%2C1080&ssl=1&resize=350%2C200","width":350,"height":200,"srcset":"https:\/\/i0.wp.com\/cepronda.com\/blog\/wp-content\/uploads\/2024\/02\/Metodologias-Innovadoras-en-la-clase-de-Idiomas-codigo-242924GE019-2.png?fit=1080%2C1080&ssl=1&resize=350%2C200 1x, https:\/\/i0.wp.com\/cepronda.com\/blog\/wp-content\/uploads\/2024\/02\/Metodologias-Innovadoras-en-la-clase-de-Idiomas-codigo-242924GE019-2.png?fit=1080%2C1080&ssl=1&resize=525%2C300 1.5x, https:\/\/i0.wp.com\/cepronda.com\/blog\/wp-content\/uploads\/2024\/02\/Metodologias-Innovadoras-en-la-clase-de-Idiomas-codigo-242924GE019-2.png?fit=1080%2C1080&ssl=1&resize=700%2C400 2x, https:\/\/i0.wp.com\/cepronda.com\/blog\/wp-content\/uploads\/2024\/02\/Metodologias-Innovadoras-en-la-clase-de-Idiomas-codigo-242924GE019-2.png?fit=1080%2C1080&ssl=1&resize=1050%2C600 3x"},"classes":[]},{"id":8050,"url":"https:\/\/cepronda.com\/blog\/neurocoaching-en-la-ensenanza-de-idiomas-con-codigo-252922ge100\/","url_meta":{"origin":420,"position":1},"title":"NEUROCOACHING EN LA ENSE\u00d1ANZA DE IDIOMAS, con c\u00f3digo 252922GE100.","author":"Inmaculada Garc\u00eda","date":"20 enero, 2025","format":false,"excerpt":"Se encuentra abierto el plazo de inscripci\u00f3n al curso provincial: NEUROCOACHING EN LA ENSE\u00d1ANZA DE IDIOMAS (252922GE100). Duraci\u00f3n:15 HORAS presenciales. Fechas de inscripci\u00f3n 17\/1\/25 al 17\/2\/25. FECHAS SESIONES (Horario de ma\u00f1ana de 9:30h a 13:30h): 6,13,20 y 27 de MARZO. LUGAR: AULA 7 CEP M\u00c1LAGA. MODALIDAD: PRESENCIAL. \u00c1MBITO: provincial M\u00e1s\u2026","rel":"","context":"En \u00abFormaciones\u00bb","block_context":{"text":"Formaciones","link":"https:\/\/cepronda.com\/blog\/category\/formaciones\/"},"img":{"alt_text":"","src":"https:\/\/i0.wp.com\/cepronda.com\/blog\/wp-content\/uploads\/2025\/01\/WhatsApp-Image-2025-01-20-at-09.44.12.jpeg?fit=940%2C788&ssl=1&resize=350%2C200","width":350,"height":200,"srcset":"https:\/\/i0.wp.com\/cepronda.com\/blog\/wp-content\/uploads\/2025\/01\/WhatsApp-Image-2025-01-20-at-09.44.12.jpeg?fit=940%2C788&ssl=1&resize=350%2C200 1x, https:\/\/i0.wp.com\/cepronda.com\/blog\/wp-content\/uploads\/2025\/01\/WhatsApp-Image-2025-01-20-at-09.44.12.jpeg?fit=940%2C788&ssl=1&resize=525%2C300 1.5x, https:\/\/i0.wp.com\/cepronda.com\/blog\/wp-content\/uploads\/2025\/01\/WhatsApp-Image-2025-01-20-at-09.44.12.jpeg?fit=940%2C788&ssl=1&resize=700%2C400 2x"},"classes":[]},{"id":3381,"url":"https:\/\/cepronda.com\/blog\/i-certamen-de-pintura-y-dibujo-2020-hacer-lo-invisible-visible\/","url_meta":{"origin":420,"position":2},"title":"I CERTAMEN DE PINTURA Y DIBUJO 2020 Hacer lo Invisible, Visible","author":"V\u00edctor Caballero","date":"3 febrero, 2020","format":false,"excerpt":"Muy buenas, Comenzamos la semana compartiendo este certamen por parte de la Concejal\u00eda de Mujer del Ayuntamiento de Ronda que convoca el I Certamen de Pintura y dibujo \u201cHacer lo invisible, visible\u201d, contra la violencia hacia las mujeres, con el fin de plasmar la situaci\u00f3n de maltrato f\u00edsico, psicol\u00f3gico, sexual\u2026","rel":"","context":"En \u00abNoticias\u00bb","block_context":{"text":"Noticias","link":"https:\/\/cepronda.com\/blog\/category\/noticias\/"},"img":{"alt_text":"","src":"https:\/\/i0.wp.com\/cepronda.com\/blog\/wp-content\/uploads\/2020\/02\/Certamen-dibujo.jpg?fit=534%2C800&ssl=1&resize=350%2C200","width":350,"height":200,"srcset":"https:\/\/i0.wp.com\/cepronda.com\/blog\/wp-content\/uploads\/2020\/02\/Certamen-dibujo.jpg?fit=534%2C800&ssl=1&resize=350%2C200 1x, https:\/\/i0.wp.com\/cepronda.com\/blog\/wp-content\/uploads\/2020\/02\/Certamen-dibujo.jpg?fit=534%2C800&ssl=1&resize=525%2C300 1.5x"},"classes":[]},{"id":4315,"url":"https:\/\/cepronda.com\/blog\/4315-2\/","url_meta":{"origin":420,"position":3},"title":"Buenos d\u00edas&nbsp; compa\u00f1eras y compa\u00f1eros,\u2026","author":"Maribel Mu\u00f1oz","date":"15 marzo, 2021","format":false,"excerpt":"Buenos d\u00edas\u00a0 compa\u00f1eras y compa\u00f1eros, Os informamos que est\u00e1 abierto el plazo de inscripci\u00f3n de la formaci\u00f3n\u00a0 PENSAMIENTO VISUAL.DIBUJANDO LA ENSE\u00d1ANZA DE IDIOMAS\u00a0 212924GE035,\u00a0\u00a0 que comenzar\u00e1 a desarrollarse el pr\u00f3ximo\u00a0 09\/04\/2021. Esta formaci\u00f3n tiene videoconferencias que se desarrollar\u00e1n en horario de ma\u00f1ana. Adjuntamos\u00a0enlace : https:\/\/www.juntadeandalucia.es\/educacion\/secretariavirtual\/consultaCEP\/actividad\/212924GE035\/ El plazo de inscripci\u00f3n finaliza\u2026","rel":"","context":"En \u00abFormaciones\u00bb","block_context":{"text":"Formaciones","link":"https:\/\/cepronda.com\/blog\/category\/formaciones\/"},"img":{"alt_text":"","src":"https:\/\/i0.wp.com\/cepronda.com\/blog\/wp-content\/uploads\/2021\/03\/20210409Pensamiento-Visual.-Pintando-la-ensenanza-de-idiomas212924GE035.jpg?fit=848%2C1200&ssl=1&resize=350%2C200","width":350,"height":200,"srcset":"https:\/\/i0.wp.com\/cepronda.com\/blog\/wp-content\/uploads\/2021\/03\/20210409Pensamiento-Visual.-Pintando-la-ensenanza-de-idiomas212924GE035.jpg?fit=848%2C1200&ssl=1&resize=350%2C200 1x, https:\/\/i0.wp.com\/cepronda.com\/blog\/wp-content\/uploads\/2021\/03\/20210409Pensamiento-Visual.-Pintando-la-ensenanza-de-idiomas212924GE035.jpg?fit=848%2C1200&ssl=1&resize=525%2C300 1.5x, https:\/\/i0.wp.com\/cepronda.com\/blog\/wp-content\/uploads\/2021\/03\/20210409Pensamiento-Visual.-Pintando-la-ensenanza-de-idiomas212924GE035.jpg?fit=848%2C1200&ssl=1&resize=700%2C400 2x"},"classes":[]},{"id":7374,"url":"https:\/\/cepronda.com\/blog\/ix-certamen-de-teatro-en-el-aula-ciudad-de-ronda\/","url_meta":{"origin":420,"position":4},"title":"IX CERTAMEN DE TEATRO EN EL AULA. CIUDAD DE RONDA.","author":"Mamen Moreno","date":"16 enero, 2024","format":false,"excerpt":"Desde el d\u00eda 02 de enero hasta el 31 de enero los centros educativos de Educaci\u00f3n Secundaria y Bachillerato de Ronda y la Comarca que lo deseen, podr\u00e1n inscribirse en el IX CERTAMEN DE TEATRO EN EL AULA \u201cCIUDAD DE RONDA\u201d para participar con una o dos obras de teatro\u2026","rel":"","context":"En \u00abFormaciones\u00bb","block_context":{"text":"Formaciones","link":"https:\/\/cepronda.com\/blog\/category\/formaciones\/"},"img":{"alt_text":"","src":"https:\/\/i0.wp.com\/cepronda.com\/blog\/wp-content\/uploads\/2024\/01\/Logo-Tacir-768x733-1.jpg?fit=768%2C733&ssl=1&resize=350%2C200","width":350,"height":200,"srcset":"https:\/\/i0.wp.com\/cepronda.com\/blog\/wp-content\/uploads\/2024\/01\/Logo-Tacir-768x733-1.jpg?fit=768%2C733&ssl=1&resize=350%2C200 1x, https:\/\/i0.wp.com\/cepronda.com\/blog\/wp-content\/uploads\/2024\/01\/Logo-Tacir-768x733-1.jpg?fit=768%2C733&ssl=1&resize=525%2C300 1.5x, https:\/\/i0.wp.com\/cepronda.com\/blog\/wp-content\/uploads\/2024\/01\/Logo-Tacir-768x733-1.jpg?fit=768%2C733&ssl=1&resize=700%2C400 2x"},"classes":[]},{"id":4341,"url":"https:\/\/cepronda.com\/blog\/viii-certamen-de-relatos-cortos-para-jovenes-de-ronda-y-la-serrania\/","url_meta":{"origin":420,"position":5},"title":"VIII Certamen de Relatos Cortos para J\u00f3venes de Ronda y la Serran\u00eda","author":"Maribel Mu\u00f1oz","date":"19 marzo, 2021","format":false,"excerpt":"Buenas tardes compa\u00f1eras y compa\u00f1eros, Os informamos de la apertura de la convocatoria del VIII Certamen de Relatos Cortos para J\u00f3venes de Ronda y la Serran\u00eda. Ante el escenario actual en el que nos encontramos, en el que hemos tenido que adaptar a marchas forzadas nuestra rutina diaria, alterando la\u2026","rel":"","context":"En \u00abNoticias\u00bb","block_context":{"text":"Noticias","link":"https:\/\/cepronda.com\/blog\/category\/noticias\/"},"img":{"alt_text":"","src":"https:\/\/i0.wp.com\/cepronda.com\/blog\/wp-content\/uploads\/2021\/03\/certamen.jpg?fit=608%2C856&ssl=1&resize=350%2C200","width":350,"height":200,"srcset":"https:\/\/i0.wp.com\/cepronda.com\/blog\/wp-content\/uploads\/2021\/03\/certamen.jpg?fit=608%2C856&ssl=1&resize=350%2C200 1x, https:\/\/i0.wp.com\/cepronda.com\/blog\/wp-content\/uploads\/2021\/03\/certamen.jpg?fit=608%2C856&ssl=1&resize=525%2C300 1.5x"},"classes":[]}],"jetpack_sharing_enabled":true,"_links":{"self":[{"href":"https:\/\/cepronda.com\/blog\/wp-json\/wp\/v2\/posts\/420","targetHints":{"allow":["GET"]}}],"collection":[{"href":"https:\/\/cepronda.com\/blog\/wp-json\/wp\/v2\/posts"}],"about":[{"href":"https:\/\/cepronda.com\/blog\/wp-json\/wp\/v2\/types\/post"}],"author":[{"embeddable":true,"href":"https:\/\/cepronda.com\/blog\/wp-json\/wp\/v2\/users\/3"}],"replies":[{"embeddable":true,"href":"https:\/\/cepronda.com\/blog\/wp-json\/wp\/v2\/comments?post=420"}],"version-history":[{"count":0,"href":"https:\/\/cepronda.com\/blog\/wp-json\/wp\/v2\/posts\/420\/revisions"}],"wp:featuredmedia":[{"embeddable":true,"href":"https:\/\/cepronda.com\/blog\/wp-json\/"}],"wp:attachment":[{"href":"https:\/\/cepronda.com\/blog\/wp-json\/wp\/v2\/media?parent=420"}],"wp:term":[{"taxonomy":"category","embeddable":true,"href":"https:\/\/cepronda.com\/blog\/wp-json\/wp\/v2\/categories?post=420"},{"taxonomy":"post_tag","embeddable":true,"href":"https:\/\/cepronda.com\/blog\/wp-json\/wp\/v2\/tags?post=420"}],"curies":[{"name":"wp","href":"https:\/\/api.w.org\/{rel}","templated":true}]}}