{"id":4195,"date":"2021-02-15T09:59:54","date_gmt":"2021-02-15T08:59:54","guid":{"rendered":"http:\/\/cepronda.com\/blog\/?p=4195"},"modified":"2021-02-15T09:59:54","modified_gmt":"2021-02-15T08:59:54","slug":"educacion-emocional-herramientas-de-autogestion-y-apoyo-al-alumnado","status":"publish","type":"post","link":"https:\/\/cepronda.com\/blog\/educacion-emocional-herramientas-de-autogestion-y-apoyo-al-alumnado\/","title":{"rendered":"EDUCACI\u00d3N EMOCIONAL: HERRAMIENTAS DE AUTOGESTI\u00d3N Y APOYO AL ALUMNADO."},"content":{"rendered":"<p>Buenos d\u00edas compa\u00f1eros y compa\u00f1eras. Os informamos que est\u00e1 abierto el plazo de inscripci\u00f3n para la actividad formativa \u00abEDUCACI\u00d3N EMOCIONAL: HERRAMIENTAS DE AUTOGESTI\u00d3N Y APOYO AL ALUMNADO\u00bb, con ALBERTO ORTEGA&nbsp; como ponente, experto en Inteligencia Emocional y Coaching Personal.<\/p>\n<p>Esperamos que sea de vuestro inter\u00e9s, un saludo.<\/p>\n<p><img data-recalc-dims=\"1\" loading=\"lazy\" decoding=\"async\" class=\"size-medium wp-image-4196 aligncenter\" src=\"https:\/\/i0.wp.com\/cepronda.com\/blog\/wp-content\/uploads\/2021\/02\/EDUCACION-EMOCIONAL_-HERRAMIENTAS-DE-AUTOGESTION-Y-APOYO-AL-ALUMNADO.-212x300.jpg?resize=212%2C300\" alt=\"\" width=\"212\" height=\"300\" srcset=\"https:\/\/i0.wp.com\/cepronda.com\/blog\/wp-content\/uploads\/2021\/02\/EDUCACION-EMOCIONAL_-HERRAMIENTAS-DE-AUTOGESTION-Y-APOYO-AL-ALUMNADO..jpg?resize=212%2C300&amp;ssl=1 212w, https:\/\/i0.wp.com\/cepronda.com\/blog\/wp-content\/uploads\/2021\/02\/EDUCACION-EMOCIONAL_-HERRAMIENTAS-DE-AUTOGESTION-Y-APOYO-AL-ALUMNADO..jpg?resize=724%2C1024&amp;ssl=1 724w, https:\/\/i0.wp.com\/cepronda.com\/blog\/wp-content\/uploads\/2021\/02\/EDUCACION-EMOCIONAL_-HERRAMIENTAS-DE-AUTOGESTION-Y-APOYO-AL-ALUMNADO..jpg?resize=768%2C1086&amp;ssl=1 768w, https:\/\/i0.wp.com\/cepronda.com\/blog\/wp-content\/uploads\/2021\/02\/EDUCACION-EMOCIONAL_-HERRAMIENTAS-DE-AUTOGESTION-Y-APOYO-AL-ALUMNADO..jpg?resize=1086%2C1536&amp;ssl=1 1086w, https:\/\/i0.wp.com\/cepronda.com\/blog\/wp-content\/uploads\/2021\/02\/EDUCACION-EMOCIONAL_-HERRAMIENTAS-DE-AUTOGESTION-Y-APOYO-AL-ALUMNADO..jpg?resize=1448%2C2048&amp;ssl=1 1448w, https:\/\/i0.wp.com\/cepronda.com\/blog\/wp-content\/uploads\/2021\/02\/EDUCACION-EMOCIONAL_-HERRAMIENTAS-DE-AUTOGESTION-Y-APOYO-AL-ALUMNADO..jpg?w=1587&amp;ssl=1 1587w\" sizes=\"auto, (max-width: 212px) 100vw, 212px\" \/><\/p>\n<p style=\"text-align: center;\"><a href=\"https:\/\/www.juntadeandalucia.es\/educacion\/secretariavirtual\/consultaCEP\/actividad\/212924GE013\/\">PINCHA EN ESTE ENLACE PARA REALIZAR TU INSCRIPCI\u00d3N.<\/a><\/p>\n","protected":false},"excerpt":{"rendered":"<p>Buenos d\u00edas compa\u00f1eros y compa\u00f1eras. Os informamos que est\u00e1 abierto el plazo de inscripci\u00f3n para la actividad formativa \u00abEDUCACI\u00d3N EMOCIONAL: HERRAMIENTAS DE AUTOGESTI\u00d3N Y APOYO AL ALUMNADO\u00bb, con ALBERTO ORTEGA&nbsp; como ponente, experto en Inteligencia Emocional y Coaching Personal. Esperamos que sea de vuestro inter\u00e9s, un saludo. PINCHA EN ESTE ENLACE PARA REALIZAR TU INSCRIPCI\u00d3N.<\/p>\n","protected":false},"author":9,"featured_media":4196,"comment_status":"closed","ping_status":"open","sticky":false,"template":"","format":"standard","meta":{"_crdt_document":"","advanced_seo_description":"","jetpack_seo_html_title":"","jetpack_seo_noindex":false,"jetpack_post_was_ever_published":false,"_jetpack_newsletter_access":"","_jetpack_dont_email_post_to_subs":false,"_jetpack_newsletter_tier_id":0,"_jetpack_memberships_contains_paywalled_content":false,"_jetpack_memberships_contains_paid_content":false,"footnotes":"","jetpack_publicize_message":"","jetpack_publicize_feature_enabled":true,"jetpack_social_post_already_shared":true,"jetpack_social_options":{"image_generator_settings":{"template":"highway","default_image_id":0,"font":"","enabled":false},"version":2}},"categories":[5],"tags":[],"class_list":{"0":"post-4195","1":"post","2":"type-post","3":"status-publish","4":"format-standard","5":"has-post-thumbnail","7":"category-noticias","8":"czr-hentry"},"jetpack_publicize_connections":[],"jetpack_featured_media_url":"https:\/\/i0.wp.com\/cepronda.com\/blog\/wp-content\/uploads\/2021\/02\/EDUCACION-EMOCIONAL_-HERRAMIENTAS-DE-AUTOGESTION-Y-APOYO-AL-ALUMNADO..jpg?fit=1587%2C2245&ssl=1","jetpack_shortlink":"https:\/\/wp.me\/p8M4X7-15F","jetpack-related-posts":[{"id":4235,"url":"https:\/\/cepronda.com\/blog\/educacion-emocional-herramientas-de-autogestion-y-apoyo-al-alumnado-2\/","url_meta":{"origin":4195,"position":0},"title":"EDUCACI\u00d3N EMOCIONAL: HERRAMIENTAS DE AUTOGESTI\u00d3N Y APOYO AL ALUMNADO.","author":"Inmaculada Garc\u00eda","date":"4 marzo, 2021","format":false,"excerpt":"Hola compa\u00f1eros y compa\u00f1eras, os recordamos que estamos en los \u00faltimos d\u00edas para realizar vuestra inscripci\u00f3n en la actividad formativa \"EDUCACI\u00d3N EMOCIONAL: HERRAMIENTAS DE AUTOGESTI\u00d3N Y APOYO AL ALUMNADO\", con ALBERTO ORTEGA C\u00c1MARA.\u00a0 Esperamos que sea de vuestro inter\u00e9s. PARA REALIZAR TU INSCRIPCI\u00d3N PINCHA AQU\u00cd.","rel":"","context":"En \u00abNoticias\u00bb","block_context":{"text":"Noticias","link":"https:\/\/cepronda.com\/blog\/category\/noticias\/"},"img":{"alt_text":"","src":"https:\/\/i0.wp.com\/cepronda.com\/blog\/wp-content\/uploads\/2021\/02\/EDUCACION-EMOCIONAL_-HERRAMIENTAS-DE-AUTOGESTION-Y-APOYO-AL-ALUMNADO..jpg?fit=848%2C1200&ssl=1&resize=350%2C200","width":350,"height":200,"srcset":"https:\/\/i0.wp.com\/cepronda.com\/blog\/wp-content\/uploads\/2021\/02\/EDUCACION-EMOCIONAL_-HERRAMIENTAS-DE-AUTOGESTION-Y-APOYO-AL-ALUMNADO..jpg?fit=848%2C1200&ssl=1&resize=350%2C200 1x, https:\/\/i0.wp.com\/cepronda.com\/blog\/wp-content\/uploads\/2021\/02\/EDUCACION-EMOCIONAL_-HERRAMIENTAS-DE-AUTOGESTION-Y-APOYO-AL-ALUMNADO..jpg?fit=848%2C1200&ssl=1&resize=525%2C300 1.5x, https:\/\/i0.wp.com\/cepronda.com\/blog\/wp-content\/uploads\/2021\/02\/EDUCACION-EMOCIONAL_-HERRAMIENTAS-DE-AUTOGESTION-Y-APOYO-AL-ALUMNADO..jpg?fit=848%2C1200&ssl=1&resize=700%2C400 2x"},"classes":[]},{"id":4389,"url":"https:\/\/cepronda.com\/blog\/educacion-emocional-y-alumnado-con-tea\/","url_meta":{"origin":4195,"position":1},"title":"EDUCACI\u00d3N EMOCIONAL Y ALUMNADO CON TEA","author":"Maribel Mu\u00f1oz","date":"9 abril, 2021","format":false,"excerpt":"Buenas tardes\u00a0 compa\u00f1eras y compa\u00f1eros, Os informamos que est\u00e1 abierto el plazo de inscripci\u00f3n de la formaci\u00f3n\u00a0 provincial EDUCACI\u00d3N EMOCIONAL Y ALUMNADO CON TEA con c\u00f3digo 212923GE755. Comenzar\u00e1 a desarrollarse el pr\u00f3ximo\u00a0 05\/05\/2021.\u00a0 Adjuntamos\u00a0enlace : https:\/\/www.juntadeandalucia.es\/educacion\/secretariavirtual\/consultaCEP\/actividad\/212923GE755\/ Esta actividad est\u00e1 gestionada por el CEP de Marbella-Co\u00edn. Te rogamos que en el\u2026","rel":"","context":"En \u00abNoticias\u00bb","block_context":{"text":"Noticias","link":"https:\/\/cepronda.com\/blog\/category\/noticias\/"},"img":{"alt_text":"","src":"https:\/\/i0.wp.com\/cepronda.com\/blog\/wp-content\/uploads\/2021\/04\/WhatsApp-Image-2021-04-09-at-13.59.43.jpeg?fit=555%2C785&ssl=1&resize=350%2C200","width":350,"height":200,"srcset":"https:\/\/i0.wp.com\/cepronda.com\/blog\/wp-content\/uploads\/2021\/04\/WhatsApp-Image-2021-04-09-at-13.59.43.jpeg?fit=555%2C785&ssl=1&resize=350%2C200 1x, https:\/\/i0.wp.com\/cepronda.com\/blog\/wp-content\/uploads\/2021\/04\/WhatsApp-Image-2021-04-09-at-13.59.43.jpeg?fit=555%2C785&ssl=1&resize=525%2C300 1.5x"},"classes":[]},{"id":5513,"url":"https:\/\/cepronda.com\/blog\/acompanando-la-labor-docente-herramientas-de-autogestion-del-aula\/","url_meta":{"origin":4195,"position":2},"title":"ACOMPA\u00d1ANDO LA LABOR DOCENTE: HERRAMIENTAS DE AUTOGESTI\u00d3N DEL AULA","author":"Inmaculada Garc\u00eda","date":"28 septiembre, 2022","format":false,"excerpt":"Buenas d\u00edas, compa\u00f1eras y compa\u00f1eros. Os\u00a0 informamos que est\u00e1 abierto el plazo de inscripci\u00f3n en el curso presencial:\u00a0 ACOMPA\u00d1ANDO LA LABOR DOCENTE: HERRAMIENTAS DE AUTOGESTI\u00d3N DEL AULA, con c\u00f3digo 232924GE006, de 20 horas de duraci\u00f3n. Fecha inscripci\u00f3n:\u00a027\/09\/2022 hasta 21\/10\/2022 Fecha actividad:\u00a026\/10\/2022 hasta 10\/05\/2023 Una formaci\u00f3n creada con la intenci\u00f3n de\u2026","rel":"","context":"En \u00abFormaciones\u00bb","block_context":{"text":"Formaciones","link":"https:\/\/cepronda.com\/blog\/category\/formaciones\/"},"img":{"alt_text":"","src":"https:\/\/i0.wp.com\/cepronda.com\/blog\/wp-content\/uploads\/2022\/09\/WhatsApp-Image-2022-09-27-at-19.10.53.jpeg?fit=848%2C1200&ssl=1&resize=350%2C200","width":350,"height":200,"srcset":"https:\/\/i0.wp.com\/cepronda.com\/blog\/wp-content\/uploads\/2022\/09\/WhatsApp-Image-2022-09-27-at-19.10.53.jpeg?fit=848%2C1200&ssl=1&resize=350%2C200 1x, https:\/\/i0.wp.com\/cepronda.com\/blog\/wp-content\/uploads\/2022\/09\/WhatsApp-Image-2022-09-27-at-19.10.53.jpeg?fit=848%2C1200&ssl=1&resize=525%2C300 1.5x, https:\/\/i0.wp.com\/cepronda.com\/blog\/wp-content\/uploads\/2022\/09\/WhatsApp-Image-2022-09-27-at-19.10.53.jpeg?fit=848%2C1200&ssl=1&resize=700%2C400 2x"},"classes":[]},{"id":7765,"url":"https:\/\/cepronda.com\/blog\/herramientas-de-gestion-de-la-evaluacion-competencial-del-alumnado-en-aulas-multinivel\/","url_meta":{"origin":4195,"position":3},"title":"HERRAMIENTAS DE GESTI\u00d3N DE LA EVALUACI\u00d3N COMPETENCIAL DEL ALUMNADO EN AULAS MULTINIVEL","author":"Mamen Moreno","date":"27 septiembre, 2024","format":false,"excerpt":"Se abre el plazo de inscripci\u00f3n para la actividad presencial \u201cHERRAMIENTAS DE GESTI\u00d3N DE LA EVALUACI\u00d3N COMPETENCIAL DEL ALUMNADO EN AULAS MULTINIVEL\u201d con c\u00f3digo 252924GE011. Duraci\u00f3n de la actividad: 12 horas. 9 horas presenciales y 3 horas de tareas. Fecha de inscripci\u00f3n: 27\/09\/2024 hasta 10\/10\/2024 Fecha de la actividad: 15,\u2026","rel":"","context":"En \u00abFormaciones\u00bb","block_context":{"text":"Formaciones","link":"https:\/\/cepronda.com\/blog\/category\/formaciones\/"},"img":{"alt_text":"","src":"https:\/\/i0.wp.com\/cepronda.com\/blog\/wp-content\/uploads\/2024\/09\/Physical-Assessment.jpg?fit=1080%2C1080&ssl=1&resize=350%2C200","width":350,"height":200,"srcset":"https:\/\/i0.wp.com\/cepronda.com\/blog\/wp-content\/uploads\/2024\/09\/Physical-Assessment.jpg?fit=1080%2C1080&ssl=1&resize=350%2C200 1x, https:\/\/i0.wp.com\/cepronda.com\/blog\/wp-content\/uploads\/2024\/09\/Physical-Assessment.jpg?fit=1080%2C1080&ssl=1&resize=525%2C300 1.5x, https:\/\/i0.wp.com\/cepronda.com\/blog\/wp-content\/uploads\/2024\/09\/Physical-Assessment.jpg?fit=1080%2C1080&ssl=1&resize=700%2C400 2x, https:\/\/i0.wp.com\/cepronda.com\/blog\/wp-content\/uploads\/2024\/09\/Physical-Assessment.jpg?fit=1080%2C1080&ssl=1&resize=1050%2C600 3x"},"classes":[]},{"id":3107,"url":"https:\/\/cepronda.com\/blog\/fomentamos-la-lectura-con-inteligencia-emocional\/","url_meta":{"origin":4195,"position":4},"title":"FOMENTAMOS LA LECTURA CON INTELIGENCIA EMOCIONAL","author":"V\u00edctor Caballero","date":"28 octubre, 2019","format":false,"excerpt":"En todas las etapas de la Educaci\u00f3n, debemos aprovechar todos los recursos posibles para que cada actividad que hagamos sea lo m\u00e1s completa posible y ayude a la formaci\u00f3n y educaci\u00f3n de nuestro alumnado. El desarrollo de la competencia ling\u00fc\u00edstica es fundamental en la etapa de Educaci\u00f3n Infantil y Primaria\u2026","rel":"","context":"En \u00abFormaciones\u00bb","block_context":{"text":"Formaciones","link":"https:\/\/cepronda.com\/blog\/category\/formaciones\/"},"img":{"alt_text":"","src":"https:\/\/i0.wp.com\/cepronda.com\/blog\/wp-content\/uploads\/2019\/10\/Lectura_int_emocional.png?fit=644%2C908&ssl=1&resize=350%2C200","width":350,"height":200,"srcset":"https:\/\/i0.wp.com\/cepronda.com\/blog\/wp-content\/uploads\/2019\/10\/Lectura_int_emocional.png?fit=644%2C908&ssl=1&resize=350%2C200 1x, https:\/\/i0.wp.com\/cepronda.com\/blog\/wp-content\/uploads\/2019\/10\/Lectura_int_emocional.png?fit=644%2C908&ssl=1&resize=525%2C300 1.5x"},"classes":[]},{"id":7974,"url":"https:\/\/cepronda.com\/blog\/protocolo-de-actuacion-dirigido-al-alumnado-con-necesidades-especificas-de-apoyo-educativo-neae-en-el-ambito-de-conservatorio-codigo-252922ge093\/","url_meta":{"origin":4195,"position":5},"title":"\u00a0PROTOCOLO DE ACTUACI\u00d3N DIRIGIDO AL ALUMNADO CON NECESIDADES ESPEC\u00cdFICAS DE APOYO EDUCATIVO (NEAE) EN EL \u00c1MBITO DE CONSERVATORIO, C\u00d3DIGO 252922GE093.","author":"Inmaculada Garc\u00eda","date":"20 diciembre, 2024","format":false,"excerpt":"Abierto el plazo de inscripci\u00f3n al curso provincial: PROTOCOLO DE ACTUACI\u00d3N DIRIGIDO AL ALUMNADO CON NECESIDADES ESPEC\u00cdFICAS DE APOYO EDUCATIVO (NEAE) EN EL \u00c1MBITO DE CONSERVATORIO. \u00a0Inscripci\u00f3n: 17\/12\/2024 hasta 14\/01\/2025 \u00a0Actividad: 27\/01\/2025 - 07\/02\/2025 \u00a0Duraci\u00f3n: 2 semanas M\u00e1s informaci\u00f3n:\u00a0https:\/\/www.juntadeandalucia.es\/educacion\/secretariavirtual\/consultaCEP\/actividad\/252922GE093\/ \/","rel":"","context":"En \u00abFormaciones\u00bb","block_context":{"text":"Formaciones","link":"https:\/\/cepronda.com\/blog\/category\/formaciones\/"},"img":{"alt_text":"","src":"https:\/\/i0.wp.com\/cepronda.com\/blog\/wp-content\/uploads\/2024\/12\/252922GE093_CARTEL.jpeg?fit=1080%2C1080&ssl=1&resize=350%2C200","width":350,"height":200,"srcset":"https:\/\/i0.wp.com\/cepronda.com\/blog\/wp-content\/uploads\/2024\/12\/252922GE093_CARTEL.jpeg?fit=1080%2C1080&ssl=1&resize=350%2C200 1x, https:\/\/i0.wp.com\/cepronda.com\/blog\/wp-content\/uploads\/2024\/12\/252922GE093_CARTEL.jpeg?fit=1080%2C1080&ssl=1&resize=525%2C300 1.5x, https:\/\/i0.wp.com\/cepronda.com\/blog\/wp-content\/uploads\/2024\/12\/252922GE093_CARTEL.jpeg?fit=1080%2C1080&ssl=1&resize=700%2C400 2x, https:\/\/i0.wp.com\/cepronda.com\/blog\/wp-content\/uploads\/2024\/12\/252922GE093_CARTEL.jpeg?fit=1080%2C1080&ssl=1&resize=1050%2C600 3x"},"classes":[]}],"jetpack_sharing_enabled":true,"_links":{"self":[{"href":"https:\/\/cepronda.com\/blog\/wp-json\/wp\/v2\/posts\/4195","targetHints":{"allow":["GET"]}}],"collection":[{"href":"https:\/\/cepronda.com\/blog\/wp-json\/wp\/v2\/posts"}],"about":[{"href":"https:\/\/cepronda.com\/blog\/wp-json\/wp\/v2\/types\/post"}],"author":[{"embeddable":true,"href":"https:\/\/cepronda.com\/blog\/wp-json\/wp\/v2\/users\/9"}],"replies":[{"embeddable":true,"href":"https:\/\/cepronda.com\/blog\/wp-json\/wp\/v2\/comments?post=4195"}],"version-history":[{"count":1,"href":"https:\/\/cepronda.com\/blog\/wp-json\/wp\/v2\/posts\/4195\/revisions"}],"predecessor-version":[{"id":4197,"href":"https:\/\/cepronda.com\/blog\/wp-json\/wp\/v2\/posts\/4195\/revisions\/4197"}],"wp:featuredmedia":[{"embeddable":true,"href":"https:\/\/cepronda.com\/blog\/wp-json\/wp\/v2\/media\/4196"}],"wp:attachment":[{"href":"https:\/\/cepronda.com\/blog\/wp-json\/wp\/v2\/media?parent=4195"}],"wp:term":[{"taxonomy":"category","embeddable":true,"href":"https:\/\/cepronda.com\/blog\/wp-json\/wp\/v2\/categories?post=4195"},{"taxonomy":"post_tag","embeddable":true,"href":"https:\/\/cepronda.com\/blog\/wp-json\/wp\/v2\/tags?post=4195"}],"curies":[{"name":"wp","href":"https:\/\/api.w.org\/{rel}","templated":true}]}}