{"id":4190,"date":"2021-02-12T15:03:11","date_gmt":"2021-02-12T14:03:11","guid":{"rendered":"http:\/\/cepronda.com\/blog\/?p=4190"},"modified":"2021-02-12T15:03:11","modified_gmt":"2021-02-12T14:03:11","slug":"tareas-cooperativas-equipos-agiles-y-acompanamiento-emocional","status":"publish","type":"post","link":"https:\/\/cepronda.com\/blog\/tareas-cooperativas-equipos-agiles-y-acompanamiento-emocional\/","title":{"rendered":"TAREAS COOPERATIVAS, EQUIPOS \u00c1GILES Y ACOMPA\u00d1AMIENTO EMOCIONAL."},"content":{"rendered":"<p>Buenas tardes compa\u00f1eras y compa\u00f1eros,<\/p>\n<p>Os informamos que est\u00e1 abierto el plazo de inscripci\u00f3n( hasta el 18 de marzo) de la formaci\u00f3n \u201cTAREAS COOPERATIVAS, EQUIPOS \u00c1GILES Y ACOMPA\u00d1AMIENTO EMOCIONAL EN ENTORNOS F\u00cdSICOS Y VIRTUALES\u201d con Patricia Santos, y que tendr\u00e1 lugar de forma telem\u00e1tica los d\u00edas 2, 9 y 16 de marzo y 13 de abril. Es una actividad provincial gestionada por el CEP de Antequera<br \/>\nInformaci\u00f3n e inscripciones en el siguiente <a href=\"https:\/\/www.juntadeandalucia.es\/educacion\/secretariavirtual\/consultaCEP\/actividad\/212925GE406\/\">enlace<\/a>: https:\/\/www.juntadeandalucia.es\/educacion\/secretariavirtual\/consultaCEP\/actividad\/212925GE406\/ .<\/p>\n<p>Deseamos que sea de vuestro inter\u00e9s.&nbsp;<\/p>\n<p>Saludos.<\/p>\n<p><img data-recalc-dims=\"1\" loading=\"lazy\" decoding=\"async\" class=\"alignnone size-medium wp-image-4191 aligncenter\" src=\"https:\/\/i0.wp.com\/cepronda.com\/blog\/wp-content\/uploads\/2021\/02\/WhatsApp-Image-2021-02-12-at-14.43.25-216x300.jpeg?resize=216%2C300\" alt=\"\" width=\"216\" height=\"300\" srcset=\"https:\/\/i0.wp.com\/cepronda.com\/blog\/wp-content\/uploads\/2021\/02\/WhatsApp-Image-2021-02-12-at-14.43.25.jpeg?resize=216%2C300&amp;ssl=1 216w, https:\/\/i0.wp.com\/cepronda.com\/blog\/wp-content\/uploads\/2021\/02\/WhatsApp-Image-2021-02-12-at-14.43.25.jpeg?resize=738%2C1024&amp;ssl=1 738w, https:\/\/i0.wp.com\/cepronda.com\/blog\/wp-content\/uploads\/2021\/02\/WhatsApp-Image-2021-02-12-at-14.43.25.jpeg?resize=768%2C1066&amp;ssl=1 768w, https:\/\/i0.wp.com\/cepronda.com\/blog\/wp-content\/uploads\/2021\/02\/WhatsApp-Image-2021-02-12-at-14.43.25.jpeg?w=922&amp;ssl=1 922w\" sizes=\"auto, (max-width: 216px) 100vw, 216px\" \/><\/p>\n","protected":false},"excerpt":{"rendered":"<p>Buenas tardes compa\u00f1eras y compa\u00f1eros, Os informamos que est\u00e1 abierto el plazo de inscripci\u00f3n( hasta el 18 de marzo) de la formaci\u00f3n \u201cTAREAS COOPERATIVAS, EQUIPOS \u00c1GILES Y ACOMPA\u00d1AMIENTO EMOCIONAL EN ENTORNOS F\u00cdSICOS Y VIRTUALES\u201d con Patricia Santos, y que tendr\u00e1 lugar de forma telem\u00e1tica los d\u00edas 2, 9 y 16 de marzo y 13 de [&hellip;]<\/p>\n","protected":false},"author":10,"featured_media":4191,"comment_status":"closed","ping_status":"open","sticky":false,"template":"","format":"standard","meta":{"_crdt_document":"","advanced_seo_description":"","jetpack_seo_html_title":"","jetpack_seo_noindex":false,"jetpack_post_was_ever_published":false,"_jetpack_newsletter_access":"","_jetpack_dont_email_post_to_subs":false,"_jetpack_newsletter_tier_id":0,"_jetpack_memberships_contains_paywalled_content":false,"_jetpack_memberships_contains_paid_content":false,"footnotes":"","jetpack_publicize_message":"","jetpack_publicize_feature_enabled":true,"jetpack_social_post_already_shared":true,"jetpack_social_options":{"image_generator_settings":{"template":"highway","default_image_id":0,"font":"","enabled":false},"version":2}},"categories":[3,5],"tags":[90,202],"class_list":{"0":"post-4190","1":"post","2":"type-post","3":"status-publish","4":"format-standard","5":"has-post-thumbnail","7":"category-formaciones","8":"category-noticias","9":"tag-cursos","10":"tag-provincial","11":"czr-hentry"},"jetpack_publicize_connections":[],"jetpack_featured_media_url":"https:\/\/i0.wp.com\/cepronda.com\/blog\/wp-content\/uploads\/2021\/02\/WhatsApp-Image-2021-02-12-at-14.43.25.jpeg?fit=922%2C1280&ssl=1","jetpack_shortlink":"https:\/\/wp.me\/p8M4X7-15A","jetpack-related-posts":[{"id":8172,"url":"https:\/\/cepronda.com\/blog\/curso-provincial-bienestar-emocional-y-autocuidado-del-personal-docente-codigo-259925ci478\/","url_meta":{"origin":4190,"position":0},"title":"BIENESTAR EMOCIONAL Y AUTOCUIDADO DEL PERSONAL DOCENTE.","author":"Inmaculada Garc\u00eda","date":"19 febrero, 2025","format":false,"excerpt":"Se encuentra abierto el plazo de inscripci\u00f3n del curso provincial:\u00a0 \"BIENESTAR EMOCIONAL Y AUTOCUIDADO DEL PERSONAL DOCENTE.\"\u00a0\u00a0C\u00f3digo:\u00a0259925CI478 Curso\u00a0a distancia, de 30 horas de duraci\u00f3n, en el Aula Virtual de Formaci\u00f3n del Profesorado. Internivelar. Plazo de inscripci\u00f3n:\u00a0del 18 de febrero al 3 de marzo de 2025. Fechas\u00a0de\u00a0realizaci\u00f3n:\u00a0del 11 de marzo al\u2026","rel":"","context":"En \u00abFormaciones\u00bb","block_context":{"text":"Formaciones","link":"https:\/\/cepronda.com\/blog\/category\/formaciones\/"},"img":{"alt_text":"","src":"https:\/\/i0.wp.com\/cepronda.com\/blog\/wp-content\/uploads\/2025\/02\/BINESTAR-EMOCIONAL-Y-AUTOCUIDADO-DEL-PERSONAL-DOCENTE.jpg?fit=864%2C1080&ssl=1&resize=350%2C200","width":350,"height":200,"srcset":"https:\/\/i0.wp.com\/cepronda.com\/blog\/wp-content\/uploads\/2025\/02\/BINESTAR-EMOCIONAL-Y-AUTOCUIDADO-DEL-PERSONAL-DOCENTE.jpg?fit=864%2C1080&ssl=1&resize=350%2C200 1x, https:\/\/i0.wp.com\/cepronda.com\/blog\/wp-content\/uploads\/2025\/02\/BINESTAR-EMOCIONAL-Y-AUTOCUIDADO-DEL-PERSONAL-DOCENTE.jpg?fit=864%2C1080&ssl=1&resize=525%2C300 1.5x, https:\/\/i0.wp.com\/cepronda.com\/blog\/wp-content\/uploads\/2025\/02\/BINESTAR-EMOCIONAL-Y-AUTOCUIDADO-DEL-PERSONAL-DOCENTE.jpg?fit=864%2C1080&ssl=1&resize=700%2C400 2x"},"classes":[]},{"id":5936,"url":"https:\/\/cepronda.com\/blog\/transformacion-educativa-para-equipos-directivos\/","url_meta":{"origin":4190,"position":1},"title":"TRANSFORMACI\u00d3N EDUCATIVA PARA EQUIPOS DIRECTIVOS","author":"Mamen Moreno","date":"14 abril, 2023","format":false,"excerpt":"Abierto el plazo de inscripci\u00f3n a la actividad provincial \"TRANSFORMACI\u00d3N EDUCATIVA PARA EQUIPOS DIRECTIVOS\" \u00a0 \u00a0 \u00a0 \u00a0 \u00a0 \u00a0 \u00a0 \u00a0 \u00a0 \u00a0 \u00a0 \u00a0 \u00a0 \u00a0 \u00a0 \u00a0 \u00a0 \u00a0 \u00a0 \u00a0 \u00a0 \u00a0 \u00a0 VIDEOCONFERENCIAS: 4 y 11 de mayo de 16:30 a 19:30 y tareas en\u2026","rel":"","context":"En \u00abFormaciones\u00bb","block_context":{"text":"Formaciones","link":"https:\/\/cepronda.com\/blog\/category\/formaciones\/"},"img":{"alt_text":"","src":"https:\/\/i0.wp.com\/cepronda.com\/blog\/wp-content\/uploads\/2023\/04\/Sin-titulo.png?fit=505%2C413&ssl=1&resize=350%2C200","width":350,"height":200},"classes":[]},{"id":1553,"url":"https:\/\/cepronda.com\/blog\/jornada-provincial-retos-educativos-educacion-emocional-y-comunicacion-en-las-familias-del-siglo-xxi\/","url_meta":{"origin":4190,"position":2},"title":"Jornada provincial \u00abRetos educativos. Educaci\u00f3n emocional y comunicaci\u00f3n en las familias del siglo XXI\u00bb","author":"V\u00edctor Caballero","date":"12 enero, 2018","format":false,"excerpt":"\u00a1Hola de nuevo! Queremos compartir con todos y todas vosotras esta jornada provincial que se va a desarrollar en M\u00e1laga el pr\u00f3ximo 24 de enero, y que va dirigida tanto a docentes como a las familias. La actividad se denomina \"Retos educativos. Educaci\u00f3n emocional y comunicaci\u00f3n en las familias del\u2026","rel":"","context":"En \u00abNoticias\u00bb","block_context":{"text":"Noticias","link":"https:\/\/cepronda.com\/blog\/category\/noticias\/"},"img":{"alt_text":"","src":"https:\/\/i0.wp.com\/cepronda.com\/blog\/wp-content\/uploads\/2018\/01\/familia_m%C3%A1laga.png?fit=643%2C903&ssl=1&resize=350%2C200","width":350,"height":200,"srcset":"https:\/\/i0.wp.com\/cepronda.com\/blog\/wp-content\/uploads\/2018\/01\/familia_m%C3%A1laga.png?fit=643%2C903&ssl=1&resize=350%2C200 1x, https:\/\/i0.wp.com\/cepronda.com\/blog\/wp-content\/uploads\/2018\/01\/familia_m%C3%A1laga.png?fit=643%2C903&ssl=1&resize=525%2C300 1.5x"},"classes":[]},{"id":9154,"url":"https:\/\/cepronda.com\/blog\/acompanamiento-educativo-en-situaciones-de-duelo-y-de-cuidados-paliativos\/","url_meta":{"origin":4190,"position":3},"title":"ACOMPA\u00d1AMIENTO EDUCATIVO EN SITUACIONES DE DUELO Y DE CUIDADOS PALIATIVOS","author":"Inmaculada Garc\u00eda","date":"18 diciembre, 2025","format":false,"excerpt":"Se encuentra abierto el plazo de inscripci\u00f3n en el curso provincial presencial dde 14h: ACOMPA\u00d1AMIENTO EDUCATIVO EN SITUACIONES DE DUELO Y DE CUIDADOS PALIATIVOS, c\u00f3digo: 262922GE035. Dirigido preferentemente a profesorado de aulas hospitalarias y atenci\u00f3n domiciliaria y personal adscrito al ETPOEP. Inscripci\u00f3n: 11\/12\/2025 al 07\/01\/2026. Fecha de actividad: Del 14\u2026","rel":"","context":"En \u00abFormaciones\u00bb","block_context":{"text":"Formaciones","link":"https:\/\/cepronda.com\/blog\/category\/formaciones\/"},"img":{"alt_text":"","src":"https:\/\/i0.wp.com\/cepronda.com\/blog\/wp-content\/uploads\/2025\/12\/CARTEL-CURSO-ACOMPANAMIENTO-EDUCATIVO-035.png?fit=1080%2C1080&ssl=1&resize=350%2C200","width":350,"height":200,"srcset":"https:\/\/i0.wp.com\/cepronda.com\/blog\/wp-content\/uploads\/2025\/12\/CARTEL-CURSO-ACOMPANAMIENTO-EDUCATIVO-035.png?fit=1080%2C1080&ssl=1&resize=350%2C200 1x, https:\/\/i0.wp.com\/cepronda.com\/blog\/wp-content\/uploads\/2025\/12\/CARTEL-CURSO-ACOMPANAMIENTO-EDUCATIVO-035.png?fit=1080%2C1080&ssl=1&resize=525%2C300 1.5x, https:\/\/i0.wp.com\/cepronda.com\/blog\/wp-content\/uploads\/2025\/12\/CARTEL-CURSO-ACOMPANAMIENTO-EDUCATIVO-035.png?fit=1080%2C1080&ssl=1&resize=700%2C400 2x, https:\/\/i0.wp.com\/cepronda.com\/blog\/wp-content\/uploads\/2025\/12\/CARTEL-CURSO-ACOMPANAMIENTO-EDUCATIVO-035.png?fit=1080%2C1080&ssl=1&resize=1050%2C600 3x"},"classes":[]},{"id":4389,"url":"https:\/\/cepronda.com\/blog\/educacion-emocional-y-alumnado-con-tea\/","url_meta":{"origin":4190,"position":4},"title":"EDUCACI\u00d3N EMOCIONAL Y ALUMNADO CON TEA","author":"Maribel Mu\u00f1oz","date":"9 abril, 2021","format":false,"excerpt":"Buenas tardes\u00a0 compa\u00f1eras y compa\u00f1eros, Os informamos que est\u00e1 abierto el plazo de inscripci\u00f3n de la formaci\u00f3n\u00a0 provincial EDUCACI\u00d3N EMOCIONAL Y ALUMNADO CON TEA con c\u00f3digo 212923GE755. Comenzar\u00e1 a desarrollarse el pr\u00f3ximo\u00a0 05\/05\/2021.\u00a0 Adjuntamos\u00a0enlace : https:\/\/www.juntadeandalucia.es\/educacion\/secretariavirtual\/consultaCEP\/actividad\/212923GE755\/ Esta actividad est\u00e1 gestionada por el CEP de Marbella-Co\u00edn. Te rogamos que en el\u2026","rel":"","context":"En \u00abNoticias\u00bb","block_context":{"text":"Noticias","link":"https:\/\/cepronda.com\/blog\/category\/noticias\/"},"img":{"alt_text":"","src":"https:\/\/i0.wp.com\/cepronda.com\/blog\/wp-content\/uploads\/2021\/04\/WhatsApp-Image-2021-04-09-at-13.59.43.jpeg?fit=555%2C785&ssl=1&resize=350%2C200","width":350,"height":200,"srcset":"https:\/\/i0.wp.com\/cepronda.com\/blog\/wp-content\/uploads\/2021\/04\/WhatsApp-Image-2021-04-09-at-13.59.43.jpeg?fit=555%2C785&ssl=1&resize=350%2C200 1x, https:\/\/i0.wp.com\/cepronda.com\/blog\/wp-content\/uploads\/2021\/04\/WhatsApp-Image-2021-04-09-at-13.59.43.jpeg?fit=555%2C785&ssl=1&resize=525%2C300 1.5x"},"classes":[]},{"id":4576,"url":"https:\/\/cepronda.com\/blog\/enciende-tu-luz-acompanamiento-para-el-la-docente-que-quieres-ser\/","url_meta":{"origin":4190,"position":5},"title":"ENCIENDE TU LUZ- ACOMPA\u00d1AMIENTO PARA EL\/LA DOCENTE QUE QUIERES SER\u00a0","author":"Maribel Mu\u00f1oz","date":"3 septiembre, 2021","format":false,"excerpt":"Buenos d\u00edas\u00a0 compa\u00f1eras y compa\u00f1eros, Deseamos que est\u00e9is teniendo un buen comienzo de curso. Nos ponemos en marcha y os informamos que est\u00e1 abierto el plazo de inscripci\u00f3n de la formaci\u00f3n\u00a0 ENCIENDE TU LUZ- ACOMPA\u00d1AMIENTO PARA EL\/LA DOCENTE QUE QUIERES SER . C\u00f3digo: 222924GE004.\u00a0 Las fechas de la formaci\u00f3n son\u2026","rel":"","context":"En \u00abFormaciones\u00bb","block_context":{"text":"Formaciones","link":"https:\/\/cepronda.com\/blog\/category\/formaciones\/"},"img":{"alt_text":"","src":"https:\/\/i0.wp.com\/cepronda.com\/blog\/wp-content\/uploads\/2021\/09\/WhatsApp-Image-2021-09-03-at-09.21.19.jpeg?fit=848%2C1200&ssl=1&resize=350%2C200","width":350,"height":200,"srcset":"https:\/\/i0.wp.com\/cepronda.com\/blog\/wp-content\/uploads\/2021\/09\/WhatsApp-Image-2021-09-03-at-09.21.19.jpeg?fit=848%2C1200&ssl=1&resize=350%2C200 1x, https:\/\/i0.wp.com\/cepronda.com\/blog\/wp-content\/uploads\/2021\/09\/WhatsApp-Image-2021-09-03-at-09.21.19.jpeg?fit=848%2C1200&ssl=1&resize=525%2C300 1.5x, https:\/\/i0.wp.com\/cepronda.com\/blog\/wp-content\/uploads\/2021\/09\/WhatsApp-Image-2021-09-03-at-09.21.19.jpeg?fit=848%2C1200&ssl=1&resize=700%2C400 2x"},"classes":[]}],"jetpack_sharing_enabled":true,"_links":{"self":[{"href":"https:\/\/cepronda.com\/blog\/wp-json\/wp\/v2\/posts\/4190","targetHints":{"allow":["GET"]}}],"collection":[{"href":"https:\/\/cepronda.com\/blog\/wp-json\/wp\/v2\/posts"}],"about":[{"href":"https:\/\/cepronda.com\/blog\/wp-json\/wp\/v2\/types\/post"}],"author":[{"embeddable":true,"href":"https:\/\/cepronda.com\/blog\/wp-json\/wp\/v2\/users\/10"}],"replies":[{"embeddable":true,"href":"https:\/\/cepronda.com\/blog\/wp-json\/wp\/v2\/comments?post=4190"}],"version-history":[{"count":2,"href":"https:\/\/cepronda.com\/blog\/wp-json\/wp\/v2\/posts\/4190\/revisions"}],"predecessor-version":[{"id":4193,"href":"https:\/\/cepronda.com\/blog\/wp-json\/wp\/v2\/posts\/4190\/revisions\/4193"}],"wp:featuredmedia":[{"embeddable":true,"href":"https:\/\/cepronda.com\/blog\/wp-json\/wp\/v2\/media\/4191"}],"wp:attachment":[{"href":"https:\/\/cepronda.com\/blog\/wp-json\/wp\/v2\/media?parent=4190"}],"wp:term":[{"taxonomy":"category","embeddable":true,"href":"https:\/\/cepronda.com\/blog\/wp-json\/wp\/v2\/categories?post=4190"},{"taxonomy":"post_tag","embeddable":true,"href":"https:\/\/cepronda.com\/blog\/wp-json\/wp\/v2\/tags?post=4190"}],"curies":[{"name":"wp","href":"https:\/\/api.w.org\/{rel}","templated":true}]}}