{"id":4161,"date":"2021-02-09T10:39:06","date_gmt":"2021-02-09T09:39:06","guid":{"rendered":"http:\/\/cepronda.com\/blog\/?p=4161"},"modified":"2025-02-21T11:09:26","modified_gmt":"2025-02-21T10:09:26","slug":"las-dificultades-de-aprendizaje-en-el-aula-ordinaria","status":"publish","type":"post","link":"https:\/\/cepronda.com\/blog\/las-dificultades-de-aprendizaje-en-el-aula-ordinaria\/","title":{"rendered":"LAS DIFICULTADES DE APRENDIZAJE EN EL AULA ORDINARIA."},"content":{"rendered":"<p>Buenos d\u00edas compa\u00f1eras y compa\u00f1eros,<\/p>\n<p>Os informamos que est\u00e1 abierto el plazo de inscripci\u00f3n, hasta el d\u00eda 2 de marzo, de la formaci\u00f3n&nbsp; LAS DIFICULTADES DE APRENDIZAJE EN EL AULA ORDINARIA (212924GE026). Las sesiones presenciales (videollamadas) ser\u00e1n los d\u00edas 3, 10 y 17 de marzo.&nbsp; &nbsp;<\/p>\n<p>Adjuntamos enlace : <a href=\"https:\/\/www.juntadeandalucia.es\/educacion\/secretariavirtual\/consultaCEP\/actividad\/212924GE026\/\" target=\"_blank\" rel=\"noopener noreferrer\">Inscripci\u00f3n y detalle actividad formativa<\/a><\/p>\n<p>Esta&nbsp;formaci\u00f3n se ha dise\u00f1ado teniendo en cuenta las necesidades que surgen en las aulas ordinarias para llevar a cabo una atenci\u00f3n adecuada al alumnado con dificultades de aprendizaje.<\/p>\n<p>Te recomendamos que leas los detalles de la formaci\u00f3n antes de matricularte y, si por cualquier motivo, no puedes asistir o no deseas continuar, te pedimos lo comuniques a la mayor brevedad posible para no provocar perjuicio al resto de participantes ni al buen funcionamiento de la actividad.&nbsp;<\/p>\n<p style=\"text-align: left;\">Esperamos que os sea de inter\u00e9s.<\/p>\n<p style=\"text-align: left;\"><span style=\"font-weight: inherit;\">Saludos.<\/span><\/p>\n<p style=\"text-align: left;\"><!--more--><a href=\"https:\/\/www.juntadeandalucia.es\/educacion\/secretariavirtual\/consultaCEP\/actividad\/212924GE026\/\"><img data-recalc-dims=\"1\" loading=\"lazy\" decoding=\"async\" class=\"aligncenter wp-image-4166 size-medium\" src=\"https:\/\/i0.wp.com\/cepronda.com\/blog\/wp-content\/uploads\/2021\/02\/LAS-DIFICULTADES-DE-APRENDIZAJE-EN-EL-AULA-ORDINARIA-212x300.png?resize=212%2C300\" alt=\"\" width=\"212\" height=\"300\" srcset=\"https:\/\/i0.wp.com\/cepronda.com\/blog\/wp-content\/uploads\/2021\/02\/LAS-DIFICULTADES-DE-APRENDIZAJE-EN-EL-AULA-ORDINARIA.png?resize=212%2C300&amp;ssl=1 212w, https:\/\/i0.wp.com\/cepronda.com\/blog\/wp-content\/uploads\/2021\/02\/LAS-DIFICULTADES-DE-APRENDIZAJE-EN-EL-AULA-ORDINARIA.png?resize=724%2C1024&amp;ssl=1 724w, https:\/\/i0.wp.com\/cepronda.com\/blog\/wp-content\/uploads\/2021\/02\/LAS-DIFICULTADES-DE-APRENDIZAJE-EN-EL-AULA-ORDINARIA.png?resize=768%2C1086&amp;ssl=1 768w, https:\/\/i0.wp.com\/cepronda.com\/blog\/wp-content\/uploads\/2021\/02\/LAS-DIFICULTADES-DE-APRENDIZAJE-EN-EL-AULA-ORDINARIA.png?resize=1086%2C1536&amp;ssl=1 1086w, https:\/\/i0.wp.com\/cepronda.com\/blog\/wp-content\/uploads\/2021\/02\/LAS-DIFICULTADES-DE-APRENDIZAJE-EN-EL-AULA-ORDINARIA.png?resize=1448%2C2048&amp;ssl=1 1448w, https:\/\/i0.wp.com\/cepronda.com\/blog\/wp-content\/uploads\/2021\/02\/LAS-DIFICULTADES-DE-APRENDIZAJE-EN-EL-AULA-ORDINARIA.png?w=1587&amp;ssl=1 1587w\" sizes=\"auto, (max-width: 212px) 100vw, 212px\" \/><\/a>.&nbsp;<\/p>\n","protected":false},"excerpt":{"rendered":"<p>Buenos d\u00edas compa\u00f1eras y compa\u00f1eros, Os informamos que est\u00e1 abierto el plazo de inscripci\u00f3n, hasta el d\u00eda 2 de marzo, de la formaci\u00f3n&nbsp; LAS DIFICULTADES DE APRENDIZAJE EN EL AULA ORDINARIA (212924GE026). Las sesiones presenciales (videollamadas) ser\u00e1n los d\u00edas 3, 10 y 17 de marzo.&nbsp; &nbsp; Adjuntamos enlace : Inscripci\u00f3n y detalle actividad formativa Esta&nbsp;formaci\u00f3n [&hellip;]<\/p>\n","protected":false},"author":9,"featured_media":4166,"comment_status":"closed","ping_status":"open","sticky":false,"template":"","format":"standard","meta":{"_crdt_document":"","advanced_seo_description":"","jetpack_seo_html_title":"","jetpack_seo_noindex":false,"jetpack_post_was_ever_published":false,"_jetpack_newsletter_access":"","_jetpack_dont_email_post_to_subs":false,"_jetpack_newsletter_tier_id":0,"_jetpack_memberships_contains_paywalled_content":false,"_jetpack_memberships_contains_paid_content":false,"footnotes":"","jetpack_publicize_message":"LAS DIFICULTADES DE APRENDIZAJE EN EL AULA ORDINARIA.","jetpack_publicize_feature_enabled":true,"jetpack_social_post_already_shared":true,"jetpack_social_options":{"image_generator_settings":{"template":"highway","default_image_id":0,"font":"","enabled":false},"version":2}},"categories":[3],"tags":[126],"class_list":{"0":"post-4161","1":"post","2":"type-post","3":"status-publish","4":"format-standard","5":"has-post-thumbnail","7":"category-formaciones","8":"tag-atencion-a-la-diversidad","9":"czr-hentry"},"jetpack_publicize_connections":[],"jetpack_featured_media_url":"https:\/\/i0.wp.com\/cepronda.com\/blog\/wp-content\/uploads\/2021\/02\/LAS-DIFICULTADES-DE-APRENDIZAJE-EN-EL-AULA-ORDINARIA.png?fit=1587%2C2245&ssl=1","jetpack_shortlink":"https:\/\/wp.me\/p8M4X7-157","jetpack-related-posts":[{"id":4851,"url":"https:\/\/cepronda.com\/blog\/dificultades-especificas-de-aprendizaje-dislexia-disgrafia-disortografia-y-discalculia-enfoque-e-intervencion-en-el-aula-ordinaria\/","url_meta":{"origin":4161,"position":0},"title":"DIFICULTADES ESPEC\u00cdFICAS DE APRENDIZAJE: DISLEXIA, DISGRAF\u00cdA, DISORTOGRAF\u00cdA Y DISCALCULIA. ENFOQUE E INTERVENCI\u00d3N EN EL AULA ORDINARIA","author":"V\u00edctor Caballero","date":"2 noviembre, 2021","format":false,"excerpt":"Buenas tardes compa\u00f1eras y compa\u00f1eros, \u00a1\u00a1\u00a1SOLO PARA LA ZONA DE EL BURGO Y YUNQUERA!!! Os informamos que est\u00e1 abierto el plazo de inscripci\u00f3n en la actividad \u00a0\"DIFICULTADES ESPEC\u00cdFICAS DE APRENDIZAJE: DISLEXIA, DISGRAF\u00cdA, DISORTOGRAF\u00cdA Y DISCALCULIA. ENFOQUE E INTERVENCI\u00d3N EN EL AULA ORDINARIA\" con c\u00f3digo 222924FC050. Es una actividad destinada al\u2026","rel":"","context":"En \u00abFormaciones\u00bb","block_context":{"text":"Formaciones","link":"https:\/\/cepronda.com\/blog\/category\/formaciones\/"},"img":{"alt_text":"","src":"https:\/\/i0.wp.com\/cepronda.com\/blog\/wp-content\/uploads\/2021\/11\/Captura-de-pantalla-2021-11-02-a-las-14.26.17.png?fit=597%2C843&ssl=1&resize=350%2C200","width":350,"height":200,"srcset":"https:\/\/i0.wp.com\/cepronda.com\/blog\/wp-content\/uploads\/2021\/11\/Captura-de-pantalla-2021-11-02-a-las-14.26.17.png?fit=597%2C843&ssl=1&resize=350%2C200 1x, https:\/\/i0.wp.com\/cepronda.com\/blog\/wp-content\/uploads\/2021\/11\/Captura-de-pantalla-2021-11-02-a-las-14.26.17.png?fit=597%2C843&ssl=1&resize=525%2C300 1.5x"},"classes":[]},{"id":8332,"url":"https:\/\/cepronda.com\/blog\/el-aprendizaje-cooperativo-como-estrategia-de-gestion-del-aula-2\/","url_meta":{"origin":4161,"position":1},"title":"EL APRENDIZAJE COOPERATIVO COMO ESTRATEGIA DE GESTI\u00d3N DEL AULA","author":"Mamen Moreno","date":"12 marzo, 2025","format":false,"excerpt":"Informamos que se encuentra abierto el plazo de inscripci\u00f3n para el curso provincial a distancia: EL APRENDIZAJE COOPERATIVO\u00a0COMO\u00a0ESTRATEGIA\u00a0DE\u00a0GESTI\u00d3N\u00a0DEL\u00a0AULA (252925GE204), que se desarrollar\u00e1\u00a0en el\u00a0Aula Virtual de Formaci\u00f3n del Profesorado, del 7 de abril al 29 de mayo de 2025. Plazo de inscripci\u00f3n:\u00a0del 11 al 26 de marzo. \u00a0 M\u00e1s informaci\u00f3n\u00a0e inscripci\u00f3n:\u2026","rel":"","context":"En \u00abFormaciones\u00bb","block_context":{"text":"Formaciones","link":"https:\/\/cepronda.com\/blog\/category\/formaciones\/"},"img":{"alt_text":"","src":"https:\/\/i0.wp.com\/cepronda.com\/blog\/wp-content\/uploads\/2025\/03\/CURSO-AC.jpg?fit=900%2C1200&ssl=1&resize=350%2C200","width":350,"height":200,"srcset":"https:\/\/i0.wp.com\/cepronda.com\/blog\/wp-content\/uploads\/2025\/03\/CURSO-AC.jpg?fit=900%2C1200&ssl=1&resize=350%2C200 1x, https:\/\/i0.wp.com\/cepronda.com\/blog\/wp-content\/uploads\/2025\/03\/CURSO-AC.jpg?fit=900%2C1200&ssl=1&resize=525%2C300 1.5x, https:\/\/i0.wp.com\/cepronda.com\/blog\/wp-content\/uploads\/2025\/03\/CURSO-AC.jpg?fit=900%2C1200&ssl=1&resize=700%2C400 2x"},"classes":[]},{"id":4409,"url":"https:\/\/cepronda.com\/blog\/atencion-al-alumnado-con-discapacidad-auditiva-en-el-aula-ordinaria\/","url_meta":{"origin":4161,"position":2},"title":"ATENCI\u00d3N AL ALUMNADO CON DISCAPACIDAD AUDITIVA EN EL AULA ORDINARIA","author":"Inmaculada Garc\u00eda","date":"15 abril, 2021","format":false,"excerpt":"Buenos d\u00edas, compa\u00f1eras y compa\u00f1eros, Os informamos que est\u00e1 abierto el plazo de inscripci\u00f3n (hasta el 26 de abril) de la formaci\u00f3n \u201c ATENCI\u00d3N AL ALUMNADO CON DISCAPACIDAD AUDITIVA EN EL AULA ORDINARIA (219903KOE275)\u201d. Es un curso a distancia que se desarrollar\u00e1 en el Aula Virtual de Formaci\u00f3n del Profesorado,\u2026","rel":"","context":"En \u00abFormaciones\u00bb","block_context":{"text":"Formaciones","link":"https:\/\/cepronda.com\/blog\/category\/formaciones\/"},"img":{"alt_text":"","src":"https:\/\/i0.wp.com\/cepronda.com\/blog\/wp-content\/uploads\/2021\/04\/7-discapacidad-auditiva-FREELIBROS.ORG_.jpg?fit=949%2C935&ssl=1&resize=350%2C200","width":350,"height":200,"srcset":"https:\/\/i0.wp.com\/cepronda.com\/blog\/wp-content\/uploads\/2021\/04\/7-discapacidad-auditiva-FREELIBROS.ORG_.jpg?fit=949%2C935&ssl=1&resize=350%2C200 1x, https:\/\/i0.wp.com\/cepronda.com\/blog\/wp-content\/uploads\/2021\/04\/7-discapacidad-auditiva-FREELIBROS.ORG_.jpg?fit=949%2C935&ssl=1&resize=525%2C300 1.5x, https:\/\/i0.wp.com\/cepronda.com\/blog\/wp-content\/uploads\/2021\/04\/7-discapacidad-auditiva-FREELIBROS.ORG_.jpg?fit=949%2C935&ssl=1&resize=700%2C400 2x"},"classes":[]},{"id":4495,"url":"https:\/\/cepronda.com\/blog\/atencion-al-alumnado-que-presenta-trastornos-graves-de-conducta-en-el-aula-ordinaria\/","url_meta":{"origin":4161,"position":3},"title":"ATENCI\u00d3N AL ALUMNADO QUE PRESENTA TRASTORNOS GRAVES DE CONDUCTA EN EL AULA ORDINARIA","author":"Maribel Mu\u00f1oz","date":"26 abril, 2021","format":false,"excerpt":"Buenas tardes\u00a0 compa\u00f1eras y compa\u00f1eros, Os informamos que est\u00e1 abierto el plazo de inscripci\u00f3n de la formaci\u00f3n regional\u00a0 ATENCI\u00d3N AL ALUMNADO QUE PRESENTA TRASTORNOS GRAVES DE CONDUCTA EN EL AULA ORDINARIA.\u00a0 C\u00f3digo: 219918KOE279.\u00a0 Es una formaci\u00f3n\u00a0 gestionada por el CEP de Ja\u00e9n. Las fechas de la formaci\u00f3n son las siguientes:\u00a0\u2026","rel":"","context":"En \u00abFormaciones\u00bb","block_context":{"text":"Formaciones","link":"https:\/\/cepronda.com\/blog\/category\/formaciones\/"},"img":{"alt_text":"","src":"https:\/\/i0.wp.com\/cepronda.com\/blog\/wp-content\/uploads\/2020\/03\/S%C2%B0mbolo-gen%C3%87rico-RRSS-redondo-negativo.png?fit=1200%2C1200&ssl=1&resize=350%2C200","width":350,"height":200,"srcset":"https:\/\/i0.wp.com\/cepronda.com\/blog\/wp-content\/uploads\/2020\/03\/S%C2%B0mbolo-gen%C3%87rico-RRSS-redondo-negativo.png?fit=1200%2C1200&ssl=1&resize=350%2C200 1x, https:\/\/i0.wp.com\/cepronda.com\/blog\/wp-content\/uploads\/2020\/03\/S%C2%B0mbolo-gen%C3%87rico-RRSS-redondo-negativo.png?fit=1200%2C1200&ssl=1&resize=525%2C300 1.5x, https:\/\/i0.wp.com\/cepronda.com\/blog\/wp-content\/uploads\/2020\/03\/S%C2%B0mbolo-gen%C3%87rico-RRSS-redondo-negativo.png?fit=1200%2C1200&ssl=1&resize=700%2C400 2x, https:\/\/i0.wp.com\/cepronda.com\/blog\/wp-content\/uploads\/2020\/03\/S%C2%B0mbolo-gen%C3%87rico-RRSS-redondo-negativo.png?fit=1200%2C1200&ssl=1&resize=1050%2C600 3x"},"classes":[]},{"id":5710,"url":"https:\/\/cepronda.com\/blog\/atencion-al-alumnado-que-presenta-trastornos-graves-de-conducta-en-el-aula-ordinaria-232926ge404\/","url_meta":{"origin":4161,"position":4},"title":"ATENCI\u00d3N AL ALUMNADO QUE PRESENTA TRASTORNOS GRAVES DE CONDUCTA EN EL AULA ORDINARIA. (232926GE404).","author":"Inmaculada Garc\u00eda","date":"18 enero, 2023","format":false,"excerpt":"Estimado\/a compa\u00f1ero\/a, Te informo que se encuentra abierta la inscripci\u00f3n al curso provincial, organizado por el CEP de V\u00e9lez-M\u00e1laga: ATENCI\u00d3N AL ALUMNADO QUE PRESENTA TRASTORNOS GRAVES DE CONDUCTA EN EL AULA ORDINARIA. C\u00f3digo: 232926GE404. Inscripciones: desde 18\/01\/2023 al 02\/02\/2023 Lugar de realizaci\u00f3n: AULA VIRTUAL DE FORMACI\u00d3N DEL PROFESORADO( Curso a\u2026","rel":"","context":"En \u00abFormaciones\u00bb","block_context":{"text":"Formaciones","link":"https:\/\/cepronda.com\/blog\/category\/formaciones\/"},"img":{"alt_text":"","src":"https:\/\/i0.wp.com\/cepronda.com\/blog\/wp-content\/uploads\/2023\/01\/WhatsApp-Image-2023-01-18-at-09.52.20.jpeg?fit=848%2C1200&ssl=1&resize=350%2C200","width":350,"height":200,"srcset":"https:\/\/i0.wp.com\/cepronda.com\/blog\/wp-content\/uploads\/2023\/01\/WhatsApp-Image-2023-01-18-at-09.52.20.jpeg?fit=848%2C1200&ssl=1&resize=350%2C200 1x, https:\/\/i0.wp.com\/cepronda.com\/blog\/wp-content\/uploads\/2023\/01\/WhatsApp-Image-2023-01-18-at-09.52.20.jpeg?fit=848%2C1200&ssl=1&resize=525%2C300 1.5x, https:\/\/i0.wp.com\/cepronda.com\/blog\/wp-content\/uploads\/2023\/01\/WhatsApp-Image-2023-01-18-at-09.52.20.jpeg?fit=848%2C1200&ssl=1&resize=700%2C400 2x"},"classes":[]},{"id":5810,"url":"https:\/\/cepronda.com\/blog\/atencion-al-alumnado-que-presenta-trastornos-graves-de-conducta-en-el-aula-ordinaria-2o-edicion\/","url_meta":{"origin":4161,"position":5},"title":"ATENCI\u00d3N AL ALUMNADO QUE PRESENTA TRASTORNOS GRAVES DE CONDUCTA EN EL AULA ORDINARIA ( 2\u00ba Edici\u00f3n)","author":"Mamen Moreno","date":"7 marzo, 2023","format":false,"excerpt":"Estimado\/a compa\u00f1ero\/a, Te informo que se encuentra abierta la inscripci\u00f3n del curso a distancia provincial organizado por el CEP de V\u00e9lez-M\u00e1laga: ATENCI\u00d3N AL ALUMNADO QUE PRESENTA TRASTORNOS GRAVES DE CONDUCTA EN EL AULA ORDINARIA ( 2\u00ba Edici\u00f3n) C\u00f3digo: 232926GE405 Inscripciones: desde el 07\/03\/2023 hasta 21\/03\/2023 Comienzo del curso: 28\/03\/2023 Lugar\u2026","rel":"","context":"En \u00abFormaciones\u00bb","block_context":{"text":"Formaciones","link":"https:\/\/cepronda.com\/blog\/category\/formaciones\/"},"img":{"alt_text":"","src":"https:\/\/i0.wp.com\/cepronda.com\/blog\/wp-content\/uploads\/2023\/03\/WhatsApp-Image-2023-03-07-at-09.41.40.jpeg?fit=848%2C1200&ssl=1&resize=350%2C200","width":350,"height":200,"srcset":"https:\/\/i0.wp.com\/cepronda.com\/blog\/wp-content\/uploads\/2023\/03\/WhatsApp-Image-2023-03-07-at-09.41.40.jpeg?fit=848%2C1200&ssl=1&resize=350%2C200 1x, https:\/\/i0.wp.com\/cepronda.com\/blog\/wp-content\/uploads\/2023\/03\/WhatsApp-Image-2023-03-07-at-09.41.40.jpeg?fit=848%2C1200&ssl=1&resize=525%2C300 1.5x, https:\/\/i0.wp.com\/cepronda.com\/blog\/wp-content\/uploads\/2023\/03\/WhatsApp-Image-2023-03-07-at-09.41.40.jpeg?fit=848%2C1200&ssl=1&resize=700%2C400 2x"},"classes":[]}],"jetpack_sharing_enabled":true,"_links":{"self":[{"href":"https:\/\/cepronda.com\/blog\/wp-json\/wp\/v2\/posts\/4161","targetHints":{"allow":["GET"]}}],"collection":[{"href":"https:\/\/cepronda.com\/blog\/wp-json\/wp\/v2\/posts"}],"about":[{"href":"https:\/\/cepronda.com\/blog\/wp-json\/wp\/v2\/types\/post"}],"author":[{"embeddable":true,"href":"https:\/\/cepronda.com\/blog\/wp-json\/wp\/v2\/users\/9"}],"replies":[{"embeddable":true,"href":"https:\/\/cepronda.com\/blog\/wp-json\/wp\/v2\/comments?post=4161"}],"version-history":[{"count":4,"href":"https:\/\/cepronda.com\/blog\/wp-json\/wp\/v2\/posts\/4161\/revisions"}],"predecessor-version":[{"id":4169,"href":"https:\/\/cepronda.com\/blog\/wp-json\/wp\/v2\/posts\/4161\/revisions\/4169"}],"wp:featuredmedia":[{"embeddable":true,"href":"https:\/\/cepronda.com\/blog\/wp-json\/wp\/v2\/media\/4166"}],"wp:attachment":[{"href":"https:\/\/cepronda.com\/blog\/wp-json\/wp\/v2\/media?parent=4161"}],"wp:term":[{"taxonomy":"category","embeddable":true,"href":"https:\/\/cepronda.com\/blog\/wp-json\/wp\/v2\/categories?post=4161"},{"taxonomy":"post_tag","embeddable":true,"href":"https:\/\/cepronda.com\/blog\/wp-json\/wp\/v2\/tags?post=4161"}],"curies":[{"name":"wp","href":"https:\/\/api.w.org\/{rel}","templated":true}]}}