{"id":4153,"date":"2021-02-08T12:18:44","date_gmt":"2021-02-08T11:18:44","guid":{"rendered":"http:\/\/cepronda.com\/blog\/?p=4153"},"modified":"2021-02-08T12:18:44","modified_gmt":"2021-02-08T11:18:44","slug":"gestion-economica-en-seneca-de-proyectos-erasmus","status":"publish","type":"post","link":"https:\/\/cepronda.com\/blog\/gestion-economica-en-seneca-de-proyectos-erasmus\/","title":{"rendered":"GESTI\u00d3N ECON\u00d3MICA EN S\u00c9NECA DE PROYECTOS ERASMUS+"},"content":{"rendered":"<p>Buenas tardes compa\u00f1eras y compa\u00f1eros,<\/p>\n<p>Os informamos que est\u00e1 abierto el plazo de inscripci\u00f3n de la formaci\u00f3n&nbsp; GESTI\u00d3N ECON\u00d3MICA EN S\u00c9NECA DE PROYECTOS ERASMUS+ 219924KPI266 a nivel provincial,&nbsp; y que comenzar\u00e1 a desarrollarse el pr\u00f3ximo&nbsp; 01\/03\/2021. Adjuntamos <a href=\"https:\/\/www.juntadeandalucia.es\/educacion\/secretariavirtual\/consultaCEP\/actividad\/219924KPI266\/\">enlace<\/a> : https:\/\/www.juntadeandalucia.es\/educacion\/secretariavirtual\/consultaCEP\/actividad\/219924KPI266\/<\/p>\n<p>Te rogamos que en el caso de renunciar o no poder asistir a esta formaci\u00f3n, lo comuniques a la mayor brevedad posible para no provocar perjuicio al resto de participantes ni al buen funcionamiento de la actividad.&nbsp;<\/p>\n<p>Deseamos que sea de vuestro inter\u00e9s.&nbsp;<\/p>\n<p>Saludos.<\/p>\n<p><img data-recalc-dims=\"1\" loading=\"lazy\" decoding=\"async\" class=\"alignnone  wp-image-4155 aligncenter\" src=\"https:\/\/i0.wp.com\/cepronda.com\/blog\/wp-content\/uploads\/2021\/02\/erasmus-modulo-avanzado_-gestion-administrativa-y-economica-de-proyectos-erasmus-en-seneca-212x300.jpg?resize=238%2C337\" alt=\"\" width=\"238\" height=\"337\" srcset=\"https:\/\/i0.wp.com\/cepronda.com\/blog\/wp-content\/uploads\/2021\/02\/erasmus-modulo-avanzado_-gestion-administrativa-y-economica-de-proyectos-erasmus-en-seneca.jpg?resize=212%2C300&amp;ssl=1 212w, https:\/\/i0.wp.com\/cepronda.com\/blog\/wp-content\/uploads\/2021\/02\/erasmus-modulo-avanzado_-gestion-administrativa-y-economica-de-proyectos-erasmus-en-seneca.jpg?resize=724%2C1024&amp;ssl=1 724w, https:\/\/i0.wp.com\/cepronda.com\/blog\/wp-content\/uploads\/2021\/02\/erasmus-modulo-avanzado_-gestion-administrativa-y-economica-de-proyectos-erasmus-en-seneca.jpg?resize=768%2C1086&amp;ssl=1 768w, https:\/\/i0.wp.com\/cepronda.com\/blog\/wp-content\/uploads\/2021\/02\/erasmus-modulo-avanzado_-gestion-administrativa-y-economica-de-proyectos-erasmus-en-seneca.jpg?resize=1086%2C1536&amp;ssl=1 1086w, https:\/\/i0.wp.com\/cepronda.com\/blog\/wp-content\/uploads\/2021\/02\/erasmus-modulo-avanzado_-gestion-administrativa-y-economica-de-proyectos-erasmus-en-seneca.jpg?resize=1448%2C2048&amp;ssl=1 1448w, https:\/\/i0.wp.com\/cepronda.com\/blog\/wp-content\/uploads\/2021\/02\/erasmus-modulo-avanzado_-gestion-administrativa-y-economica-de-proyectos-erasmus-en-seneca.jpg?w=1587&amp;ssl=1 1587w\" sizes=\"auto, (max-width: 238px) 100vw, 238px\" \/><\/p>\n<p>&nbsp;<\/p>\n","protected":false},"excerpt":{"rendered":"<p>Buenas tardes compa\u00f1eras y compa\u00f1eros, Os informamos que est\u00e1 abierto el plazo de inscripci\u00f3n de la formaci\u00f3n&nbsp; GESTI\u00d3N ECON\u00d3MICA EN S\u00c9NECA DE PROYECTOS ERASMUS+ 219924KPI266 a nivel provincial,&nbsp; y que comenzar\u00e1 a desarrollarse el pr\u00f3ximo&nbsp; 01\/03\/2021. Adjuntamos enlace : https:\/\/www.juntadeandalucia.es\/educacion\/secretariavirtual\/consultaCEP\/actividad\/219924KPI266\/ Te rogamos que en el caso de renunciar o no poder asistir a esta formaci\u00f3n, [&hellip;]<\/p>\n","protected":false},"author":10,"featured_media":4155,"comment_status":"closed","ping_status":"open","sticky":false,"template":"","format":"standard","meta":{"_crdt_document":"","advanced_seo_description":"","jetpack_seo_html_title":"","jetpack_seo_noindex":false,"jetpack_post_was_ever_published":false,"_jetpack_newsletter_access":"","_jetpack_dont_email_post_to_subs":false,"_jetpack_newsletter_tier_id":0,"_jetpack_memberships_contains_paywalled_content":false,"_jetpack_memberships_contains_paid_content":false,"footnotes":"","jetpack_publicize_message":"","jetpack_publicize_feature_enabled":true,"jetpack_social_post_already_shared":true,"jetpack_social_options":{"image_generator_settings":{"template":"highway","default_image_id":0,"font":"","enabled":false},"version":2}},"categories":[3,5],"tags":[],"class_list":{"0":"post-4153","1":"post","2":"type-post","3":"status-publish","4":"format-standard","5":"has-post-thumbnail","7":"category-formaciones","8":"category-noticias","9":"czr-hentry"},"jetpack_publicize_connections":[],"jetpack_featured_media_url":"https:\/\/i0.wp.com\/cepronda.com\/blog\/wp-content\/uploads\/2021\/02\/erasmus-modulo-avanzado_-gestion-administrativa-y-economica-de-proyectos-erasmus-en-seneca.jpg?fit=1587%2C2245&ssl=1","jetpack_shortlink":"https:\/\/wp.me\/p8M4X7-14Z","jetpack-related-posts":[{"id":3113,"url":"https:\/\/cepronda.com\/blog\/erasmus-modulo-avanzado-gestion-administrativa-y-economica-de-proyectos-erasmus-en-seneca\/","url_meta":{"origin":4153,"position":0},"title":"ERASMUS+ M\u00d3DULO AVANZADO: GESTI\u00d3N ADMINISTRATIVA Y ECON\u00d3MICA DE PROYECTOS ERASMUS+ EN S\u00c9NECA","author":"V\u00edctor Caballero","date":"31 octubre, 2019","format":false,"excerpt":"Buenos d\u00edas familia, compartimos con todas aquellas personas interesadas la siguiente formaci\u00f3n: FORMACI\u00d3N DESTINADA A LOS CENTROS CON PROYECTOS ERASMUS+ APROBADOS. ESPECIALMENTE DIRIGIDO AL PROFESORADO PARTICIPANTE DEL PROGRAMA, AS\u00cd COMO A LAS PERSONAS QUE TIENEN EN CARGO DE LA SECRETAR\u00cdA DEL CENTRO Y LAS PERSONAS ENCARGADAS DE LA COORDINACI\u00d3N DE\u2026","rel":"","context":"En \u00abFormaciones\u00bb","block_context":{"text":"Formaciones","link":"https:\/\/cepronda.com\/blog\/category\/formaciones\/"},"img":{"alt_text":"","src":"https:\/\/i0.wp.com\/cepronda.com\/blog\/wp-content\/uploads\/2019\/10\/Erasmus.png?fit=643%2C908&ssl=1&resize=350%2C200","width":350,"height":200,"srcset":"https:\/\/i0.wp.com\/cepronda.com\/blog\/wp-content\/uploads\/2019\/10\/Erasmus.png?fit=643%2C908&ssl=1&resize=350%2C200 1x, https:\/\/i0.wp.com\/cepronda.com\/blog\/wp-content\/uploads\/2019\/10\/Erasmus.png?fit=643%2C908&ssl=1&resize=525%2C300 1.5x"},"classes":[]},{"id":4847,"url":"https:\/\/cepronda.com\/blog\/gestion-economica-de-proyectos-erasmus\/","url_meta":{"origin":4153,"position":1},"title":"GESTI\u00d3N ECON\u00d3MICA DE PROYECTOS ERASMUS","author":"Maribel Mu\u00f1oz","date":"2 noviembre, 2021","format":false,"excerpt":"Buenas tardes compa\u00f1eras y compa\u00f1eros, Os informamos que est\u00e1 abierto el plazo de inscripci\u00f3n en la actividad GESTI\u00d3N ECON\u00d3MICA DE PROYECTOS ERASMUS con c\u00f3digo 229924PI002. Es una actividad PROVINCIAL.\u00a0 Se desarrollar\u00e1 en el Aula Virtual de Formaci\u00f3n del Profesorado. Consta de 10 horas , 6 de ellas se desarrollaran mediante\u2026","rel":"","context":"En \u00abFormaciones\u00bb","block_context":{"text":"Formaciones","link":"https:\/\/cepronda.com\/blog\/category\/formaciones\/"},"img":{"alt_text":"","src":"https:\/\/i0.wp.com\/cepronda.com\/blog\/wp-content\/uploads\/2021\/11\/229924PI002-Gestion-Economica-Erasmus-212x300.png?resize=350%2C200","width":350,"height":200},"classes":[]},{"id":8965,"url":"https:\/\/cepronda.com\/blog\/gestion-administrativa-y-economica-de-proyectos-erasmus-2\/","url_meta":{"origin":4153,"position":2},"title":"GESTI\u00d3N ADMINISTRATIVA Y ECON\u00d3MICA DE PROYECTOS ERASMUS+","author":"Maribel Mu\u00f1oz","date":"22 octubre, 2025","format":false,"excerpt":"Se encuentra abierto el plazo de inscripci\u00f3n en el curso provincial, \"GESTI\u00d3N ADMINISTRATIVA Y ECON\u00d3MICA DE PROYECTOS ERASMUS+\", con c\u00f3digo: 269924KPI461. Inscripciones: del 22\u00a0 de octubre al 30\u00a0 de octubre. Publicaci\u00f3n del listado de admisi\u00f3n provisional:\u00a031 de octubre de 2025 a las 10:00 horas. Publicaci\u00f3n del listado de admisi\u00f3n definitiva:\u2026","rel":"","context":"En \u00abFormaciones\u00bb","block_context":{"text":"Formaciones","link":"https:\/\/cepronda.com\/blog\/category\/formaciones\/"},"img":{"alt_text":"","src":"https:\/\/i0.wp.com\/cepronda.com\/blog\/wp-content\/uploads\/2025\/10\/WhatsApp-Image-2025-10-23-at-10.24.03.jpeg?fit=960%2C1200&ssl=1&resize=350%2C200","width":350,"height":200,"srcset":"https:\/\/i0.wp.com\/cepronda.com\/blog\/wp-content\/uploads\/2025\/10\/WhatsApp-Image-2025-10-23-at-10.24.03.jpeg?fit=960%2C1200&ssl=1&resize=350%2C200 1x, https:\/\/i0.wp.com\/cepronda.com\/blog\/wp-content\/uploads\/2025\/10\/WhatsApp-Image-2025-10-23-at-10.24.03.jpeg?fit=960%2C1200&ssl=1&resize=525%2C300 1.5x, https:\/\/i0.wp.com\/cepronda.com\/blog\/wp-content\/uploads\/2025\/10\/WhatsApp-Image-2025-10-23-at-10.24.03.jpeg?fit=960%2C1200&ssl=1&resize=700%2C400 2x"},"classes":[]},{"id":7822,"url":"https:\/\/cepronda.com\/blog\/gestion-economica-de-proyectos-erasmus-3\/","url_meta":{"origin":4153,"position":3},"title":"GESTI\u00d3N ECON\u00d3MICA DE PROYECTOS ERASMUS+","author":"Maribel Mu\u00f1oz","date":"30 octubre, 2024","format":false,"excerpt":"Abierto el plazo de inscripciones en la actividad provincial GESTI\u00d3N ECON\u00d3MICA DE PROYECTOS ERASMUS+\u00a0 con c\u00f3digo 259924KPI469. Duraci\u00f3n de la actividad: 12 horas ( 3 horas por videoconferencia\u00a0 y\u00a0 9 horas\u00a0 para tareas en el AVFP) Fecha de inscripci\u00f3n: 30\/10\/2024 hasta 17\/11\/2024 Fecha de la actividad:\u00a0 2\u00a0 al 18 de\u2026","rel":"","context":"En \u00abFormaciones\u00bb","block_context":{"text":"Formaciones","link":"https:\/\/cepronda.com\/blog\/category\/formaciones\/"},"img":{"alt_text":"","src":"https:\/\/i0.wp.com\/cepronda.com\/blog\/wp-content\/uploads\/2024\/10\/259924KPI469-GESTION-ECONOMICA-DE-PROYECTOS-ERASMUS.png?fit=1080%2C1080&ssl=1&resize=350%2C200","width":350,"height":200,"srcset":"https:\/\/i0.wp.com\/cepronda.com\/blog\/wp-content\/uploads\/2024\/10\/259924KPI469-GESTION-ECONOMICA-DE-PROYECTOS-ERASMUS.png?fit=1080%2C1080&ssl=1&resize=350%2C200 1x, https:\/\/i0.wp.com\/cepronda.com\/blog\/wp-content\/uploads\/2024\/10\/259924KPI469-GESTION-ECONOMICA-DE-PROYECTOS-ERASMUS.png?fit=1080%2C1080&ssl=1&resize=525%2C300 1.5x, https:\/\/i0.wp.com\/cepronda.com\/blog\/wp-content\/uploads\/2024\/10\/259924KPI469-GESTION-ECONOMICA-DE-PROYECTOS-ERASMUS.png?fit=1080%2C1080&ssl=1&resize=700%2C400 2x, https:\/\/i0.wp.com\/cepronda.com\/blog\/wp-content\/uploads\/2024\/10\/259924KPI469-GESTION-ECONOMICA-DE-PROYECTOS-ERASMUS.png?fit=1080%2C1080&ssl=1&resize=1050%2C600 3x"},"classes":[]},{"id":5606,"url":"https:\/\/cepronda.com\/blog\/gestion-economica-de-proyectos-erasmus-2\/","url_meta":{"origin":4153,"position":4},"title":"GESTI\u00d3N ECON\u00d3MICA DE PROYECTOS ERASMUS","author":"Maribel Mu\u00f1oz","date":"11 noviembre, 2022","format":false,"excerpt":"Buenas tardes compa\u00f1eras y compa\u00f1eros, Os\u00a0 informamos que est\u00e1 abierto el plazo de inscripci\u00f3n en el curso provincial\u00a0 GESTI\u00d3N ECON\u00d3MICA DE PROYECTOS ERASMUS\u00a0con c\u00f3digo 232924PI002. Fechas de inscripci\u00f3n : del 11\/11\/2022 al 25\/11\/2022 Fecha de inicio: 30\/11\/2022 Fecha finalizaci\u00f3n: 19\/12\/2022 Horas: 10\u00a0 ( 6h de videoconferencias y 4 h de\u2026","rel":"","context":"En \u00abFormaciones\u00bb","block_context":{"text":"Formaciones","link":"https:\/\/cepronda.com\/blog\/category\/formaciones\/"},"img":{"alt_text":"","src":"https:\/\/i0.wp.com\/cepronda.com\/blog\/wp-content\/uploads\/2022\/11\/WhatsApp-Image-2022-11-10-at-17.04.45.jpeg?fit=848%2C1200&ssl=1&resize=350%2C200","width":350,"height":200,"srcset":"https:\/\/i0.wp.com\/cepronda.com\/blog\/wp-content\/uploads\/2022\/11\/WhatsApp-Image-2022-11-10-at-17.04.45.jpeg?fit=848%2C1200&ssl=1&resize=350%2C200 1x, https:\/\/i0.wp.com\/cepronda.com\/blog\/wp-content\/uploads\/2022\/11\/WhatsApp-Image-2022-11-10-at-17.04.45.jpeg?fit=848%2C1200&ssl=1&resize=525%2C300 1.5x, https:\/\/i0.wp.com\/cepronda.com\/blog\/wp-content\/uploads\/2022\/11\/WhatsApp-Image-2022-11-10-at-17.04.45.jpeg?fit=848%2C1200&ssl=1&resize=700%2C400 2x"},"classes":[]},{"id":7356,"url":"https:\/\/cepronda.com\/blog\/gestion-administrativa-y-economica-de-proyectos-erasmus\/","url_meta":{"origin":4153,"position":5},"title":"GESTI\u00d3N ADMINISTRATIVA Y ECON\u00d3MICA DE PROYECTOS ERASMUS+","author":"Maribel Mu\u00f1oz","date":"15 enero, 2024","format":false,"excerpt":"Os informamos que se encuentra abierta la inscripci\u00f3n en el curso Provincial GESTI\u00d3N ADMINISTRATIVA Y ECON\u00d3MICA DE PROYECTOS ERASMUS+\u00a0con c\u00f3digo\u00a0249924KPI461, organizado por el CEP de Ronda: Inscripciones:\u00a0\u00a015\/01\/2024 al 23\/01\/2024 Fecha actividad:\u00a030 de enero hasta el 15 de marzo de 2024 Fechas de las videoconferencias:\u00a0 21 de febrero y 6\u00a0 de\u2026","rel":"","context":"En \u00abFormaciones\u00bb","block_context":{"text":"Formaciones","link":"https:\/\/cepronda.com\/blog\/category\/formaciones\/"},"img":{"alt_text":"","src":"https:\/\/i0.wp.com\/cepronda.com\/blog\/wp-content\/uploads\/2024\/01\/Gestion-Economica-y-Administrativa-de-Proyectos-Erasmus-249924KPI461.png?fit=1080%2C1080&ssl=1&resize=350%2C200","width":350,"height":200,"srcset":"https:\/\/i0.wp.com\/cepronda.com\/blog\/wp-content\/uploads\/2024\/01\/Gestion-Economica-y-Administrativa-de-Proyectos-Erasmus-249924KPI461.png?fit=1080%2C1080&ssl=1&resize=350%2C200 1x, https:\/\/i0.wp.com\/cepronda.com\/blog\/wp-content\/uploads\/2024\/01\/Gestion-Economica-y-Administrativa-de-Proyectos-Erasmus-249924KPI461.png?fit=1080%2C1080&ssl=1&resize=525%2C300 1.5x, https:\/\/i0.wp.com\/cepronda.com\/blog\/wp-content\/uploads\/2024\/01\/Gestion-Economica-y-Administrativa-de-Proyectos-Erasmus-249924KPI461.png?fit=1080%2C1080&ssl=1&resize=700%2C400 2x, https:\/\/i0.wp.com\/cepronda.com\/blog\/wp-content\/uploads\/2024\/01\/Gestion-Economica-y-Administrativa-de-Proyectos-Erasmus-249924KPI461.png?fit=1080%2C1080&ssl=1&resize=1050%2C600 3x"},"classes":[]}],"jetpack_sharing_enabled":true,"_links":{"self":[{"href":"https:\/\/cepronda.com\/blog\/wp-json\/wp\/v2\/posts\/4153","targetHints":{"allow":["GET"]}}],"collection":[{"href":"https:\/\/cepronda.com\/blog\/wp-json\/wp\/v2\/posts"}],"about":[{"href":"https:\/\/cepronda.com\/blog\/wp-json\/wp\/v2\/types\/post"}],"author":[{"embeddable":true,"href":"https:\/\/cepronda.com\/blog\/wp-json\/wp\/v2\/users\/10"}],"replies":[{"embeddable":true,"href":"https:\/\/cepronda.com\/blog\/wp-json\/wp\/v2\/comments?post=4153"}],"version-history":[{"count":1,"href":"https:\/\/cepronda.com\/blog\/wp-json\/wp\/v2\/posts\/4153\/revisions"}],"predecessor-version":[{"id":4156,"href":"https:\/\/cepronda.com\/blog\/wp-json\/wp\/v2\/posts\/4153\/revisions\/4156"}],"wp:featuredmedia":[{"embeddable":true,"href":"https:\/\/cepronda.com\/blog\/wp-json\/wp\/v2\/media\/4155"}],"wp:attachment":[{"href":"https:\/\/cepronda.com\/blog\/wp-json\/wp\/v2\/media?parent=4153"}],"wp:term":[{"taxonomy":"category","embeddable":true,"href":"https:\/\/cepronda.com\/blog\/wp-json\/wp\/v2\/categories?post=4153"},{"taxonomy":"post_tag","embeddable":true,"href":"https:\/\/cepronda.com\/blog\/wp-json\/wp\/v2\/tags?post=4153"}],"curies":[{"name":"wp","href":"https:\/\/api.w.org\/{rel}","templated":true}]}}