{"id":4150,"date":"2021-02-04T18:57:56","date_gmt":"2021-02-04T17:57:56","guid":{"rendered":"http:\/\/cepronda.com\/blog\/?p=4150"},"modified":"2021-02-04T18:57:56","modified_gmt":"2021-02-04T17:57:56","slug":"investigacion-aeroespacial-aplicada-al-aula-2020-2021","status":"publish","type":"post","link":"https:\/\/cepronda.com\/blog\/investigacion-aeroespacial-aplicada-al-aula-2020-2021\/","title":{"rendered":"INVESTIGACI\u00d3N AEROESPACIAL APLICADA AL AULA 2020-2021"},"content":{"rendered":"<p>Hola compa\u00f1eros y compa\u00f1eras, desde el CEP de Ronda hoy queremos hacer una menci\u00f3n especial a los centros de nuestra zona que han sido seleccionados para desarrollar el PROYECTO STEAM: INVESTIGACI\u00d3N AEROESPACIAL APLICADA AL AULA para este curso 2020-2021. I.E.S. Mart\u00edn Rivero, &nbsp;I.E.S. Dr. Rodr\u00edguez Delgado, I.E.S. P\u00e9rez de Guzm\u00e1n, I.E.S. Profesor Gonzalo Huesa, nuestra m\u00e1s sincera enhorabuena.<\/p>\n<p><a href=\"https:\/\/www.juntadeandalucia.es\/boja\/2021\/23\/24\">Resoluci\u00f3n de 18 de enero de 2021, de la Direcci\u00f3n General de Formaci\u00f3n del Profesorado e Innovaci\u00f3n Educativa, por la que se publican los listados de centros docentes p\u00fablicos de Educaci\u00f3n Primaria y Secundaria seleccionados para el desarrollo del Proyecto STEAM Investigaci\u00f3n Aeroespacial aplicada al aula, durante el curso escolar 2020-2021. (juntadeandalucia.es)<\/a><\/p>\n<p><img data-recalc-dims=\"1\" loading=\"lazy\" decoding=\"async\" class=\"size-medium wp-image-4151 aligncenter\" src=\"https:\/\/i0.wp.com\/cepronda.com\/blog\/wp-content\/uploads\/2021\/02\/Image-188x300.jpeg?resize=188%2C300\" alt=\"\" width=\"188\" height=\"300\" srcset=\"https:\/\/i0.wp.com\/cepronda.com\/blog\/wp-content\/uploads\/2021\/02\/Image.jpeg?resize=188%2C300&amp;ssl=1 188w, https:\/\/i0.wp.com\/cepronda.com\/blog\/wp-content\/uploads\/2021\/02\/Image.jpeg?w=395&amp;ssl=1 395w\" sizes=\"auto, (max-width: 188px) 100vw, 188px\" \/><\/p>\n","protected":false},"excerpt":{"rendered":"<p>Hola compa\u00f1eros y compa\u00f1eras, desde el CEP de Ronda hoy queremos hacer una menci\u00f3n especial a los centros de nuestra zona que han sido seleccionados para desarrollar el PROYECTO STEAM: INVESTIGACI\u00d3N AEROESPACIAL APLICADA AL AULA para este curso 2020-2021. I.E.S. Mart\u00edn Rivero, &nbsp;I.E.S. Dr. Rodr\u00edguez Delgado, I.E.S. P\u00e9rez de Guzm\u00e1n, I.E.S. Profesor Gonzalo Huesa, nuestra [&hellip;]<\/p>\n","protected":false},"author":9,"featured_media":4151,"comment_status":"closed","ping_status":"open","sticky":false,"template":"","format":"standard","meta":{"_crdt_document":"","advanced_seo_description":"","jetpack_seo_html_title":"","jetpack_seo_noindex":false,"jetpack_post_was_ever_published":false,"_jetpack_newsletter_access":"","_jetpack_dont_email_post_to_subs":false,"_jetpack_newsletter_tier_id":0,"_jetpack_memberships_contains_paywalled_content":false,"_jetpack_memberships_contains_paid_content":false,"footnotes":"","jetpack_publicize_message":"","jetpack_publicize_feature_enabled":true,"jetpack_social_post_already_shared":true,"jetpack_social_options":{"image_generator_settings":{"template":"highway","default_image_id":0,"font":"","enabled":false},"version":2}},"categories":[5],"tags":[],"class_list":{"0":"post-4150","1":"post","2":"type-post","3":"status-publish","4":"format-standard","5":"has-post-thumbnail","7":"category-noticias","8":"czr-hentry"},"jetpack_publicize_connections":[],"jetpack_featured_media_url":"https:\/\/i0.wp.com\/cepronda.com\/blog\/wp-content\/uploads\/2021\/02\/Image.jpeg?fit=395%2C630&ssl=1","jetpack_shortlink":"https:\/\/wp.me\/p8M4X7-14W","jetpack-related-posts":[{"id":4002,"url":"https:\/\/cepronda.com\/blog\/proyecto-steam\/","url_meta":{"origin":4150,"position":0},"title":"Proyecto STEAM","author":"Maribel Mu\u00f1oz","date":"17 noviembre, 2020","format":false,"excerpt":"Buenos d\u00edas compa\u00f1eras y compa\u00f1eros, Os informamos\u00a0 de la publicaci\u00f3n de la Resoluci\u00f3n de 9 de noviembre de 2020, de la Direcci\u00f3n General de Formaci\u00f3n del Profesorado e Innovaci\u00f3n Educativa, por la que se convoca a los centros docentes p\u00fablicos de Educaci\u00f3n Primaria y Secundaria para el desarrollo del \u00abProyecto\u2026","rel":"","context":"En \u00abFormaciones\u00bb","block_context":{"text":"Formaciones","link":"https:\/\/cepronda.com\/blog\/category\/formaciones\/"},"img":{"alt_text":"","src":"","width":0,"height":0},"classes":[]},{"id":4945,"url":"https:\/\/cepronda.com\/blog\/conversion-de-aula-en-espacios-de-tecnologia-aplicada-ateca\/","url_meta":{"origin":4150,"position":1},"title":"CONVERSI\u00d3N DE AULA EN ESPACIOS DE TECNOLOG\u00cdA APLICADA (ATECA)","author":"Maribel Mu\u00f1oz","date":"11 enero, 2022","format":false,"excerpt":"Buenos d\u00edas compa\u00f1eras y compa\u00f1eros, \u00a0 \u00a0 Os informamos que se ha publicado la\u00a0 RESOLUCI\u00d3N DE 22 DE DICIEMBRE DE 2021 DE LA DIRECCI\u00d3N GENERAL DE FORMACI\u00d3N PROFESIONAL, POR LA QUE SE CONVOCAN PROYECTOS DESTINADOS A LA CONVERSI\u00d3N DE AULA EN ESPACIOS DE TECNOLOG\u00cdA APLICADA (ATECA) PARA LA FORMACI\u00d3N PROFESIONAL\u2026","rel":"","context":"En \u00abFormaciones\u00bb","block_context":{"text":"Formaciones","link":"https:\/\/cepronda.com\/blog\/category\/formaciones\/"},"img":{"alt_text":"","src":"https:\/\/i0.wp.com\/cepronda.com\/blog\/wp-content\/uploads\/2020\/03\/S%C2%B0mbolo-gen%C3%87rico-RRSS-redondo-negativo.png?fit=1200%2C1200&ssl=1&resize=350%2C200","width":350,"height":200,"srcset":"https:\/\/i0.wp.com\/cepronda.com\/blog\/wp-content\/uploads\/2020\/03\/S%C2%B0mbolo-gen%C3%87rico-RRSS-redondo-negativo.png?fit=1200%2C1200&ssl=1&resize=350%2C200 1x, https:\/\/i0.wp.com\/cepronda.com\/blog\/wp-content\/uploads\/2020\/03\/S%C2%B0mbolo-gen%C3%87rico-RRSS-redondo-negativo.png?fit=1200%2C1200&ssl=1&resize=525%2C300 1.5x, https:\/\/i0.wp.com\/cepronda.com\/blog\/wp-content\/uploads\/2020\/03\/S%C2%B0mbolo-gen%C3%87rico-RRSS-redondo-negativo.png?fit=1200%2C1200&ssl=1&resize=700%2C400 2x, https:\/\/i0.wp.com\/cepronda.com\/blog\/wp-content\/uploads\/2020\/03\/S%C2%B0mbolo-gen%C3%87rico-RRSS-redondo-negativo.png?fit=1200%2C1200&ssl=1&resize=1050%2C600 3x"},"classes":[]},{"id":4462,"url":"https:\/\/cepronda.com\/blog\/doble-acreditacion-erasmus-para-el-i-e-s-profesor-gonzalo-huesa\/","url_meta":{"origin":4150,"position":2},"title":"DOBLE ACREDITACI\u00d3N ERASMUS PARA EL I.E.S. PROFESOR GONZALO HUESA","author":"Mar\u00eda Jos\u00e9 M\u00e1rquez","date":"21 abril, 2021","format":false,"excerpt":"\u00a0 Desde el Centro del Profesorado de Ronda queremos felicitar al I.E.S. Profesor Gonzalo Huesa por haber logrado\u00a0una doble acreditaci\u00f3n del programa Erasmus+ dirigida tanto al alumnado de Formaci\u00f3n Profesional como del resto de ense\u00f1anzas que se imparten en el centro.En Andaluc\u00eda, \u00fanicamente, son 12 los centros que cuentan con\u2026","rel":"","context":"En \u00abFormaciones\u00bb","block_context":{"text":"Formaciones","link":"https:\/\/cepronda.com\/blog\/category\/formaciones\/"},"img":{"alt_text":"","src":"https:\/\/i0.wp.com\/cepronda.com\/blog\/wp-content\/uploads\/2021\/04\/acreditacio%CC%81n-ERASMUS-300x152.jpeg?resize=350%2C200","width":350,"height":200},"classes":[]},{"id":4860,"url":"https:\/\/cepronda.com\/blog\/yoga-aplicado-en-el-aula\/","url_meta":{"origin":4150,"position":3},"title":"YOGA APLICADO EN EL AULA","author":"V\u00edctor Caballero","date":"4 noviembre, 2021","format":false,"excerpt":"Buenas tardes compa\u00f1eras y compa\u00f1eros, Os informamos que est\u00e1 abierto el plazo de inscripci\u00f3n en la actividad \u00a0\"YOGA APLICADO EN EL AULA\" con c\u00f3digo 222924GE006. Es una actividad destinada s\u00f3lo al profesorado centros p\u00fablicos de la zona CEP de Ronda. Las fechas de la formaci\u00f3n son las siguientes: Inscripciones: del\u2026","rel":"","context":"En \u00abFormaciones\u00bb","block_context":{"text":"Formaciones","link":"https:\/\/cepronda.com\/blog\/category\/formaciones\/"},"img":{"alt_text":"","src":"https:\/\/i0.wp.com\/cepronda.com\/blog\/wp-content\/uploads\/2021\/11\/Captura-de-pantalla-2021-11-04-a-las-12.50.00.png?fit=640%2C907&ssl=1&resize=350%2C200","width":350,"height":200,"srcset":"https:\/\/i0.wp.com\/cepronda.com\/blog\/wp-content\/uploads\/2021\/11\/Captura-de-pantalla-2021-11-04-a-las-12.50.00.png?fit=640%2C907&ssl=1&resize=350%2C200 1x, https:\/\/i0.wp.com\/cepronda.com\/blog\/wp-content\/uploads\/2021\/11\/Captura-de-pantalla-2021-11-04-a-las-12.50.00.png?fit=640%2C907&ssl=1&resize=525%2C300 1.5x"},"classes":[]},{"id":9157,"url":"https:\/\/cepronda.com\/blog\/creacion-artistica-compartida-desde-el-aula-a-los-espacios-publicos\/","url_meta":{"origin":4150,"position":4},"title":"CREACI\u00d3N ART\u00cdSTICA COMPARTIDA: DESDE EL AULA A LOS ESPACIOS P\u00daBLICOS","author":"Inmaculada Garc\u00eda","date":"18 diciembre, 2025","format":false,"excerpt":"Se encuentra abierto el plazo de inscripci\u00f3n para el curso provincial: CREACI\u00d3N ART\u00cdSTICA COMPARTIDA: DESDE EL AULA A LOS ESPACIOS P\u00daBLICOS, con c\u00f3digo 262926GE704. Dirigido al profesorado PES DIBUJO de centros p\u00fablicos. Inscripci\u00f3n: desde 18\/12\/2025 hasta 14\/01\/2026. \u00a0Sesiones: 20\/01, 27\/02, 3\/02, 10\/02 y 10\/03\/2026. Duraci\u00f3n: 15 horas. Lugar: Centro cultural\u2026","rel":"","context":"En \u00abNoticias\u00bb","block_context":{"text":"Noticias","link":"https:\/\/cepronda.com\/blog\/category\/noticias\/"},"img":{"alt_text":"\u27a1\ufe0f","src":"https:\/\/static.xx.fbcdn.net\/images\/emoji.php\/v9\/t9e\/1\/16\/27a1.png","width":350,"height":200},"classes":[]},{"id":6001,"url":"https:\/\/cepronda.com\/blog\/el-ies-gran-capitan-de-cordoba-y-martin-rivero-de-ronda-logran-el-primer-premio-ciccartuja-futuros-investigadores\/","url_meta":{"origin":4150,"position":5},"title":"El IES Gran Capit\u00e1n de C\u00f3rdoba y Mart\u00edn Rivero de Ronda, logran el primer Premio CicCartuja \u201cfuturos investigadores\u201d","author":"Inmaculada Garc\u00eda","date":"17 mayo, 2023","format":false,"excerpt":"Desde el CEP de Ronda queremos dar la enhorabuena al alumnado y al profesorado del I.E.S. MArt\u00edn Rivero (Ronda) por su premio. \u201cDocumentales y Youtube: En busca de ideas para nuevas investigaciones\u201d es el t\u00edtulo del trabajo realizado de manera simult\u00e1nea durante este curso escolar en los IES Gran Capit\u00e1n\u2026","rel":"","context":"En \u00abNoticias\u00bb","block_context":{"text":"Noticias","link":"https:\/\/cepronda.com\/blog\/category\/noticias\/"},"img":{"alt_text":"","src":"https:\/\/i0.wp.com\/cepronda.com\/blog\/wp-content\/uploads\/2023\/05\/Entrega-premio-total.jpg?fit=853%2C841&ssl=1&resize=350%2C200","width":350,"height":200,"srcset":"https:\/\/i0.wp.com\/cepronda.com\/blog\/wp-content\/uploads\/2023\/05\/Entrega-premio-total.jpg?fit=853%2C841&ssl=1&resize=350%2C200 1x, https:\/\/i0.wp.com\/cepronda.com\/blog\/wp-content\/uploads\/2023\/05\/Entrega-premio-total.jpg?fit=853%2C841&ssl=1&resize=525%2C300 1.5x, https:\/\/i0.wp.com\/cepronda.com\/blog\/wp-content\/uploads\/2023\/05\/Entrega-premio-total.jpg?fit=853%2C841&ssl=1&resize=700%2C400 2x"},"classes":[]}],"jetpack_sharing_enabled":true,"_links":{"self":[{"href":"https:\/\/cepronda.com\/blog\/wp-json\/wp\/v2\/posts\/4150","targetHints":{"allow":["GET"]}}],"collection":[{"href":"https:\/\/cepronda.com\/blog\/wp-json\/wp\/v2\/posts"}],"about":[{"href":"https:\/\/cepronda.com\/blog\/wp-json\/wp\/v2\/types\/post"}],"author":[{"embeddable":true,"href":"https:\/\/cepronda.com\/blog\/wp-json\/wp\/v2\/users\/9"}],"replies":[{"embeddable":true,"href":"https:\/\/cepronda.com\/blog\/wp-json\/wp\/v2\/comments?post=4150"}],"version-history":[{"count":1,"href":"https:\/\/cepronda.com\/blog\/wp-json\/wp\/v2\/posts\/4150\/revisions"}],"predecessor-version":[{"id":4152,"href":"https:\/\/cepronda.com\/blog\/wp-json\/wp\/v2\/posts\/4150\/revisions\/4152"}],"wp:featuredmedia":[{"embeddable":true,"href":"https:\/\/cepronda.com\/blog\/wp-json\/wp\/v2\/media\/4151"}],"wp:attachment":[{"href":"https:\/\/cepronda.com\/blog\/wp-json\/wp\/v2\/media?parent=4150"}],"wp:term":[{"taxonomy":"category","embeddable":true,"href":"https:\/\/cepronda.com\/blog\/wp-json\/wp\/v2\/categories?post=4150"},{"taxonomy":"post_tag","embeddable":true,"href":"https:\/\/cepronda.com\/blog\/wp-json\/wp\/v2\/tags?post=4150"}],"curies":[{"name":"wp","href":"https:\/\/api.w.org\/{rel}","templated":true}]}}