{"id":4139,"date":"2021-02-01T12:48:13","date_gmt":"2021-02-01T11:48:13","guid":{"rendered":"http:\/\/cepronda.com\/blog\/?p=4139"},"modified":"2025-04-28T11:55:59","modified_gmt":"2025-04-28T09:55:59","slug":"taller-elaboracion-proyectos-fp-dual-curso-2021-2022","status":"publish","type":"post","link":"https:\/\/cepronda.com\/blog\/taller-elaboracion-proyectos-fp-dual-curso-2021-2022\/","title":{"rendered":"TALLER ELABORACI\u00d3N PROYECTOS FP DUAL.CURSO 2021\/2022"},"content":{"rendered":"<p>Buenas tardes compa\u00f1eras y compa\u00f1eros,<\/p>\n<p>Os informamos que est\u00e1 abierto el plazo de inscripci\u00f3n de la formaci\u00f3n TALLER ELABORACI\u00d3N PROYECTOS FP DUAL CURSO 2021\/2022 (211410FP006), que tendr\u00e1 lugar en el AVFP desde el d\u00eda 18-02-2021 al 26-03-2021. Las inscripciones se pueden hacer en S\u00e9neca desde el d\u00eda 01-02-2021 hasta el d\u00eda 10-02-2021. Adjuntamos <a href=\"https:\/\/www.juntadeandalucia.es\/educacion\/secretariavirtual\/consultaCEP\/actividad\/211410FP006\/\">enlace<\/a> :&nbsp;<a href=\"https:\/\/www.juntadeandalucia.es\/educacion\/secretariavirtual\/consultaCEP\/actividad\/211410FP006\/\" target=\"_blank\" rel=\"noopener noreferrer\" data-saferedirecturl=\"https:\/\/www.google.com\/url?q=https:\/\/www.juntadeandalucia.es\/educacion\/secretariavirtual\/consultaCEP\/actividad\/211410FP006\/&amp;source=gmail&amp;ust=1612265143076000&amp;usg=AFQjCNEmLxrSnOvMxFEqRWFHBehLZmCDtg\">https:\/\/www.juntadeandalucia.<wbr>es\/educacion\/<wbr>secretariavirtual\/consultaCEP\/<wbr>actividad\/211410FP006\/<\/a><\/p>\n<p>Deseamos que sea de vuestro inter\u00e9s.&nbsp;<\/p>\n<p>Saludos.<\/p>\n<p><img data-recalc-dims=\"1\" loading=\"lazy\" decoding=\"async\" class=\"alignnone size-medium wp-image-4140 aligncenter\" src=\"https:\/\/i0.wp.com\/cepronda.com\/blog\/wp-content\/uploads\/2021\/02\/Formacion-DUAL-FP-235x300.jpg?resize=235%2C300\" alt=\"\" width=\"235\" height=\"300\" srcset=\"https:\/\/i0.wp.com\/cepronda.com\/blog\/wp-content\/uploads\/2021\/02\/Formacion-DUAL-FP.jpg?resize=235%2C300&amp;ssl=1 235w, https:\/\/i0.wp.com\/cepronda.com\/blog\/wp-content\/uploads\/2021\/02\/Formacion-DUAL-FP.jpg?w=709&amp;ssl=1 709w\" sizes=\"auto, (max-width: 235px) 100vw, 235px\" \/><\/p>\n","protected":false},"excerpt":{"rendered":"<p>Buenas tardes compa\u00f1eras y compa\u00f1eros, Os informamos que est\u00e1 abierto el plazo de inscripci\u00f3n de la formaci\u00f3n TALLER ELABORACI\u00d3N PROYECTOS FP DUAL CURSO 2021\/2022 (211410FP006), que tendr\u00e1 lugar en el AVFP desde el d\u00eda 18-02-2021 al 26-03-2021. Las inscripciones se pueden hacer en S\u00e9neca desde el d\u00eda 01-02-2021 hasta el d\u00eda 10-02-2021. Adjuntamos enlace :&nbsp;https:\/\/www.juntadeandalucia.es\/educacion\/secretariavirtual\/consultaCEP\/actividad\/211410FP006\/ [&hellip;]<\/p>\n","protected":false},"author":10,"featured_media":4140,"comment_status":"closed","ping_status":"open","sticky":false,"template":"","format":"standard","meta":{"_crdt_document":"","advanced_seo_description":"","jetpack_seo_html_title":"","jetpack_seo_noindex":false,"jetpack_post_was_ever_published":false,"_jetpack_newsletter_access":"","_jetpack_dont_email_post_to_subs":false,"_jetpack_newsletter_tier_id":0,"_jetpack_memberships_contains_paywalled_content":false,"_jetpack_memberships_contains_paid_content":false,"footnotes":"","jetpack_publicize_message":"","jetpack_publicize_feature_enabled":true,"jetpack_social_post_already_shared":true,"jetpack_social_options":{"image_generator_settings":{"template":"highway","default_image_id":0,"font":"","enabled":false},"version":2}},"categories":[3,5],"tags":[90,219,218],"class_list":{"0":"post-4139","1":"post","2":"type-post","3":"status-publish","4":"format-standard","5":"has-post-thumbnail","7":"category-formaciones","8":"category-noticias","9":"tag-cursos","10":"tag-dual","11":"tag-fp","12":"czr-hentry"},"jetpack_publicize_connections":[],"jetpack_featured_media_url":"https:\/\/i0.wp.com\/cepronda.com\/blog\/wp-content\/uploads\/2021\/02\/Formacion-DUAL-FP.jpg?fit=709%2C907&ssl=1","jetpack_shortlink":"https:\/\/wp.me\/p8M4X7-14L","jetpack-related-posts":[{"id":4238,"url":"https:\/\/cepronda.com\/blog\/programacion-didactica-la-evaluacion-en-fp-iv\/","url_meta":{"origin":4139,"position":0},"title":"PROGRAMACI\u00d3N DID\u00c1CTICA: LA EVALUACI\u00d3N EN FP (IV)","author":"Maribel Mu\u00f1oz","date":"4 marzo, 2021","format":false,"excerpt":"Buenas tardes compa\u00f1eras y compa\u00f1eros, Os informamos que est\u00e1 abiero el plazo de inscripci\u00f3n de la formaci\u00f3n PROGRAMACI\u00d3N DID\u00c1CTICA: LA EVALUACI\u00d3N EN FP (IV)\u00a0 211107FP013\u00a0 desde el martes 2 de marzo a las 10:00 hasta el 12\/03\/2021. La inscripci\u00f3n se cerrar\u00e1 cuando se llegue a las 315 solicitudes, aunque sea\u2026","rel":"","context":"En \u00abFormaciones\u00bb","block_context":{"text":"Formaciones","link":"https:\/\/cepronda.com\/blog\/category\/formaciones\/"},"img":{"alt_text":"","src":"https:\/\/i0.wp.com\/cepronda.com\/blog\/wp-content\/uploads\/2020\/09\/Logo-progamas-de-formacion-oficial.jpg?resize=350%2C200","width":350,"height":200},"classes":[]},{"id":5378,"url":"https:\/\/cepronda.com\/blog\/fp-agraria-ies-andres-perez-serrano\/","url_meta":{"origin":4139,"position":1},"title":"FP AGRARIA  IES ANDR\u00c9S P\u00c9REZ SERRANO","author":"Maribel Mu\u00f1oz","date":"27 junio, 2022","format":false,"excerpt":"Buenas tardes compa\u00f1eras y compa\u00f1eros, Os recordamos que desde el IES Andr\u00e9s P\u00e9rez Serrano se ofertan, para el pr\u00f3ximo curso, los siguientes ciclos formativos: *CICLO FORMATIVO DE GRADO MEDIO EN APROVECHAMIENTO Y CONSERVACI\u00d3N DEL MEDIO NATURAL *FP DUAL DUAL EN APROVECHAMIENTO Y CONSERVACI\u00d3N DEL MEDIO NATURAL *CICLO FORMATIVO DE GRADO\u2026","rel":"","context":"En \u00abFormaciones\u00bb","block_context":{"text":"Formaciones","link":"https:\/\/cepronda.com\/blog\/category\/formaciones\/"},"img":{"alt_text":"","src":"https:\/\/i0.wp.com\/cepronda.com\/blog\/wp-content\/uploads\/2020\/03\/S%C2%B0mbolo-gen%C3%87rico-RRSS-redondo-negativo.png?fit=1200%2C1200&ssl=1&resize=350%2C200","width":350,"height":200,"srcset":"https:\/\/i0.wp.com\/cepronda.com\/blog\/wp-content\/uploads\/2020\/03\/S%C2%B0mbolo-gen%C3%87rico-RRSS-redondo-negativo.png?fit=1200%2C1200&ssl=1&resize=350%2C200 1x, https:\/\/i0.wp.com\/cepronda.com\/blog\/wp-content\/uploads\/2020\/03\/S%C2%B0mbolo-gen%C3%87rico-RRSS-redondo-negativo.png?fit=1200%2C1200&ssl=1&resize=525%2C300 1.5x, https:\/\/i0.wp.com\/cepronda.com\/blog\/wp-content\/uploads\/2020\/03\/S%C2%B0mbolo-gen%C3%87rico-RRSS-redondo-negativo.png?fit=1200%2C1200&ssl=1&resize=700%2C400 2x, https:\/\/i0.wp.com\/cepronda.com\/blog\/wp-content\/uploads\/2020\/03\/S%C2%B0mbolo-gen%C3%87rico-RRSS-redondo-negativo.png?fit=1200%2C1200&ssl=1&resize=1050%2C600 3x"},"classes":[]},{"id":5179,"url":"https:\/\/cepronda.com\/blog\/provision-de-puestos-docentes-para-el-desarrollo-de-funciones-de-impulso-de-la-formacion-profesional-dual\/","url_meta":{"origin":4139,"position":2},"title":"Provisi\u00f3n de puestos docentes para el desarrollo de funciones de impulso de la Formaci\u00f3n Profesional Dual","author":"Inmaculada Garc\u00eda","date":"17 marzo, 2022","format":false,"excerpt":"Buenos d\u00edas, compa\u00f1eros y compa\u00f1eras. Ha salido publicada la convocatoria p\u00fablica para la provisi\u00f3n de puestos docentes para el desarrollo de funciones de impulso de la Formaci\u00f3n Profesional Dual mediante el trabajo en red. Convocatoria, mediante concurso de m\u00e9ritos, para la selecci\u00f3n y nombramiento de cincuenta docentes con funciones de\u2026","rel":"","context":"En \u00abNoticias\u00bb","block_context":{"text":"Noticias","link":"https:\/\/cepronda.com\/blog\/category\/noticias\/"},"img":{"alt_text":"","src":"https:\/\/i0.wp.com\/cepronda.com\/blog\/wp-content\/uploads\/2022\/03\/Copia-de-ESTANCIAS-FORMATIVAS-EN-EMPRESAS-PARA-EL-PROFESORADO-DE-FORMACION-PROFESIONAL-1.png?fit=1080%2C1080&ssl=1&resize=350%2C200","width":350,"height":200,"srcset":"https:\/\/i0.wp.com\/cepronda.com\/blog\/wp-content\/uploads\/2022\/03\/Copia-de-ESTANCIAS-FORMATIVAS-EN-EMPRESAS-PARA-EL-PROFESORADO-DE-FORMACION-PROFESIONAL-1.png?fit=1080%2C1080&ssl=1&resize=350%2C200 1x, https:\/\/i0.wp.com\/cepronda.com\/blog\/wp-content\/uploads\/2022\/03\/Copia-de-ESTANCIAS-FORMATIVAS-EN-EMPRESAS-PARA-EL-PROFESORADO-DE-FORMACION-PROFESIONAL-1.png?fit=1080%2C1080&ssl=1&resize=525%2C300 1.5x, https:\/\/i0.wp.com\/cepronda.com\/blog\/wp-content\/uploads\/2022\/03\/Copia-de-ESTANCIAS-FORMATIVAS-EN-EMPRESAS-PARA-EL-PROFESORADO-DE-FORMACION-PROFESIONAL-1.png?fit=1080%2C1080&ssl=1&resize=700%2C400 2x, https:\/\/i0.wp.com\/cepronda.com\/blog\/wp-content\/uploads\/2022\/03\/Copia-de-ESTANCIAS-FORMATIVAS-EN-EMPRESAS-PARA-EL-PROFESORADO-DE-FORMACION-PROFESIONAL-1.png?fit=1080%2C1080&ssl=1&resize=1050%2C600 3x"},"classes":[]},{"id":3103,"url":"https:\/\/cepronda.com\/blog\/taller-de-programacion-y-evaluacion-por-competencias-para-secundaria-bachillerato-y-fp\/","url_meta":{"origin":4139,"position":3},"title":"TALLER DE PROGRAMACI\u00d3N Y EVALUACI\u00d3N POR COMPETENCIAS PARA SECUNDARIA, BACHILLERATO Y FP","author":"V\u00edctor Caballero","date":"18 octubre, 2019","format":false,"excerpt":"Muy buenas, comunicamos que se ha abierto el plazo de inscripci\u00f3n para la actividad de \"TALLER DE PROGRAMACI\u00d3N Y EVALUACI\u00d3N POR COMPETENCIAS PARA SECUNDARIA, BACHILLERATO Y FP\". Os dejamos con el enlace a la actividad para que os pod\u00e1is inscribir.","rel":"","context":"En \u00abFormaciones\u00bb","block_context":{"text":"Formaciones","link":"https:\/\/cepronda.com\/blog\/category\/formaciones\/"},"img":{"alt_text":"","src":"https:\/\/i0.wp.com\/cepronda.com\/blog\/wp-content\/uploads\/2019\/10\/TALLER-DE-PROGRAMACI%C3%93N-POR-COMPETENCIAS-EN-SECUNDARIA-BACHILLERATO-Y-FP.jpg?fit=848%2C1200&ssl=1&resize=350%2C200","width":350,"height":200,"srcset":"https:\/\/i0.wp.com\/cepronda.com\/blog\/wp-content\/uploads\/2019\/10\/TALLER-DE-PROGRAMACI%C3%93N-POR-COMPETENCIAS-EN-SECUNDARIA-BACHILLERATO-Y-FP.jpg?fit=848%2C1200&ssl=1&resize=350%2C200 1x, https:\/\/i0.wp.com\/cepronda.com\/blog\/wp-content\/uploads\/2019\/10\/TALLER-DE-PROGRAMACI%C3%93N-POR-COMPETENCIAS-EN-SECUNDARIA-BACHILLERATO-Y-FP.jpg?fit=848%2C1200&ssl=1&resize=525%2C300 1.5x, https:\/\/i0.wp.com\/cepronda.com\/blog\/wp-content\/uploads\/2019\/10\/TALLER-DE-PROGRAMACI%C3%93N-POR-COMPETENCIAS-EN-SECUNDARIA-BACHILLERATO-Y-FP.jpg?fit=848%2C1200&ssl=1&resize=700%2C400 2x"},"classes":[]},{"id":4945,"url":"https:\/\/cepronda.com\/blog\/conversion-de-aula-en-espacios-de-tecnologia-aplicada-ateca\/","url_meta":{"origin":4139,"position":4},"title":"CONVERSI\u00d3N DE AULA EN ESPACIOS DE TECNOLOG\u00cdA APLICADA (ATECA)","author":"Maribel Mu\u00f1oz","date":"11 enero, 2022","format":false,"excerpt":"Buenos d\u00edas compa\u00f1eras y compa\u00f1eros, \u00a0 \u00a0 Os informamos que se ha publicado la\u00a0 RESOLUCI\u00d3N DE 22 DE DICIEMBRE DE 2021 DE LA DIRECCI\u00d3N GENERAL DE FORMACI\u00d3N PROFESIONAL, POR LA QUE SE CONVOCAN PROYECTOS DESTINADOS A LA CONVERSI\u00d3N DE AULA EN ESPACIOS DE TECNOLOG\u00cdA APLICADA (ATECA) PARA LA FORMACI\u00d3N PROFESIONAL\u2026","rel":"","context":"En \u00abFormaciones\u00bb","block_context":{"text":"Formaciones","link":"https:\/\/cepronda.com\/blog\/category\/formaciones\/"},"img":{"alt_text":"","src":"https:\/\/i0.wp.com\/cepronda.com\/blog\/wp-content\/uploads\/2020\/03\/S%C2%B0mbolo-gen%C3%87rico-RRSS-redondo-negativo.png?fit=1200%2C1200&ssl=1&resize=350%2C200","width":350,"height":200,"srcset":"https:\/\/i0.wp.com\/cepronda.com\/blog\/wp-content\/uploads\/2020\/03\/S%C2%B0mbolo-gen%C3%87rico-RRSS-redondo-negativo.png?fit=1200%2C1200&ssl=1&resize=350%2C200 1x, https:\/\/i0.wp.com\/cepronda.com\/blog\/wp-content\/uploads\/2020\/03\/S%C2%B0mbolo-gen%C3%87rico-RRSS-redondo-negativo.png?fit=1200%2C1200&ssl=1&resize=525%2C300 1.5x, https:\/\/i0.wp.com\/cepronda.com\/blog\/wp-content\/uploads\/2020\/03\/S%C2%B0mbolo-gen%C3%87rico-RRSS-redondo-negativo.png?fit=1200%2C1200&ssl=1&resize=700%2C400 2x, https:\/\/i0.wp.com\/cepronda.com\/blog\/wp-content\/uploads\/2020\/03\/S%C2%B0mbolo-gen%C3%87rico-RRSS-redondo-negativo.png?fit=1200%2C1200&ssl=1&resize=1050%2C600 3x"},"classes":[]},{"id":5386,"url":"https:\/\/cepronda.com\/blog\/fp-basica-ies-valle-del-genal\/","url_meta":{"origin":4139,"position":5},"title":"FP B\u00c1SICA IES VALLE DEL GENAL","author":"Maribel Mu\u00f1oz","date":"29 junio, 2022","format":false,"excerpt":"Buenas tardes compa\u00f1eras y compa\u00f1eros, Os recordamos que desde el IES Valle del Genal se oferta, para el pr\u00f3ximo curso, el siguiente ciclo formativo: *FORMACI\u00d3N PROFESIONAL B\u00c1SICA EN REFORMA Y MANTENIMIENTOS DE EDIFICIOS. Para m\u00e1s informaci\u00f3n pod\u00e9is consultar el siguiente documento. FP B\u00e1sica en reforma y mantenimientos de edificios Deseamos\u2026","rel":"","context":"En \u00abFormaciones\u00bb","block_context":{"text":"Formaciones","link":"https:\/\/cepronda.com\/blog\/category\/formaciones\/"},"img":{"alt_text":"","src":"https:\/\/i0.wp.com\/cepronda.com\/blog\/wp-content\/uploads\/2022\/06\/FCB-Valle-del-Genal-1.jpg?fit=881%2C495&ssl=1&resize=350%2C200","width":350,"height":200,"srcset":"https:\/\/i0.wp.com\/cepronda.com\/blog\/wp-content\/uploads\/2022\/06\/FCB-Valle-del-Genal-1.jpg?fit=881%2C495&ssl=1&resize=350%2C200 1x, https:\/\/i0.wp.com\/cepronda.com\/blog\/wp-content\/uploads\/2022\/06\/FCB-Valle-del-Genal-1.jpg?fit=881%2C495&ssl=1&resize=525%2C300 1.5x, https:\/\/i0.wp.com\/cepronda.com\/blog\/wp-content\/uploads\/2022\/06\/FCB-Valle-del-Genal-1.jpg?fit=881%2C495&ssl=1&resize=700%2C400 2x"},"classes":[]}],"jetpack_sharing_enabled":true,"_links":{"self":[{"href":"https:\/\/cepronda.com\/blog\/wp-json\/wp\/v2\/posts\/4139","targetHints":{"allow":["GET"]}}],"collection":[{"href":"https:\/\/cepronda.com\/blog\/wp-json\/wp\/v2\/posts"}],"about":[{"href":"https:\/\/cepronda.com\/blog\/wp-json\/wp\/v2\/types\/post"}],"author":[{"embeddable":true,"href":"https:\/\/cepronda.com\/blog\/wp-json\/wp\/v2\/users\/10"}],"replies":[{"embeddable":true,"href":"https:\/\/cepronda.com\/blog\/wp-json\/wp\/v2\/comments?post=4139"}],"version-history":[{"count":1,"href":"https:\/\/cepronda.com\/blog\/wp-json\/wp\/v2\/posts\/4139\/revisions"}],"predecessor-version":[{"id":4141,"href":"https:\/\/cepronda.com\/blog\/wp-json\/wp\/v2\/posts\/4139\/revisions\/4141"}],"wp:featuredmedia":[{"embeddable":true,"href":"https:\/\/cepronda.com\/blog\/wp-json\/wp\/v2\/media\/4140"}],"wp:attachment":[{"href":"https:\/\/cepronda.com\/blog\/wp-json\/wp\/v2\/media?parent=4139"}],"wp:term":[{"taxonomy":"category","embeddable":true,"href":"https:\/\/cepronda.com\/blog\/wp-json\/wp\/v2\/categories?post=4139"},{"taxonomy":"post_tag","embeddable":true,"href":"https:\/\/cepronda.com\/blog\/wp-json\/wp\/v2\/tags?post=4139"}],"curies":[{"name":"wp","href":"https:\/\/api.w.org\/{rel}","templated":true}]}}