{"id":4136,"date":"2021-02-01T12:41:17","date_gmt":"2021-02-01T11:41:17","guid":{"rendered":"http:\/\/cepronda.com\/blog\/?p=4136"},"modified":"2021-02-01T12:41:17","modified_gmt":"2021-02-01T11:41:17","slug":"formacion-introduccion-al-metodo-adapt-para-el-profesorado-de-danza","status":"publish","type":"post","link":"https:\/\/cepronda.com\/blog\/formacion-introduccion-al-metodo-adapt-para-el-profesorado-de-danza\/","title":{"rendered":"Formaci\u00f3n: INTRODUCCI\u00d3N AL M\u00c9TODO ADAPT PARA EL PROFESORADO DE DANZA"},"content":{"rendered":"<p>Buenas tardes compa\u00f1eras y compa\u00f1eros,<\/p>\n<p>Os informamos que est\u00e1 abierto el plazo de inscripci\u00f3n de la formaci\u00f3n regional \u00abINTRODUCCI\u00d3N AL M\u00c9TODO ADAPT PARA EL PROFESORADO DE DANZA\u00bb con c\u00f3digo 211104FEDAP026 dirigida al profesorado de Danza de Conservatorio. El plazo de inscripci\u00f3n finaliza el 22 de febrero. Adjuntamos <a href=\"https:\/\/www.juntadeandalucia.es\/educacion\/secretariavirtual\/consultaCEP\/actividad\/211104FEDAP026\/\">enlace<\/a> : https:\/\/www.juntadeandalucia.es\/educacion\/secretariavirtual\/consultaCEP\/actividad\/211104FEDAP026\/<\/p>\n<p>Deseamos que sea de vuestro inter\u00e9s.&nbsp;<\/p>\n<p>Saludos.<\/p>\n<p><img data-recalc-dims=\"1\" loading=\"lazy\" decoding=\"async\" class=\"alignnone size-medium wp-image-4137 aligncenter\" src=\"https:\/\/i0.wp.com\/cepronda.com\/blog\/wp-content\/uploads\/2021\/02\/Cartel-formacion-de-danza-215x300.jpg?resize=215%2C300\" alt=\"\" width=\"215\" height=\"300\" srcset=\"https:\/\/i0.wp.com\/cepronda.com\/blog\/wp-content\/uploads\/2021\/02\/Cartel-formacion-de-danza.jpg?resize=215%2C300&amp;ssl=1 215w, https:\/\/i0.wp.com\/cepronda.com\/blog\/wp-content\/uploads\/2021\/02\/Cartel-formacion-de-danza.jpg?w=683&amp;ssl=1 683w\" sizes=\"auto, (max-width: 215px) 100vw, 215px\" \/><\/p>\n","protected":false},"excerpt":{"rendered":"<p>Buenas tardes compa\u00f1eras y compa\u00f1eros, Os informamos que est\u00e1 abierto el plazo de inscripci\u00f3n de la formaci\u00f3n regional \u00abINTRODUCCI\u00d3N AL M\u00c9TODO ADAPT PARA EL PROFESORADO DE DANZA\u00bb con c\u00f3digo 211104FEDAP026 dirigida al profesorado de Danza de Conservatorio. El plazo de inscripci\u00f3n finaliza el 22 de febrero. Adjuntamos enlace : https:\/\/www.juntadeandalucia.es\/educacion\/secretariavirtual\/consultaCEP\/actividad\/211104FEDAP026\/ Deseamos que sea de vuestro [&hellip;]<\/p>\n","protected":false},"author":10,"featured_media":4137,"comment_status":"closed","ping_status":"open","sticky":false,"template":"","format":"standard","meta":{"_crdt_document":"","advanced_seo_description":"","jetpack_seo_html_title":"","jetpack_seo_noindex":false,"jetpack_post_was_ever_published":false,"_jetpack_newsletter_access":"","_jetpack_dont_email_post_to_subs":false,"_jetpack_newsletter_tier_id":0,"_jetpack_memberships_contains_paywalled_content":false,"_jetpack_memberships_contains_paid_content":false,"footnotes":"","jetpack_publicize_message":"","jetpack_publicize_feature_enabled":true,"jetpack_social_post_already_shared":true,"jetpack_social_options":{"image_generator_settings":{"template":"highway","default_image_id":0,"font":"","enabled":false},"version":2}},"categories":[3,5],"tags":[90,108],"class_list":{"0":"post-4136","1":"post","2":"type-post","3":"status-publish","4":"format-standard","5":"has-post-thumbnail","7":"category-formaciones","8":"category-noticias","9":"tag-cursos","10":"tag-danza","11":"czr-hentry"},"jetpack_publicize_connections":[],"jetpack_featured_media_url":"https:\/\/i0.wp.com\/cepronda.com\/blog\/wp-content\/uploads\/2021\/02\/Cartel-formacion-de-danza.jpg?fit=683%2C955&ssl=1","jetpack_shortlink":"https:\/\/wp.me\/p8M4X7-14I","jetpack-related-posts":[{"id":7273,"url":"https:\/\/cepronda.com\/blog\/formacion-introduccion-de-nuevos-estilos-musicales-en-conservatorios-de-musica-244127are006\/","url_meta":{"origin":4136,"position":0},"title":"FORMACI\u00d3N: INTRODUCCI\u00d3N DE NUEVOS ESTILOS MUSICALES EN CONSERVATORIOS DE M\u00daSICA (244127ARE006)","author":"Inmaculada Garc\u00eda","date":"14 diciembre, 2023","format":false,"excerpt":"Abierto el plazo de inscripci\u00f3n del curso a distancia, de car\u00e1cter regional, de 30 horas: INTRODUCCI\u00d3N DE NUEVOS ESTILOS MUSICALES EN CONSERVATORIOS DE M\u00daSICA (244127ARE006) \u00a0 \u27a1\ufe0fDirigida al PROFESORADO DE M\u00daSICA Y AAEE Fecha inscripci\u00f3n: 11\/12\/2023 hasta 21\/12\/2023 Fecha actividad: 15\/01\/2024 hasta 15\/03\/2024 \u00a0 ENLACE A DETALLE E INSCRIPCI\u00d3N: https:\/\/www.juntadeandalucia.es\/educacion\/secretariavirtual\/consultaCEP\/actividad\/244127ARE006\/","rel":"","context":"En \u00abFormaciones\u00bb","block_context":{"text":"Formaciones","link":"https:\/\/cepronda.com\/blog\/category\/formaciones\/"},"img":{"alt_text":"","src":"https:\/\/i0.wp.com\/cepronda.com\/blog\/wp-content\/uploads\/2023\/12\/410252269_2036421390074773_5177096932936590258_n.jpg?fit=1080%2C1080&ssl=1&resize=350%2C200","width":350,"height":200,"srcset":"https:\/\/i0.wp.com\/cepronda.com\/blog\/wp-content\/uploads\/2023\/12\/410252269_2036421390074773_5177096932936590258_n.jpg?fit=1080%2C1080&ssl=1&resize=350%2C200 1x, https:\/\/i0.wp.com\/cepronda.com\/blog\/wp-content\/uploads\/2023\/12\/410252269_2036421390074773_5177096932936590258_n.jpg?fit=1080%2C1080&ssl=1&resize=525%2C300 1.5x, https:\/\/i0.wp.com\/cepronda.com\/blog\/wp-content\/uploads\/2023\/12\/410252269_2036421390074773_5177096932936590258_n.jpg?fit=1080%2C1080&ssl=1&resize=700%2C400 2x, https:\/\/i0.wp.com\/cepronda.com\/blog\/wp-content\/uploads\/2023\/12\/410252269_2036421390074773_5177096932936590258_n.jpg?fit=1080%2C1080&ssl=1&resize=1050%2C600 3x"},"classes":[]},{"id":7242,"url":"https:\/\/cepronda.com\/blog\/curso-para-el-profesorado-area-no-linguistica-anl-en-frances\/","url_meta":{"origin":4136,"position":1},"title":"CURSO PARA EL PROFESORADO \u00c1REA NO LING\u00dc\u00cdSTICA (ANL) EN FRANC\u00c9S","author":"Mamen Moreno","date":"5 diciembre, 2023","format":false,"excerpt":"Abierto el plazo de inscripci\u00f3n para el curso regional a distancia, dirigido al profesorado de \u00e1reas no ling\u00fc\u00edsticas de centros biling\u00fces franc\u00e9s: CURSO PARA PROFESORADO DE \u00c1REA NO LING\u00dc\u00cdSTICA EN FRANC\u00c9S c\u00f3digo: 24K9926AV155 Plazo de Inscripci\u00f3n: 04\/12\/2023 al 18\/12\/2023 Del 08\/01\/2024 hasta 29\/02\/2024 Enlace de inscripci\u00f3n:\u00a0https:\/\/www.juntadeandalucia.es\/educacion\/secretariavirtual\/consultaCEP\/actividad\/24K9926AV155\/","rel":"","context":"En \u00abFormaciones\u00bb","block_context":{"text":"Formaciones","link":"https:\/\/cepronda.com\/blog\/category\/formaciones\/"},"img":{"alt_text":"","src":"https:\/\/i0.wp.com\/cepronda.com\/blog\/wp-content\/uploads\/2023\/12\/CODIGO-1.png?fit=1080%2C1080&ssl=1&resize=350%2C200","width":350,"height":200,"srcset":"https:\/\/i0.wp.com\/cepronda.com\/blog\/wp-content\/uploads\/2023\/12\/CODIGO-1.png?fit=1080%2C1080&ssl=1&resize=350%2C200 1x, https:\/\/i0.wp.com\/cepronda.com\/blog\/wp-content\/uploads\/2023\/12\/CODIGO-1.png?fit=1080%2C1080&ssl=1&resize=525%2C300 1.5x, https:\/\/i0.wp.com\/cepronda.com\/blog\/wp-content\/uploads\/2023\/12\/CODIGO-1.png?fit=1080%2C1080&ssl=1&resize=700%2C400 2x, https:\/\/i0.wp.com\/cepronda.com\/blog\/wp-content\/uploads\/2023\/12\/CODIGO-1.png?fit=1080%2C1080&ssl=1&resize=1050%2C600 3x"},"classes":[]},{"id":7246,"url":"https:\/\/cepronda.com\/blog\/curso-para-el-profesorado-area-no-linguistica-anl-en-ingles\/","url_meta":{"origin":4136,"position":2},"title":"CURSO PARA EL PROFESORADO \u00c1REA NO LING\u00dc\u00cdSTICA (ANL) EN INGL\u00c9S","author":"Mamen Moreno","date":"5 diciembre, 2023","format":false,"excerpt":"Abierto el plazo de inscripci\u00f3n para el curso regional a distancia, dirigido al profesorado de \u00e1reas no ling\u00fc\u00edsticas de centros biling\u00fces ingl\u00e9s: CURSO PARA PROFESORADO DE \u00c1REA NO LING\u00dc\u00cdSTICA EN INGL\u00c9S c\u00f3digo: 24K9926AV156 Plazo de Inscripci\u00f3n: 04\/12\/2023 al 18\/12\/2023 Del 08\/01\/2024 hasta 29\/02\/2024 Enlace de inscripci\u00f3n:\u00a0https:\/\/www.juntadeandalucia.es\/educacion\/secretariavirtual\/consultaCEP\/actividad\/24K9926AV156\/","rel":"","context":"En \u00abFormaciones\u00bb","block_context":{"text":"Formaciones","link":"https:\/\/cepronda.com\/blog\/category\/formaciones\/"},"img":{"alt_text":"","src":"https:\/\/i0.wp.com\/cepronda.com\/blog\/wp-content\/uploads\/2023\/12\/Learn-language-2.png?fit=1080%2C1080&ssl=1&resize=350%2C200","width":350,"height":200,"srcset":"https:\/\/i0.wp.com\/cepronda.com\/blog\/wp-content\/uploads\/2023\/12\/Learn-language-2.png?fit=1080%2C1080&ssl=1&resize=350%2C200 1x, https:\/\/i0.wp.com\/cepronda.com\/blog\/wp-content\/uploads\/2023\/12\/Learn-language-2.png?fit=1080%2C1080&ssl=1&resize=525%2C300 1.5x, https:\/\/i0.wp.com\/cepronda.com\/blog\/wp-content\/uploads\/2023\/12\/Learn-language-2.png?fit=1080%2C1080&ssl=1&resize=700%2C400 2x, https:\/\/i0.wp.com\/cepronda.com\/blog\/wp-content\/uploads\/2023\/12\/Learn-language-2.png?fit=1080%2C1080&ssl=1&resize=1050%2C600 3x"},"classes":[]},{"id":9461,"url":"https:\/\/cepronda.com\/blog\/hhh\/","url_meta":{"origin":4136,"position":3},"title":"INTRODUCCI\u00d3N A KUBERNETES","author":"Encarni Jim\u00e9nez Rosado","date":"16 marzo, 2026","format":false,"excerpt":"Abierto plazo de inscripci\u00f3n para el curso \u201cINTRODUCCI\u00d3N A KUBERNETES\u201d. \u00a0CEP Castilleja Curso online | 45 horas Dirigido al profesorado de FP de Inform\u00e1tica y Comunicaciones de centros p\u00fablicos. Plazo de inscripci\u00f3n: 12\/03 \u2013 23\/03 Fechas de realizaci\u00f3n: 08\/04\/2026 \u2013 07\/06\/2026 Solicitudes: https:\/\/lajunta.es\/6dhqs Aprende a trabajar con Kubernetes, la herramienta\u2026","rel":"","context":"En \u00abFormaciones\u00bb","block_context":{"text":"Formaciones","link":"https:\/\/cepronda.com\/blog\/category\/formaciones\/"},"img":{"alt_text":"","src":"","width":0,"height":0},"classes":[]},{"id":7259,"url":"https:\/\/cepronda.com\/blog\/formacion-intervencion-con-el-alumnado-que-presenta-trastornos-graves-de-conducta-242926ic406\/","url_meta":{"origin":4136,"position":4},"title":"FORMACI\u00d3N: INTERVENCI\u00d3N CON EL ALUMNADO QUE PRESENTA TRASTORNOS GRAVES DE CONDUCTA (242926IC406)","author":"Inmaculada Garc\u00eda","date":"12 diciembre, 2023","format":false,"excerpt":"Abierto el plazo de inscripci\u00f3n para el curso a distancia interceps ( Antequera, Ronda y V\u00e9lez-M\u00e1laga), dirigido al profesorado de primaria y secundaria: Intervenci\u00f3n con el alumnado que presenta trastornos graves de conducta (242926IC406) Duraci\u00f3n: 30 horas Plazo de inscripci\u00f3n: del 12\/12\/2023 hasta 15\/01\/2024 Fechas de realizaci\u00f3n: 29\/01\/2024 hasta 25\/03\/2024.\u2026","rel":"","context":"En \u00abFormaciones\u00bb","block_context":{"text":"Formaciones","link":"https:\/\/cepronda.com\/blog\/category\/formaciones\/"},"img":{"alt_text":"","src":"https:\/\/i0.wp.com\/cepronda.com\/blog\/wp-content\/uploads\/2023\/12\/WhatsApp-Image-2023-12-12-at-09.47.28.jpeg?fit=1080%2C1080&ssl=1&resize=350%2C200","width":350,"height":200,"srcset":"https:\/\/i0.wp.com\/cepronda.com\/blog\/wp-content\/uploads\/2023\/12\/WhatsApp-Image-2023-12-12-at-09.47.28.jpeg?fit=1080%2C1080&ssl=1&resize=350%2C200 1x, https:\/\/i0.wp.com\/cepronda.com\/blog\/wp-content\/uploads\/2023\/12\/WhatsApp-Image-2023-12-12-at-09.47.28.jpeg?fit=1080%2C1080&ssl=1&resize=525%2C300 1.5x, https:\/\/i0.wp.com\/cepronda.com\/blog\/wp-content\/uploads\/2023\/12\/WhatsApp-Image-2023-12-12-at-09.47.28.jpeg?fit=1080%2C1080&ssl=1&resize=700%2C400 2x, https:\/\/i0.wp.com\/cepronda.com\/blog\/wp-content\/uploads\/2023\/12\/WhatsApp-Image-2023-12-12-at-09.47.28.jpeg?fit=1080%2C1080&ssl=1&resize=1050%2C600 3x"},"classes":[]},{"id":3596,"url":"https:\/\/cepronda.com\/blog\/apertura-del-plazo-de-inscripcion-para-la-2a-edicion-de-cursos-de-formacion-en-linea-del-profesorado-2020\/","url_meta":{"origin":4136,"position":5},"title":"Apertura del plazo de inscripci\u00f3n para la 2\u00aa edici\u00f3n de cursos de formaci\u00f3n en l\u00ednea del Profesorado 2020","author":"V\u00edctor Caballero","date":"1 junio, 2020","format":false,"excerpt":"Muy buenas familia, Comenzamos la semana compartiendo que a partir de hoy se abre el plazo de inscripci\u00f3n para la 2\u00aa edici\u00f3n de los cursos de formaci\u00f3n en l\u00ednea del profesorado del INTEF. Cursos que se realizar\u00edan entre septiembre y noviembre. Como siempre son muy interesantes y pueden resultarnos muy\u2026","rel":"","context":"En \u00abFormaciones\u00bb","block_context":{"text":"Formaciones","link":"https:\/\/cepronda.com\/blog\/category\/formaciones\/"},"img":{"alt_text":"","src":"https:\/\/i0.wp.com\/cepronda.com\/blog\/wp-content\/uploads\/2020\/06\/INTEF.png?fit=803%2C306&ssl=1&resize=350%2C200","width":350,"height":200,"srcset":"https:\/\/i0.wp.com\/cepronda.com\/blog\/wp-content\/uploads\/2020\/06\/INTEF.png?fit=803%2C306&ssl=1&resize=350%2C200 1x, https:\/\/i0.wp.com\/cepronda.com\/blog\/wp-content\/uploads\/2020\/06\/INTEF.png?fit=803%2C306&ssl=1&resize=525%2C300 1.5x, https:\/\/i0.wp.com\/cepronda.com\/blog\/wp-content\/uploads\/2020\/06\/INTEF.png?fit=803%2C306&ssl=1&resize=700%2C400 2x"},"classes":[]}],"jetpack_sharing_enabled":true,"_links":{"self":[{"href":"https:\/\/cepronda.com\/blog\/wp-json\/wp\/v2\/posts\/4136","targetHints":{"allow":["GET"]}}],"collection":[{"href":"https:\/\/cepronda.com\/blog\/wp-json\/wp\/v2\/posts"}],"about":[{"href":"https:\/\/cepronda.com\/blog\/wp-json\/wp\/v2\/types\/post"}],"author":[{"embeddable":true,"href":"https:\/\/cepronda.com\/blog\/wp-json\/wp\/v2\/users\/10"}],"replies":[{"embeddable":true,"href":"https:\/\/cepronda.com\/blog\/wp-json\/wp\/v2\/comments?post=4136"}],"version-history":[{"count":1,"href":"https:\/\/cepronda.com\/blog\/wp-json\/wp\/v2\/posts\/4136\/revisions"}],"predecessor-version":[{"id":4138,"href":"https:\/\/cepronda.com\/blog\/wp-json\/wp\/v2\/posts\/4136\/revisions\/4138"}],"wp:featuredmedia":[{"embeddable":true,"href":"https:\/\/cepronda.com\/blog\/wp-json\/wp\/v2\/media\/4137"}],"wp:attachment":[{"href":"https:\/\/cepronda.com\/blog\/wp-json\/wp\/v2\/media?parent=4136"}],"wp:term":[{"taxonomy":"category","embeddable":true,"href":"https:\/\/cepronda.com\/blog\/wp-json\/wp\/v2\/categories?post=4136"},{"taxonomy":"post_tag","embeddable":true,"href":"https:\/\/cepronda.com\/blog\/wp-json\/wp\/v2\/tags?post=4136"}],"curies":[{"name":"wp","href":"https:\/\/api.w.org\/{rel}","templated":true}]}}