{"id":4122,"date":"2021-01-20T14:01:12","date_gmt":"2021-01-20T13:01:12","guid":{"rendered":"http:\/\/cepronda.com\/blog\/?p=4122"},"modified":"2025-04-28T11:56:00","modified_gmt":"2025-04-28T09:56:00","slug":"4122-2","status":"publish","type":"post","link":"https:\/\/cepronda.com\/blog\/4122-2\/","title":{"rendered":"1\u00ba Congreso Virtual de Buenas Pr\u00e1cticas en la Educaci\u00f3n Infantil."},"content":{"rendered":"<p><span style=\"font-weight: 400;\">Buenas tardes compa\u00f1eras y compa\u00f1eros,<\/span><\/p>\n<p><span style=\"font-weight: 400;\">Os informamos que est\u00e1 abierto el plazo de <a href=\"https:\/\/www.congresobbppinfantil.uma.es\/\">inscripci\u00f3n<\/a> del&nbsp; <em><strong>1\u00ba Congreso Virtual de Buenas Pr\u00e1cticas en la Educaci\u00f3n Infantil.<\/strong><\/em><\/span><span style=\"font-weight: inherit;\"> Se desarrollar\u00e1 los d\u00edas&nbsp; 22, 23, 24 de Abril del 2021 . Adjuntamos enlace : <\/span><span style=\"font-weight: inherit;\">https:\/\/www.congresobbppinfantil.uma.es\/<\/span><\/p>\n<p><span style=\"font-weight: 400;\">Deseamos que sea de vuestro inter\u00e9s.&nbsp;<\/span><\/p>\n<p><span style=\"font-weight: 400;\">Saludos.<\/span><\/p>\n<p><img data-recalc-dims=\"1\" loading=\"lazy\" decoding=\"async\" class=\"alignnone size-medium wp-image-4123 aligncenter\" src=\"https:\/\/i0.wp.com\/cepronda.com\/blog\/wp-content\/uploads\/2021\/01\/WhatsApp-Image-2021-01-20-at-13.46.54-214x300.jpeg?resize=214%2C300\" alt=\"\" width=\"214\" height=\"300\" srcset=\"https:\/\/i0.wp.com\/cepronda.com\/blog\/wp-content\/uploads\/2021\/01\/WhatsApp-Image-2021-01-20-at-13.46.54.jpeg?resize=214%2C300&amp;ssl=1 214w, https:\/\/i0.wp.com\/cepronda.com\/blog\/wp-content\/uploads\/2021\/01\/WhatsApp-Image-2021-01-20-at-13.46.54.jpeg?resize=731%2C1024&amp;ssl=1 731w, https:\/\/i0.wp.com\/cepronda.com\/blog\/wp-content\/uploads\/2021\/01\/WhatsApp-Image-2021-01-20-at-13.46.54.jpeg?resize=768%2C1076&amp;ssl=1 768w, https:\/\/i0.wp.com\/cepronda.com\/blog\/wp-content\/uploads\/2021\/01\/WhatsApp-Image-2021-01-20-at-13.46.54.jpeg?resize=1096%2C1536&amp;ssl=1 1096w, https:\/\/i0.wp.com\/cepronda.com\/blog\/wp-content\/uploads\/2021\/01\/WhatsApp-Image-2021-01-20-at-13.46.54.jpeg?w=1142&amp;ssl=1 1142w\" sizes=\"auto, (max-width: 214px) 100vw, 214px\" \/><\/p>\n","protected":false},"excerpt":{"rendered":"<p>Buenas tardes compa\u00f1eras y compa\u00f1eros, Os informamos que est\u00e1 abierto el plazo de inscripci\u00f3n del&nbsp; 1\u00ba Congreso Virtual de Buenas Pr\u00e1cticas en la Educaci\u00f3n Infantil. Se desarrollar\u00e1 los d\u00edas&nbsp; 22, 23, 24 de Abril del 2021 . Adjuntamos enlace : https:\/\/www.congresobbppinfantil.uma.es\/ Deseamos que sea de vuestro inter\u00e9s.&nbsp; Saludos.<\/p>\n","protected":false},"author":10,"featured_media":4123,"comment_status":"closed","ping_status":"open","sticky":false,"template":"","format":"standard","meta":{"_crdt_document":"","advanced_seo_description":"","jetpack_seo_html_title":"","jetpack_seo_noindex":false,"jetpack_post_was_ever_published":false,"_jetpack_newsletter_access":"","_jetpack_dont_email_post_to_subs":false,"_jetpack_newsletter_tier_id":0,"_jetpack_memberships_contains_paywalled_content":false,"_jetpack_memberships_contains_paid_content":false,"footnotes":"","jetpack_publicize_message":"","jetpack_publicize_feature_enabled":true,"jetpack_social_post_already_shared":true,"jetpack_social_options":{"image_generator_settings":{"template":"highway","default_image_id":0,"font":"","enabled":false},"version":2}},"categories":[3,5],"tags":[15,23,78],"class_list":{"0":"post-4122","1":"post","2":"type-post","3":"status-publish","4":"format-standard","5":"has-post-thumbnail","7":"category-formaciones","8":"category-noticias","9":"tag-congreso","10":"tag-educacion-infantil","11":"tag-noticias","12":"czr-hentry"},"jetpack_publicize_connections":[],"jetpack_featured_media_url":"https:\/\/i0.wp.com\/cepronda.com\/blog\/wp-content\/uploads\/2021\/01\/WhatsApp-Image-2021-01-20-at-13.46.54.jpeg?fit=1142%2C1600&ssl=1","jetpack_shortlink":"https:\/\/wp.me\/p8M4X7-14u","jetpack-related-posts":[{"id":3355,"url":"https:\/\/cepronda.com\/blog\/abierto-el-plazo-de-inscripcion-i-congreso-de-buenas-practicas-en-educacion-infantil\/","url_meta":{"origin":4122,"position":0},"title":"Abierto el plazo de inscripci\u00f3n I Congreso de Buenas Pr\u00e1cticas en Educaci\u00f3n Infantil","author":"V\u00edctor Caballero","date":"21 enero, 2020","format":false,"excerpt":"Muy buenas familia de Infantil, Hoy se abre el plazo de inscripci\u00f3n en el I Congreso de Buenas Pr\u00e1cticas de Educaci\u00f3n Infantil desde el CEP de M\u00e1laga en colaboraci\u00f3n con la UMA, se est\u00e1 organizando el\u00a0I Congreso de Buenas pr\u00e1cticas en Educaci\u00f3n Infantil,\u00a0que tendr\u00e1 lugar los pr\u00f3ximos\u00a023, 24 y 25\u2026","rel":"","context":"En \u00abNoticias\u00bb","block_context":{"text":"Noticias","link":"https:\/\/cepronda.com\/blog\/category\/noticias\/"},"img":{"alt_text":"","src":"https:\/\/i0.wp.com\/cepronda.com\/blog\/wp-content\/uploads\/2020\/01\/cropped-logo_HUM205-1.jpg?resize=350%2C200","width":350,"height":200},"classes":[]},{"id":8800,"url":"https:\/\/cepronda.com\/blog\/x-congreso-internacional-de-buenas-practicas-con-tic\/","url_meta":{"origin":4122,"position":1},"title":"X CONGRESO INTERNACIONAL DE BUENAS PR\u00c1CTICAS CON TIC","author":"Mamen Moreno","date":"18 septiembre, 2025","format":false,"excerpt":"Abierto el plazo de inscripci\u00f3n para el congreso \"X CONGRESO INTERNACIONAL DE BUENAS PR\u00c1CTICAS CON TIC\" \u27a1\ufe0f Dirigido a: Internivelar \u270f\ufe0f Inscripci\u00f3n: desde 17\/09\/2025 a 08\/10\/2025 Actividad: 22\/10\/2025 y 23\/10\/2025 \u231bDuraci\u00f3n: 8 horas Lugar: Sede UNIA Puerto de M\u00e1laga (de 16:30 a 20:30 horas) M\u00e1s informaci\u00f3n en: https:\/\/www.juntadeandalucia.es\/educacion\/secretariavirtual\/consultaCEP\/actividad\/262922GE056\/","rel":"","context":"En \u00abFormaciones\u00bb","block_context":{"text":"Formaciones","link":"https:\/\/cepronda.com\/blog\/category\/formaciones\/"},"img":{"alt_text":"","src":"https:\/\/i0.wp.com\/cepronda.com\/blog\/wp-content\/uploads\/2025\/09\/WhatsApp-Image-2025-09-17-at-22.19.47-215x300.jpeg?resize=350%2C200&ssl=1","width":350,"height":200},"classes":[]},{"id":4510,"url":"https:\/\/cepronda.com\/blog\/i-congreso-de-ajedrez-y-buenas-practicas-educativas\/","url_meta":{"origin":4122,"position":2},"title":"I CONGRESO DE AJEDREZ Y BUENAS PR\u00c1CTICAS EDUCATIVAS","author":"Maribel Mu\u00f1oz","date":"4 mayo, 2021","format":false,"excerpt":"Estimados\/as compa\u00f1eros\/as, Os informamos que est\u00e1 abierta la convocatoria para el \"I CONGRESO DE AJEDREZ Y BUENAS PR\u00c1CTICAS EDUCATIVAS\" que se realizar\u00e1 los d\u00edas 20, 25 y 27 de mayo. Ser\u00e1 un congreso con ponentes de repercusi\u00f3n internacional con un formato din\u00e1mico, como pod\u00e9is ver en el siguiente \"teaser trailer\":\u2026","rel":"","context":"En \u00abFormaciones\u00bb","block_context":{"text":"Formaciones","link":"https:\/\/cepronda.com\/blog\/category\/formaciones\/"},"img":{"alt_text":"","src":"https:\/\/i0.wp.com\/cepronda.com\/blog\/wp-content\/uploads\/2021\/05\/chess-316657_1280.jpg?fit=1200%2C794&ssl=1&resize=350%2C200","width":350,"height":200,"srcset":"https:\/\/i0.wp.com\/cepronda.com\/blog\/wp-content\/uploads\/2021\/05\/chess-316657_1280.jpg?fit=1200%2C794&ssl=1&resize=350%2C200 1x, https:\/\/i0.wp.com\/cepronda.com\/blog\/wp-content\/uploads\/2021\/05\/chess-316657_1280.jpg?fit=1200%2C794&ssl=1&resize=525%2C300 1.5x, https:\/\/i0.wp.com\/cepronda.com\/blog\/wp-content\/uploads\/2021\/05\/chess-316657_1280.jpg?fit=1200%2C794&ssl=1&resize=700%2C400 2x, https:\/\/i0.wp.com\/cepronda.com\/blog\/wp-content\/uploads\/2021\/05\/chess-316657_1280.jpg?fit=1200%2C794&ssl=1&resize=1050%2C600 3x"},"classes":[]},{"id":375,"url":"https:\/\/cepronda.com\/blog\/red-profesional-de-educacion-infantil\/","url_meta":{"origin":4122,"position":3},"title":"Red Profesional de Educaci\u00f3n Infantil","author":"V\u00edctor Caballero","date":"23 noviembre, 2016","format":false,"excerpt":"Hola a todo el mundo, y especialmente a las y los docentes de Educaci\u00f3n Infantil, En el CEP de Ronda hemos convocado una actividad formativa dirigida a constituir una Red Profesional de profesorado de Educaci\u00f3n Infantil perteneciente a los centros del \u00e1mbito de actuaci\u00f3n de nuestro CEP, con la idea\u2026","rel":"","context":"En \u00abFormaciones\u00bb","block_context":{"text":"Formaciones","link":"https:\/\/cepronda.com\/blog\/category\/formaciones\/"},"img":{"alt_text":"","src":"","width":0,"height":0},"classes":[]},{"id":5468,"url":"https:\/\/cepronda.com\/blog\/aproximacion-al-marco-general-de-la-lomloe-educacion-infantil\/","url_meta":{"origin":4122,"position":4},"title":"APROXIMACI\u00d3N AL MARCO GENERAL DE LA LOMLOE.EDUCACI\u00d3N INFANTIL.","author":"Maribel Mu\u00f1oz","date":"16 septiembre, 2022","format":false,"excerpt":"Buenas tardes compa\u00f1eras y compa\u00f1eros, Os\u00a0 informamos que est\u00e1 abierto el plazo de inscripci\u00f3n en el curso a distancia APROXIMACI\u00d3N AL MARCO GENERAL DE LA LOMLOE. EDUCACI\u00d3N INFANTIL con c\u00f3digo 232924PF403. Fechas de inscripci\u00f3n : del 16\/09\/2022 al 03\/10\/2022 Fecha de inicio: 10\/10\/2022 Fecha finalizaci\u00f3n: 10\/11\/2022 Horas: 15\u00a0 ( online\u2026","rel":"","context":"En \u00abFormaciones\u00bb","block_context":{"text":"Formaciones","link":"https:\/\/cepronda.com\/blog\/category\/formaciones\/"},"img":{"alt_text":"","src":"https:\/\/i0.wp.com\/cepronda.com\/blog\/wp-content\/uploads\/2022\/09\/WhatsApp-Image-2022-09-16-at-11.24.09.jpeg?fit=1200%2C675&ssl=1&resize=350%2C200","width":350,"height":200,"srcset":"https:\/\/i0.wp.com\/cepronda.com\/blog\/wp-content\/uploads\/2022\/09\/WhatsApp-Image-2022-09-16-at-11.24.09.jpeg?fit=1200%2C675&ssl=1&resize=350%2C200 1x, https:\/\/i0.wp.com\/cepronda.com\/blog\/wp-content\/uploads\/2022\/09\/WhatsApp-Image-2022-09-16-at-11.24.09.jpeg?fit=1200%2C675&ssl=1&resize=525%2C300 1.5x, https:\/\/i0.wp.com\/cepronda.com\/blog\/wp-content\/uploads\/2022\/09\/WhatsApp-Image-2022-09-16-at-11.24.09.jpeg?fit=1200%2C675&ssl=1&resize=700%2C400 2x, https:\/\/i0.wp.com\/cepronda.com\/blog\/wp-content\/uploads\/2022\/09\/WhatsApp-Image-2022-09-16-at-11.24.09.jpeg?fit=1200%2C675&ssl=1&resize=1050%2C600 3x"},"classes":[]},{"id":5187,"url":"https:\/\/cepronda.com\/blog\/reunion-informativa-v-premios-bibliotecas-escolares-y-fomento-de-la-lectura\/","url_meta":{"origin":4122,"position":5},"title":"REUNI\u00d3N INFORMATIVA V PREMIOS BIBLIOTECAS ESCOLARES Y FOMENTO DE LA LECTURA.","author":"Maribel Mu\u00f1oz","date":"28 marzo, 2022","format":false,"excerpt":"Buenas tardes compa\u00f1eras y compa\u00f1eros Os informamos que el pr\u00f3ximo 6 de abril de 2022 se va a desarrollar una REUNI\u00d3N INFORMATIVA V PREMIOS BIBLIOTECAS ESCOLARES Y FOMENTO DE LA LECTURA.\u00a0 Est\u00e1 dirigida al profesorado responsable de BE y direcciones de centros de Educaci\u00f3n Infantil de 2\u00ba ciclo, Educaci\u00f3n Primaria\u2026","rel":"","context":"En \u00abNoticias\u00bb","block_context":{"text":"Noticias","link":"https:\/\/cepronda.com\/blog\/category\/noticias\/"},"img":{"alt_text":"","src":"https:\/\/i0.wp.com\/cepronda.com\/blog\/wp-content\/uploads\/2022\/03\/BBEE-cartel-reunion-1.jpg?fit=580%2C820&ssl=1&resize=350%2C200","width":350,"height":200,"srcset":"https:\/\/i0.wp.com\/cepronda.com\/blog\/wp-content\/uploads\/2022\/03\/BBEE-cartel-reunion-1.jpg?fit=580%2C820&ssl=1&resize=350%2C200 1x, https:\/\/i0.wp.com\/cepronda.com\/blog\/wp-content\/uploads\/2022\/03\/BBEE-cartel-reunion-1.jpg?fit=580%2C820&ssl=1&resize=525%2C300 1.5x"},"classes":[]}],"jetpack_sharing_enabled":true,"_links":{"self":[{"href":"https:\/\/cepronda.com\/blog\/wp-json\/wp\/v2\/posts\/4122","targetHints":{"allow":["GET"]}}],"collection":[{"href":"https:\/\/cepronda.com\/blog\/wp-json\/wp\/v2\/posts"}],"about":[{"href":"https:\/\/cepronda.com\/blog\/wp-json\/wp\/v2\/types\/post"}],"author":[{"embeddable":true,"href":"https:\/\/cepronda.com\/blog\/wp-json\/wp\/v2\/users\/10"}],"replies":[{"embeddable":true,"href":"https:\/\/cepronda.com\/blog\/wp-json\/wp\/v2\/comments?post=4122"}],"version-history":[{"count":2,"href":"https:\/\/cepronda.com\/blog\/wp-json\/wp\/v2\/posts\/4122\/revisions"}],"predecessor-version":[{"id":4125,"href":"https:\/\/cepronda.com\/blog\/wp-json\/wp\/v2\/posts\/4122\/revisions\/4125"}],"wp:featuredmedia":[{"embeddable":true,"href":"https:\/\/cepronda.com\/blog\/wp-json\/wp\/v2\/media\/4123"}],"wp:attachment":[{"href":"https:\/\/cepronda.com\/blog\/wp-json\/wp\/v2\/media?parent=4122"}],"wp:term":[{"taxonomy":"category","embeddable":true,"href":"https:\/\/cepronda.com\/blog\/wp-json\/wp\/v2\/categories?post=4122"},{"taxonomy":"post_tag","embeddable":true,"href":"https:\/\/cepronda.com\/blog\/wp-json\/wp\/v2\/tags?post=4122"}],"curies":[{"name":"wp","href":"https:\/\/api.w.org\/{rel}","templated":true}]}}