{"id":4085,"date":"2021-01-07T12:35:31","date_gmt":"2021-01-07T11:35:31","guid":{"rendered":"http:\/\/cepronda.com\/blog\/?p=4085"},"modified":"2025-04-28T11:56:00","modified_gmt":"2025-04-28T09:56:00","slug":"recursos-digitales-on-line-para-educacion-primaria-nivel-i-2","status":"publish","type":"post","link":"https:\/\/cepronda.com\/blog\/recursos-digitales-on-line-para-educacion-primaria-nivel-i-2\/","title":{"rendered":"RECURSOS DIGITALES ON-LINE PARA EDUCACI\u00d3N PRIMARIA. NIVEL I"},"content":{"rendered":"<p>Muy buenas, compa\u00f1eros y compa\u00f1eras.<\/p>\n<p>Primero desearos Feliz a\u00f1o y que hay\u00e1is descansado en vuestras merecidas vacaciones.<\/p>\n<p>Recordaros que el <strong>plazo de inscripci\u00f3n<\/strong> para participar en la actividad formativa a nivel provincial que lleva el CEP de Ronda:&nbsp; \u00bb RECURSOS DIGITALES ON-LINE PARA EDUCACI\u00d3N PRIMARIA. NIVEL I\u00bb, <strong>finaliza el martes 12 de enero.<\/strong><\/p>\n<ul class=\"list-group\">\n<li class=\"list-group-item\"><b>Fecha actividad:<\/b>&nbsp;14\/01\/2021 hasta 28\/01\/2021<\/li>\n<li class=\"list-group-item\"><b>Fecha inscripci\u00f3n:<\/b> 21\/12\/2020 hasta 12\/01\/2021<\/li>\n<li class=\"list-group-item\"><b>Horas totales:<\/b>&nbsp;15<\/li>\n<li class=\"list-group-item\"><b>Horas presenciales:<\/b> 9 (videoconferencias)<\/li>\n<li class=\"list-group-item\"><b>Horas no presenciales:<\/b>&nbsp;6<\/li>\n<\/ul>\n<p>&nbsp;<\/p>\n<ul class=\"list-group\">\n<li>Para m\u00e1s detalle e inscripci\u00f3n pincha en el siguiente <strong><a href=\"https:\/\/www.juntadeandalucia.es\/educacion\/secretariavirtual\/consultaCEP\/actividad\/212924GE011\/\">ENLACE<\/a><\/strong><\/li>\n<\/ul>\n<p>&nbsp;<\/p>\n<p><img data-recalc-dims=\"1\" loading=\"lazy\" decoding=\"async\" class=\"alignnone wp-image-4079 aligncenter\" src=\"https:\/\/i0.wp.com\/cepronda.com\/blog\/wp-content\/uploads\/2020\/12\/20210114-Recursos-digitales-Primaria-I-1-212x300.jpg?resize=243%2C344\" alt=\"\" width=\"243\" height=\"344\" srcset=\"https:\/\/i0.wp.com\/cepronda.com\/blog\/wp-content\/uploads\/2020\/12\/20210114-Recursos-digitales-Primaria-I-1.jpg?resize=212%2C300&amp;ssl=1 212w, https:\/\/i0.wp.com\/cepronda.com\/blog\/wp-content\/uploads\/2020\/12\/20210114-Recursos-digitales-Primaria-I-1.jpg?resize=724%2C1024&amp;ssl=1 724w, https:\/\/i0.wp.com\/cepronda.com\/blog\/wp-content\/uploads\/2020\/12\/20210114-Recursos-digitales-Primaria-I-1.jpg?resize=768%2C1086&amp;ssl=1 768w, https:\/\/i0.wp.com\/cepronda.com\/blog\/wp-content\/uploads\/2020\/12\/20210114-Recursos-digitales-Primaria-I-1.jpg?resize=1086%2C1536&amp;ssl=1 1086w, https:\/\/i0.wp.com\/cepronda.com\/blog\/wp-content\/uploads\/2020\/12\/20210114-Recursos-digitales-Primaria-I-1.jpg?w=1414&amp;ssl=1 1414w\" sizes=\"auto, (max-width: 243px) 100vw, 243px\" \/><\/p>\n","protected":false},"excerpt":{"rendered":"<p>Muy buenas, compa\u00f1eros y compa\u00f1eras. Primero desearos Feliz a\u00f1o y que hay\u00e1is descansado en vuestras merecidas vacaciones. Recordaros que el plazo de inscripci\u00f3n para participar en la actividad formativa a nivel provincial que lleva el CEP de Ronda:&nbsp; \u00bb RECURSOS DIGITALES ON-LINE PARA EDUCACI\u00d3N PRIMARIA. NIVEL I\u00bb, finaliza el martes 12 de enero. Fecha actividad:&nbsp;14\/01\/2021 [&hellip;]<\/p>\n","protected":false},"author":3,"featured_media":4078,"comment_status":"closed","ping_status":"open","sticky":false,"template":"","format":"standard","meta":{"_crdt_document":"","advanced_seo_description":"","jetpack_seo_html_title":"","jetpack_seo_noindex":false,"jetpack_post_was_ever_published":false,"_jetpack_newsletter_access":"","_jetpack_dont_email_post_to_subs":false,"_jetpack_newsletter_tier_id":0,"_jetpack_memberships_contains_paywalled_content":false,"_jetpack_memberships_contains_paid_content":false,"footnotes":"","jetpack_publicize_message":"","jetpack_publicize_feature_enabled":true,"jetpack_social_post_already_shared":true,"jetpack_social_options":{"image_generator_settings":{"template":"highway","default_image_id":0,"font":"","enabled":false},"version":2}},"categories":[3,5],"tags":[36,59],"class_list":{"0":"post-4085","1":"post","2":"type-post","3":"status-publish","4":"format-standard","5":"has-post-thumbnail","7":"category-formaciones","8":"category-noticias","9":"tag-herramientas-tic","10":"tag-primaria","11":"czr-hentry"},"jetpack_publicize_connections":[],"jetpack_featured_media_url":"https:\/\/i0.wp.com\/cepronda.com\/blog\/wp-content\/uploads\/2020\/12\/20210114-Recursos-digitales-Primaria-I.jpg?fit=1414%2C2000&ssl=1","jetpack_shortlink":"https:\/\/wp.me\/p8M4X7-13T","jetpack-related-posts":[{"id":4077,"url":"https:\/\/cepronda.com\/blog\/recursos-digitales-on-line-para-educacion-primaria-nivel-i\/","url_meta":{"origin":4085,"position":0},"title":"RECURSOS DIGITALES ON-LINE PARA EDUCACI\u00d3N PRIMARIA. NIVEL I","author":"V\u00edctor Caballero","date":"21 diciembre, 2020","format":false,"excerpt":"Muy buenas, compa\u00f1eros y compa\u00f1eras. Se abre el plazo para participar en la actividad formativa a nivel provincial que lleva el CEP de Ronda:\u00a0 \" RECURSOS DIGITALES ON-LINE PARA EDUCACI\u00d3N PRIMARIA. NIVEL I\", con Jos\u00e9 Antonio Gelo y Juan Antonio Moreno como ponentes. Esperamos que sea de vuestro inter\u00e9s. Un\u2026","rel":"","context":"En \u00abNoticias\u00bb","block_context":{"text":"Noticias","link":"https:\/\/cepronda.com\/blog\/category\/noticias\/"},"img":{"alt_text":"","src":"https:\/\/i0.wp.com\/cepronda.com\/blog\/wp-content\/uploads\/2020\/12\/20210114-Recursos-digitales-Primaria-I.jpg?fit=848%2C1200&ssl=1&resize=350%2C200","width":350,"height":200,"srcset":"https:\/\/i0.wp.com\/cepronda.com\/blog\/wp-content\/uploads\/2020\/12\/20210114-Recursos-digitales-Primaria-I.jpg?fit=848%2C1200&ssl=1&resize=350%2C200 1x, https:\/\/i0.wp.com\/cepronda.com\/blog\/wp-content\/uploads\/2020\/12\/20210114-Recursos-digitales-Primaria-I.jpg?fit=848%2C1200&ssl=1&resize=525%2C300 1.5x, https:\/\/i0.wp.com\/cepronda.com\/blog\/wp-content\/uploads\/2020\/12\/20210114-Recursos-digitales-Primaria-I.jpg?fit=848%2C1200&ssl=1&resize=700%2C400 2x"},"classes":[]},{"id":4186,"url":"https:\/\/cepronda.com\/blog\/recursos-digitales-on-line-para-educacion-primaria-nivel-ii\/","url_meta":{"origin":4085,"position":1},"title":"RECURSOS DIGITALES ON-LINE PARA EDUCACI\u00d3N PRIMARIA. NIVEL II","author":"V\u00edctor Caballero","date":"11 febrero, 2021","format":false,"excerpt":"Muy buenas, compa\u00f1eros y compa\u00f1eras. Se abre el plazo para participar en la actividad formativa dirigida especialmente a docentes de Primaria:\u00a0 \" RECURSOS DIGITALES ON-LINE PARA EDUCACI\u00d3N PRIMARIA. NIVEL II\", con Jos\u00e9 Antonio Gelo como ponente. Esperamos que sea de vuestro inter\u00e9s. Un saludo. Fecha actividad:\u00a002\/03\/2021 hasta 30\/03\/2021 Fecha inscripci\u00f3n:\u00a011\/02\/2021\u2026","rel":"","context":"En \u00abFormaciones\u00bb","block_context":{"text":"Formaciones","link":"https:\/\/cepronda.com\/blog\/category\/formaciones\/"},"img":{"alt_text":"","src":"https:\/\/i0.wp.com\/cepronda.com\/blog\/wp-content\/uploads\/2021\/02\/212924GE012-Recursos-digitales-Primaria-II.png?fit=848%2C1200&ssl=1&resize=350%2C200","width":350,"height":200,"srcset":"https:\/\/i0.wp.com\/cepronda.com\/blog\/wp-content\/uploads\/2021\/02\/212924GE012-Recursos-digitales-Primaria-II.png?fit=848%2C1200&ssl=1&resize=350%2C200 1x, https:\/\/i0.wp.com\/cepronda.com\/blog\/wp-content\/uploads\/2021\/02\/212924GE012-Recursos-digitales-Primaria-II.png?fit=848%2C1200&ssl=1&resize=525%2C300 1.5x, https:\/\/i0.wp.com\/cepronda.com\/blog\/wp-content\/uploads\/2021\/02\/212924GE012-Recursos-digitales-Primaria-II.png?fit=848%2C1200&ssl=1&resize=700%2C400 2x"},"classes":[]},{"id":4981,"url":"https:\/\/cepronda.com\/blog\/diseno-universal-de-aprendizaje-dua-en-educacion-primaria-codigo-222924ge016\/","url_meta":{"origin":4085,"position":2},"title":"\u00abDISE\u00d1O UNIVERSAL DE APRENDIZAJE (DUA) EN EDUCACI\u00d3N PRIMARIA.\u00bb C\u00f3digo: 222924GE016.","author":"Inmaculada Garc\u00eda","date":"14 enero, 2022","format":false,"excerpt":"Buenos\u00a0 d\u00edas, compa\u00f1eras y compa\u00f1eros. Os recordamos que est\u00e1 abierto el plazo de inscripci\u00f3n en la actividad \u00abDISE\u00d1O UNIVERSAL DE APRENDIZAJE (DUA) EN EDUCACI\u00d3N PRIMARIA.\u00bb C\u00f3digo: 222924GE016. Es una actividad en modalidad de \u00abCurso Semipresencial\u00bb, las sesiones presenciales se desarrollar\u00e1n en la Sala de Videoconferencias del CEP de Ronda. Duraci\u00f3n\u2026","rel":"","context":"En \u00abNoticias\u00bb","block_context":{"text":"Noticias","link":"https:\/\/cepronda.com\/blog\/category\/noticias\/"},"img":{"alt_text":"","src":"https:\/\/i0.wp.com\/cepronda.com\/blog\/wp-content\/uploads\/2022\/01\/DISENO-UNIVERSAL-DE-APRENDIZAJE-DUA-EN-EDUCACION-PRIMARIA.-1.png?fit=848%2C1200&ssl=1&resize=350%2C200","width":350,"height":200,"srcset":"https:\/\/i0.wp.com\/cepronda.com\/blog\/wp-content\/uploads\/2022\/01\/DISENO-UNIVERSAL-DE-APRENDIZAJE-DUA-EN-EDUCACION-PRIMARIA.-1.png?fit=848%2C1200&ssl=1&resize=350%2C200 1x, https:\/\/i0.wp.com\/cepronda.com\/blog\/wp-content\/uploads\/2022\/01\/DISENO-UNIVERSAL-DE-APRENDIZAJE-DUA-EN-EDUCACION-PRIMARIA.-1.png?fit=848%2C1200&ssl=1&resize=525%2C300 1.5x, https:\/\/i0.wp.com\/cepronda.com\/blog\/wp-content\/uploads\/2022\/01\/DISENO-UNIVERSAL-DE-APRENDIZAJE-DUA-EN-EDUCACION-PRIMARIA.-1.png?fit=848%2C1200&ssl=1&resize=700%2C400 2x"},"classes":[]},{"id":7782,"url":"https:\/\/cepronda.com\/blog\/entrenamiento-de-las-funciones-ejecutivas-en-el-aula-de-educacion-primaria\/","url_meta":{"origin":4085,"position":3},"title":"ENTRENAMIENTO DE LAS FUNCIONES EJECUTIVAS EN EL AULA DE EDUCACI\u00d3N PRIMARIA","author":"Mamen Moreno","date":"9 octubre, 2024","format":false,"excerpt":"Se abre el plazo de inscripci\u00f3n para la actividad ENTRENAMIENTO DE LAS FUNCIONES EJECUTIVAS EN EL AULA DE EDUCACI\u00d3N PRIMARIA\u00a0con c\u00f3digo 252924GE014 , destinado al profesorado de Educaci\u00f3n Primaria, profesorado PT y AL, Orientadores\/as y profesorado de apoyo. Fecha actividad: 30 octubre, 6, 13, 20 y 27 de noviembre de\u2026","rel":"","context":"En \u00abFormaciones\u00bb","block_context":{"text":"Formaciones","link":"https:\/\/cepronda.com\/blog\/category\/formaciones\/"},"img":{"alt_text":"","src":"https:\/\/i0.wp.com\/cepronda.com\/blog\/wp-content\/uploads\/2024\/10\/IMG-20241010-WA0001.jpg?fit=1080%2C1080&ssl=1&resize=350%2C200","width":350,"height":200,"srcset":"https:\/\/i0.wp.com\/cepronda.com\/blog\/wp-content\/uploads\/2024\/10\/IMG-20241010-WA0001.jpg?fit=1080%2C1080&ssl=1&resize=350%2C200 1x, https:\/\/i0.wp.com\/cepronda.com\/blog\/wp-content\/uploads\/2024\/10\/IMG-20241010-WA0001.jpg?fit=1080%2C1080&ssl=1&resize=525%2C300 1.5x, https:\/\/i0.wp.com\/cepronda.com\/blog\/wp-content\/uploads\/2024\/10\/IMG-20241010-WA0001.jpg?fit=1080%2C1080&ssl=1&resize=700%2C400 2x, https:\/\/i0.wp.com\/cepronda.com\/blog\/wp-content\/uploads\/2024\/10\/IMG-20241010-WA0001.jpg?fit=1080%2C1080&ssl=1&resize=1050%2C600 3x"},"classes":[]},{"id":7712,"url":"https:\/\/cepronda.com\/blog\/convocatoria-regional-de-cursos-avfp-curso-2024-25\/","url_meta":{"origin":4085,"position":4},"title":"CONVOCATORIA REGIONAL DE CURSOS AVFP. CURSO 2024\/25.","author":"Inmaculada Garc\u00eda","date":"19 septiembre, 2024","format":false,"excerpt":"\u00a0 \u00a0 CONVOCATORIA REGIONAL DE CURSOS AVFP \u00a0 Os informamos que se encuentra abierto el plazo de inscripci\u00f3n en la convocatoria de cursos regional. La superaci\u00f3n de estos cursos supone la certificaci\u00f3n de diversos niveles de Competencia Digital Docente. - HERRAMIENTAS DIGITALES APLICADAS A LA DOCENCIA EN LA FORMACI\u00d3N PROFESIONAL,\u2026","rel":"","context":"En \u00abFormaciones\u00bb","block_context":{"text":"Formaciones","link":"https:\/\/cepronda.com\/blog\/category\/formaciones\/"},"img":{"alt_text":"","src":"https:\/\/i0.wp.com\/cepronda.com\/blog\/wp-content\/uploads\/2024\/09\/CURSOS.png?fit=1200%2C1200&ssl=1&resize=350%2C200","width":350,"height":200,"srcset":"https:\/\/i0.wp.com\/cepronda.com\/blog\/wp-content\/uploads\/2024\/09\/CURSOS.png?fit=1200%2C1200&ssl=1&resize=350%2C200 1x, https:\/\/i0.wp.com\/cepronda.com\/blog\/wp-content\/uploads\/2024\/09\/CURSOS.png?fit=1200%2C1200&ssl=1&resize=525%2C300 1.5x, https:\/\/i0.wp.com\/cepronda.com\/blog\/wp-content\/uploads\/2024\/09\/CURSOS.png?fit=1200%2C1200&ssl=1&resize=700%2C400 2x, https:\/\/i0.wp.com\/cepronda.com\/blog\/wp-content\/uploads\/2024\/09\/CURSOS.png?fit=1200%2C1200&ssl=1&resize=1050%2C600 3x"},"classes":[]},{"id":7318,"url":"https:\/\/cepronda.com\/blog\/abn-en-primaria-desarrollo-de-la-competencia-matematica-2\/","url_meta":{"origin":4085,"position":5},"title":"ABN EN PRIMARIA: DESARROLLO DE LA COMPETENCIA MATEM\u00c1TICA","author":"V\u00edctor Caballero","date":"11 enero, 2024","format":false,"excerpt":"Se encuentra abierto el plazo de inscripci\u00f3n para la formaci\u00f3n \u201cABN EN PRIMARIA: DESARROLLO DE LA COMPETENCIA MATEM\u00c1TICA\" C\u00d3DIGO 242924GE012 Ponente:\u00a0 Marisa Risue\u00f1o Duraci\u00f3n de la actividad 10 horas presenciales + 3 horas de tareas. Fecha actividad: X31 ene( 17:00 a 19:30h) CEP Ronda X7 feb (17:00 a 19:30h) CEP\u2026","rel":"","context":"En \u00abFormaciones\u00bb","block_context":{"text":"Formaciones","link":"https:\/\/cepronda.com\/blog\/category\/formaciones\/"},"img":{"alt_text":"","src":"https:\/\/i0.wp.com\/cepronda.com\/blog\/wp-content\/uploads\/2024\/01\/CARTEL-ABN-MATEMATICAS-ENERO-2024.png?fit=1080%2C1080&ssl=1&resize=350%2C200","width":350,"height":200,"srcset":"https:\/\/i0.wp.com\/cepronda.com\/blog\/wp-content\/uploads\/2024\/01\/CARTEL-ABN-MATEMATICAS-ENERO-2024.png?fit=1080%2C1080&ssl=1&resize=350%2C200 1x, https:\/\/i0.wp.com\/cepronda.com\/blog\/wp-content\/uploads\/2024\/01\/CARTEL-ABN-MATEMATICAS-ENERO-2024.png?fit=1080%2C1080&ssl=1&resize=525%2C300 1.5x, https:\/\/i0.wp.com\/cepronda.com\/blog\/wp-content\/uploads\/2024\/01\/CARTEL-ABN-MATEMATICAS-ENERO-2024.png?fit=1080%2C1080&ssl=1&resize=700%2C400 2x, https:\/\/i0.wp.com\/cepronda.com\/blog\/wp-content\/uploads\/2024\/01\/CARTEL-ABN-MATEMATICAS-ENERO-2024.png?fit=1080%2C1080&ssl=1&resize=1050%2C600 3x"},"classes":[]}],"jetpack_sharing_enabled":true,"_links":{"self":[{"href":"https:\/\/cepronda.com\/blog\/wp-json\/wp\/v2\/posts\/4085","targetHints":{"allow":["GET"]}}],"collection":[{"href":"https:\/\/cepronda.com\/blog\/wp-json\/wp\/v2\/posts"}],"about":[{"href":"https:\/\/cepronda.com\/blog\/wp-json\/wp\/v2\/types\/post"}],"author":[{"embeddable":true,"href":"https:\/\/cepronda.com\/blog\/wp-json\/wp\/v2\/users\/3"}],"replies":[{"embeddable":true,"href":"https:\/\/cepronda.com\/blog\/wp-json\/wp\/v2\/comments?post=4085"}],"version-history":[{"count":1,"href":"https:\/\/cepronda.com\/blog\/wp-json\/wp\/v2\/posts\/4085\/revisions"}],"predecessor-version":[{"id":4086,"href":"https:\/\/cepronda.com\/blog\/wp-json\/wp\/v2\/posts\/4085\/revisions\/4086"}],"wp:featuredmedia":[{"embeddable":true,"href":"https:\/\/cepronda.com\/blog\/wp-json\/wp\/v2\/media\/4078"}],"wp:attachment":[{"href":"https:\/\/cepronda.com\/blog\/wp-json\/wp\/v2\/media?parent=4085"}],"wp:term":[{"taxonomy":"category","embeddable":true,"href":"https:\/\/cepronda.com\/blog\/wp-json\/wp\/v2\/categories?post=4085"},{"taxonomy":"post_tag","embeddable":true,"href":"https:\/\/cepronda.com\/blog\/wp-json\/wp\/v2\/tags?post=4085"}],"curies":[{"name":"wp","href":"https:\/\/api.w.org\/{rel}","templated":true}]}}