{"id":408,"date":"2016-12-01T12:31:08","date_gmt":"2016-12-01T11:31:08","guid":{"rendered":"http:\/\/cepronda.com\/blog\/?p=408"},"modified":"2022-01-18T09:39:35","modified_gmt":"2022-01-18T08:39:35","slug":"iv-certamen-de-teatro-ciudad-de-ronda","status":"publish","type":"post","link":"https:\/\/cepronda.com\/blog\/iv-certamen-de-teatro-ciudad-de-ronda\/","title":{"rendered":"IV CERTAMEN DE TEATRO CIUDAD DE RONDA"},"content":{"rendered":"<div class=\"gmail_default\">\n<p><img data-recalc-dims=\"1\" loading=\"lazy\" decoding=\"async\" class=\"size-medium wp-image-411 alignleft\" src=\"https:\/\/i0.wp.com\/cepronda.com\/blog\/wp-content\/uploads\/2016\/12\/theater-1477670_1280-300x199.jpg?resize=300%2C199\" alt=\"theater-1477670_1280\" width=\"300\" height=\"199\">Nos es grato anunciaros que desde hoy <b>1 DE DICIEMBRE <\/b>est\u00e1n abiertos los formularios de inscripci\u00f3n y participaci\u00f3n como p\u00fablico en el&nbsp;<b> IV CERTAMEN DE TEATRO \u00abCIUDAD DE RONDA\u00bb<\/b> que ya est\u00e1 convirti\u00e9ndose en un cl\u00e1sico en nuestra ciudad:<\/p>\n<p><i>El IES Dr. Rodr\u00edguez Delgado a trav\u00e9s de su Departamento de Lengua Y Literatura, El CEP de Ronda, el Excmo. Ayuntamiento,\u00e1rea de Educaci\u00f3n, y el grupo de teatro TES de nuestra ciudad,con el objetivo de estimular y premiar la creatividad y el talento art\u00edstico del alumnado, vuelven a convocar este Certamen para grupos de teatros integrados por escolares pertenecientes a<br \/>\nCentros Educativos de Secundaria de toda la Comarca de Ronda.<br \/>\n<\/i><\/p>\n<\/div>\n<div class=\"gmail_default\">\n<p>Como ya sab\u00e9is este Certamen es una iniciativa del <b>IES RODRIGUEZ DELGADO <\/b>y el \u00e9xito de p\u00fablico y participaci\u00f3n que cosecha cada a\u00f1o hacen de \u00e9sta una cita que no habr\u00eda que perderse.<\/p>\n<\/div>\n<div class=\"gmail_default\">\n<p>Os dejamos los enlaces a los<b> FORMULARIOS<\/b> correspondientes. Y por supuesto desde el CEP os animamos a que particip\u00e9is en la modalidad que m\u00e1s os apetezca este a\u00f1o:<\/p>\n<div class=\"gmail_default\">\n<p><a href=\"https:\/\/goo.gl\/forms\/UcmKG1pK9DUargUC3\">PINCHA AQU\u00cd PARA INSCRIBIRTE COMO PARTICIPANTE ANEXO I<\/a><\/p>\n<h3><span style=\"color: #ff0000;\">PLAZO DE INSCRIPCI\u00d3N COMO PARTICIPANTE: <strong>Desde el&nbsp;1 diciembre 2016 hasta el 16 enero 2017.<\/strong><\/span><\/h3>\n<p><a href=\"https:\/\/goo.gl\/forms\/tV9op8j0AQDpVINl2\">PINCHA AQU\u00cd PARA ASISTIR COMO P\u00daBLICO ANEXO II<\/a><\/p>\n<h3><span style=\"color: #ff0000;\">PLAZO DE INSCRIPCI\u00d3N COMO P\u00daBLICO:<strong>&nbsp;Del al 1 al 31 marzo de 2017<\/strong><\/span><\/h3>\n<\/div>\n<\/div>\n<div class=\"gmail_default\"><a href=\"https:\/\/drive.google.com\/file\/d\/0B2PdIWy5fYFlUU9IOWVpbWxubl8teC05MnNfdGQtVnBlNm9r\/view?usp=sharing\">&nbsp;PINCHA AQU\u00cd PARA LEER LAS BASES DEL CERTAMEN<\/a><\/div>\n<div class=\"gmail_default\">&nbsp;<\/div>\n<div class=\"gmail_default\">\u00a1\u00a1\u00a1Animaos!!!<\/div>\n","protected":false},"excerpt":{"rendered":"<p>Nos es grato anunciaros que desde hoy 1 DE DICIEMBRE est\u00e1n abiertos los formularios de inscripci\u00f3n y participaci\u00f3n como p\u00fablico en el&nbsp; IV CERTAMEN DE TEATRO \u00abCIUDAD DE RONDA\u00bb que ya est\u00e1 convirti\u00e9ndose en un cl\u00e1sico en nuestra ciudad: El IES Dr. Rodr\u00edguez Delgado a trav\u00e9s de su Departamento de Lengua Y Literatura, El CEP [&hellip;]<\/p>\n","protected":false},"author":3,"featured_media":411,"comment_status":"open","ping_status":"open","sticky":false,"template":"","format":"standard","meta":{"_crdt_document":"","advanced_seo_description":"","jetpack_seo_html_title":"","jetpack_seo_noindex":false,"jetpack_post_was_ever_published":false,"_jetpack_newsletter_access":"","_jetpack_dont_email_post_to_subs":false,"_jetpack_newsletter_tier_id":0,"_jetpack_memberships_contains_paywalled_content":false,"_jetpack_memberships_contains_paid_content":false,"footnotes":"","jetpack_publicize_message":"","jetpack_publicize_feature_enabled":true,"jetpack_social_post_already_shared":false,"jetpack_social_options":{"image_generator_settings":{"template":"highway","default_image_id":0,"font":"","enabled":false},"version":2}},"categories":[5],"tags":[],"class_list":{"0":"post-408","1":"post","2":"type-post","3":"status-publish","4":"format-standard","5":"has-post-thumbnail","7":"category-noticias","8":"czr-hentry"},"jetpack_publicize_connections":[],"jetpack_featured_media_url":"","jetpack_shortlink":"https:\/\/wp.me\/p8M4X7-6A","jetpack-related-posts":[{"id":1701,"url":"https:\/\/cepronda.com\/blog\/certamen-de-teatro-en-el-aula-ciudad-de-ronda\/","url_meta":{"origin":408,"position":0},"title":"Certamen de Teatro en el aula \u00abCiudad de Ronda\u00bb","author":"V\u00edctor Caballero","date":"19 abril, 2018","format":false,"excerpt":"Hola de nuevo,\u00a0 En esta entrada queremos compartir con todos y todas vosotras que ya se han realizado los tres talleres vinculados al Certamen de teatro en el aula \"Ciudad de Ronda\". Adjuntamos fotos de los mismos, donde han participado 110 alumnas y alumnos en el Convento de Santo Domingo\u2026","rel":"","context":"En \u00abNoticias\u00bb","block_context":{"text":"Noticias","link":"https:\/\/cepronda.com\/blog\/category\/noticias\/"},"img":{"alt_text":"","src":"https:\/\/i0.wp.com\/cepronda.com\/blog\/wp-content\/uploads\/2018\/04\/Foto-de-Helena-Gonzalez-6.jpg?fit=860%2C1200&ssl=1&resize=350%2C200","width":350,"height":200,"srcset":"https:\/\/i0.wp.com\/cepronda.com\/blog\/wp-content\/uploads\/2018\/04\/Foto-de-Helena-Gonzalez-6.jpg?fit=860%2C1200&ssl=1&resize=350%2C200 1x, https:\/\/i0.wp.com\/cepronda.com\/blog\/wp-content\/uploads\/2018\/04\/Foto-de-Helena-Gonzalez-6.jpg?fit=860%2C1200&ssl=1&resize=525%2C300 1.5x, https:\/\/i0.wp.com\/cepronda.com\/blog\/wp-content\/uploads\/2018\/04\/Foto-de-Helena-Gonzalez-6.jpg?fit=860%2C1200&ssl=1&resize=700%2C400 2x"},"classes":[]},{"id":5949,"url":"https:\/\/cepronda.com\/blog\/viii-certamen-de-teatro-en-el-aula-ciudad-de-ronda\/","url_meta":{"origin":408,"position":1},"title":"VIII CERTAMEN DE TEATRO EN EL AULA \u00abCIUDAD DE RONDA\u00bb","author":"Mamen Moreno","date":"18 abril, 2023","format":false,"excerpt":"Os informamos que el pasado lunes 17 de abril se presento el cartel anunciador del VII Certamen de Teatro en el aula Ciudad de Ronda (TACIR) Este certamen se de desarrollara durante el 26 de mayo al 2 de junio Los teatros se realizaran en el Teatro Vicente Espinel de\u2026","rel":"","context":"En \u00abNoticias\u00bb","block_context":{"text":"Noticias","link":"https:\/\/cepronda.com\/blog\/category\/noticias\/"},"img":{"alt_text":"","src":"https:\/\/i0.wp.com\/cepronda.com\/blog\/wp-content\/uploads\/2023\/04\/CARTEL-CERTAMEN-DEFINITIVO.jpg?fit=1200%2C812&ssl=1&resize=350%2C200","width":350,"height":200,"srcset":"https:\/\/i0.wp.com\/cepronda.com\/blog\/wp-content\/uploads\/2023\/04\/CARTEL-CERTAMEN-DEFINITIVO.jpg?fit=1200%2C812&ssl=1&resize=350%2C200 1x, https:\/\/i0.wp.com\/cepronda.com\/blog\/wp-content\/uploads\/2023\/04\/CARTEL-CERTAMEN-DEFINITIVO.jpg?fit=1200%2C812&ssl=1&resize=525%2C300 1.5x, https:\/\/i0.wp.com\/cepronda.com\/blog\/wp-content\/uploads\/2023\/04\/CARTEL-CERTAMEN-DEFINITIVO.jpg?fit=1200%2C812&ssl=1&resize=700%2C400 2x, https:\/\/i0.wp.com\/cepronda.com\/blog\/wp-content\/uploads\/2023\/04\/CARTEL-CERTAMEN-DEFINITIVO.jpg?fit=1200%2C812&ssl=1&resize=1050%2C600 3x"},"classes":[]},{"id":2517,"url":"https:\/\/cepronda.com\/blog\/vi-certamen-teatro-en-el-aula-ciudad-de-ronda\/","url_meta":{"origin":408,"position":2},"title":"VI CERTAMEN \u201cTEATRO EN EL AULA\u201d CIUDAD DE RONDA","author":"V\u00edctor Caballero","date":"5 diciembre, 2018","format":false,"excerpt":"El IES Dr. Rodr\u00edguez Delgado a trav\u00e9s de su Departamento de Lengua Y Literatura, con el objetivo de estimular y premiar la creatividad y el talento art\u00edstico del alumnado, vuelve a convocar este Certamen para grupos de teatros integrados por escolares pertenecientes a Centros Educativos de Secundaria de toda la\u2026","rel":"","context":"En \u00abNoticias\u00bb","block_context":{"text":"Noticias","link":"https:\/\/cepronda.com\/blog\/category\/noticias\/"},"img":{"alt_text":"","src":"https:\/\/i0.wp.com\/cepronda.com\/blog\/wp-content\/uploads\/2018\/10\/bathrooms-243009_1920.jpg?fit=1200%2C797&ssl=1&resize=350%2C200","width":350,"height":200,"srcset":"https:\/\/i0.wp.com\/cepronda.com\/blog\/wp-content\/uploads\/2018\/10\/bathrooms-243009_1920.jpg?fit=1200%2C797&ssl=1&resize=350%2C200 1x, https:\/\/i0.wp.com\/cepronda.com\/blog\/wp-content\/uploads\/2018\/10\/bathrooms-243009_1920.jpg?fit=1200%2C797&ssl=1&resize=525%2C300 1.5x, https:\/\/i0.wp.com\/cepronda.com\/blog\/wp-content\/uploads\/2018\/10\/bathrooms-243009_1920.jpg?fit=1200%2C797&ssl=1&resize=700%2C400 2x, https:\/\/i0.wp.com\/cepronda.com\/blog\/wp-content\/uploads\/2018\/10\/bathrooms-243009_1920.jpg?fit=1200%2C797&ssl=1&resize=1050%2C600 3x"},"classes":[]},{"id":7514,"url":"https:\/\/cepronda.com\/blog\/enlace-inscripcion-centros-asistir-ix-certamen-de-teatro-en-el-aula-ciudad-de-ronda-tacir\/","url_meta":{"origin":408,"position":3},"title":"Enlace Inscripci\u00f3n Centros Asistir \u201cIX CERTAMEN DE TEATRO EN EL AULA\u201d CIUDAD DE RONDA (TACIR)","author":"Mamen Moreno","date":"18 marzo, 2024","format":false,"excerpt":"Abierto el plazo para la inscripci\u00f3n como p\u00fablico\u00a0a las obras de teatro que se presentan en el \u201cIX CERTAMEN DE TEATRO EN EL AULA\u201d. ENLACE:\u00a0\u201d Pincha Aqu\u00ed\u201d. NOTA:\u00a0 EL PLAZO PARA LA INSCRIPCI\u00d3N COMO P\u00daBLICO ES DESDE EL 15 DE MARZO HASTA EL 15 DE ABRIL.","rel":"","context":"En \u00abNoticias\u00bb","block_context":{"text":"Noticias","link":"https:\/\/cepronda.com\/blog\/category\/noticias\/"},"img":{"alt_text":"","src":"https:\/\/i0.wp.com\/cepronda.com\/blog\/wp-content\/uploads\/2024\/03\/Logo-Tacir-1024x977-1.jpg?fit=1024%2C977&ssl=1&resize=350%2C200","width":350,"height":200,"srcset":"https:\/\/i0.wp.com\/cepronda.com\/blog\/wp-content\/uploads\/2024\/03\/Logo-Tacir-1024x977-1.jpg?fit=1024%2C977&ssl=1&resize=350%2C200 1x, https:\/\/i0.wp.com\/cepronda.com\/blog\/wp-content\/uploads\/2024\/03\/Logo-Tacir-1024x977-1.jpg?fit=1024%2C977&ssl=1&resize=525%2C300 1.5x, https:\/\/i0.wp.com\/cepronda.com\/blog\/wp-content\/uploads\/2024\/03\/Logo-Tacir-1024x977-1.jpg?fit=1024%2C977&ssl=1&resize=700%2C400 2x"},"classes":[]},{"id":7374,"url":"https:\/\/cepronda.com\/blog\/ix-certamen-de-teatro-en-el-aula-ciudad-de-ronda\/","url_meta":{"origin":408,"position":4},"title":"IX CERTAMEN DE TEATRO EN EL AULA. CIUDAD DE RONDA.","author":"Mamen Moreno","date":"16 enero, 2024","format":false,"excerpt":"Desde el d\u00eda 02 de enero hasta el 31 de enero los centros educativos de Educaci\u00f3n Secundaria y Bachillerato de Ronda y la Comarca que lo deseen, podr\u00e1n inscribirse en el IX CERTAMEN DE TEATRO EN EL AULA \u201cCIUDAD DE RONDA\u201d para participar con una o dos obras de teatro\u2026","rel":"","context":"En \u00abFormaciones\u00bb","block_context":{"text":"Formaciones","link":"https:\/\/cepronda.com\/blog\/category\/formaciones\/"},"img":{"alt_text":"","src":"https:\/\/i0.wp.com\/cepronda.com\/blog\/wp-content\/uploads\/2024\/01\/Logo-Tacir-768x733-1.jpg?fit=768%2C733&ssl=1&resize=350%2C200","width":350,"height":200,"srcset":"https:\/\/i0.wp.com\/cepronda.com\/blog\/wp-content\/uploads\/2024\/01\/Logo-Tacir-768x733-1.jpg?fit=768%2C733&ssl=1&resize=350%2C200 1x, https:\/\/i0.wp.com\/cepronda.com\/blog\/wp-content\/uploads\/2024\/01\/Logo-Tacir-768x733-1.jpg?fit=768%2C733&ssl=1&resize=525%2C300 1.5x, https:\/\/i0.wp.com\/cepronda.com\/blog\/wp-content\/uploads\/2024\/01\/Logo-Tacir-768x733-1.jpg?fit=768%2C733&ssl=1&resize=700%2C400 2x"},"classes":[]},{"id":5007,"url":"https:\/\/cepronda.com\/blog\/vii-certamen-de-teatro-en-el-aula-ciudad-de-ronda-2\/","url_meta":{"origin":408,"position":5},"title":"VII CERTAMEN DE TEATRO EN EL AULA \u00abCIUDAD DE RONDA\u00bb","author":"Antonio Montes","date":"18 enero, 2022","format":false,"excerpt":"Buenos d\u00edas, Desde el Centro del Profesorado de Ronda os anunciamos que, desde el 1 de enero al 31 de enero de 2022, est\u00e1 abierto el plazo para inscribirse como participantes en el VII certamen de teatro en el aula \"Ciudad de Ronda\". Esta edici\u00f3n quiere rendir un homenaje a\u2026","rel":"","context":"En \u00abNoticias\u00bb","block_context":{"text":"Noticias","link":"https:\/\/cepronda.com\/blog\/category\/noticias\/"},"img":{"alt_text":"","src":"https:\/\/i0.wp.com\/cepronda.com\/blog\/wp-content\/uploads\/2019\/12\/theatre-430552_1920.jpg?fit=1200%2C821&ssl=1&resize=350%2C200","width":350,"height":200,"srcset":"https:\/\/i0.wp.com\/cepronda.com\/blog\/wp-content\/uploads\/2019\/12\/theatre-430552_1920.jpg?fit=1200%2C821&ssl=1&resize=350%2C200 1x, https:\/\/i0.wp.com\/cepronda.com\/blog\/wp-content\/uploads\/2019\/12\/theatre-430552_1920.jpg?fit=1200%2C821&ssl=1&resize=525%2C300 1.5x, https:\/\/i0.wp.com\/cepronda.com\/blog\/wp-content\/uploads\/2019\/12\/theatre-430552_1920.jpg?fit=1200%2C821&ssl=1&resize=700%2C400 2x, https:\/\/i0.wp.com\/cepronda.com\/blog\/wp-content\/uploads\/2019\/12\/theatre-430552_1920.jpg?fit=1200%2C821&ssl=1&resize=1050%2C600 3x"},"classes":[]}],"jetpack_sharing_enabled":true,"_links":{"self":[{"href":"https:\/\/cepronda.com\/blog\/wp-json\/wp\/v2\/posts\/408","targetHints":{"allow":["GET"]}}],"collection":[{"href":"https:\/\/cepronda.com\/blog\/wp-json\/wp\/v2\/posts"}],"about":[{"href":"https:\/\/cepronda.com\/blog\/wp-json\/wp\/v2\/types\/post"}],"author":[{"embeddable":true,"href":"https:\/\/cepronda.com\/blog\/wp-json\/wp\/v2\/users\/3"}],"replies":[{"embeddable":true,"href":"https:\/\/cepronda.com\/blog\/wp-json\/wp\/v2\/comments?post=408"}],"version-history":[{"count":1,"href":"https:\/\/cepronda.com\/blog\/wp-json\/wp\/v2\/posts\/408\/revisions"}],"predecessor-version":[{"id":5004,"href":"https:\/\/cepronda.com\/blog\/wp-json\/wp\/v2\/posts\/408\/revisions\/5004"}],"wp:featuredmedia":[{"embeddable":true,"href":"https:\/\/cepronda.com\/blog\/wp-json\/"}],"wp:attachment":[{"href":"https:\/\/cepronda.com\/blog\/wp-json\/wp\/v2\/media?parent=408"}],"wp:term":[{"taxonomy":"category","embeddable":true,"href":"https:\/\/cepronda.com\/blog\/wp-json\/wp\/v2\/categories?post=408"},{"taxonomy":"post_tag","embeddable":true,"href":"https:\/\/cepronda.com\/blog\/wp-json\/wp\/v2\/tags?post=408"}],"curies":[{"name":"wp","href":"https:\/\/api.w.org\/{rel}","templated":true}]}}