{"id":4054,"date":"2020-12-16T12:12:56","date_gmt":"2020-12-16T11:12:56","guid":{"rendered":"http:\/\/cepronda.com\/blog\/?p=4054"},"modified":"2025-04-25T12:06:15","modified_gmt":"2025-04-25T10:06:15","slug":"iii-premios-de-bibliotecas-escolares-y-fomento-de-la-lectura","status":"publish","type":"post","link":"https:\/\/cepronda.com\/blog\/iii-premios-de-bibliotecas-escolares-y-fomento-de-la-lectura\/","title":{"rendered":"III PREMIOS DE BIBLIOTECAS ESCOLARES Y FOMENTO DE LA LECTURA"},"content":{"rendered":"<p>Buenos d\u00edas compa\u00f1eras y compa\u00f1eros,<\/p>\n<p>Os informamos que dos de los centros de nuestro \u00e1mbito de actuaci\u00f3n han sido galardonados en los <strong>III Premios de Bibliotecas Escolares y Fomento de la Lectura<\/strong> a nivel andaluz . Concretamente el <em>CEIP Virgen de la Cabeza<\/em> ha obtenido el segundo premio, en la modalidad de Bibliotecas Escolar como CEIP ;&nbsp; y el <em>IES&nbsp; Profesor Gonzalo Huesa<\/em> ha obtenido el tercer premio, en la modalidad de Fomento de la lectura, como IES.&nbsp; &nbsp;<\/p>\n<p>\u00a1Felicidades a los dos centros! Muchas gracias por vuestro esfuerzo y dedicaci\u00f3n permanente.<\/p>\n<p>Saludos.<\/p>\n<p><img data-recalc-dims=\"1\" loading=\"lazy\" decoding=\"async\" class=\"size-medium wp-image-4055 aligncenter\" src=\"https:\/\/i0.wp.com\/cepronda.com\/blog\/wp-content\/uploads\/2020\/12\/III-PREMIOS-LECTURA-Y-BIBLIOTECAS-ESCOLARES-300x169.jpg?resize=300%2C169\" alt=\"\" width=\"300\" height=\"169\" srcset=\"https:\/\/i0.wp.com\/cepronda.com\/blog\/wp-content\/uploads\/2020\/12\/III-PREMIOS-LECTURA-Y-BIBLIOTECAS-ESCOLARES.jpg?resize=300%2C169&amp;ssl=1 300w, https:\/\/i0.wp.com\/cepronda.com\/blog\/wp-content\/uploads\/2020\/12\/III-PREMIOS-LECTURA-Y-BIBLIOTECAS-ESCOLARES.jpg?w=400&amp;ssl=1 400w\" sizes=\"auto, (max-width: 300px) 100vw, 300px\" \/><\/p>\n","protected":false},"excerpt":{"rendered":"<p>Buenos d\u00edas compa\u00f1eras y compa\u00f1eros, Os informamos que dos de los centros de nuestro \u00e1mbito de actuaci\u00f3n han sido galardonados en los III Premios de Bibliotecas Escolares y Fomento de la Lectura a nivel andaluz . Concretamente el CEIP Virgen de la Cabeza ha obtenido el segundo premio, en la modalidad de Bibliotecas Escolar como [&hellip;]<\/p>\n","protected":false},"author":10,"featured_media":4055,"comment_status":"closed","ping_status":"open","sticky":false,"template":"","format":"standard","meta":{"_crdt_document":"","advanced_seo_description":"","jetpack_seo_html_title":"","jetpack_seo_noindex":false,"jetpack_post_was_ever_published":false,"_jetpack_newsletter_access":"","_jetpack_dont_email_post_to_subs":false,"_jetpack_newsletter_tier_id":0,"_jetpack_memberships_contains_paywalled_content":false,"_jetpack_memberships_contains_paid_content":false,"footnotes":"","jetpack_publicize_message":"","jetpack_publicize_feature_enabled":true,"jetpack_social_post_already_shared":true,"jetpack_social_options":{"image_generator_settings":{"template":"highway","default_image_id":0,"font":"","enabled":false},"version":2}},"categories":[5],"tags":[212,180,57],"class_list":{"0":"post-4054","1":"post","2":"type-post","3":"status-publish","4":"format-standard","5":"has-post-thumbnail","7":"category-noticias","8":"tag-bibliotecas-escolares","9":"tag-concursos","10":"tag-premios","11":"czr-hentry"},"jetpack_publicize_connections":[],"jetpack_featured_media_url":"https:\/\/i0.wp.com\/cepronda.com\/blog\/wp-content\/uploads\/2020\/12\/III-PREMIOS-LECTURA-Y-BIBLIOTECAS-ESCOLARES.jpg?fit=400%2C225&ssl=1","jetpack_shortlink":"https:\/\/wp.me\/p8M4X7-13o","jetpack-related-posts":[{"id":3388,"url":"https:\/\/cepronda.com\/blog\/iii-premios-para-el-reconocimiento-a-centros-publicos-de-andalucia-con-buenas-practicas-docentes-en-bibliotecas-escolares-y-en-el-fomento-de-la-lectura\/","url_meta":{"origin":4054,"position":0},"title":"III Premios para el reconocimiento a centros p\u00fablicos de Andaluc\u00eda con buenas pr\u00e1cticas docentes en bibliotecas escolares y en el fomento de la lectura","author":"V\u00edctor Caballero","date":"4 febrero, 2020","format":false,"excerpt":"Muy buenas, Sabemos que en muchos de nuestros centros la biblioteca es uno de los motores que ayuda a dinamizar la vida escolar, y por lo tanto sabemos que muchas de nuestras bibliotecas sois referentes. Por eso os animamos a participar en esta convocatoria. Pr\u00f3xima publicaci\u00f3n en BOJA. Caracter\u00edsticas de\u2026","rel":"","context":"En \u00abFormaciones\u00bb","block_context":{"text":"Formaciones","link":"https:\/\/cepronda.com\/blog\/category\/formaciones\/"},"img":{"alt_text":"","src":"https:\/\/i0.wp.com\/cepronda.com\/blog\/wp-content\/uploads\/2018\/10\/child-315049_1280.jpg?fit=794%2C1200&ssl=1&resize=350%2C200","width":350,"height":200,"srcset":"https:\/\/i0.wp.com\/cepronda.com\/blog\/wp-content\/uploads\/2018\/10\/child-315049_1280.jpg?fit=794%2C1200&ssl=1&resize=350%2C200 1x, https:\/\/i0.wp.com\/cepronda.com\/blog\/wp-content\/uploads\/2018\/10\/child-315049_1280.jpg?fit=794%2C1200&ssl=1&resize=525%2C300 1.5x, https:\/\/i0.wp.com\/cepronda.com\/blog\/wp-content\/uploads\/2018\/10\/child-315049_1280.jpg?fit=794%2C1200&ssl=1&resize=700%2C400 2x"},"classes":[]},{"id":3794,"url":"https:\/\/cepronda.com\/blog\/iii-premios-para-el-reconocimiento-a-centros-publicos-de-andalucia-con-buenas-practicas-docentes-en-bibliotecas-escolares-y-en-el-fomento-de-la-lectura-2\/","url_meta":{"origin":4054,"position":1},"title":"III Premios para el reconocimiento a centros p\u00fablicos de Andaluc\u00eda con buenas pr\u00e1cticas docentes en Bibliotecas Escolares y en el fomento de la lectura","author":"Inmaculada Garc\u00eda","date":"5 octubre, 2020","format":false,"excerpt":"\u00a0 \u00a0 \u00a0 Enhorabuena a todos los centros que han sido premiados en los III Premios para el reconocimiento a centros p\u00fablicos de Andaluc\u00eda con buenas pr\u00e1cticas docentes en bibliotecas escolares y en el fomento de la lectura correspondientes al curso 2019-2020. (Publicaci\u00f3n del fallo del jurado) \u00a0 \u00a0 \u00a0\u2026","rel":"","context":"En \u00abNoticias\u00bb","block_context":{"text":"Noticias","link":"https:\/\/cepronda.com\/blog\/category\/noticias\/"},"img":{"alt_text":"","src":"https:\/\/i0.wp.com\/cepronda.com\/blog\/wp-content\/uploads\/2020\/03\/premio_bibliotecas_escolares.png?fit=1200%2C678&ssl=1&resize=350%2C200","width":350,"height":200,"srcset":"https:\/\/i0.wp.com\/cepronda.com\/blog\/wp-content\/uploads\/2020\/03\/premio_bibliotecas_escolares.png?fit=1200%2C678&ssl=1&resize=350%2C200 1x, https:\/\/i0.wp.com\/cepronda.com\/blog\/wp-content\/uploads\/2020\/03\/premio_bibliotecas_escolares.png?fit=1200%2C678&ssl=1&resize=525%2C300 1.5x, https:\/\/i0.wp.com\/cepronda.com\/blog\/wp-content\/uploads\/2020\/03\/premio_bibliotecas_escolares.png?fit=1200%2C678&ssl=1&resize=700%2C400 2x, https:\/\/i0.wp.com\/cepronda.com\/blog\/wp-content\/uploads\/2020\/03\/premio_bibliotecas_escolares.png?fit=1200%2C678&ssl=1&resize=1050%2C600 3x"},"classes":[]},{"id":5161,"url":"https:\/\/cepronda.com\/blog\/v-premios-bibliotecas-escolares-y-fomento-de-la-lectura-2021-22\/","url_meta":{"origin":4054,"position":2},"title":"V PREMIOS BIBLIOTECAS ESCOLARES Y FOMENTO DE LA LECTURA  2021-22","author":"Maribel Mu\u00f1oz","date":"15 marzo, 2022","format":false,"excerpt":"Buenas tardes compa\u00f1eras y compa\u00f1eros, Os informamos que se ha publicado la\u00a0 Resoluci\u00f3n de 8 de febrero de 2022, de la Direcci\u00f3n General de Formaci\u00f3n del Profesorado e Innovaci\u00f3n Educativa, por la que se convocan los V Premios para el reconocimiento a centros p\u00fablicos de Andaluc\u00eda con buenas pr\u00e1cticas docentes\u2026","rel":"","context":"En \u00abNoticias\u00bb","block_context":{"text":"Noticias","link":"https:\/\/cepronda.com\/blog\/category\/noticias\/"},"img":{"alt_text":"","src":"https:\/\/i0.wp.com\/cepronda.com\/blog\/wp-content\/uploads\/2020\/10\/bibliotecas-escolares.jpg?resize=350%2C200","width":350,"height":200},"classes":[]},{"id":2667,"url":"https:\/\/cepronda.com\/blog\/ii-premios-para-el-reconocimiento-a-centros-publicos-de-andalucia-con-buenas-practicas-docentes-en-bibliotecas-escolares-y-en-el-fomento-de-la-lectura\/","url_meta":{"origin":4054,"position":3},"title":"II Premios para el reconocimiento a centros p\u00fablicos de Andaluc\u00eda con buenas pr\u00e1cticas docentes en Bibliotecas Escolares y en el fomento de la lectura","author":"V\u00edctor Caballero","date":"13 marzo, 2019","format":false,"excerpt":"Muy buenas familia, queremos compartir con todos y todas vosotras la convocatoria de estos premios, ya que sabemos que muchas de las bibliotecas de los centros de nuestra zona est\u00e1n haciendo un gran trabajo, y creemos sinceramente que pod\u00e9is optar a estos premios. Os dejamos con la informaci\u00f3n sobre la\u2026","rel":"","context":"En \u00abNoticias\u00bb","block_context":{"text":"Noticias","link":"https:\/\/cepronda.com\/blog\/category\/noticias\/"},"img":{"alt_text":"","src":"","width":0,"height":0},"classes":[]},{"id":3483,"url":"https:\/\/cepronda.com\/blog\/iii-premio-bibliotecas-escolares\/","url_meta":{"origin":4054,"position":4},"title":"III Premio Bibliotecas escolares","author":"V\u00edctor Caballero","date":"18 marzo, 2020","format":false,"excerpt":"Muy buenas familia, \u00bfc\u00f3mo est\u00e1is?, esperamos que todas y todos est\u00e9is bien. Mientras dure todo esto intentaremos desde el CEP de Ronda acompa\u00f1aros en todo lo que necesit\u00e9is. Por lo pronto compartimos con nuestros centros esta informaci\u00f3n... Se ampl\u00eda el plazo para presentar candidaturas a los III Premios Bibliotecas Escolares\u2026","rel":"","context":"En \u00abNoticias\u00bb","block_context":{"text":"Noticias","link":"https:\/\/cepronda.com\/blog\/category\/noticias\/"},"img":{"alt_text":"","src":"https:\/\/i0.wp.com\/cepronda.com\/blog\/wp-content\/uploads\/2020\/03\/premio_bibliotecas_escolares.png?fit=1200%2C678&ssl=1&resize=350%2C200","width":350,"height":200,"srcset":"https:\/\/i0.wp.com\/cepronda.com\/blog\/wp-content\/uploads\/2020\/03\/premio_bibliotecas_escolares.png?fit=1200%2C678&ssl=1&resize=350%2C200 1x, https:\/\/i0.wp.com\/cepronda.com\/blog\/wp-content\/uploads\/2020\/03\/premio_bibliotecas_escolares.png?fit=1200%2C678&ssl=1&resize=525%2C300 1.5x, https:\/\/i0.wp.com\/cepronda.com\/blog\/wp-content\/uploads\/2020\/03\/premio_bibliotecas_escolares.png?fit=1200%2C678&ssl=1&resize=700%2C400 2x, https:\/\/i0.wp.com\/cepronda.com\/blog\/wp-content\/uploads\/2020\/03\/premio_bibliotecas_escolares.png?fit=1200%2C678&ssl=1&resize=1050%2C600 3x"},"classes":[]},{"id":5187,"url":"https:\/\/cepronda.com\/blog\/reunion-informativa-v-premios-bibliotecas-escolares-y-fomento-de-la-lectura\/","url_meta":{"origin":4054,"position":5},"title":"REUNI\u00d3N INFORMATIVA V PREMIOS BIBLIOTECAS ESCOLARES Y FOMENTO DE LA LECTURA.","author":"Maribel Mu\u00f1oz","date":"28 marzo, 2022","format":false,"excerpt":"Buenas tardes compa\u00f1eras y compa\u00f1eros Os informamos que el pr\u00f3ximo 6 de abril de 2022 se va a desarrollar una REUNI\u00d3N INFORMATIVA V PREMIOS BIBLIOTECAS ESCOLARES Y FOMENTO DE LA LECTURA.\u00a0 Est\u00e1 dirigida al profesorado responsable de BE y direcciones de centros de Educaci\u00f3n Infantil de 2\u00ba ciclo, Educaci\u00f3n Primaria\u2026","rel":"","context":"En \u00abNoticias\u00bb","block_context":{"text":"Noticias","link":"https:\/\/cepronda.com\/blog\/category\/noticias\/"},"img":{"alt_text":"","src":"https:\/\/i0.wp.com\/cepronda.com\/blog\/wp-content\/uploads\/2022\/03\/BBEE-cartel-reunion-1.jpg?fit=580%2C820&ssl=1&resize=350%2C200","width":350,"height":200,"srcset":"https:\/\/i0.wp.com\/cepronda.com\/blog\/wp-content\/uploads\/2022\/03\/BBEE-cartel-reunion-1.jpg?fit=580%2C820&ssl=1&resize=350%2C200 1x, https:\/\/i0.wp.com\/cepronda.com\/blog\/wp-content\/uploads\/2022\/03\/BBEE-cartel-reunion-1.jpg?fit=580%2C820&ssl=1&resize=525%2C300 1.5x"},"classes":[]}],"jetpack_sharing_enabled":true,"_links":{"self":[{"href":"https:\/\/cepronda.com\/blog\/wp-json\/wp\/v2\/posts\/4054","targetHints":{"allow":["GET"]}}],"collection":[{"href":"https:\/\/cepronda.com\/blog\/wp-json\/wp\/v2\/posts"}],"about":[{"href":"https:\/\/cepronda.com\/blog\/wp-json\/wp\/v2\/types\/post"}],"author":[{"embeddable":true,"href":"https:\/\/cepronda.com\/blog\/wp-json\/wp\/v2\/users\/10"}],"replies":[{"embeddable":true,"href":"https:\/\/cepronda.com\/blog\/wp-json\/wp\/v2\/comments?post=4054"}],"version-history":[{"count":1,"href":"https:\/\/cepronda.com\/blog\/wp-json\/wp\/v2\/posts\/4054\/revisions"}],"predecessor-version":[{"id":4056,"href":"https:\/\/cepronda.com\/blog\/wp-json\/wp\/v2\/posts\/4054\/revisions\/4056"}],"wp:featuredmedia":[{"embeddable":true,"href":"https:\/\/cepronda.com\/blog\/wp-json\/wp\/v2\/media\/4055"}],"wp:attachment":[{"href":"https:\/\/cepronda.com\/blog\/wp-json\/wp\/v2\/media?parent=4054"}],"wp:term":[{"taxonomy":"category","embeddable":true,"href":"https:\/\/cepronda.com\/blog\/wp-json\/wp\/v2\/categories?post=4054"},{"taxonomy":"post_tag","embeddable":true,"href":"https:\/\/cepronda.com\/blog\/wp-json\/wp\/v2\/tags?post=4054"}],"curies":[{"name":"wp","href":"https:\/\/api.w.org\/{rel}","templated":true}]}}