{"id":4050,"date":"2020-12-15T14:55:00","date_gmt":"2020-12-15T13:55:00","guid":{"rendered":"http:\/\/cepronda.com\/blog\/?p=4050"},"modified":"2020-12-15T14:57:39","modified_gmt":"2020-12-15T13:57:39","slug":"creando-aulas-resilientes-2","status":"publish","type":"post","link":"https:\/\/cepronda.com\/blog\/creando-aulas-resilientes-2\/","title":{"rendered":"MINDFULNESS, BIENESTAR EMOCIONAL Y CREATIVIDAD EN EL AULA DE INGL\u00c9S"},"content":{"rendered":"<p>Muy buenas, compa\u00f1eros y compa\u00f1eras.<\/p>\n<p>Se abre el plazo para participar en la actividad formativa a nivel provincial que lleva el CEP de Marbella-Co\u00edn titulada:&nbsp; \u00abMINDFULNESS, BIENESTAR EMOCIONAL Y CREATIVIDAD EN EL AULA DE INGL\u00c9S\u00bb, con Lawrence Body. Esperamos que sea de vuestro inter\u00e9s. Un saludo.<\/p>\n<ul class=\"list-group\">\n<li class=\"list-group-item\"><b>Fecha actividad:<\/b>&nbsp;04\/02\/2021 hasta 22\/04\/2021<\/li>\n<li class=\"list-group-item\"><b>Fecha inscripci\u00f3n:<\/b>&nbsp;14\/12\/2020 hasta 14\/01\/2021<\/li>\n<li class=\"list-group-item\"><b>Horas totales:<\/b>&nbsp;40<\/li>\n<li class=\"list-group-item\"><b>Horas presenciales:<\/b>&nbsp;30<\/li>\n<li class=\"list-group-item\"><b>Horas no presenciales:<\/b>&nbsp;10<\/li>\n<li>Para m\u00e1s detalle e inscripci\u00f3n pincha en el siguiente <strong><a href=\"https:\/\/www.juntadeandalucia.es\/educacion\/secretariavirtual\/consultaCEP\/actividad\/212923GES603\/\">ENLACE<\/a><\/strong><\/li>\n<\/ul>\n<p><img data-recalc-dims=\"1\" loading=\"lazy\" decoding=\"async\" class=\"alignnone size-medium wp-image-4051 aligncenter\" src=\"https:\/\/i0.wp.com\/cepronda.com\/blog\/wp-content\/uploads\/2020\/12\/WhatsApp-Image-2020-12-15-at-11.04.01-212x300.jpeg?resize=212%2C300\" alt=\"\" width=\"212\" height=\"300\" srcset=\"https:\/\/i0.wp.com\/cepronda.com\/blog\/wp-content\/uploads\/2020\/12\/WhatsApp-Image-2020-12-15-at-11.04.01.jpeg?resize=212%2C300&amp;ssl=1 212w, https:\/\/i0.wp.com\/cepronda.com\/blog\/wp-content\/uploads\/2020\/12\/WhatsApp-Image-2020-12-15-at-11.04.01.jpeg?resize=724%2C1024&amp;ssl=1 724w, https:\/\/i0.wp.com\/cepronda.com\/blog\/wp-content\/uploads\/2020\/12\/WhatsApp-Image-2020-12-15-at-11.04.01.jpeg?resize=768%2C1087&amp;ssl=1 768w, https:\/\/i0.wp.com\/cepronda.com\/blog\/wp-content\/uploads\/2020\/12\/WhatsApp-Image-2020-12-15-at-11.04.01.jpeg?resize=1085%2C1536&amp;ssl=1 1085w, https:\/\/i0.wp.com\/cepronda.com\/blog\/wp-content\/uploads\/2020\/12\/WhatsApp-Image-2020-12-15-at-11.04.01.jpeg?w=1447&amp;ssl=1 1447w\" sizes=\"auto, (max-width: 212px) 100vw, 212px\" \/><\/p>\n","protected":false},"excerpt":{"rendered":"<p>Muy buenas, compa\u00f1eros y compa\u00f1eras. Se abre el plazo para participar en la actividad formativa a nivel provincial que lleva el CEP de Marbella-Co\u00edn titulada:&nbsp; \u00abMINDFULNESS, BIENESTAR EMOCIONAL Y CREATIVIDAD EN EL AULA DE INGL\u00c9S\u00bb, con Lawrence Body. Esperamos que sea de vuestro inter\u00e9s. Un saludo. Fecha actividad:&nbsp;04\/02\/2021 hasta 22\/04\/2021 Fecha inscripci\u00f3n:&nbsp;14\/12\/2020 hasta 14\/01\/2021 Horas [&hellip;]<\/p>\n","protected":false},"author":3,"featured_media":4051,"comment_status":"closed","ping_status":"open","sticky":false,"template":"","format":"standard","meta":{"_crdt_document":"","advanced_seo_description":"","jetpack_seo_html_title":"","jetpack_seo_noindex":false,"jetpack_post_was_ever_published":false,"_jetpack_newsletter_access":"","_jetpack_dont_email_post_to_subs":false,"_jetpack_newsletter_tier_id":0,"_jetpack_memberships_contains_paywalled_content":false,"_jetpack_memberships_contains_paid_content":false,"footnotes":"","jetpack_publicize_message":"","jetpack_publicize_feature_enabled":true,"jetpack_social_post_already_shared":true,"jetpack_social_options":{"image_generator_settings":{"template":"highway","default_image_id":0,"font":"","enabled":false},"version":2}},"categories":[5],"tags":[],"class_list":{"0":"post-4050","1":"post","2":"type-post","3":"status-publish","4":"format-standard","5":"has-post-thumbnail","7":"category-noticias","8":"czr-hentry"},"jetpack_publicize_connections":[],"jetpack_featured_media_url":"https:\/\/i0.wp.com\/cepronda.com\/blog\/wp-content\/uploads\/2020\/12\/WhatsApp-Image-2020-12-15-at-11.04.01.jpeg?fit=1447%2C2048&ssl=1","jetpack_shortlink":"https:\/\/wp.me\/p8M4X7-13k","jetpack-related-posts":[{"id":4337,"url":"https:\/\/cepronda.com\/blog\/mindfulness-para-docentes\/","url_meta":{"origin":4050,"position":0},"title":"MINDFULNESS PARA DOCENTES","author":"V\u00edctor Caballero","date":"19 marzo, 2021","format":false,"excerpt":"Muy buenas, compa\u00f1eros y compa\u00f1eras. Se abre el plazo para participar en la actividad formativa:\u00a0 \" MINDFULNESS PARA DOCENTES\", con Pau S\u00e1nchez como ponente. Esperamos que sea de vuestro inter\u00e9s. Un saludo. Fecha actividad:\u00a006\/04\/2021 hasta 25\/05\/2021 Fecha inscripci\u00f3n:\u00a019\/03\/2021 hasta 31\/03\/2021 Horas totales:\u00a016 Horas presenciales:\u00a016 Horas presenciales: 16h (Videoconferencias en BB\u2026","rel":"","context":"En \u00abFormaciones\u00bb","block_context":{"text":"Formaciones","link":"https:\/\/cepronda.com\/blog\/category\/formaciones\/"},"img":{"alt_text":"","src":"https:\/\/i0.wp.com\/cepronda.com\/blog\/wp-content\/uploads\/2021\/03\/212924GE038-Mindfulness-para-docentes.jpg?fit=848%2C1200&ssl=1&resize=350%2C200","width":350,"height":200,"srcset":"https:\/\/i0.wp.com\/cepronda.com\/blog\/wp-content\/uploads\/2021\/03\/212924GE038-Mindfulness-para-docentes.jpg?fit=848%2C1200&ssl=1&resize=350%2C200 1x, https:\/\/i0.wp.com\/cepronda.com\/blog\/wp-content\/uploads\/2021\/03\/212924GE038-Mindfulness-para-docentes.jpg?fit=848%2C1200&ssl=1&resize=525%2C300 1.5x, https:\/\/i0.wp.com\/cepronda.com\/blog\/wp-content\/uploads\/2021\/03\/212924GE038-Mindfulness-para-docentes.jpg?fit=848%2C1200&ssl=1&resize=700%2C400 2x"},"classes":[]},{"id":4409,"url":"https:\/\/cepronda.com\/blog\/atencion-al-alumnado-con-discapacidad-auditiva-en-el-aula-ordinaria\/","url_meta":{"origin":4050,"position":1},"title":"ATENCI\u00d3N AL ALUMNADO CON DISCAPACIDAD AUDITIVA EN EL AULA ORDINARIA","author":"Inmaculada Garc\u00eda","date":"15 abril, 2021","format":false,"excerpt":"Buenos d\u00edas, compa\u00f1eras y compa\u00f1eros, Os informamos que est\u00e1 abierto el plazo de inscripci\u00f3n (hasta el 26 de abril) de la formaci\u00f3n \u201c ATENCI\u00d3N AL ALUMNADO CON DISCAPACIDAD AUDITIVA EN EL AULA ORDINARIA (219903KOE275)\u201d. Es un curso a distancia que se desarrollar\u00e1 en el Aula Virtual de Formaci\u00f3n del Profesorado,\u2026","rel":"","context":"En \u00abFormaciones\u00bb","block_context":{"text":"Formaciones","link":"https:\/\/cepronda.com\/blog\/category\/formaciones\/"},"img":{"alt_text":"","src":"https:\/\/i0.wp.com\/cepronda.com\/blog\/wp-content\/uploads\/2021\/04\/7-discapacidad-auditiva-FREELIBROS.ORG_.jpg?fit=949%2C935&ssl=1&resize=350%2C200","width":350,"height":200,"srcset":"https:\/\/i0.wp.com\/cepronda.com\/blog\/wp-content\/uploads\/2021\/04\/7-discapacidad-auditiva-FREELIBROS.ORG_.jpg?fit=949%2C935&ssl=1&resize=350%2C200 1x, https:\/\/i0.wp.com\/cepronda.com\/blog\/wp-content\/uploads\/2021\/04\/7-discapacidad-auditiva-FREELIBROS.ORG_.jpg?fit=949%2C935&ssl=1&resize=525%2C300 1.5x, https:\/\/i0.wp.com\/cepronda.com\/blog\/wp-content\/uploads\/2021\/04\/7-discapacidad-auditiva-FREELIBROS.ORG_.jpg?fit=949%2C935&ssl=1&resize=700%2C400 2x"},"classes":[]},{"id":4418,"url":"https:\/\/cepronda.com\/blog\/atencion-al-alumnado-con-discapacidad-fisica-en-el-aula-ordinaria\/","url_meta":{"origin":4050,"position":2},"title":"ATENCI\u00d3N AL ALUMNADO CON DISCAPACIDAD F\u00cdSICA EN EL AULA ORDINARIA","author":"Inmaculada Garc\u00eda","date":"15 abril, 2021","format":false,"excerpt":"Est\u00e1 abierto el plazo de inscripci\u00f3n (hasta el 26 de abril) de la formaci\u00f3n \u201cATENCI\u00d3N AL ALUMNADO CON DISCAPACIDAD F\u00cdSICA, ENFERMEDADES RARAS Y NEUROMUSCULARES EN EL AULA ORDINARIA\u00a0(219905KOE281)\u201d. Es un curso a distancia que se desarrollar\u00e1 en el Aula Virtual de Formaci\u00f3n del Profesorado, de car\u00e1cter regional y gestionada por\u2026","rel":"","context":"En \u00abFormaciones\u00bb","block_context":{"text":"Formaciones","link":"https:\/\/cepronda.com\/blog\/category\/formaciones\/"},"img":{"alt_text":"","src":"","width":0,"height":0},"classes":[]},{"id":4415,"url":"https:\/\/cepronda.com\/blog\/atencion-al-alumnado-con-altas-capacidades-intelectuales-aaccii\/","url_meta":{"origin":4050,"position":3},"title":"ATENCI\u00d3N AL ALUMNADO CON ALTAS CAPACIDADES INTELECTUALES (AACCII)","author":"Inmaculada Garc\u00eda","date":"15 abril, 2021","format":false,"excerpt":"Os informamos que est\u00e1 abierto el plazo de inscripci\u00f3n (hasta el 26 de abril) de la formaci\u00f3n \u201cATENCI\u00d3N AL ALUMNADO CON ALTAS CAPACIDADES INTELECTUALES (AACCII)(219908KOE278)\u201d. Es un curso a distancia que se desarrollar\u00e1 en el Aula Virtual de Formaci\u00f3n del Profesorado, de car\u00e1cter regional y gestionada por el CEP de\u2026","rel":"","context":"En \u00abFormaciones\u00bb","block_context":{"text":"Formaciones","link":"https:\/\/cepronda.com\/blog\/category\/formaciones\/"},"img":{"alt_text":"","src":"https:\/\/i0.wp.com\/cepronda.com\/blog\/wp-content\/uploads\/2021\/04\/article.jpg?resize=350%2C200","width":350,"height":200},"classes":[]},{"id":7480,"url":"https:\/\/cepronda.com\/blog\/como-mejorar-la-competencia-linguistica\/","url_meta":{"origin":4050,"position":4},"title":"\u00bfC\u00d3MO MEJORAR LA COMPETENCIA LING\u00dc\u00cdSTICA?","author":"Maribel Mu\u00f1oz","date":"20 febrero, 2024","format":false,"excerpt":"Abierto el plazo de inscripci\u00f3n para la formaci\u00f3n\u00a0\u201c\u00bfC\u00d3MO MEJORAR LA COMPETENCIA LING\u00dc\u00cdSTICA?\u201d. C\u00d3DIGO 242924GE021. Duraci\u00f3n de la actividad\u00a010 horas: 6 horas presenciales , 3 horas videoconferencia y 1 hora no presencial. Lugar de realizaci\u00f3n: Aula del CEP de Ronda y plataforma de videoconferencias. Fecha inscripci\u00f3n: 20\/02\/2024 hasta 30\/03\/2024 Fecha actividad:\u2026","rel":"","context":"En \u00abFormaciones\u00bb","block_context":{"text":"Formaciones","link":"https:\/\/cepronda.com\/blog\/category\/formaciones\/"},"img":{"alt_text":"","src":"https:\/\/i0.wp.com\/cepronda.com\/blog\/wp-content\/uploads\/2024\/02\/WhatsApp-Image-2024-02-20-at-12.32.48.jpeg?fit=1080%2C1080&ssl=1&resize=350%2C200","width":350,"height":200,"srcset":"https:\/\/i0.wp.com\/cepronda.com\/blog\/wp-content\/uploads\/2024\/02\/WhatsApp-Image-2024-02-20-at-12.32.48.jpeg?fit=1080%2C1080&ssl=1&resize=350%2C200 1x, https:\/\/i0.wp.com\/cepronda.com\/blog\/wp-content\/uploads\/2024\/02\/WhatsApp-Image-2024-02-20-at-12.32.48.jpeg?fit=1080%2C1080&ssl=1&resize=525%2C300 1.5x, https:\/\/i0.wp.com\/cepronda.com\/blog\/wp-content\/uploads\/2024\/02\/WhatsApp-Image-2024-02-20-at-12.32.48.jpeg?fit=1080%2C1080&ssl=1&resize=700%2C400 2x, https:\/\/i0.wp.com\/cepronda.com\/blog\/wp-content\/uploads\/2024\/02\/WhatsApp-Image-2024-02-20-at-12.32.48.jpeg?fit=1080%2C1080&ssl=1&resize=1050%2C600 3x"},"classes":[]},{"id":7782,"url":"https:\/\/cepronda.com\/blog\/entrenamiento-de-las-funciones-ejecutivas-en-el-aula-de-educacion-primaria\/","url_meta":{"origin":4050,"position":5},"title":"ENTRENAMIENTO DE LAS FUNCIONES EJECUTIVAS EN EL AULA DE EDUCACI\u00d3N PRIMARIA","author":"Mamen Moreno","date":"9 octubre, 2024","format":false,"excerpt":"Se abre el plazo de inscripci\u00f3n para la actividad ENTRENAMIENTO DE LAS FUNCIONES EJECUTIVAS EN EL AULA DE EDUCACI\u00d3N PRIMARIA\u00a0con c\u00f3digo 252924GE014 , destinado al profesorado de Educaci\u00f3n Primaria, profesorado PT y AL, Orientadores\/as y profesorado de apoyo. Fecha actividad: 30 octubre, 6, 13, 20 y 27 de noviembre de\u2026","rel":"","context":"En \u00abFormaciones\u00bb","block_context":{"text":"Formaciones","link":"https:\/\/cepronda.com\/blog\/category\/formaciones\/"},"img":{"alt_text":"","src":"https:\/\/i0.wp.com\/cepronda.com\/blog\/wp-content\/uploads\/2024\/10\/IMG-20241010-WA0001.jpg?fit=1080%2C1080&ssl=1&resize=350%2C200","width":350,"height":200,"srcset":"https:\/\/i0.wp.com\/cepronda.com\/blog\/wp-content\/uploads\/2024\/10\/IMG-20241010-WA0001.jpg?fit=1080%2C1080&ssl=1&resize=350%2C200 1x, https:\/\/i0.wp.com\/cepronda.com\/blog\/wp-content\/uploads\/2024\/10\/IMG-20241010-WA0001.jpg?fit=1080%2C1080&ssl=1&resize=525%2C300 1.5x, https:\/\/i0.wp.com\/cepronda.com\/blog\/wp-content\/uploads\/2024\/10\/IMG-20241010-WA0001.jpg?fit=1080%2C1080&ssl=1&resize=700%2C400 2x, https:\/\/i0.wp.com\/cepronda.com\/blog\/wp-content\/uploads\/2024\/10\/IMG-20241010-WA0001.jpg?fit=1080%2C1080&ssl=1&resize=1050%2C600 3x"},"classes":[]}],"jetpack_sharing_enabled":true,"_links":{"self":[{"href":"https:\/\/cepronda.com\/blog\/wp-json\/wp\/v2\/posts\/4050","targetHints":{"allow":["GET"]}}],"collection":[{"href":"https:\/\/cepronda.com\/blog\/wp-json\/wp\/v2\/posts"}],"about":[{"href":"https:\/\/cepronda.com\/blog\/wp-json\/wp\/v2\/types\/post"}],"author":[{"embeddable":true,"href":"https:\/\/cepronda.com\/blog\/wp-json\/wp\/v2\/users\/3"}],"replies":[{"embeddable":true,"href":"https:\/\/cepronda.com\/blog\/wp-json\/wp\/v2\/comments?post=4050"}],"version-history":[{"count":2,"href":"https:\/\/cepronda.com\/blog\/wp-json\/wp\/v2\/posts\/4050\/revisions"}],"predecessor-version":[{"id":4053,"href":"https:\/\/cepronda.com\/blog\/wp-json\/wp\/v2\/posts\/4050\/revisions\/4053"}],"wp:featuredmedia":[{"embeddable":true,"href":"https:\/\/cepronda.com\/blog\/wp-json\/wp\/v2\/media\/4051"}],"wp:attachment":[{"href":"https:\/\/cepronda.com\/blog\/wp-json\/wp\/v2\/media?parent=4050"}],"wp:term":[{"taxonomy":"category","embeddable":true,"href":"https:\/\/cepronda.com\/blog\/wp-json\/wp\/v2\/categories?post=4050"},{"taxonomy":"post_tag","embeddable":true,"href":"https:\/\/cepronda.com\/blog\/wp-json\/wp\/v2\/tags?post=4050"}],"curies":[{"name":"wp","href":"https:\/\/api.w.org\/{rel}","templated":true}]}}