{"id":4045,"date":"2020-12-15T11:05:53","date_gmt":"2020-12-15T10:05:53","guid":{"rendered":"http:\/\/cepronda.com\/blog\/?p=4045"},"modified":"2020-12-15T11:06:08","modified_gmt":"2020-12-15T10:06:08","slug":"creando-aulas-resilientes","status":"publish","type":"post","link":"https:\/\/cepronda.com\/blog\/creando-aulas-resilientes\/","title":{"rendered":"CREANDO AULAS RESILIENTES."},"content":{"rendered":"<p>Hola compa\u00f1eros y compa\u00f1eras. Hoy se abre el plazo de solicitud para participar en la actividad formativa \u00abCREANDO AULAS RESILIENTES\u00bb, con Macarena Soto. Esperamos que sea de vuestro inter\u00e9s. Un saludo.<\/p>\n<p><img data-recalc-dims=\"1\" loading=\"lazy\" decoding=\"async\" class=\"alignnone size-medium wp-image-4046 aligncenter\" src=\"https:\/\/i0.wp.com\/cepronda.com\/blog\/wp-content\/uploads\/2020\/12\/CREANDO-AULAS-RESILENTES-212x300.jpg?resize=212%2C300\" alt=\"\" width=\"212\" height=\"300\" srcset=\"https:\/\/i0.wp.com\/cepronda.com\/blog\/wp-content\/uploads\/2020\/12\/CREANDO-AULAS-RESILENTES.jpg?resize=212%2C300&amp;ssl=1 212w, https:\/\/i0.wp.com\/cepronda.com\/blog\/wp-content\/uploads\/2020\/12\/CREANDO-AULAS-RESILENTES.jpg?resize=724%2C1024&amp;ssl=1 724w, https:\/\/i0.wp.com\/cepronda.com\/blog\/wp-content\/uploads\/2020\/12\/CREANDO-AULAS-RESILENTES.jpg?resize=768%2C1086&amp;ssl=1 768w, https:\/\/i0.wp.com\/cepronda.com\/blog\/wp-content\/uploads\/2020\/12\/CREANDO-AULAS-RESILENTES.jpg?resize=1086%2C1536&amp;ssl=1 1086w, https:\/\/i0.wp.com\/cepronda.com\/blog\/wp-content\/uploads\/2020\/12\/CREANDO-AULAS-RESILENTES.jpg?resize=1448%2C2048&amp;ssl=1 1448w, https:\/\/i0.wp.com\/cepronda.com\/blog\/wp-content\/uploads\/2020\/12\/CREANDO-AULAS-RESILENTES.jpg?w=1587&amp;ssl=1 1587w\" sizes=\"auto, (max-width: 212px) 100vw, 212px\" \/><\/p>\n","protected":false},"excerpt":{"rendered":"<p>Hola compa\u00f1eros y compa\u00f1eras. Hoy se abre el plazo de solicitud para participar en la actividad formativa \u00abCREANDO AULAS RESILIENTES\u00bb, con Macarena Soto. Esperamos que sea de vuestro inter\u00e9s. Un saludo.<\/p>\n","protected":false},"author":9,"featured_media":4046,"comment_status":"closed","ping_status":"open","sticky":false,"template":"","format":"standard","meta":{"_crdt_document":"","advanced_seo_description":"","jetpack_seo_html_title":"","jetpack_seo_noindex":false,"jetpack_post_was_ever_published":false,"_jetpack_newsletter_access":"","_jetpack_dont_email_post_to_subs":false,"_jetpack_newsletter_tier_id":0,"_jetpack_memberships_contains_paywalled_content":false,"_jetpack_memberships_contains_paid_content":false,"footnotes":"","jetpack_publicize_message":"","jetpack_publicize_feature_enabled":true,"jetpack_social_post_already_shared":true,"jetpack_social_options":{"image_generator_settings":{"template":"highway","default_image_id":0,"font":"","enabled":false},"version":2}},"categories":[5],"tags":[],"class_list":{"0":"post-4045","1":"post","2":"type-post","3":"status-publish","4":"format-standard","5":"has-post-thumbnail","7":"category-noticias","8":"czr-hentry"},"jetpack_publicize_connections":[],"jetpack_featured_media_url":"https:\/\/i0.wp.com\/cepronda.com\/blog\/wp-content\/uploads\/2020\/12\/CREANDO-AULAS-RESILENTES.jpg?fit=1587%2C2245&ssl=1","jetpack_shortlink":"https:\/\/wp.me\/p8M4X7-13f","jetpack-related-posts":[{"id":4082,"url":"https:\/\/cepronda.com\/blog\/creando-aulas-resilientes-3\/","url_meta":{"origin":4045,"position":0},"title":"CREANDO AULAS RESILIENTES.","author":"Inmaculada Garc\u00eda","date":"7 enero, 2021","format":false,"excerpt":"Hola compa\u00f1eros y compa\u00f1eras. Feliz a\u00f1o! Despu\u00e9s de este merecido descanso, comenzamos este trimestre con nuevas actividades formativas. Os recordamos que son los \u00faltimos d\u00edas para realizar vuestra inscripci\u00f3n en el curso \"CREANDO AULAS RESILIENTES\" con Macarena Soto. Os dejamos el cartel informativo y enlace para realizar vuestra solicitud. Esperamos\u2026","rel":"","context":"En \u00abNoticias\u00bb","block_context":{"text":"Noticias","link":"https:\/\/cepronda.com\/blog\/category\/noticias\/"},"img":{"alt_text":"","src":"https:\/\/i0.wp.com\/cepronda.com\/blog\/wp-content\/uploads\/2020\/12\/CREANDO-AULAS-RESILENTES.jpg?fit=848%2C1200&ssl=1&resize=350%2C200","width":350,"height":200,"srcset":"https:\/\/i0.wp.com\/cepronda.com\/blog\/wp-content\/uploads\/2020\/12\/CREANDO-AULAS-RESILENTES.jpg?fit=848%2C1200&ssl=1&resize=350%2C200 1x, https:\/\/i0.wp.com\/cepronda.com\/blog\/wp-content\/uploads\/2020\/12\/CREANDO-AULAS-RESILENTES.jpg?fit=848%2C1200&ssl=1&resize=525%2C300 1.5x, https:\/\/i0.wp.com\/cepronda.com\/blog\/wp-content\/uploads\/2020\/12\/CREANDO-AULAS-RESILENTES.jpg?fit=848%2C1200&ssl=1&resize=700%2C400 2x"},"classes":[]},{"id":4050,"url":"https:\/\/cepronda.com\/blog\/creando-aulas-resilientes-2\/","url_meta":{"origin":4045,"position":1},"title":"MINDFULNESS, BIENESTAR EMOCIONAL Y CREATIVIDAD EN EL AULA DE INGL\u00c9S","author":"V\u00edctor Caballero","date":"15 diciembre, 2020","format":false,"excerpt":"Muy buenas, compa\u00f1eros y compa\u00f1eras. Se abre el plazo para participar en la actividad formativa a nivel provincial que lleva el CEP de Marbella-Co\u00edn titulada:\u00a0 \"MINDFULNESS, BIENESTAR EMOCIONAL Y CREATIVIDAD EN EL AULA DE INGL\u00c9S\", con Lawrence Body. Esperamos que sea de vuestro inter\u00e9s. Un saludo. Fecha actividad:\u00a004\/02\/2021 hasta 22\/04\/2021\u2026","rel":"","context":"En \u00abNoticias\u00bb","block_context":{"text":"Noticias","link":"https:\/\/cepronda.com\/blog\/category\/noticias\/"},"img":{"alt_text":"","src":"https:\/\/i0.wp.com\/cepronda.com\/blog\/wp-content\/uploads\/2020\/12\/WhatsApp-Image-2020-12-15-at-11.04.01.jpeg?fit=848%2C1200&ssl=1&resize=350%2C200","width":350,"height":200,"srcset":"https:\/\/i0.wp.com\/cepronda.com\/blog\/wp-content\/uploads\/2020\/12\/WhatsApp-Image-2020-12-15-at-11.04.01.jpeg?fit=848%2C1200&ssl=1&resize=350%2C200 1x, https:\/\/i0.wp.com\/cepronda.com\/blog\/wp-content\/uploads\/2020\/12\/WhatsApp-Image-2020-12-15-at-11.04.01.jpeg?fit=848%2C1200&ssl=1&resize=525%2C300 1.5x, https:\/\/i0.wp.com\/cepronda.com\/blog\/wp-content\/uploads\/2020\/12\/WhatsApp-Image-2020-12-15-at-11.04.01.jpeg?fit=848%2C1200&ssl=1&resize=700%2C400 2x"},"classes":[]},{"id":7826,"url":"https:\/\/cepronda.com\/blog\/curso-provincial-creando-entornos-de-aprendizaje-inclusivos-atencion-a-la-diversidad-en-el-aula-y-en-el-centro-escolar-con-codigo-252924ge004\/","url_meta":{"origin":4045,"position":2},"title":"Curso provincial: \u00abCREANDO ENTORNOS DE APRENDIZAJE INCLUSIVOS: ATENCI\u00d3N A LA DIVERSIDAD EN EL AULA Y EN EL CENTRO ESCOLAR\u00bb, con c\u00f3digo 252924GE004.","author":"Inmaculada Garc\u00eda","date":"30 octubre, 2024","format":false,"excerpt":"Se encuentra abierto el plazo de inscripci\u00f3n en el curso provincial: \"CREANDO ENTORNOS DE APRENDIZAJE INCLUSIVOS: ATENCI\u00d3N A LA DIVERSIDAD EN EL AULA Y EN EL CENTRO ESCOLAR\", con c\u00f3digo 252924GE004. Fecha inscripci\u00f3n: 30\/10\/2024 hasta 15\/11\/2024. Fecha actividad: 19\/11\/2024 hasta 10\/12\/2024 Lugar: Sala de videoconferencias Webex. Duraci\u00f3n del curso: 15\u2026","rel":"","context":"En \u00abFormaciones\u00bb","block_context":{"text":"Formaciones","link":"https:\/\/cepronda.com\/blog\/category\/formaciones\/"},"img":{"alt_text":"","src":"https:\/\/i0.wp.com\/cepronda.com\/blog\/wp-content\/uploads\/2024\/10\/CREANDO-ENTORNOS-DE-APRENDIZAJE-INCLUSIVOS-ATENCION-A-LA-DIVERSIDAD-EN-EL-AULA-Y-EN-EL-CENTRO-ESCOLAR.jpg?fit=1120%2C1120&ssl=1&resize=350%2C200","width":350,"height":200,"srcset":"https:\/\/i0.wp.com\/cepronda.com\/blog\/wp-content\/uploads\/2024\/10\/CREANDO-ENTORNOS-DE-APRENDIZAJE-INCLUSIVOS-ATENCION-A-LA-DIVERSIDAD-EN-EL-AULA-Y-EN-EL-CENTRO-ESCOLAR.jpg?fit=1120%2C1120&ssl=1&resize=350%2C200 1x, https:\/\/i0.wp.com\/cepronda.com\/blog\/wp-content\/uploads\/2024\/10\/CREANDO-ENTORNOS-DE-APRENDIZAJE-INCLUSIVOS-ATENCION-A-LA-DIVERSIDAD-EN-EL-AULA-Y-EN-EL-CENTRO-ESCOLAR.jpg?fit=1120%2C1120&ssl=1&resize=525%2C300 1.5x, https:\/\/i0.wp.com\/cepronda.com\/blog\/wp-content\/uploads\/2024\/10\/CREANDO-ENTORNOS-DE-APRENDIZAJE-INCLUSIVOS-ATENCION-A-LA-DIVERSIDAD-EN-EL-AULA-Y-EN-EL-CENTRO-ESCOLAR.jpg?fit=1120%2C1120&ssl=1&resize=700%2C400 2x, https:\/\/i0.wp.com\/cepronda.com\/blog\/wp-content\/uploads\/2024\/10\/CREANDO-ENTORNOS-DE-APRENDIZAJE-INCLUSIVOS-ATENCION-A-LA-DIVERSIDAD-EN-EL-AULA-Y-EN-EL-CENTRO-ESCOLAR.jpg?fit=1120%2C1120&ssl=1&resize=1050%2C600 3x"},"classes":[]},{"id":4959,"url":"https:\/\/cepronda.com\/blog\/proyectos-de-aulas-de-emprendimiento\/","url_meta":{"origin":4045,"position":3},"title":"PROYECTOS DE AULAS DE EMPRENDIMIENTO","author":"Maribel Mu\u00f1oz","date":"12 enero, 2022","format":false,"excerpt":"Buenas tardes compa\u00f1eras y compa\u00f1eros, Os informamos que ayer se public\u00f3 en la web de la FP Andaluza, adjuntamos enlace y documentos, dos gu\u00edas para la presentaci\u00f3n de proyectos de aulas de emprendimiento: una para las de nueva creaci\u00f3n y otra, para el mantenimiento de las ya creadas en el\u2026","rel":"","context":"En \u00abFormaciones\u00bb","block_context":{"text":"Formaciones","link":"https:\/\/cepronda.com\/blog\/category\/formaciones\/"},"img":{"alt_text":"","src":"https:\/\/i0.wp.com\/cepronda.com\/blog\/wp-content\/uploads\/2020\/03\/S%C2%B0mbolo-gen%C3%87rico-RRSS-redondo-negativo.png?fit=1200%2C1200&ssl=1&resize=350%2C200","width":350,"height":200,"srcset":"https:\/\/i0.wp.com\/cepronda.com\/blog\/wp-content\/uploads\/2020\/03\/S%C2%B0mbolo-gen%C3%87rico-RRSS-redondo-negativo.png?fit=1200%2C1200&ssl=1&resize=350%2C200 1x, https:\/\/i0.wp.com\/cepronda.com\/blog\/wp-content\/uploads\/2020\/03\/S%C2%B0mbolo-gen%C3%87rico-RRSS-redondo-negativo.png?fit=1200%2C1200&ssl=1&resize=525%2C300 1.5x, https:\/\/i0.wp.com\/cepronda.com\/blog\/wp-content\/uploads\/2020\/03\/S%C2%B0mbolo-gen%C3%87rico-RRSS-redondo-negativo.png?fit=1200%2C1200&ssl=1&resize=700%2C400 2x, https:\/\/i0.wp.com\/cepronda.com\/blog\/wp-content\/uploads\/2020\/03\/S%C2%B0mbolo-gen%C3%87rico-RRSS-redondo-negativo.png?fit=1200%2C1200&ssl=1&resize=1050%2C600 3x"},"classes":[]},{"id":8067,"url":"https:\/\/cepronda.com\/blog\/convivencia-y-aprendizaje-creando-ambientes-educativos-positivos\/","url_meta":{"origin":4045,"position":4},"title":"CONVIVENCIA Y APRENDIZAJE: CREANDO AMBIENTES EDUCATIVOS POSITIVOS","author":"Mamen Moreno","date":"21 enero, 2025","format":false,"excerpt":"Inscripciones abiertas para el curso \"Convivencia y Aprendizaje: Creando Ambientes Educativos Positivos\" con c\u00f3digo 252924GE017 Duraci\u00f3n: 15 horas (12 horas presenciales y 3 horas de tareas) Dirigido a: Todo el profesorado (Internivelar) Inscripciones: del 21 de enero al 21 de febrero Lugar: CEP de Ronda \/ Sala de Videoconferencias Fechas:\u00a0\u2026","rel":"","context":"En \u00abFormaciones\u00bb","block_context":{"text":"Formaciones","link":"https:\/\/cepronda.com\/blog\/category\/formaciones\/"},"img":{"alt_text":"","src":"https:\/\/i0.wp.com\/cepronda.com\/blog\/wp-content\/uploads\/2025\/01\/CONVIVENCIA.jpg?fit=1080%2C1080&ssl=1&resize=350%2C200","width":350,"height":200,"srcset":"https:\/\/i0.wp.com\/cepronda.com\/blog\/wp-content\/uploads\/2025\/01\/CONVIVENCIA.jpg?fit=1080%2C1080&ssl=1&resize=350%2C200 1x, https:\/\/i0.wp.com\/cepronda.com\/blog\/wp-content\/uploads\/2025\/01\/CONVIVENCIA.jpg?fit=1080%2C1080&ssl=1&resize=525%2C300 1.5x, https:\/\/i0.wp.com\/cepronda.com\/blog\/wp-content\/uploads\/2025\/01\/CONVIVENCIA.jpg?fit=1080%2C1080&ssl=1&resize=700%2C400 2x, https:\/\/i0.wp.com\/cepronda.com\/blog\/wp-content\/uploads\/2025\/01\/CONVIVENCIA.jpg?fit=1080%2C1080&ssl=1&resize=1050%2C600 3x"},"classes":[]},{"id":4683,"url":"https:\/\/cepronda.com\/blog\/ii-congreso-andaluz-de-coeducacion-del-feminismo-en-las-aulas-a-la-transformacion-social\/","url_meta":{"origin":4045,"position":5},"title":"II CONGRESO ANDALUZ DE COEDUCACI\u00d3N \u00abDEL FEMINISMO EN LAS AULAS A LA TRANSFORMACI\u00d3N SOCIAL\u00bb","author":"Inmaculada Garc\u00eda","date":"27 septiembre, 2021","format":false,"excerpt":"Buenos d\u00edas compa\u00f1eros y compa\u00f1eras, os informamos\u00a0 que los pr\u00f3ximos 25 y 26 de octubre se llevar\u00e1 a cabo el II CONGRESO ANDALUZ DE COEDUCACI\u00d3N \"DEL FEMINISMO EN LAS AULAS A LA TRANSFORMACI\u00d3N SOCIAL\". En el siguiente enlace podr\u00e9is acceder a toda la informaci\u00f3n y formulario de inscripci\u00f3n. Esperamos que\u2026","rel":"","context":"En \u00abNoticias\u00bb","block_context":{"text":"Noticias","link":"https:\/\/cepronda.com\/blog\/category\/noticias\/"},"img":{"alt_text":"","src":"https:\/\/i0.wp.com\/cepronda.com\/blog\/wp-content\/uploads\/2021\/09\/Congreso_WEB_Banner_nueva-1-2048x1106-1.png?fit=1200%2C648&ssl=1&resize=350%2C200","width":350,"height":200,"srcset":"https:\/\/i0.wp.com\/cepronda.com\/blog\/wp-content\/uploads\/2021\/09\/Congreso_WEB_Banner_nueva-1-2048x1106-1.png?fit=1200%2C648&ssl=1&resize=350%2C200 1x, https:\/\/i0.wp.com\/cepronda.com\/blog\/wp-content\/uploads\/2021\/09\/Congreso_WEB_Banner_nueva-1-2048x1106-1.png?fit=1200%2C648&ssl=1&resize=525%2C300 1.5x, https:\/\/i0.wp.com\/cepronda.com\/blog\/wp-content\/uploads\/2021\/09\/Congreso_WEB_Banner_nueva-1-2048x1106-1.png?fit=1200%2C648&ssl=1&resize=700%2C400 2x, https:\/\/i0.wp.com\/cepronda.com\/blog\/wp-content\/uploads\/2021\/09\/Congreso_WEB_Banner_nueva-1-2048x1106-1.png?fit=1200%2C648&ssl=1&resize=1050%2C600 3x"},"classes":[]}],"jetpack_sharing_enabled":true,"_links":{"self":[{"href":"https:\/\/cepronda.com\/blog\/wp-json\/wp\/v2\/posts\/4045","targetHints":{"allow":["GET"]}}],"collection":[{"href":"https:\/\/cepronda.com\/blog\/wp-json\/wp\/v2\/posts"}],"about":[{"href":"https:\/\/cepronda.com\/blog\/wp-json\/wp\/v2\/types\/post"}],"author":[{"embeddable":true,"href":"https:\/\/cepronda.com\/blog\/wp-json\/wp\/v2\/users\/9"}],"replies":[{"embeddable":true,"href":"https:\/\/cepronda.com\/blog\/wp-json\/wp\/v2\/comments?post=4045"}],"version-history":[{"count":2,"href":"https:\/\/cepronda.com\/blog\/wp-json\/wp\/v2\/posts\/4045\/revisions"}],"predecessor-version":[{"id":4048,"href":"https:\/\/cepronda.com\/blog\/wp-json\/wp\/v2\/posts\/4045\/revisions\/4048"}],"wp:featuredmedia":[{"embeddable":true,"href":"https:\/\/cepronda.com\/blog\/wp-json\/wp\/v2\/media\/4046"}],"wp:attachment":[{"href":"https:\/\/cepronda.com\/blog\/wp-json\/wp\/v2\/media?parent=4045"}],"wp:term":[{"taxonomy":"category","embeddable":true,"href":"https:\/\/cepronda.com\/blog\/wp-json\/wp\/v2\/categories?post=4045"},{"taxonomy":"post_tag","embeddable":true,"href":"https:\/\/cepronda.com\/blog\/wp-json\/wp\/v2\/tags?post=4045"}],"curies":[{"name":"wp","href":"https:\/\/api.w.org\/{rel}","templated":true}]}}