{"id":4039,"date":"2020-12-14T11:41:25","date_gmt":"2020-12-14T10:41:25","guid":{"rendered":"http:\/\/cepronda.com\/blog\/?p=4039"},"modified":"2020-12-14T11:50:10","modified_gmt":"2020-12-14T10:50:10","slug":"estrategias-y-recursos-para-la-docencia-online-n-i","status":"publish","type":"post","link":"https:\/\/cepronda.com\/blog\/estrategias-y-recursos-para-la-docencia-online-n-i\/","title":{"rendered":"ESTRATEGIAS Y RECURSOS PARA LA DOCENCIA ONLINE EN EDUCACI\u00d3N INFANTIL N.I."},"content":{"rendered":"<p>Hola compa\u00f1eros y compa\u00f1eras, hoy se abre el plazo de inscripci\u00f3n para la actividad formativa provincial \u00abRECURSOS Y ESTRATEGIAS PARA LA DOCENCIA ONLINE N.I\u00bb. Esperamos que sea de vuestro inter\u00e9s. Un saludo.<\/p>\n<p><img data-recalc-dims=\"1\" loading=\"lazy\" decoding=\"async\" class=\"alignnone size-medium wp-image-4041 aligncenter\" src=\"https:\/\/i0.wp.com\/cepronda.com\/blog\/wp-content\/uploads\/2020\/12\/estrategias-y-recursos-para-la-docencia-online-en-educacion-infantil.-nivel-i-1-212x300.jpg?resize=212%2C300\" alt=\"\" width=\"212\" height=\"300\" srcset=\"https:\/\/i0.wp.com\/cepronda.com\/blog\/wp-content\/uploads\/2020\/12\/estrategias-y-recursos-para-la-docencia-online-en-educacion-infantil.-nivel-i-1.jpg?resize=212%2C300&amp;ssl=1 212w, https:\/\/i0.wp.com\/cepronda.com\/blog\/wp-content\/uploads\/2020\/12\/estrategias-y-recursos-para-la-docencia-online-en-educacion-infantil.-nivel-i-1.jpg?resize=724%2C1024&amp;ssl=1 724w, https:\/\/i0.wp.com\/cepronda.com\/blog\/wp-content\/uploads\/2020\/12\/estrategias-y-recursos-para-la-docencia-online-en-educacion-infantil.-nivel-i-1.jpg?resize=768%2C1086&amp;ssl=1 768w, https:\/\/i0.wp.com\/cepronda.com\/blog\/wp-content\/uploads\/2020\/12\/estrategias-y-recursos-para-la-docencia-online-en-educacion-infantil.-nivel-i-1.jpg?resize=1086%2C1536&amp;ssl=1 1086w, https:\/\/i0.wp.com\/cepronda.com\/blog\/wp-content\/uploads\/2020\/12\/estrategias-y-recursos-para-la-docencia-online-en-educacion-infantil.-nivel-i-1.jpg?resize=1448%2C2048&amp;ssl=1 1448w, https:\/\/i0.wp.com\/cepronda.com\/blog\/wp-content\/uploads\/2020\/12\/estrategias-y-recursos-para-la-docencia-online-en-educacion-infantil.-nivel-i-1.jpg?w=1587&amp;ssl=1 1587w\" sizes=\"auto, (max-width: 212px) 100vw, 212px\" \/><\/p>\n","protected":false},"excerpt":{"rendered":"<p>Hola compa\u00f1eros y compa\u00f1eras, hoy se abre el plazo de inscripci\u00f3n para la actividad formativa provincial \u00abRECURSOS Y ESTRATEGIAS PARA LA DOCENCIA ONLINE N.I\u00bb. Esperamos que sea de vuestro inter\u00e9s. Un saludo.<\/p>\n","protected":false},"author":9,"featured_media":4041,"comment_status":"closed","ping_status":"open","sticky":false,"template":"","format":"standard","meta":{"_crdt_document":"","advanced_seo_description":"","jetpack_seo_html_title":"","jetpack_seo_noindex":false,"jetpack_post_was_ever_published":false,"_jetpack_newsletter_access":"","_jetpack_dont_email_post_to_subs":false,"_jetpack_newsletter_tier_id":0,"_jetpack_memberships_contains_paywalled_content":false,"_jetpack_memberships_contains_paid_content":false,"footnotes":"","jetpack_publicize_message":"","jetpack_publicize_feature_enabled":true,"jetpack_social_post_already_shared":true,"jetpack_social_options":{"image_generator_settings":{"template":"highway","default_image_id":0,"font":"","enabled":false},"version":2}},"categories":[5],"tags":[],"class_list":{"0":"post-4039","1":"post","2":"type-post","3":"status-publish","4":"format-standard","5":"has-post-thumbnail","7":"category-noticias","8":"czr-hentry"},"jetpack_publicize_connections":[],"jetpack_featured_media_url":"https:\/\/i0.wp.com\/cepronda.com\/blog\/wp-content\/uploads\/2020\/12\/estrategias-y-recursos-para-la-docencia-online-en-educacion-infantil.-nivel-i-1.jpg?fit=1587%2C2245&ssl=1","jetpack_shortlink":"https:\/\/wp.me\/p8M4X7-139","jetpack-related-posts":[{"id":4103,"url":"https:\/\/cepronda.com\/blog\/estrategias-y-recursos-para-la-docencia-online-n-ii\/","url_meta":{"origin":4039,"position":0},"title":"ESTRATEGIAS Y RECURSOS PARA LA DOCENCIA ONLINE EN EDUCACI\u00d3N INFANTIL. N. II.","author":"Inmaculada Garc\u00eda","date":"18 enero, 2021","format":false,"excerpt":"Hola compa\u00f1eros y compa\u00f1eras. Os informamos que hoy se abre el plazo de inscripci\u00f3n a la actividad formativa \"ESTRATEGIAS Y RECURSOS PARA LA DOCENCIA ONLINE EN EDUCACI\u00d3N INFANTIL. N. II.\".\u00a0 Esperamos que sea de vuestro inter\u00e9s. Un saludo. PARA REALIZAR TU INSCRIPCI\u00d3N PINCHA AQU\u00cd.","rel":"","context":"En \u00abNoticias\u00bb","block_context":{"text":"Noticias","link":"https:\/\/cepronda.com\/blog\/category\/noticias\/"},"img":{"alt_text":"","src":"https:\/\/i0.wp.com\/cepronda.com\/blog\/wp-content\/uploads\/2021\/01\/20211711estrategias-y-recursos-para-la-docencia-online-en-educacion-infantil.-nivel-i-1.jpg?fit=848%2C1200&ssl=1&resize=350%2C200","width":350,"height":200,"srcset":"https:\/\/i0.wp.com\/cepronda.com\/blog\/wp-content\/uploads\/2021\/01\/20211711estrategias-y-recursos-para-la-docencia-online-en-educacion-infantil.-nivel-i-1.jpg?fit=848%2C1200&ssl=1&resize=350%2C200 1x, https:\/\/i0.wp.com\/cepronda.com\/blog\/wp-content\/uploads\/2021\/01\/20211711estrategias-y-recursos-para-la-docencia-online-en-educacion-infantil.-nivel-i-1.jpg?fit=848%2C1200&ssl=1&resize=525%2C300 1.5x, https:\/\/i0.wp.com\/cepronda.com\/blog\/wp-content\/uploads\/2021\/01\/20211711estrategias-y-recursos-para-la-docencia-online-en-educacion-infantil.-nivel-i-1.jpg?fit=848%2C1200&ssl=1&resize=700%2C400 2x"},"classes":[]},{"id":4132,"url":"https:\/\/cepronda.com\/blog\/estrategias-y-recursos-para-la-docencia-online-en-educacion-infantil-n-ii\/","url_meta":{"origin":4039,"position":1},"title":"ESTRATEGIAS Y RECURSOS PARA LA DOCENCIA ONLINE EN EDUCACI\u00d3N INFANTIL. N. II.","author":"Inmaculada Garc\u00eda","date":"26 enero, 2021","format":false,"excerpt":"Hola compa\u00f1eros y compa\u00f1eras. Os informamos que hoy se abre el plazo de inscripci\u00f3n a la actividad formativa \"ESTRATEGIAS Y RECURSOS PARA LA DOCENCIA ONLINE EN EDUCACI\u00d3N INFANTIL. N. II.\".\u00a0 Esperamos que sea de vuestro inter\u00e9s. Un saludo. PARA REALIZAR TU INSCRIPCI\u00d3N PINCHA AQU\u00cd.","rel":"","context":"En \u00abNoticias\u00bb","block_context":{"text":"Noticias","link":"https:\/\/cepronda.com\/blog\/category\/noticias\/"},"img":{"alt_text":"","src":"https:\/\/i0.wp.com\/cepronda.com\/blog\/wp-content\/uploads\/2021\/01\/20211711estrategias-y-recursos-para-la-docencia-online-en-educacion-infantil.-nivel-i-1.jpg?fit=848%2C1200&ssl=1&resize=350%2C200","width":350,"height":200,"srcset":"https:\/\/i0.wp.com\/cepronda.com\/blog\/wp-content\/uploads\/2021\/01\/20211711estrategias-y-recursos-para-la-docencia-online-en-educacion-infantil.-nivel-i-1.jpg?fit=848%2C1200&ssl=1&resize=350%2C200 1x, https:\/\/i0.wp.com\/cepronda.com\/blog\/wp-content\/uploads\/2021\/01\/20211711estrategias-y-recursos-para-la-docencia-online-en-educacion-infantil.-nivel-i-1.jpg?fit=848%2C1200&ssl=1&resize=525%2C300 1.5x, https:\/\/i0.wp.com\/cepronda.com\/blog\/wp-content\/uploads\/2021\/01\/20211711estrategias-y-recursos-para-la-docencia-online-en-educacion-infantil.-nivel-i-1.jpg?fit=848%2C1200&ssl=1&resize=700%2C400 2x"},"classes":[]},{"id":5529,"url":"https:\/\/cepronda.com\/blog\/oralidad-en-el-aula-recursos-y-estrategias\/","url_meta":{"origin":4039,"position":2},"title":"ORALIDAD EN EL AULA. RECURSOS Y ESTRATEGIAS","author":"Maribel Mu\u00f1oz","date":"13 octubre, 2022","format":false,"excerpt":"Buenos d\u00edas compa\u00f1eras y compa\u00f1eros, Os\u00a0 informamos que est\u00e1 abierto el plazo de inscripci\u00f3n en el curso ORALIDAD EN EL AULA. RECURSOS Y ESTRATEGIAS con c\u00f3digo 232924GE15. Fechas de inscripci\u00f3n : del 11\/10\/2022 al 27\/10\/2022 Fecha de inicio: 02\/11\/2022 Fecha finalizaci\u00f3n: 30\/11\/2022 Horas: 12\u00a0 ( 10h de videoconferencias y 2\u2026","rel":"","context":"En \u00abFormaciones\u00bb","block_context":{"text":"Formaciones","link":"https:\/\/cepronda.com\/blog\/category\/formaciones\/"},"img":{"alt_text":"","src":"https:\/\/i0.wp.com\/cepronda.com\/blog\/wp-content\/uploads\/2022\/10\/WhatsApp-Image-2022-10-13-at-09.57.49.jpeg?fit=848%2C1200&ssl=1&resize=350%2C200","width":350,"height":200,"srcset":"https:\/\/i0.wp.com\/cepronda.com\/blog\/wp-content\/uploads\/2022\/10\/WhatsApp-Image-2022-10-13-at-09.57.49.jpeg?fit=848%2C1200&ssl=1&resize=350%2C200 1x, https:\/\/i0.wp.com\/cepronda.com\/blog\/wp-content\/uploads\/2022\/10\/WhatsApp-Image-2022-10-13-at-09.57.49.jpeg?fit=848%2C1200&ssl=1&resize=525%2C300 1.5x, https:\/\/i0.wp.com\/cepronda.com\/blog\/wp-content\/uploads\/2022\/10\/WhatsApp-Image-2022-10-13-at-09.57.49.jpeg?fit=848%2C1200&ssl=1&resize=700%2C400 2x"},"classes":[]},{"id":4346,"url":"https:\/\/cepronda.com\/blog\/recursos-y-estrategias-para-la-mejora-de-la-convivencia-en-el-aula\/","url_meta":{"origin":4039,"position":3},"title":"RECURSOS Y ESTRATEGIAS PARA LA MEJORA DE LA CONVIVENCIA EN EL AULA.","author":"Inmaculada Garc\u00eda","date":"22 marzo, 2021","format":false,"excerpt":"Buenos d\u00edas compa\u00f1eros y compa\u00f1eras. Os informamos de que hoy se abre el plazo de solicitud para la actividad formativa \"RECURSOS Y ESTRATEGIAS PARA LA MEJORA DE LA CONVIVENCIA EN EL AULA\", que tendr\u00e1 una duraci\u00f3n de 4 sesiones presenciales a trav\u00e9s de videoconferencia con Rosa Torres. Esperamos que sea\u2026","rel":"","context":"En \u00abNoticias\u00bb","block_context":{"text":"Noticias","link":"https:\/\/cepronda.com\/blog\/category\/noticias\/"},"img":{"alt_text":"","src":"https:\/\/i0.wp.com\/cepronda.com\/blog\/wp-content\/uploads\/2021\/03\/recursos-y-estrategias-para-la-mejora-de-la-convivencia-en-el-aula.jpg?fit=848%2C1200&ssl=1&resize=350%2C200","width":350,"height":200,"srcset":"https:\/\/i0.wp.com\/cepronda.com\/blog\/wp-content\/uploads\/2021\/03\/recursos-y-estrategias-para-la-mejora-de-la-convivencia-en-el-aula.jpg?fit=848%2C1200&ssl=1&resize=350%2C200 1x, https:\/\/i0.wp.com\/cepronda.com\/blog\/wp-content\/uploads\/2021\/03\/recursos-y-estrategias-para-la-mejora-de-la-convivencia-en-el-aula.jpg?fit=848%2C1200&ssl=1&resize=525%2C300 1.5x, https:\/\/i0.wp.com\/cepronda.com\/blog\/wp-content\/uploads\/2021\/03\/recursos-y-estrategias-para-la-mejora-de-la-convivencia-en-el-aula.jpg?fit=848%2C1200&ssl=1&resize=700%2C400 2x"},"classes":[]},{"id":9362,"url":"https:\/\/cepronda.com\/blog\/9362-2\/","url_meta":{"origin":4039,"position":4},"title":"PROGRAMAS CULTURALES. RECURSOS Y ESTRATEGIAS DID\u00c1CTICAS","author":"Encarni Jim\u00e9nez Rosado","date":"10 febrero, 2026","format":false,"excerpt":"Se abre plazo de inscripci\u00f3n para el curso \u201cPROGRAMAS CULTURALES. RECURSOS Y ESTRATEGIAS DID\u00c1CTICAS\u201d con c\u00f3digo 269908KCLT604 Inscripci\u00f3n y detalle en S\u00e9neca: https:\/\/secretariavirtual.juntadeandalucia.es\/secretariavirtual\/consultaCEP\/actividad\/269908KCLT604\/ Fecha de realizaci\u00f3n: del 23\/02\/2026 al 10\/04\/2026 Solicitudes: del 09\/02\/2026 12:00 am hasta el 15\/02\/2026 12:00 am","rel":"","context":"En \u00abFormaciones\u00bb","block_context":{"text":"Formaciones","link":"https:\/\/cepronda.com\/blog\/category\/formaciones\/"},"img":{"alt_text":"","src":"","width":0,"height":0},"classes":[]},{"id":9368,"url":"https:\/\/cepronda.com\/blog\/9368-2\/","url_meta":{"origin":4039,"position":5},"title":"PROGRAMA COMUNICA. RECURSOS Y ESTRATEGIAS DID\u00c1CTICAS","author":"Encarni Jim\u00e9nez Rosado","date":"12 febrero, 2026","format":false,"excerpt":"Abierto el plazo de inscripci\u00f3n en el curso Regional, \"PROGRAMA COMUNICA. RECURSOS Y ESTRATEGIAS DID\u00c1CTICAS\", con C\u00f3digo:\u00a0269930KLIN608 Inscripciones:\u00a0 09\/02\/2026 hasta 16\/02\/2026 Fecha actividad:\u00a023\/02\/2026 hasta 10\/04\/2026 Horas totales:\u00a040 Modalidad:\u00a0Curso a Distancia N\u00ba de plazas:\u00a0240 Aula Virtual de Formaci\u00f3n del Profesorado M\u00e1s informaci\u00f3n e inscripci\u00f3n: https:\/\/secretariavirtual.juntadeandalucia.es\/secretariavirtual\/consultaCEP\/actividad\/269930KLIN608\/","rel":"","context":"En \u00abFormaciones\u00bb","block_context":{"text":"Formaciones","link":"https:\/\/cepronda.com\/blog\/category\/formaciones\/"},"img":{"alt_text":"","src":"https:\/\/i0.wp.com\/cepronda.com\/blog\/wp-content\/uploads\/2026\/02\/Copia-de-Copia-de-Copia-de-CEP-MOTOR-INTERNACIONALIZACION-PRIMEROS-PASOS.pptx.jpg?fit=960%2C1200&ssl=1&resize=350%2C200","width":350,"height":200,"srcset":"https:\/\/i0.wp.com\/cepronda.com\/blog\/wp-content\/uploads\/2026\/02\/Copia-de-Copia-de-Copia-de-CEP-MOTOR-INTERNACIONALIZACION-PRIMEROS-PASOS.pptx.jpg?fit=960%2C1200&ssl=1&resize=350%2C200 1x, https:\/\/i0.wp.com\/cepronda.com\/blog\/wp-content\/uploads\/2026\/02\/Copia-de-Copia-de-Copia-de-CEP-MOTOR-INTERNACIONALIZACION-PRIMEROS-PASOS.pptx.jpg?fit=960%2C1200&ssl=1&resize=525%2C300 1.5x, https:\/\/i0.wp.com\/cepronda.com\/blog\/wp-content\/uploads\/2026\/02\/Copia-de-Copia-de-Copia-de-CEP-MOTOR-INTERNACIONALIZACION-PRIMEROS-PASOS.pptx.jpg?fit=960%2C1200&ssl=1&resize=700%2C400 2x"},"classes":[]}],"jetpack_sharing_enabled":true,"_links":{"self":[{"href":"https:\/\/cepronda.com\/blog\/wp-json\/wp\/v2\/posts\/4039","targetHints":{"allow":["GET"]}}],"collection":[{"href":"https:\/\/cepronda.com\/blog\/wp-json\/wp\/v2\/posts"}],"about":[{"href":"https:\/\/cepronda.com\/blog\/wp-json\/wp\/v2\/types\/post"}],"author":[{"embeddable":true,"href":"https:\/\/cepronda.com\/blog\/wp-json\/wp\/v2\/users\/9"}],"replies":[{"embeddable":true,"href":"https:\/\/cepronda.com\/blog\/wp-json\/wp\/v2\/comments?post=4039"}],"version-history":[{"count":3,"href":"https:\/\/cepronda.com\/blog\/wp-json\/wp\/v2\/posts\/4039\/revisions"}],"predecessor-version":[{"id":4044,"href":"https:\/\/cepronda.com\/blog\/wp-json\/wp\/v2\/posts\/4039\/revisions\/4044"}],"wp:featuredmedia":[{"embeddable":true,"href":"https:\/\/cepronda.com\/blog\/wp-json\/wp\/v2\/media\/4041"}],"wp:attachment":[{"href":"https:\/\/cepronda.com\/blog\/wp-json\/wp\/v2\/media?parent=4039"}],"wp:term":[{"taxonomy":"category","embeddable":true,"href":"https:\/\/cepronda.com\/blog\/wp-json\/wp\/v2\/categories?post=4039"},{"taxonomy":"post_tag","embeddable":true,"href":"https:\/\/cepronda.com\/blog\/wp-json\/wp\/v2\/tags?post=4039"}],"curies":[{"name":"wp","href":"https:\/\/api.w.org\/{rel}","templated":true}]}}