{"id":4037,"date":"2020-12-11T14:07:23","date_gmt":"2020-12-11T13:07:23","guid":{"rendered":"http:\/\/cepronda.com\/blog\/?p=4037"},"modified":"2025-04-28T11:56:00","modified_gmt":"2025-04-28T09:56:00","slug":"publicada-convocatoria-oposiciones","status":"publish","type":"post","link":"https:\/\/cepronda.com\/blog\/publicada-convocatoria-oposiciones\/","title":{"rendered":"PUBLICADA CONVOCATORIA OPOSICIONES"},"content":{"rendered":"<p>Buenos d\u00edas compa\u00f1eras y compa\u00f1eros,<\/p>\n<p>Os informamos que est\u00e1 publicada la<em>&nbsp;<a href=\"https:\/\/juntadeandalucia.es\/boja\/2020\/238\/12\">Orden de 30 de noviembre de 2020<\/a>, por la que se efect\u00faa convocatoria de procedimientos selectivos para el ingreso en los Cuerpos de Profesores de Ense\u00f1anza Secundaria, Profesores T\u00e9cnicos de Formaci\u00f3n Profesional, Profesores de Escuelas Oficiales de Idiomas, Profesores de Artes Pl\u00e1sticas y Dise\u00f1o, Maestros de Taller de Artes Pl\u00e1sticas y Dise\u00f1o y acceso al Cuerpo de Profesores de Ense\u00f1anza Secundaria y al Cuerpo de Profesores de Artes Pl\u00e1sticas y Dise\u00f1o.<\/em><\/p>\n<p>Deseamos que sea de vuestro inter\u00e9s.<\/p>\n<p>Saludos.<\/p>\n<p><img data-recalc-dims=\"1\" loading=\"lazy\" decoding=\"async\" class=\"wp-image-3495 aligncenter\" src=\"https:\/\/i0.wp.com\/cepronda.com\/blog\/wp-content\/uploads\/2020\/03\/S%C2%B0mbolo-gen%C3%87rico-RRSS-redondo-negativo-300x300.png?resize=147%2C147\" alt=\"\" width=\"147\" height=\"147\" srcset=\"https:\/\/i0.wp.com\/cepronda.com\/blog\/wp-content\/uploads\/2020\/03\/S%C2%B0mbolo-gen%C3%87rico-RRSS-redondo-negativo.png?resize=300%2C300&amp;ssl=1 300w, https:\/\/i0.wp.com\/cepronda.com\/blog\/wp-content\/uploads\/2020\/03\/S%C2%B0mbolo-gen%C3%87rico-RRSS-redondo-negativo.png?resize=1024%2C1024&amp;ssl=1 1024w, https:\/\/i0.wp.com\/cepronda.com\/blog\/wp-content\/uploads\/2020\/03\/S%C2%B0mbolo-gen%C3%87rico-RRSS-redondo-negativo.png?resize=150%2C150&amp;ssl=1 150w, https:\/\/i0.wp.com\/cepronda.com\/blog\/wp-content\/uploads\/2020\/03\/S%C2%B0mbolo-gen%C3%87rico-RRSS-redondo-negativo.png?resize=768%2C768&amp;ssl=1 768w, https:\/\/i0.wp.com\/cepronda.com\/blog\/wp-content\/uploads\/2020\/03\/S%C2%B0mbolo-gen%C3%87rico-RRSS-redondo-negativo.png?resize=50%2C50&amp;ssl=1 50w, https:\/\/i0.wp.com\/cepronda.com\/blog\/wp-content\/uploads\/2020\/03\/S%C2%B0mbolo-gen%C3%87rico-RRSS-redondo-negativo.png?w=1500&amp;ssl=1 1500w\" sizes=\"auto, (max-width: 147px) 100vw, 147px\" \/><\/p>\n","protected":false},"excerpt":{"rendered":"<p>Buenos d\u00edas compa\u00f1eras y compa\u00f1eros, Os informamos que est\u00e1 publicada la&nbsp;Orden de 30 de noviembre de 2020, por la que se efect\u00faa convocatoria de procedimientos selectivos para el ingreso en los Cuerpos de Profesores de Ense\u00f1anza Secundaria, Profesores T\u00e9cnicos de Formaci\u00f3n Profesional, Profesores de Escuelas Oficiales de Idiomas, Profesores de Artes Pl\u00e1sticas y Dise\u00f1o, Maestros [&hellip;]<\/p>\n","protected":false},"author":10,"featured_media":3495,"comment_status":"closed","ping_status":"open","sticky":false,"template":"","format":"standard","meta":{"_crdt_document":"","advanced_seo_description":"","jetpack_seo_html_title":"","jetpack_seo_noindex":false,"jetpack_post_was_ever_published":false,"_jetpack_newsletter_access":"","_jetpack_dont_email_post_to_subs":false,"_jetpack_newsletter_tier_id":0,"_jetpack_memberships_contains_paywalled_content":false,"_jetpack_memberships_contains_paid_content":false,"footnotes":"","jetpack_publicize_message":"","jetpack_publicize_feature_enabled":true,"jetpack_social_post_already_shared":true,"jetpack_social_options":{"image_generator_settings":{"template":"highway","default_image_id":0,"font":"","enabled":false},"version":2}},"categories":[3,5],"tags":[17,211],"class_list":{"0":"post-4037","1":"post","2":"type-post","3":"status-publish","4":"format-standard","5":"has-post-thumbnail","7":"category-formaciones","8":"category-noticias","9":"tag-convocatorias","10":"tag-oposiciones","11":"czr-hentry"},"jetpack_publicize_connections":[],"jetpack_featured_media_url":"https:\/\/i0.wp.com\/cepronda.com\/blog\/wp-content\/uploads\/2020\/03\/S%C2%B0mbolo-gen%C3%87rico-RRSS-redondo-negativo.png?fit=1500%2C1500&ssl=1","jetpack_shortlink":"https:\/\/wp.me\/p8M4X7-137","jetpack-related-posts":[{"id":1793,"url":"https:\/\/cepronda.com\/blog\/convocatoria-de-puestos-especificos\/","url_meta":{"origin":4037,"position":0},"title":"Convocatoria de puestos espec\u00edficos","author":"V\u00edctor Caballero","date":"14 mayo, 2018","format":false,"excerpt":"Muy buenas a todo el mundo,\u00a0 Comenzamos la semana compartiendo la\u00a0Resoluci\u00f3n de 8 de mayo de 2018 de la Delegaci\u00f3n Territorial de la Consejer\u00eda de Educaci\u00f3n de la Junta de Andaluc\u00eda en Sevilla, por la que se realiza convocatoria para la cobertura, con ocasi\u00f3n de vacante y, en su caso\u2026","rel":"","context":"En \u00abFormaciones\u00bb","block_context":{"text":"Formaciones","link":"https:\/\/cepronda.com\/blog\/category\/formaciones\/"},"img":{"alt_text":"","src":"https:\/\/i0.wp.com\/cepronda.com\/blog\/wp-content\/uploads\/2017\/05\/logo_ja_ce_mejor.jpg?fit=732%2C600&ssl=1&resize=350%2C200","width":350,"height":200,"srcset":"https:\/\/i0.wp.com\/cepronda.com\/blog\/wp-content\/uploads\/2017\/05\/logo_ja_ce_mejor.jpg?fit=732%2C600&ssl=1&resize=350%2C200 1x, https:\/\/i0.wp.com\/cepronda.com\/blog\/wp-content\/uploads\/2017\/05\/logo_ja_ce_mejor.jpg?fit=732%2C600&ssl=1&resize=525%2C300 1.5x, https:\/\/i0.wp.com\/cepronda.com\/blog\/wp-content\/uploads\/2017\/05\/logo_ja_ce_mejor.jpg?fit=732%2C600&ssl=1&resize=700%2C400 2x"},"classes":[]},{"id":2779,"url":"https:\/\/cepronda.com\/blog\/universidad-de-verano-para-docentes-de-frances\/","url_meta":{"origin":4037,"position":1},"title":"Universidad de verano para docentes de franc\u00e9s","author":"V\u00edctor Caballero","date":"2 mayo, 2019","format":false,"excerpt":"Muy buenas de nuevo familia, compartimos con todas las personas docentes especialistas de franc\u00e9s esta informaci\u00f3n, por si es de vuestro inter\u00e9s. L'Institut fran\u00e7ais de Espa\u00f1a, en colaboraci\u00f3n con la Universidad de Valencia y la\u00a0 Asociaci\u00f3n de Profesores de Franc\u00e9s de Valencia pone en marcha su Universidad de verano de\u2026","rel":"","context":"En \u00abNoticias\u00bb","block_context":{"text":"Noticias","link":"https:\/\/cepronda.com\/blog\/category\/noticias\/"},"img":{"alt_text":"","src":"https:\/\/i0.wp.com\/cepronda.com\/blog\/wp-content\/uploads\/2017\/09\/french-flag-2695008_640.jpg?fit=640%2C426&ssl=1&resize=350%2C200","width":350,"height":200,"srcset":"https:\/\/i0.wp.com\/cepronda.com\/blog\/wp-content\/uploads\/2017\/09\/french-flag-2695008_640.jpg?fit=640%2C426&ssl=1&resize=350%2C200 1x, https:\/\/i0.wp.com\/cepronda.com\/blog\/wp-content\/uploads\/2017\/09\/french-flag-2695008_640.jpg?fit=640%2C426&ssl=1&resize=525%2C300 1.5x"},"classes":[]},{"id":3616,"url":"https:\/\/cepronda.com\/blog\/feria-virtual-de-formacion-profesional\/","url_meta":{"origin":4037,"position":2},"title":"Feria virtual de Formaci\u00f3n Profesional","author":"V\u00edctor Caballero","date":"4 junio, 2020","format":false,"excerpt":"En Junio se abre el procedimiento para solicitar ciclos formativos. Desde el \u00e1rea de Orientaci\u00f3n vocacional y profesional del Servicio de Ordenaci\u00f3n educativa de esta Delegaci\u00f3n Territorial se est\u00e1 organizando una Feria Virtual de Formaci\u00f3n Profesional de M\u00e1laga, con el apoyo de todo el Servicio. Este importante evento tiene dos\u2026","rel":"","context":"En \u00abNoticias\u00bb","block_context":{"text":"Noticias","link":"https:\/\/cepronda.com\/blog\/category\/noticias\/"},"img":{"alt_text":"","src":"https:\/\/i0.wp.com\/cepronda.com\/blog\/wp-content\/uploads\/2020\/06\/feria_virtaul_fp.png?fit=789%2C935&ssl=1&resize=350%2C200","width":350,"height":200,"srcset":"https:\/\/i0.wp.com\/cepronda.com\/blog\/wp-content\/uploads\/2020\/06\/feria_virtaul_fp.png?fit=789%2C935&ssl=1&resize=350%2C200 1x, https:\/\/i0.wp.com\/cepronda.com\/blog\/wp-content\/uploads\/2020\/06\/feria_virtaul_fp.png?fit=789%2C935&ssl=1&resize=525%2C300 1.5x, https:\/\/i0.wp.com\/cepronda.com\/blog\/wp-content\/uploads\/2020\/06\/feria_virtaul_fp.png?fit=789%2C935&ssl=1&resize=700%2C400 2x"},"classes":[]},{"id":9161,"url":"https:\/\/cepronda.com\/blog\/xix-jornadas-andaluzas-de-ensenanza-de-economia-en-secundaria\/","url_meta":{"origin":4037,"position":3},"title":"XIX JORNADAS ANDALUZAS DE ENSE\u00d1ANZA DE ECONOM\u00cdA EN SECUNDARIA","author":"Inmaculada Garc\u00eda","date":"18 diciembre, 2025","format":false,"excerpt":"Se encuentra abierto el plazo de inscripci\u00f3n para la actividad: XIX JORNADAS ANDALUZAS DE ENSE\u00d1ANZA DE ECONOM\u00cdA EN SECUNDARIA, con c\u00f3digo 262922GE055. Dirigido a PROFESORADO ECONOM\u00cdA. Inscripci\u00f3n: desde 18\/12\/2025 a 29\/01\/2026 Actividad: viernes 6 de febrero y s\u00e1bado 7 de febrero 2026 Duraci\u00f3n: 12 horas Lugar: SAL\u00d3N ACTOS FACULTAD CIENCIAS\u2026","rel":"","context":"En \u00abFormaciones\u00bb","block_context":{"text":"Formaciones","link":"https:\/\/cepronda.com\/blog\/category\/formaciones\/"},"img":{"alt_text":"","src":"https:\/\/i0.wp.com\/cepronda.com\/blog\/wp-content\/uploads\/2025\/12\/unnamed.png?fit=597%2C588&ssl=1&resize=350%2C200","width":350,"height":200,"srcset":"https:\/\/i0.wp.com\/cepronda.com\/blog\/wp-content\/uploads\/2025\/12\/unnamed.png?fit=597%2C588&ssl=1&resize=350%2C200 1x, https:\/\/i0.wp.com\/cepronda.com\/blog\/wp-content\/uploads\/2025\/12\/unnamed.png?fit=597%2C588&ssl=1&resize=525%2C300 1.5x"},"classes":[]},{"id":5068,"url":"https:\/\/cepronda.com\/blog\/xv-jornadas-andaluzas-de-ensenanza-de-economia-en-secundaria\/","url_meta":{"origin":4037,"position":4},"title":"XV JORNADAS ANDALUZAS DE ENSE\u00d1ANZA DE ECONOM\u00cdA EN SECUNDARIA","author":"Maribel Mu\u00f1oz","date":"2 febrero, 2022","format":false,"excerpt":"Buenos d\u00edas compa\u00f1eras y compa\u00f1eros Os informamos que est\u00e1 abierto el plazo de solicitudes para las jornadas : XV JORNADAS ANDALUZAS DE ENSE\u00d1ANZA DE ECONOM\u00cdA EN SECUNDARIA Fecha actividad:\u00a011\/02\/2022 hasta 12\/02\/2022 Fecha inscripci\u00f3n: 11\/01\/2022 hasta 04\/02\/2022 M\u00e1s informaci\u00f3n e inscripciones en https:\/\/t.co\/xdcsHr6mX8 y https:\/\/t.co\/N43ow5oMCn Tr\u00edptico XV JEE 2022 Versi\u00f3n con\u2026","rel":"","context":"En \u00abFormaciones\u00bb","block_context":{"text":"Formaciones","link":"https:\/\/cepronda.com\/blog\/category\/formaciones\/"},"img":{"alt_text":"","src":"https:\/\/i0.wp.com\/cepronda.com\/blog\/wp-content\/uploads\/2020\/03\/S%C2%B0mbolo-gen%C3%87rico-RRSS-redondo-negativo.png?fit=1200%2C1200&ssl=1&resize=350%2C200","width":350,"height":200,"srcset":"https:\/\/i0.wp.com\/cepronda.com\/blog\/wp-content\/uploads\/2020\/03\/S%C2%B0mbolo-gen%C3%87rico-RRSS-redondo-negativo.png?fit=1200%2C1200&ssl=1&resize=350%2C200 1x, https:\/\/i0.wp.com\/cepronda.com\/blog\/wp-content\/uploads\/2020\/03\/S%C2%B0mbolo-gen%C3%87rico-RRSS-redondo-negativo.png?fit=1200%2C1200&ssl=1&resize=525%2C300 1.5x, https:\/\/i0.wp.com\/cepronda.com\/blog\/wp-content\/uploads\/2020\/03\/S%C2%B0mbolo-gen%C3%87rico-RRSS-redondo-negativo.png?fit=1200%2C1200&ssl=1&resize=700%2C400 2x, https:\/\/i0.wp.com\/cepronda.com\/blog\/wp-content\/uploads\/2020\/03\/S%C2%B0mbolo-gen%C3%87rico-RRSS-redondo-negativo.png?fit=1200%2C1200&ssl=1&resize=1050%2C600 3x"},"classes":[]},{"id":4896,"url":"https:\/\/cepronda.com\/blog\/diseno-universal-de-aprendizaje-dua-en-educacion-secundaria\/","url_meta":{"origin":4037,"position":5},"title":"DISE\u00d1O UNIVERSAL DE APRENDIZAJE (DUA) EN EDUCACI\u00d3N SECUNDARIA.","author":"Inmaculada Garc\u00eda","date":"20 diciembre, 2021","format":false,"excerpt":"Os informamos que est\u00e1 abierto el plazo de inscripci\u00f3n en la actividad \u00abDISE\u00d1O UNIVERSAL DE APRENDIZAJE (DUA) EN EDUCACI\u00d3N SECUNDARIA.\u00bb C\u00f3digo: 222924GE017. Es una actividad en modalidad de \u00abCurso Semipresencial\u00bb, las sesiones presenciales se desarrollar\u00e1n en la Sala de Videoconferencias del CEP de Ronda. Las fechas de la formaci\u00f3n son\u2026","rel":"","context":"En \u00abFormaciones\u00bb","block_context":{"text":"Formaciones","link":"https:\/\/cepronda.com\/blog\/category\/formaciones\/"},"img":{"alt_text":"","src":"https:\/\/i0.wp.com\/cepronda.com\/blog\/wp-content\/uploads\/2022\/01\/DISENO-UNIVERSAL-DE-APRENDIZAJE-DUA-EN-EDUCACION-SECUNDARIA-1.png?fit=848%2C1200&ssl=1&resize=350%2C200","width":350,"height":200,"srcset":"https:\/\/i0.wp.com\/cepronda.com\/blog\/wp-content\/uploads\/2022\/01\/DISENO-UNIVERSAL-DE-APRENDIZAJE-DUA-EN-EDUCACION-SECUNDARIA-1.png?fit=848%2C1200&ssl=1&resize=350%2C200 1x, https:\/\/i0.wp.com\/cepronda.com\/blog\/wp-content\/uploads\/2022\/01\/DISENO-UNIVERSAL-DE-APRENDIZAJE-DUA-EN-EDUCACION-SECUNDARIA-1.png?fit=848%2C1200&ssl=1&resize=525%2C300 1.5x, https:\/\/i0.wp.com\/cepronda.com\/blog\/wp-content\/uploads\/2022\/01\/DISENO-UNIVERSAL-DE-APRENDIZAJE-DUA-EN-EDUCACION-SECUNDARIA-1.png?fit=848%2C1200&ssl=1&resize=700%2C400 2x"},"classes":[]}],"jetpack_sharing_enabled":true,"_links":{"self":[{"href":"https:\/\/cepronda.com\/blog\/wp-json\/wp\/v2\/posts\/4037","targetHints":{"allow":["GET"]}}],"collection":[{"href":"https:\/\/cepronda.com\/blog\/wp-json\/wp\/v2\/posts"}],"about":[{"href":"https:\/\/cepronda.com\/blog\/wp-json\/wp\/v2\/types\/post"}],"author":[{"embeddable":true,"href":"https:\/\/cepronda.com\/blog\/wp-json\/wp\/v2\/users\/10"}],"replies":[{"embeddable":true,"href":"https:\/\/cepronda.com\/blog\/wp-json\/wp\/v2\/comments?post=4037"}],"version-history":[{"count":1,"href":"https:\/\/cepronda.com\/blog\/wp-json\/wp\/v2\/posts\/4037\/revisions"}],"predecessor-version":[{"id":4038,"href":"https:\/\/cepronda.com\/blog\/wp-json\/wp\/v2\/posts\/4037\/revisions\/4038"}],"wp:featuredmedia":[{"embeddable":true,"href":"https:\/\/cepronda.com\/blog\/wp-json\/wp\/v2\/media\/3495"}],"wp:attachment":[{"href":"https:\/\/cepronda.com\/blog\/wp-json\/wp\/v2\/media?parent=4037"}],"wp:term":[{"taxonomy":"category","embeddable":true,"href":"https:\/\/cepronda.com\/blog\/wp-json\/wp\/v2\/categories?post=4037"},{"taxonomy":"post_tag","embeddable":true,"href":"https:\/\/cepronda.com\/blog\/wp-json\/wp\/v2\/tags?post=4037"}],"curies":[{"name":"wp","href":"https:\/\/api.w.org\/{rel}","templated":true}]}}