{"id":4030,"date":"2020-12-10T12:31:26","date_gmt":"2020-12-10T11:31:26","guid":{"rendered":"http:\/\/cepronda.com\/blog\/?p=4030"},"modified":"2025-04-28T11:56:29","modified_gmt":"2025-04-28T09:56:29","slug":"convocatoria-para-elaborar-recursos-educativos","status":"publish","type":"post","link":"https:\/\/cepronda.com\/blog\/convocatoria-para-elaborar-recursos-educativos\/","title":{"rendered":"Convocatoria para elaborar recursos educativos."},"content":{"rendered":"<p>Buenos d\u00edas compa\u00f1eras y compa\u00f1eros,<\/p>\n<p>Os informamos que est\u00e1 publicada la<em><a href=\"https:\/\/www.juntadeandalucia.es\/boja\/2020\/236\/14\"> Resoluci\u00f3n de 20 de noviembre de 2020<\/a>, de la Direcci\u00f3n General de Formaci\u00f3n<br \/>\ndel Profesorado e Innovaci\u00f3n Educativa, por la que se efect\u00faa convocatoria de selecci\u00f3n y nombramiento de profesorado para la elaboraci\u00f3n de recursos educativos abiertos de ense\u00f1anzas no universitarias y se establece la naturaleza de estos.<\/em><\/p>\n<p>Deseamos que sea de vuestro inter\u00e9s.<\/p>\n<p>Saludos.<\/p>\n<p><img data-recalc-dims=\"1\" loading=\"lazy\" decoding=\"async\" class=\"wp-image-3495 aligncenter\" src=\"https:\/\/i0.wp.com\/cepronda.com\/blog\/wp-content\/uploads\/2020\/03\/S%C2%B0mbolo-gen%C3%87rico-RRSS-redondo-negativo-300x300.png?resize=122%2C122\" alt=\"\" width=\"122\" height=\"122\" srcset=\"https:\/\/i0.wp.com\/cepronda.com\/blog\/wp-content\/uploads\/2020\/03\/S%C2%B0mbolo-gen%C3%87rico-RRSS-redondo-negativo.png?resize=300%2C300&amp;ssl=1 300w, https:\/\/i0.wp.com\/cepronda.com\/blog\/wp-content\/uploads\/2020\/03\/S%C2%B0mbolo-gen%C3%87rico-RRSS-redondo-negativo.png?resize=1024%2C1024&amp;ssl=1 1024w, https:\/\/i0.wp.com\/cepronda.com\/blog\/wp-content\/uploads\/2020\/03\/S%C2%B0mbolo-gen%C3%87rico-RRSS-redondo-negativo.png?resize=150%2C150&amp;ssl=1 150w, https:\/\/i0.wp.com\/cepronda.com\/blog\/wp-content\/uploads\/2020\/03\/S%C2%B0mbolo-gen%C3%87rico-RRSS-redondo-negativo.png?resize=768%2C768&amp;ssl=1 768w, https:\/\/i0.wp.com\/cepronda.com\/blog\/wp-content\/uploads\/2020\/03\/S%C2%B0mbolo-gen%C3%87rico-RRSS-redondo-negativo.png?resize=50%2C50&amp;ssl=1 50w, https:\/\/i0.wp.com\/cepronda.com\/blog\/wp-content\/uploads\/2020\/03\/S%C2%B0mbolo-gen%C3%87rico-RRSS-redondo-negativo.png?w=1500&amp;ssl=1 1500w\" sizes=\"auto, (max-width: 122px) 100vw, 122px\" \/><\/p>\n","protected":false},"excerpt":{"rendered":"<p>Buenos d\u00edas compa\u00f1eras y compa\u00f1eros, Os informamos que est\u00e1 publicada la Resoluci\u00f3n de 20 de noviembre de 2020, de la Direcci\u00f3n General de Formaci\u00f3n del Profesorado e Innovaci\u00f3n Educativa, por la que se efect\u00faa convocatoria de selecci\u00f3n y nombramiento de profesorado para la elaboraci\u00f3n de recursos educativos abiertos de ense\u00f1anzas no universitarias y se establece [&hellip;]<\/p>\n","protected":false},"author":10,"featured_media":3495,"comment_status":"closed","ping_status":"open","sticky":false,"template":"","format":"standard","meta":{"_crdt_document":"","advanced_seo_description":"","jetpack_seo_html_title":"","jetpack_seo_noindex":false,"jetpack_post_was_ever_published":false,"_jetpack_newsletter_access":"","_jetpack_dont_email_post_to_subs":false,"_jetpack_newsletter_tier_id":0,"_jetpack_memberships_contains_paywalled_content":false,"_jetpack_memberships_contains_paid_content":false,"footnotes":"","jetpack_publicize_message":"","jetpack_publicize_feature_enabled":true,"jetpack_social_post_already_shared":true,"jetpack_social_options":{"image_generator_settings":{"template":"highway","default_image_id":0,"font":"","enabled":false},"version":2}},"categories":[3,5],"tags":[17,210],"class_list":{"0":"post-4030","1":"post","2":"type-post","3":"status-publish","4":"format-standard","5":"has-post-thumbnail","7":"category-formaciones","8":"category-noticias","9":"tag-convocatorias","10":"tag-recursos-educativos","11":"czr-hentry"},"jetpack_publicize_connections":[],"jetpack_featured_media_url":"https:\/\/i0.wp.com\/cepronda.com\/blog\/wp-content\/uploads\/2020\/03\/S%C2%B0mbolo-gen%C3%87rico-RRSS-redondo-negativo.png?fit=1500%2C1500&ssl=1","jetpack_shortlink":"https:\/\/wp.me\/p8M4X7-130","jetpack-related-posts":[{"id":8790,"url":"https:\/\/cepronda.com\/blog\/elaboracion-de-recursos-educativos-abiertos-rea-con-exelearning-con-codigo-269923pf449\/","url_meta":{"origin":4030,"position":0},"title":"ELABORACI\u00d3N DE RECURSOS EDUCATIVOS ABIERTOS (REA) CON EXELEARNING, con c\u00f3digo 269923PF449.","author":"Inmaculada Garc\u00eda","date":"11 septiembre, 2025","format":false,"excerpt":"Se encuentra abierto el plazo de inscripci\u00f3n del curso a distancia \u201cELABORACI\u00d3N DE RECURSOS EDUCATIVOS ABIERTOS (REA) CON EXELEARNING\u201d, con c\u00f3digo 269923PF449, organizado por el CEP Marbella-Co\u00edn y dirigido a docentes de toda la provincia de M\u00e1laga. Se desarrollar\u00e1 en el Aula Virtual de Formaci\u00f3n del Profesorado con una dedicaci\u00f3n\u2026","rel":"","context":"En \u00abFormaciones\u00bb","block_context":{"text":"Formaciones","link":"https:\/\/cepronda.com\/blog\/category\/formaciones\/"},"img":{"alt_text":"","src":"https:\/\/i0.wp.com\/cepronda.com\/blog\/wp-content\/uploads\/2025\/09\/curso-exe-learning.jpg?fit=623%2C808&ssl=1&resize=350%2C200","width":350,"height":200,"srcset":"https:\/\/i0.wp.com\/cepronda.com\/blog\/wp-content\/uploads\/2025\/09\/curso-exe-learning.jpg?fit=623%2C808&ssl=1&resize=350%2C200 1x, https:\/\/i0.wp.com\/cepronda.com\/blog\/wp-content\/uploads\/2025\/09\/curso-exe-learning.jpg?fit=623%2C808&ssl=1&resize=525%2C300 1.5x"},"classes":[]},{"id":4355,"url":"https:\/\/cepronda.com\/blog\/convocatoria-estancia-profesional-en-europa\/","url_meta":{"origin":4030,"position":1},"title":"CONVOCATORIA ESTANCIA PROFESIONAL EN EUROPA","author":"Maribel Mu\u00f1oz","date":"24 marzo, 2021","format":false,"excerpt":"\u00a0Buenas tardes compa\u00f1eras y compa\u00f1eros,\u00a0 Os informamos que se ha abierto el plazo de solicitudes para la participaci\u00f3n en la convocatoria de 117 plazas para aquellos docentes que deseen realizar una Estancia Profesional en un centro educativo europeo para el curso acad\u00e9mico 2021\/2022. Al tratarse de una convocatoria con a\u00f1os\u2026","rel":"","context":"En \u00abFormaciones\u00bb","block_context":{"text":"Formaciones","link":"https:\/\/cepronda.com\/blog\/category\/formaciones\/"},"img":{"alt_text":"","src":"https:\/\/i0.wp.com\/cepronda.com\/blog\/wp-content\/uploads\/2021\/03\/bandera-europea.jpg?resize=350%2C200","width":350,"height":200},"classes":[]},{"id":2594,"url":"https:\/\/cepronda.com\/blog\/1a-edicion-de-la-convocatoria-de-2019-de-cursos-en-red-del-intef-para-el-profesorado-de-los-centros-educativos\/","url_meta":{"origin":4030,"position":2},"title":"1\u00aa edici\u00f3n de la convocatoria de 2019 de cursos en red del INTEF para el profesorado de los centros educativos.","author":"V\u00edctor Caballero","date":"17 enero, 2019","format":false,"excerpt":"C\u00f3mo sab\u00e9is una de las modalidades formativas m\u00e1s interesantes es la formaci\u00f3n on-line. En este sentido, adem\u00e1s del Aula Virtual de Formaci\u00f3n del Profesorado de la Junta de Andaluc\u00eda, tenemos la opci\u00f3n de inscribirnos en los cursos ofertados por el INTEF. El plazo de inscripci\u00f3n finalizar\u00e1 el 28 de enero.\u2026","rel":"","context":"En \u00abFormaciones\u00bb","block_context":{"text":"Formaciones","link":"https:\/\/cepronda.com\/blog\/category\/formaciones\/"},"img":{"alt_text":"","src":"","width":0,"height":0},"classes":[]},{"id":7565,"url":"https:\/\/cepronda.com\/blog\/7565-2\/","url_meta":{"origin":4030,"position":3},"title":"TRATAMIENTO Y DIFUSI\u00d3N DEL PLAN DE LECTURA PLANIFICADA EN LOS CENTROS EDUCATIVOS","author":"Mamen Moreno","date":"16 abril, 2024","format":false,"excerpt":"Jornadas Provinciales \"TRATAMIENTO Y DIFUSI\u00d3N DEL PLAN DE LECTURA PLANIFICADA EN LOS CENTROS EDUCATIVOS.\" Esta actividad formativa se ha dise\u00f1ado para orientar y proporcionar recursos al profesorado de Educaci\u00f3n Infantil, Primaria y Secundaria. Se ofrecer\u00e1n estrategias de seguimiento y evaluaci\u00f3n, talleres de lectura y escritura, y pr\u00e1cticas de \u00e9xito desarrolladas\u2026","rel":"","context":"En \u00abFormaciones\u00bb","block_context":{"text":"Formaciones","link":"https:\/\/cepronda.com\/blog\/category\/formaciones\/"},"img":{"alt_text":"","src":"https:\/\/i0.wp.com\/cepronda.com\/blog\/wp-content\/uploads\/2024\/04\/WhatsApp-Image-2024-04-15-at-13.55.01.jpeg?fit=800%2C800&ssl=1&resize=350%2C200","width":350,"height":200,"srcset":"https:\/\/i0.wp.com\/cepronda.com\/blog\/wp-content\/uploads\/2024\/04\/WhatsApp-Image-2024-04-15-at-13.55.01.jpeg?fit=800%2C800&ssl=1&resize=350%2C200 1x, https:\/\/i0.wp.com\/cepronda.com\/blog\/wp-content\/uploads\/2024\/04\/WhatsApp-Image-2024-04-15-at-13.55.01.jpeg?fit=800%2C800&ssl=1&resize=525%2C300 1.5x, https:\/\/i0.wp.com\/cepronda.com\/blog\/wp-content\/uploads\/2024\/04\/WhatsApp-Image-2024-04-15-at-13.55.01.jpeg?fit=800%2C800&ssl=1&resize=700%2C400 2x"},"classes":[]},{"id":8067,"url":"https:\/\/cepronda.com\/blog\/convivencia-y-aprendizaje-creando-ambientes-educativos-positivos\/","url_meta":{"origin":4030,"position":4},"title":"CONVIVENCIA Y APRENDIZAJE: CREANDO AMBIENTES EDUCATIVOS POSITIVOS","author":"Mamen Moreno","date":"21 enero, 2025","format":false,"excerpt":"Inscripciones abiertas para el curso \"Convivencia y Aprendizaje: Creando Ambientes Educativos Positivos\" con c\u00f3digo 252924GE017 Duraci\u00f3n: 15 horas (12 horas presenciales y 3 horas de tareas) Dirigido a: Todo el profesorado (Internivelar) Inscripciones: del 21 de enero al 21 de febrero Lugar: CEP de Ronda \/ Sala de Videoconferencias Fechas:\u00a0\u2026","rel":"","context":"En \u00abFormaciones\u00bb","block_context":{"text":"Formaciones","link":"https:\/\/cepronda.com\/blog\/category\/formaciones\/"},"img":{"alt_text":"","src":"https:\/\/i0.wp.com\/cepronda.com\/blog\/wp-content\/uploads\/2025\/01\/CONVIVENCIA.jpg?fit=1080%2C1080&ssl=1&resize=350%2C200","width":350,"height":200,"srcset":"https:\/\/i0.wp.com\/cepronda.com\/blog\/wp-content\/uploads\/2025\/01\/CONVIVENCIA.jpg?fit=1080%2C1080&ssl=1&resize=350%2C200 1x, https:\/\/i0.wp.com\/cepronda.com\/blog\/wp-content\/uploads\/2025\/01\/CONVIVENCIA.jpg?fit=1080%2C1080&ssl=1&resize=525%2C300 1.5x, https:\/\/i0.wp.com\/cepronda.com\/blog\/wp-content\/uploads\/2025\/01\/CONVIVENCIA.jpg?fit=1080%2C1080&ssl=1&resize=700%2C400 2x, https:\/\/i0.wp.com\/cepronda.com\/blog\/wp-content\/uploads\/2025\/01\/CONVIVENCIA.jpg?fit=1080%2C1080&ssl=1&resize=1050%2C600 3x"},"classes":[]},{"id":2200,"url":"https:\/\/cepronda.com\/blog\/instrucciones-sobre-programas-educativos-para-el-proximo-curso-escolar\/","url_meta":{"origin":4030,"position":5},"title":"Instrucciones sobre Programas educativos para el pr\u00f3ximo curso escolar","author":"V\u00edctor Caballero","date":"26 junio, 2018","format":false,"excerpt":"\u00a1Hola familia! Pensando ya en el pr\u00f3ximo curso escolar os informamos que han salido publicadas las instrucciones por las que se efect\u00faa la convocatoria de programas educativos para el pr\u00f3ximo curso escolar. Para acceder a las mismas s\u00f3lo ten\u00e9is que seguir este enlace. Un saludo. \u00a0","rel":"","context":"En \u00abFormaciones\u00bb","block_context":{"text":"Formaciones","link":"https:\/\/cepronda.com\/blog\/category\/formaciones\/"},"img":{"alt_text":"","src":"https:\/\/i0.wp.com\/cepronda.com\/blog\/wp-content\/uploads\/2017\/05\/logo_ja_ce_mejor.jpg?fit=732%2C600&ssl=1&resize=350%2C200","width":350,"height":200,"srcset":"https:\/\/i0.wp.com\/cepronda.com\/blog\/wp-content\/uploads\/2017\/05\/logo_ja_ce_mejor.jpg?fit=732%2C600&ssl=1&resize=350%2C200 1x, https:\/\/i0.wp.com\/cepronda.com\/blog\/wp-content\/uploads\/2017\/05\/logo_ja_ce_mejor.jpg?fit=732%2C600&ssl=1&resize=525%2C300 1.5x, https:\/\/i0.wp.com\/cepronda.com\/blog\/wp-content\/uploads\/2017\/05\/logo_ja_ce_mejor.jpg?fit=732%2C600&ssl=1&resize=700%2C400 2x"},"classes":[]}],"jetpack_sharing_enabled":true,"_links":{"self":[{"href":"https:\/\/cepronda.com\/blog\/wp-json\/wp\/v2\/posts\/4030","targetHints":{"allow":["GET"]}}],"collection":[{"href":"https:\/\/cepronda.com\/blog\/wp-json\/wp\/v2\/posts"}],"about":[{"href":"https:\/\/cepronda.com\/blog\/wp-json\/wp\/v2\/types\/post"}],"author":[{"embeddable":true,"href":"https:\/\/cepronda.com\/blog\/wp-json\/wp\/v2\/users\/10"}],"replies":[{"embeddable":true,"href":"https:\/\/cepronda.com\/blog\/wp-json\/wp\/v2\/comments?post=4030"}],"version-history":[{"count":2,"href":"https:\/\/cepronda.com\/blog\/wp-json\/wp\/v2\/posts\/4030\/revisions"}],"predecessor-version":[{"id":4032,"href":"https:\/\/cepronda.com\/blog\/wp-json\/wp\/v2\/posts\/4030\/revisions\/4032"}],"wp:featuredmedia":[{"embeddable":true,"href":"https:\/\/cepronda.com\/blog\/wp-json\/wp\/v2\/media\/3495"}],"wp:attachment":[{"href":"https:\/\/cepronda.com\/blog\/wp-json\/wp\/v2\/media?parent=4030"}],"wp:term":[{"taxonomy":"category","embeddable":true,"href":"https:\/\/cepronda.com\/blog\/wp-json\/wp\/v2\/categories?post=4030"},{"taxonomy":"post_tag","embeddable":true,"href":"https:\/\/cepronda.com\/blog\/wp-json\/wp\/v2\/tags?post=4030"}],"curies":[{"name":"wp","href":"https:\/\/api.w.org\/{rel}","templated":true}]}}