{"id":4024,"date":"2020-12-04T14:01:20","date_gmt":"2020-12-04T13:01:20","guid":{"rendered":"http:\/\/cepronda.com\/blog\/?p=4024"},"modified":"2020-12-04T14:01:20","modified_gmt":"2020-12-04T13:01:20","slug":"revista-andalucia-educativa","status":"publish","type":"post","link":"https:\/\/cepronda.com\/blog\/revista-andalucia-educativa\/","title":{"rendered":"REVISTA ANDALUC\u00cdA EDUCATIVA"},"content":{"rendered":"<p>Buenas tardes compa\u00f1eras y compa\u00f1eros.<\/p>\n<p>Os ponemos en conocimiento la Revista Andaluc\u00eda Educativa.<\/p>\n<p>Dicha revista es una plataforma de la que disponemos para hacer visible nuestro trabajo, experiencias educativas, buenas pr\u00e1cticas, etc; para toda la comunidad educativa andaluza. Os animamos a que pong\u00e1is por escrito el valios\u00edsimo trabajo que hac\u00e9is y que le deis difusi\u00f3n.<\/p>\n<p>Aqu\u00ed ten\u00e9is el <a href=\"https:\/\/portals.ced.junta-andalucia.es\/educacion\/portals\/web\/revista-andalucia-educativa\/inicio\">enlace<\/a> a la p\u00e1gina.<\/p>\n<p>https:\/\/portals.ced.junta-andalucia.es\/educacion\/portals\/web\/revista-andalucia-educativa\/inicio<\/p>\n<p>La revista tiene una serie de secciones: experiencias, publicaciones, opini\u00f3n, AE Innova, etc. Todas ellas albergan contenido y, desde todas ellas, se puede publicar igualmente.<\/p>\n<p><img data-recalc-dims=\"1\" loading=\"lazy\" decoding=\"async\" class=\"alignnone  wp-image-4025 aligncenter\" src=\"https:\/\/i0.wp.com\/cepronda.com\/blog\/wp-content\/uploads\/2020\/12\/Revsita-andalucia-cabecera-300x107.jpg?resize=325%2C116\" alt=\"\" width=\"325\" height=\"116\" srcset=\"https:\/\/i0.wp.com\/cepronda.com\/blog\/wp-content\/uploads\/2020\/12\/Revsita-andalucia-cabecera.jpg?resize=300%2C107&amp;ssl=1 300w, https:\/\/i0.wp.com\/cepronda.com\/blog\/wp-content\/uploads\/2020\/12\/Revsita-andalucia-cabecera.jpg?resize=1024%2C366&amp;ssl=1 1024w, https:\/\/i0.wp.com\/cepronda.com\/blog\/wp-content\/uploads\/2020\/12\/Revsita-andalucia-cabecera.jpg?resize=768%2C274&amp;ssl=1 768w, https:\/\/i0.wp.com\/cepronda.com\/blog\/wp-content\/uploads\/2020\/12\/Revsita-andalucia-cabecera.jpg?resize=1536%2C549&amp;ssl=1 1536w, https:\/\/i0.wp.com\/cepronda.com\/blog\/wp-content\/uploads\/2020\/12\/Revsita-andalucia-cabecera.jpg?w=1895&amp;ssl=1 1895w\" sizes=\"auto, (max-width: 325px) 100vw, 325px\" \/><\/p>\n<p>Os dejamos un enlace al formulario que hay que cumplimentar para enviar contenidos a publicar <a href=\"https:\/\/portals.ced.junta-andalucia.es\/educacion\/portals\/web\/revista-andalucia-educativa\/envia-tu-colaboracion\">Env\u00eda tu colaboraci\u00f3n<\/a>.<\/p>\n<p>Deseamos que sea de vuestro inter\u00e9s.<\/p>\n<p>Un saludo.<\/p>\n","protected":false},"excerpt":{"rendered":"<p>Buenas tardes compa\u00f1eras y compa\u00f1eros. Os ponemos en conocimiento la Revista Andaluc\u00eda Educativa. Dicha revista es una plataforma de la que disponemos para hacer visible nuestro trabajo, experiencias educativas, buenas pr\u00e1cticas, etc; para toda la comunidad educativa andaluza. Os animamos a que pong\u00e1is por escrito el valios\u00edsimo trabajo que hac\u00e9is y que le deis difusi\u00f3n. [&hellip;]<\/p>\n","protected":false},"author":10,"featured_media":4025,"comment_status":"closed","ping_status":"open","sticky":false,"template":"","format":"standard","meta":{"_crdt_document":"","advanced_seo_description":"","jetpack_seo_html_title":"","jetpack_seo_noindex":false,"jetpack_post_was_ever_published":false,"_jetpack_newsletter_access":"","_jetpack_dont_email_post_to_subs":false,"_jetpack_newsletter_tier_id":0,"_jetpack_memberships_contains_paywalled_content":false,"_jetpack_memberships_contains_paid_content":false,"footnotes":"","jetpack_publicize_message":"","jetpack_publicize_feature_enabled":true,"jetpack_social_post_already_shared":true,"jetpack_social_options":{"image_generator_settings":{"template":"highway","default_image_id":0,"font":"","enabled":false},"version":2}},"categories":[5],"tags":[78,76,209],"class_list":{"0":"post-4024","1":"post","2":"type-post","3":"status-publish","4":"format-standard","5":"has-post-thumbnail","7":"category-noticias","8":"tag-noticias","9":"tag-publicaciones","10":"tag-revistas","11":"czr-hentry"},"jetpack_publicize_connections":[],"jetpack_featured_media_url":"https:\/\/i0.wp.com\/cepronda.com\/blog\/wp-content\/uploads\/2020\/12\/Revsita-andalucia-cabecera.jpg?fit=1895%2C677&ssl=1","jetpack_shortlink":"https:\/\/wp.me\/p8M4X7-12U","jetpack-related-posts":[{"id":5307,"url":"https:\/\/cepronda.com\/blog\/la-realidad-de-los-centros-publicos-rurales-revista-andalucia-educativa\/","url_meta":{"origin":4024,"position":0},"title":"LA REALIDAD DE LOS CENTROS P\u00daBLICOS RURALES. REVISTA ANDALUC\u00cdA EDUCATIVA.","author":"Inmaculada Garc\u00eda","date":"12 mayo, 2022","format":false,"excerpt":"Estimados compa\u00f1eros y compa\u00f1eras, el pasado 26 de abril la revista Andaluc\u00eda Educativa public\u00f3 un art\u00edculo en el que contamos las necesidades detectadas en los CPRs de nuestra zona desde el CEP de Ronda y su asesor\u00eda de referencia, as\u00ed como las diferentes acciones que llevamos a cabo en esta\u2026","rel":"","context":"En \u00abNoticias\u00bb","block_context":{"text":"Noticias","link":"https:\/\/cepronda.com\/blog\/category\/noticias\/"},"img":{"alt_text":"","src":"https:\/\/i0.wp.com\/cepronda.com\/blog\/wp-content\/uploads\/2022\/05\/Captura-de-pantalla-104.png?fit=608%2C596&ssl=1&resize=350%2C200","width":350,"height":200,"srcset":"https:\/\/i0.wp.com\/cepronda.com\/blog\/wp-content\/uploads\/2022\/05\/Captura-de-pantalla-104.png?fit=608%2C596&ssl=1&resize=350%2C200 1x, https:\/\/i0.wp.com\/cepronda.com\/blog\/wp-content\/uploads\/2022\/05\/Captura-de-pantalla-104.png?fit=608%2C596&ssl=1&resize=525%2C300 1.5x"},"classes":[]},{"id":4231,"url":"https:\/\/cepronda.com\/blog\/revista-andalucia-educativa-2\/","url_meta":{"origin":4024,"position":1},"title":"REVISTA ANDALUC\u00cdA EDUCATIVA","author":"Maribel Mu\u00f1oz","date":"2 marzo, 2021","format":false,"excerpt":"Buenas tardes campa\u00f1eras y compa\u00f1eros, Os informamos que desde la revista Andalucia Educativa se ha habilitado un nuevo formulario para que cualquier persona pueda enviar una colaboraci\u00f3n directamente a la revista: ESTE FORMULARIO.\u00a0Si, por ejemplo, ten\u00e9is localizada alguna buena pr\u00e1ctica o una experiencia interesante en un centro, ahora es posible\u2026","rel":"","context":"En \u00abNoticias\u00bb","block_context":{"text":"Noticias","link":"https:\/\/cepronda.com\/blog\/category\/noticias\/"},"img":{"alt_text":"","src":"https:\/\/i0.wp.com\/cepronda.com\/blog\/wp-content\/uploads\/2020\/12\/Revsita-andalucia-cabecera.jpg?fit=1200%2C429&ssl=1&resize=350%2C200","width":350,"height":200,"srcset":"https:\/\/i0.wp.com\/cepronda.com\/blog\/wp-content\/uploads\/2020\/12\/Revsita-andalucia-cabecera.jpg?fit=1200%2C429&ssl=1&resize=350%2C200 1x, https:\/\/i0.wp.com\/cepronda.com\/blog\/wp-content\/uploads\/2020\/12\/Revsita-andalucia-cabecera.jpg?fit=1200%2C429&ssl=1&resize=525%2C300 1.5x, https:\/\/i0.wp.com\/cepronda.com\/blog\/wp-content\/uploads\/2020\/12\/Revsita-andalucia-cabecera.jpg?fit=1200%2C429&ssl=1&resize=700%2C400 2x, https:\/\/i0.wp.com\/cepronda.com\/blog\/wp-content\/uploads\/2020\/12\/Revsita-andalucia-cabecera.jpg?fit=1200%2C429&ssl=1&resize=1050%2C600 3x"},"classes":[]},{"id":4532,"url":"https:\/\/cepronda.com\/blog\/ilustrandonos-con-los-poetas-de-la-serrania\/","url_meta":{"origin":4024,"position":2},"title":"ILUSTR\u00c1NDONOS CON LOS POETAS DE LA SERRAN\u00cdA.","author":"Maribel Mu\u00f1oz","date":"18 mayo, 2021","format":false,"excerpt":"Buenas tardes compa\u00f1eras y compa\u00f1eros,\u00a0 Os hacemos llegar esta publicaci\u00f3n en la Revista Andaluc\u00eda Educativa donde\u00a0 el IES Escultor Mar\u00edn Higuero de Arriate (M\u00e1laga), muestra la actividad interdisciplinar que organiz\u00f3,\u00a0 tomando\u00a0como base\u00a0un libro de reciente publicaci\u00f3n, \u201cAntolog\u00eda Po\u00e9tica de la Serran\u00eda de Ronda\u201d, de\u00a0Fran Serrato, y coincidiendo con el\u00a0D\u00eda del\u2026","rel":"","context":"En \u00abNoticias\u00bb","block_context":{"text":"Noticias","link":"https:\/\/cepronda.com\/blog\/category\/noticias\/"},"img":{"alt_text":"","src":"https:\/\/i0.wp.com\/cepronda.com\/blog\/wp-content\/uploads\/2021\/05\/Arriate.jpg?fit=1200%2C960&ssl=1&resize=350%2C200","width":350,"height":200,"srcset":"https:\/\/i0.wp.com\/cepronda.com\/blog\/wp-content\/uploads\/2021\/05\/Arriate.jpg?fit=1200%2C960&ssl=1&resize=350%2C200 1x, https:\/\/i0.wp.com\/cepronda.com\/blog\/wp-content\/uploads\/2021\/05\/Arriate.jpg?fit=1200%2C960&ssl=1&resize=525%2C300 1.5x, https:\/\/i0.wp.com\/cepronda.com\/blog\/wp-content\/uploads\/2021\/05\/Arriate.jpg?fit=1200%2C960&ssl=1&resize=700%2C400 2x, https:\/\/i0.wp.com\/cepronda.com\/blog\/wp-content\/uploads\/2021\/05\/Arriate.jpg?fit=1200%2C960&ssl=1&resize=1050%2C600 3x"},"classes":[]},{"id":4840,"url":"https:\/\/cepronda.com\/blog\/i-congreso-internacional-de-innovacion-educativa-en-andalucia\/","url_meta":{"origin":4024,"position":3},"title":"I CONGRESO INTERNACIONAL DE INNOVACI\u00d3N EDUCATIVA EN ANDALUC\u00cdA","author":"Maribel Mu\u00f1oz","date":"30 octubre, 2021","format":false,"excerpt":"Buenos d\u00edas compa\u00f1eras y compa\u00f1eros, Os informamos que est\u00e1 abierto el plazo de inscripci\u00f3n en el I CONGRESO INTERNACIONAL DE INNOVACI\u00d3N EDUCATIVA EN ANDALUC\u00cdA \u00a0con c\u00f3digo 229922PF002. Es una actividad de \u00e1mbito REGIONAL.\u00a0 Se desarrollar\u00e1 en el FYCMA. Palacio de Ferias y Congresos de M\u00e1laga. Hay un total de 400\u2026","rel":"","context":"En \u00abFormaciones\u00bb","block_context":{"text":"Formaciones","link":"https:\/\/cepronda.com\/blog\/category\/formaciones\/"},"img":{"alt_text":"","src":"https:\/\/i0.wp.com\/cepronda.com\/blog\/wp-content\/uploads\/2021\/10\/Congreso-300x196.jpg?resize=350%2C200","width":350,"height":200},"classes":[]},{"id":4387,"url":"https:\/\/cepronda.com\/blog\/plan-estrategico-de-innovacion-educativa-2021-2027\/","url_meta":{"origin":4024,"position":4},"title":"Plan Estrat\u00e9gico de Innovaci\u00f3n Educativa 2021-2027","author":"Maribel Mu\u00f1oz","date":"9 abril, 2021","format":false,"excerpt":"Buenos d\u00edas compa\u00f1eras y compa\u00f1eros, Os recordamos que ten\u00e9is en SENECA el formulario para conocer el grado de innovaci\u00f3n de los centros andaluces. No obstante aqu\u00ed ten\u00e9is el enlace: https:\/\/ec.europa.eu\/eusurvey\/runner\/InnoEdu El plazo para la cumplimentaci\u00f3n del cuestionario por parte de los docentes finaliza el martes 20 de abril (23.59). Os\u2026","rel":"","context":"En \u00abFormaciones\u00bb","block_context":{"text":"Formaciones","link":"https:\/\/cepronda.com\/blog\/category\/formaciones\/"},"img":{"alt_text":"","src":"https:\/\/i0.wp.com\/cepronda.com\/blog\/wp-content\/uploads\/2020\/03\/S%C2%B0mbolo-gen%C3%87rico-RRSS-redondo-negativo.png?fit=1200%2C1200&ssl=1&resize=350%2C200","width":350,"height":200,"srcset":"https:\/\/i0.wp.com\/cepronda.com\/blog\/wp-content\/uploads\/2020\/03\/S%C2%B0mbolo-gen%C3%87rico-RRSS-redondo-negativo.png?fit=1200%2C1200&ssl=1&resize=350%2C200 1x, https:\/\/i0.wp.com\/cepronda.com\/blog\/wp-content\/uploads\/2020\/03\/S%C2%B0mbolo-gen%C3%87rico-RRSS-redondo-negativo.png?fit=1200%2C1200&ssl=1&resize=525%2C300 1.5x, https:\/\/i0.wp.com\/cepronda.com\/blog\/wp-content\/uploads\/2020\/03\/S%C2%B0mbolo-gen%C3%87rico-RRSS-redondo-negativo.png?fit=1200%2C1200&ssl=1&resize=700%2C400 2x, https:\/\/i0.wp.com\/cepronda.com\/blog\/wp-content\/uploads\/2020\/03\/S%C2%B0mbolo-gen%C3%87rico-RRSS-redondo-negativo.png?fit=1200%2C1200&ssl=1&resize=1050%2C600 3x"},"classes":[]},{"id":3605,"url":"https:\/\/cepronda.com\/blog\/nuevo-canal-de-youtube-del-servicio-de-ordenacion-educativa-malaga\/","url_meta":{"origin":4024,"position":5},"title":"Nuevo canal de Youtube del  Servicio de Ordenaci\u00f3n Educativa M\u00e1laga","author":"V\u00edctor Caballero","date":"2 junio, 2020","format":false,"excerpt":"https:\/\/www.youtube.com\/watch?v=Tn4aRe4zDXU","rel":"","context":"En \u00abNoticias\u00bb","block_context":{"text":"Noticias","link":"https:\/\/cepronda.com\/blog\/category\/noticias\/"},"img":{"alt_text":"","src":"https:\/\/i0.wp.com\/img.youtube.com\/vi\/Tn4aRe4zDXU\/0.jpg?resize=350%2C200","width":350,"height":200},"classes":[]}],"jetpack_sharing_enabled":true,"_links":{"self":[{"href":"https:\/\/cepronda.com\/blog\/wp-json\/wp\/v2\/posts\/4024","targetHints":{"allow":["GET"]}}],"collection":[{"href":"https:\/\/cepronda.com\/blog\/wp-json\/wp\/v2\/posts"}],"about":[{"href":"https:\/\/cepronda.com\/blog\/wp-json\/wp\/v2\/types\/post"}],"author":[{"embeddable":true,"href":"https:\/\/cepronda.com\/blog\/wp-json\/wp\/v2\/users\/10"}],"replies":[{"embeddable":true,"href":"https:\/\/cepronda.com\/blog\/wp-json\/wp\/v2\/comments?post=4024"}],"version-history":[{"count":2,"href":"https:\/\/cepronda.com\/blog\/wp-json\/wp\/v2\/posts\/4024\/revisions"}],"predecessor-version":[{"id":4027,"href":"https:\/\/cepronda.com\/blog\/wp-json\/wp\/v2\/posts\/4024\/revisions\/4027"}],"wp:featuredmedia":[{"embeddable":true,"href":"https:\/\/cepronda.com\/blog\/wp-json\/wp\/v2\/media\/4025"}],"wp:attachment":[{"href":"https:\/\/cepronda.com\/blog\/wp-json\/wp\/v2\/media?parent=4024"}],"wp:term":[{"taxonomy":"category","embeddable":true,"href":"https:\/\/cepronda.com\/blog\/wp-json\/wp\/v2\/categories?post=4024"},{"taxonomy":"post_tag","embeddable":true,"href":"https:\/\/cepronda.com\/blog\/wp-json\/wp\/v2\/tags?post=4024"}],"curies":[{"name":"wp","href":"https:\/\/api.w.org\/{rel}","templated":true}]}}