{"id":4013,"date":"2020-12-01T12:34:54","date_gmt":"2020-12-01T11:34:54","guid":{"rendered":"http:\/\/cepronda.com\/blog\/?p=4013"},"modified":"2020-12-01T12:36:06","modified_gmt":"2020-12-01T11:36:06","slug":"recursos-digitales-on-line-para-educacion-secundaria-y-bachillerato-nivel-i","status":"publish","type":"post","link":"https:\/\/cepronda.com\/blog\/recursos-digitales-on-line-para-educacion-secundaria-y-bachillerato-nivel-i\/","title":{"rendered":"RECURSOS DIGITALES ON-LINE PARA EDUCACI\u00d3N SECUNDARIA Y BACHILLERATO. NIVEL I"},"content":{"rendered":"<p><span style=\"font-weight: 400;\">Buenos d\u00edas compa\u00f1eras y compa\u00f1eros,<\/span><\/p>\n<p><span style=\"font-weight: 400;\">Os informamos que est\u00e1 abierto el plazo de inscripci\u00f3n de la formaci\u00f3n \u00abRECURSOS DIGITALES ON-LINE PARA EDUCACI\u00d3N SECUNDARIA Y BACHILLERATO. NIVEL I \u00bb&nbsp; a nivel provincial. Comenzar\u00e1 a desarrollarse el pr\u00f3ximo&nbsp; 12 de enero de 2021. Adjuntamos cartel informativo as\u00ed como el <a href=\"https:\/\/www.juntadeandalucia.es\/educacion\/secretariavirtual\/consultaCEP\/actividad\/212924GE004\/\">enlace<\/a> directo a la ficha de S\u00e9neca para inscribirse.<\/span><\/p>\n<p><span style=\"font-weight: 400;\">https:\/\/www.juntadeandalucia.es\/educacion\/secretariavirtual\/consultaCEP\/actividad\/212924GE004\/<\/span><\/p>\n<p><img data-recalc-dims=\"1\" loading=\"lazy\" decoding=\"async\" class=\"alignnone size-medium wp-image-4016 aligncenter\" src=\"https:\/\/i0.wp.com\/cepronda.com\/blog\/wp-content\/uploads\/2020\/12\/RECURSOS-DIGITALES-212x300.jpg?resize=212%2C300\" alt=\"\" width=\"212\" height=\"300\" srcset=\"https:\/\/i0.wp.com\/cepronda.com\/blog\/wp-content\/uploads\/2020\/12\/RECURSOS-DIGITALES.jpg?resize=212%2C300&amp;ssl=1 212w, https:\/\/i0.wp.com\/cepronda.com\/blog\/wp-content\/uploads\/2020\/12\/RECURSOS-DIGITALES.jpg?resize=724%2C1024&amp;ssl=1 724w, https:\/\/i0.wp.com\/cepronda.com\/blog\/wp-content\/uploads\/2020\/12\/RECURSOS-DIGITALES.jpg?resize=768%2C1086&amp;ssl=1 768w, https:\/\/i0.wp.com\/cepronda.com\/blog\/wp-content\/uploads\/2020\/12\/RECURSOS-DIGITALES.jpg?resize=1086%2C1536&amp;ssl=1 1086w, https:\/\/i0.wp.com\/cepronda.com\/blog\/wp-content\/uploads\/2020\/12\/RECURSOS-DIGITALES.jpg?resize=1448%2C2048&amp;ssl=1 1448w, https:\/\/i0.wp.com\/cepronda.com\/blog\/wp-content\/uploads\/2020\/12\/RECURSOS-DIGITALES.jpg?w=1587&amp;ssl=1 1587w\" sizes=\"auto, (max-width: 212px) 100vw, 212px\" \/><\/p>\n<p><span style=\"font-weight: 400;\">Te rogamos que en el caso de renunciar o no poder asistir a esta formaci\u00f3n, lo comuniques a la mayor brevedad posible para no provocar perjuicio al resto de participantes ni al buen funcionamiento de la actividad.&nbsp;<\/span><\/p>\n<p><span style=\"font-weight: 400;\">Deseamos que sea de vuestro inter\u00e9s.&nbsp;<\/span><\/p>\n<p><span style=\"font-weight: 400;\">Saludos.<\/span><\/p>\n","protected":false},"excerpt":{"rendered":"<p>Buenos d\u00edas compa\u00f1eras y compa\u00f1eros, Os informamos que est\u00e1 abierto el plazo de inscripci\u00f3n de la formaci\u00f3n \u00abRECURSOS DIGITALES ON-LINE PARA EDUCACI\u00d3N SECUNDARIA Y BACHILLERATO. NIVEL I \u00bb&nbsp; a nivel provincial. Comenzar\u00e1 a desarrollarse el pr\u00f3ximo&nbsp; 12 de enero de 2021. Adjuntamos cartel informativo as\u00ed como el enlace directo a la ficha de S\u00e9neca para [&hellip;]<\/p>\n","protected":false},"author":10,"featured_media":0,"comment_status":"closed","ping_status":"open","sticky":false,"template":"","format":"standard","meta":{"_crdt_document":"","advanced_seo_description":"","jetpack_seo_html_title":"","jetpack_seo_noindex":false,"jetpack_post_was_ever_published":false,"_jetpack_newsletter_access":"","_jetpack_dont_email_post_to_subs":false,"_jetpack_newsletter_tier_id":0,"_jetpack_memberships_contains_paywalled_content":false,"_jetpack_memberships_contains_paid_content":false,"footnotes":"","jetpack_publicize_message":"","jetpack_publicize_feature_enabled":true,"jetpack_social_post_already_shared":true,"jetpack_social_options":{"image_generator_settings":{"template":"highway","default_image_id":0,"font":"","enabled":false},"version":2}},"categories":[3,5],"tags":[90,208,202],"class_list":{"0":"post-4013","1":"post","2":"type-post","3":"status-publish","4":"format-standard","6":"category-formaciones","7":"category-noticias","8":"tag-cursos","9":"tag-digital","10":"tag-provincial","11":"czr-hentry"},"jetpack_publicize_connections":[],"jetpack_featured_media_url":"","jetpack_shortlink":"https:\/\/wp.me\/p8M4X7-12J","jetpack-related-posts":[{"id":4142,"url":"https:\/\/cepronda.com\/blog\/recursos-digitales-on-line-para-educacion-secundaria-y-bachillerato-nivel-ii\/","url_meta":{"origin":4013,"position":0},"title":"RECURSOS DIGITALES ON-LINE PARA EDUCACI\u00d3N SECUNDARIA Y BACHILLERATO. NIVEL II","author":"Maribel Mu\u00f1oz","date":"1 febrero, 2021","format":false,"excerpt":"Buenas tardes compa\u00f1eras y compa\u00f1eros, Os informamos que est\u00e1 abierto el plazo de inscripci\u00f3n de la formaci\u00f3n \u00abRECURSOS DIGITALES ON-LINE PARA EDUCACI\u00d3N SECUNDARIA Y BACHILLERATO. NIVEL II \u00bb . Comenzar\u00e1 a desarrollarse el pr\u00f3ximo\u00a0 3 de marzo de 2021. Adjuntamos cartel informativo as\u00ed como el enlace directo a la ficha\u2026","rel":"","context":"En \u00abFormaciones\u00bb","block_context":{"text":"Formaciones","link":"https:\/\/cepronda.com\/blog\/category\/formaciones\/"},"img":{"alt_text":"","src":"https:\/\/i0.wp.com\/cepronda.com\/blog\/wp-content\/uploads\/2021\/02\/RECURSOS-DIGITALES.jpg?fit=848%2C1200&ssl=1&resize=350%2C200","width":350,"height":200,"srcset":"https:\/\/i0.wp.com\/cepronda.com\/blog\/wp-content\/uploads\/2021\/02\/RECURSOS-DIGITALES.jpg?fit=848%2C1200&ssl=1&resize=350%2C200 1x, https:\/\/i0.wp.com\/cepronda.com\/blog\/wp-content\/uploads\/2021\/02\/RECURSOS-DIGITALES.jpg?fit=848%2C1200&ssl=1&resize=525%2C300 1.5x, https:\/\/i0.wp.com\/cepronda.com\/blog\/wp-content\/uploads\/2021\/02\/RECURSOS-DIGITALES.jpg?fit=848%2C1200&ssl=1&resize=700%2C400 2x"},"classes":[]},{"id":4930,"url":"https:\/\/cepronda.com\/blog\/recursos-digitales-para-secundaria-y-bachillerato-nivel-ii-provincial\/","url_meta":{"origin":4013,"position":1},"title":"RECURSOS DIGITALES PARA SECUNDARIA Y BACHILLERATO. NIVEL II. Provincial.","author":"Maribel Mu\u00f1oz","date":"10 enero, 2022","format":false,"excerpt":"Buenas tardes compa\u00f1eras y compa\u00f1eros, Os recordamos que est\u00e1 abierto el plazo de inscripci\u00f3n en la actividad RECURSOS DIGITALES PARA SECUNDARIA Y BACHILLERATO NIVEL II con c\u00f3digo 222924GE001. Es una actividad PROVINCIAL.\u00a0 Se desarrollar\u00e1 en el Aula Virtual de Formaci\u00f3n del Profesorado. Consta de 15 horas , 9 de ellas\u2026","rel":"","context":"En \u00abFormaciones\u00bb","block_context":{"text":"Formaciones","link":"https:\/\/cepronda.com\/blog\/category\/formaciones\/"},"img":{"alt_text":"","src":"https:\/\/i0.wp.com\/cepronda.com\/blog\/wp-content\/uploads\/2021\/12\/222924GE001-RECURSOS-DIGITALES-SECUNDARIA-Y-BAHILLERATO-NIVEL-II.png?fit=848%2C1200&ssl=1&resize=350%2C200","width":350,"height":200,"srcset":"https:\/\/i0.wp.com\/cepronda.com\/blog\/wp-content\/uploads\/2021\/12\/222924GE001-RECURSOS-DIGITALES-SECUNDARIA-Y-BAHILLERATO-NIVEL-II.png?fit=848%2C1200&ssl=1&resize=350%2C200 1x, https:\/\/i0.wp.com\/cepronda.com\/blog\/wp-content\/uploads\/2021\/12\/222924GE001-RECURSOS-DIGITALES-SECUNDARIA-Y-BAHILLERATO-NIVEL-II.png?fit=848%2C1200&ssl=1&resize=525%2C300 1.5x, https:\/\/i0.wp.com\/cepronda.com\/blog\/wp-content\/uploads\/2021\/12\/222924GE001-RECURSOS-DIGITALES-SECUNDARIA-Y-BAHILLERATO-NIVEL-II.png?fit=848%2C1200&ssl=1&resize=700%2C400 2x"},"classes":[]},{"id":4925,"url":"https:\/\/cepronda.com\/blog\/recursos-digitales-para-secundaria-y-bachillerato-nivel-ii\/","url_meta":{"origin":4013,"position":2},"title":"RECURSOS DIGITALES PARA SECUNDARIA Y BACHILLERATO. NIVEL II","author":"Maribel Mu\u00f1oz","date":"23 diciembre, 2021","format":false,"excerpt":"Buenas tardes compa\u00f1eras y compa\u00f1eros, Os informamos que est\u00e1 abierto el plazo de inscripci\u00f3n en la actividad RECURSOS DIGITALES PARA SECUNDARIA Y BACHILLERATO NIVEL II con c\u00f3digo 222924GE001. Es una actividad PROVINCIAL.\u00a0 Se desarrollar\u00e1 en el Aula Virtual de Formaci\u00f3n del Profesorado. Consta de 15 horas , 9 de ellas\u2026","rel":"","context":"En \u00abFormaciones\u00bb","block_context":{"text":"Formaciones","link":"https:\/\/cepronda.com\/blog\/category\/formaciones\/"},"img":{"alt_text":"","src":"https:\/\/i0.wp.com\/cepronda.com\/blog\/wp-content\/uploads\/2021\/12\/222924GE001-RECURSOS-DIGITALES-SECUNDARIA-Y-BAHILLERATO-NIVEL-II.png?fit=848%2C1200&ssl=1&resize=350%2C200","width":350,"height":200,"srcset":"https:\/\/i0.wp.com\/cepronda.com\/blog\/wp-content\/uploads\/2021\/12\/222924GE001-RECURSOS-DIGITALES-SECUNDARIA-Y-BAHILLERATO-NIVEL-II.png?fit=848%2C1200&ssl=1&resize=350%2C200 1x, https:\/\/i0.wp.com\/cepronda.com\/blog\/wp-content\/uploads\/2021\/12\/222924GE001-RECURSOS-DIGITALES-SECUNDARIA-Y-BAHILLERATO-NIVEL-II.png?fit=848%2C1200&ssl=1&resize=525%2C300 1.5x, https:\/\/i0.wp.com\/cepronda.com\/blog\/wp-content\/uploads\/2021\/12\/222924GE001-RECURSOS-DIGITALES-SECUNDARIA-Y-BAHILLERATO-NIVEL-II.png?fit=848%2C1200&ssl=1&resize=700%2C400 2x"},"classes":[]},{"id":4921,"url":"https:\/\/cepronda.com\/blog\/recursos-digitales-on-line-para-educacion-primaria-nivel-ii-provincial\/","url_meta":{"origin":4013,"position":3},"title":"SE SUSPENDE EL CURSO DE \u00abRECURSOS DIGITALES ON-LINE PARA EDUCACI\u00d3N PRIMARIA. NIVEL II\u00bb (PROVINCIAL)","author":"V\u00edctor Caballero","date":"12 enero, 2022","format":false,"excerpt":"Buenas tardes compa\u00f1eros y compa\u00f1eras. Lamentamos informaros que SUSPENDEMOS el siguiente curso por falta de solicitudes: RECURSOS DIGITALES ON-LINE PARA EDUCACI\u00d3N PRIMARIA. NIVEL II (PROVINCIAL) (222924GE002) Si quieres ver algo en la Ficha en S\u00e9neca pincha en el siguiente enlace Disculpen las molestias. \u00a0","rel":"","context":"En \u00abFormaciones\u00bb","block_context":{"text":"Formaciones","link":"https:\/\/cepronda.com\/blog\/category\/formaciones\/"},"img":{"alt_text":"","src":"https:\/\/i0.wp.com\/cepronda.com\/blog\/wp-content\/uploads\/2021\/12\/Recursos-digitales-Primaria-II.png?fit=848%2C1200&ssl=1&resize=350%2C200","width":350,"height":200,"srcset":"https:\/\/i0.wp.com\/cepronda.com\/blog\/wp-content\/uploads\/2021\/12\/Recursos-digitales-Primaria-II.png?fit=848%2C1200&ssl=1&resize=350%2C200 1x, https:\/\/i0.wp.com\/cepronda.com\/blog\/wp-content\/uploads\/2021\/12\/Recursos-digitales-Primaria-II.png?fit=848%2C1200&ssl=1&resize=525%2C300 1.5x, https:\/\/i0.wp.com\/cepronda.com\/blog\/wp-content\/uploads\/2021\/12\/Recursos-digitales-Primaria-II.png?fit=848%2C1200&ssl=1&resize=700%2C400 2x"},"classes":[]},{"id":4077,"url":"https:\/\/cepronda.com\/blog\/recursos-digitales-on-line-para-educacion-primaria-nivel-i\/","url_meta":{"origin":4013,"position":4},"title":"RECURSOS DIGITALES ON-LINE PARA EDUCACI\u00d3N PRIMARIA. NIVEL I","author":"V\u00edctor Caballero","date":"21 diciembre, 2020","format":false,"excerpt":"Muy buenas, compa\u00f1eros y compa\u00f1eras. Se abre el plazo para participar en la actividad formativa a nivel provincial que lleva el CEP de Ronda:\u00a0 \" RECURSOS DIGITALES ON-LINE PARA EDUCACI\u00d3N PRIMARIA. NIVEL I\", con Jos\u00e9 Antonio Gelo y Juan Antonio Moreno como ponentes. Esperamos que sea de vuestro inter\u00e9s. Un\u2026","rel":"","context":"En \u00abNoticias\u00bb","block_context":{"text":"Noticias","link":"https:\/\/cepronda.com\/blog\/category\/noticias\/"},"img":{"alt_text":"","src":"https:\/\/i0.wp.com\/cepronda.com\/blog\/wp-content\/uploads\/2020\/12\/20210114-Recursos-digitales-Primaria-I.jpg?fit=848%2C1200&ssl=1&resize=350%2C200","width":350,"height":200,"srcset":"https:\/\/i0.wp.com\/cepronda.com\/blog\/wp-content\/uploads\/2020\/12\/20210114-Recursos-digitales-Primaria-I.jpg?fit=848%2C1200&ssl=1&resize=350%2C200 1x, https:\/\/i0.wp.com\/cepronda.com\/blog\/wp-content\/uploads\/2020\/12\/20210114-Recursos-digitales-Primaria-I.jpg?fit=848%2C1200&ssl=1&resize=525%2C300 1.5x, https:\/\/i0.wp.com\/cepronda.com\/blog\/wp-content\/uploads\/2020\/12\/20210114-Recursos-digitales-Primaria-I.jpg?fit=848%2C1200&ssl=1&resize=700%2C400 2x"},"classes":[]},{"id":4085,"url":"https:\/\/cepronda.com\/blog\/recursos-digitales-on-line-para-educacion-primaria-nivel-i-2\/","url_meta":{"origin":4013,"position":5},"title":"RECURSOS DIGITALES ON-LINE PARA EDUCACI\u00d3N PRIMARIA. NIVEL I","author":"V\u00edctor Caballero","date":"7 enero, 2021","format":false,"excerpt":"Muy buenas, compa\u00f1eros y compa\u00f1eras. Primero desearos Feliz a\u00f1o y que hay\u00e1is descansado en vuestras merecidas vacaciones. Recordaros que el plazo de inscripci\u00f3n para participar en la actividad formativa a nivel provincial que lleva el CEP de Ronda:\u00a0 \" RECURSOS DIGITALES ON-LINE PARA EDUCACI\u00d3N PRIMARIA. NIVEL I\", finaliza el martes\u2026","rel":"","context":"En \u00abFormaciones\u00bb","block_context":{"text":"Formaciones","link":"https:\/\/cepronda.com\/blog\/category\/formaciones\/"},"img":{"alt_text":"","src":"https:\/\/i0.wp.com\/cepronda.com\/blog\/wp-content\/uploads\/2020\/12\/20210114-Recursos-digitales-Primaria-I.jpg?fit=848%2C1200&ssl=1&resize=350%2C200","width":350,"height":200,"srcset":"https:\/\/i0.wp.com\/cepronda.com\/blog\/wp-content\/uploads\/2020\/12\/20210114-Recursos-digitales-Primaria-I.jpg?fit=848%2C1200&ssl=1&resize=350%2C200 1x, https:\/\/i0.wp.com\/cepronda.com\/blog\/wp-content\/uploads\/2020\/12\/20210114-Recursos-digitales-Primaria-I.jpg?fit=848%2C1200&ssl=1&resize=525%2C300 1.5x, https:\/\/i0.wp.com\/cepronda.com\/blog\/wp-content\/uploads\/2020\/12\/20210114-Recursos-digitales-Primaria-I.jpg?fit=848%2C1200&ssl=1&resize=700%2C400 2x"},"classes":[]}],"jetpack_sharing_enabled":true,"_links":{"self":[{"href":"https:\/\/cepronda.com\/blog\/wp-json\/wp\/v2\/posts\/4013","targetHints":{"allow":["GET"]}}],"collection":[{"href":"https:\/\/cepronda.com\/blog\/wp-json\/wp\/v2\/posts"}],"about":[{"href":"https:\/\/cepronda.com\/blog\/wp-json\/wp\/v2\/types\/post"}],"author":[{"embeddable":true,"href":"https:\/\/cepronda.com\/blog\/wp-json\/wp\/v2\/users\/10"}],"replies":[{"embeddable":true,"href":"https:\/\/cepronda.com\/blog\/wp-json\/wp\/v2\/comments?post=4013"}],"version-history":[{"count":3,"href":"https:\/\/cepronda.com\/blog\/wp-json\/wp\/v2\/posts\/4013\/revisions"}],"predecessor-version":[{"id":4019,"href":"https:\/\/cepronda.com\/blog\/wp-json\/wp\/v2\/posts\/4013\/revisions\/4019"}],"wp:attachment":[{"href":"https:\/\/cepronda.com\/blog\/wp-json\/wp\/v2\/media?parent=4013"}],"wp:term":[{"taxonomy":"category","embeddable":true,"href":"https:\/\/cepronda.com\/blog\/wp-json\/wp\/v2\/categories?post=4013"},{"taxonomy":"post_tag","embeddable":true,"href":"https:\/\/cepronda.com\/blog\/wp-json\/wp\/v2\/tags?post=4013"}],"curies":[{"name":"wp","href":"https:\/\/api.w.org\/{rel}","templated":true}]}}