{"id":4009,"date":"2020-11-26T10:28:50","date_gmt":"2020-11-26T09:28:50","guid":{"rendered":"http:\/\/cepronda.com\/blog\/?p=4009"},"modified":"2020-11-26T10:28:50","modified_gmt":"2020-11-26T09:28:50","slug":"moodle-centros-iniciacion","status":"publish","type":"post","link":"https:\/\/cepronda.com\/blog\/moodle-centros-iniciacion\/","title":{"rendered":"MOODLE CENTROS. INICIACI\u00d3N"},"content":{"rendered":"<p><span style=\"font-weight: 400;\">Buenos d\u00edas compa\u00f1eras y compa\u00f1eros,<\/span><\/p>\n<p><span style=\"font-weight: 400;\">Os informamos que est\u00e1 abierto el plazo de inscripci\u00f3n de la formaci\u00f3n USO DE LA PLATAFORMA MOODLE CENTROS (INICIACI\u00d3N) internivelar&nbsp; y provincial, que comenzar\u00e1 a desarrollarse el pr\u00f3ximo&nbsp; 11\/01\/2021.&nbsp;<\/span><\/p>\n<p><span style=\"font-weight: 400;\"><a href=\"https:\/\/www.juntadeandalucia.es\/educacion\/secretariavirtual\/consultaCEP\/actividad\/212923QPF147\/\">ENLACE<\/a> DIRECTO A LA FICHA EN S\u00c9NECA PARA INSCRIBIRSE<\/span><\/p>\n<p>https:\/\/www.juntadeandalucia.es\/educacion\/secretariavirtual\/consultaCEP\/actividad\/212923QPF147\/<\/p>\n<p><img data-recalc-dims=\"1\" loading=\"lazy\" decoding=\"async\" class=\"alignnone size-medium wp-image-4010 aligncenter\" src=\"https:\/\/i0.wp.com\/cepronda.com\/blog\/wp-content\/uploads\/2020\/11\/moodle-centros-300x122.png?resize=300%2C122\" alt=\"\" width=\"300\" height=\"122\" srcset=\"https:\/\/i0.wp.com\/cepronda.com\/blog\/wp-content\/uploads\/2020\/11\/moodle-centros.png?resize=300%2C122&amp;ssl=1 300w, https:\/\/i0.wp.com\/cepronda.com\/blog\/wp-content\/uploads\/2020\/11\/moodle-centros.png?w=353&amp;ssl=1 353w\" sizes=\"auto, (max-width: 300px) 100vw, 300px\" \/><\/p>\n<p><span style=\"font-weight: 400;\">Te rogamos que en el caso de renunciar o no poder asistir a esta formaci\u00f3n, lo comuniques a la mayor brevedad posible para no provocar perjuicio al resto de participantes ni al buen funcionamiento de la actividad.&nbsp;<\/span><\/p>\n<p><span style=\"font-weight: 400;\">Deseamos que sea de vuestro inter\u00e9s.&nbsp;<\/span><\/p>\n<p><span style=\"font-weight: 400;\">Saludos.<\/span><\/p>\n","protected":false},"excerpt":{"rendered":"<p>Buenos d\u00edas compa\u00f1eras y compa\u00f1eros, Os informamos que est\u00e1 abierto el plazo de inscripci\u00f3n de la formaci\u00f3n USO DE LA PLATAFORMA MOODLE CENTROS (INICIACI\u00d3N) internivelar&nbsp; y provincial, que comenzar\u00e1 a desarrollarse el pr\u00f3ximo&nbsp; 11\/01\/2021.&nbsp; ENLACE DIRECTO A LA FICHA EN S\u00c9NECA PARA INSCRIBIRSE https:\/\/www.juntadeandalucia.es\/educacion\/secretariavirtual\/consultaCEP\/actividad\/212923QPF147\/ Te rogamos que en el caso de renunciar o no poder [&hellip;]<\/p>\n","protected":false},"author":10,"featured_media":4010,"comment_status":"closed","ping_status":"open","sticky":false,"template":"","format":"standard","meta":{"_crdt_document":"","advanced_seo_description":"","jetpack_seo_html_title":"","jetpack_seo_noindex":false,"jetpack_post_was_ever_published":false,"_jetpack_newsletter_access":"","_jetpack_dont_email_post_to_subs":false,"_jetpack_newsletter_tier_id":0,"_jetpack_memberships_contains_paywalled_content":false,"_jetpack_memberships_contains_paid_content":false,"footnotes":"","jetpack_publicize_message":"","jetpack_publicize_feature_enabled":true,"jetpack_social_post_already_shared":true,"jetpack_social_options":{"image_generator_settings":{"template":"highway","default_image_id":0,"font":"","enabled":false},"version":2}},"categories":[3,5],"tags":[90,207,202],"class_list":{"0":"post-4009","1":"post","2":"type-post","3":"status-publish","4":"format-standard","5":"has-post-thumbnail","7":"category-formaciones","8":"category-noticias","9":"tag-cursos","10":"tag-moodle-centros","11":"tag-provincial","12":"czr-hentry"},"jetpack_publicize_connections":[],"jetpack_featured_media_url":"https:\/\/i0.wp.com\/cepronda.com\/blog\/wp-content\/uploads\/2020\/11\/moodle-centros.png?fit=353%2C143&ssl=1","jetpack_shortlink":"https:\/\/wp.me\/p8M4X7-12F","jetpack-related-posts":[{"id":4819,"url":"https:\/\/cepronda.com\/blog\/uso-de-la-plataforma-moodle-centros-iniciacion\/","url_meta":{"origin":4009,"position":0},"title":"USO DE LA PLATAFORMA MOODLE CENTROS (INICIACI\u00d3N)","author":"Inmaculada Garc\u00eda","date":"25 octubre, 2021","format":false,"excerpt":"Buenas d\u00edas, compa\u00f1eras y compa\u00f1eros. Os informamos que est\u00e1 abierto el plazo de inscripci\u00f3n en la actividad\u00a0 \u00abUSO DE LA PLATAFORMA MOODLE CENTROS (INICIACI\u00d3N)\u00bb con c\u00f3digo 222924GE041. Es una actividad del \u00e1mbito CEP de Ronda.\u00a0 Se desarrollar\u00e1 en el Aula Virtual de Formaci\u00f3n del Profesorado. Las fechas de la formaci\u00f3n\u2026","rel":"","context":"En \u00abFormaciones\u00bb","block_context":{"text":"Formaciones","link":"https:\/\/cepronda.com\/blog\/category\/formaciones\/"},"img":{"alt_text":"","src":"","width":0,"height":0},"classes":[]},{"id":3900,"url":"https:\/\/cepronda.com\/blog\/uso-de-la-plataforma-moodle-centros-iniciacion-2\/","url_meta":{"origin":4009,"position":1},"title":"USO DE LA PLATAFORMA MOODLE CENTROS (INICIACI\u00d3N)","author":"V\u00edctor Caballero","date":"16 octubre, 2020","format":false,"excerpt":"Se abre el plazo para la inscripci\u00f3n en le curso \"USO DE LA PLATAFORMA MOODLE CENTROS (INICIACI\u00d3N)\". FECHAS DE MATRICULACI\u00d3N: 16\/10\/2020 AL 23\/10\/2020 Esta actividad va dirigida, exclusivamente, al profesorado del \u00e1mbito de actuaci\u00f3n de los CEPs de Antequera, Ronda y V\u00e9lez-M\u00e1laga. El criterio para la adjudicaci\u00f3n de plazas ser\u00e1\u2026","rel":"","context":"En \u00abFormaciones\u00bb","block_context":{"text":"Formaciones","link":"https:\/\/cepronda.com\/blog\/category\/formaciones\/"},"img":{"alt_text":"","src":"https:\/\/i0.wp.com\/cepronda.com\/blog\/wp-content\/uploads\/2020\/10\/USO-PLATAFORMA-MOODLE-CENTRO.jpg?fit=848%2C1200&ssl=1&resize=350%2C200","width":350,"height":200,"srcset":"https:\/\/i0.wp.com\/cepronda.com\/blog\/wp-content\/uploads\/2020\/10\/USO-PLATAFORMA-MOODLE-CENTRO.jpg?fit=848%2C1200&ssl=1&resize=350%2C200 1x, https:\/\/i0.wp.com\/cepronda.com\/blog\/wp-content\/uploads\/2020\/10\/USO-PLATAFORMA-MOODLE-CENTRO.jpg?fit=848%2C1200&ssl=1&resize=525%2C300 1.5x, https:\/\/i0.wp.com\/cepronda.com\/blog\/wp-content\/uploads\/2020\/10\/USO-PLATAFORMA-MOODLE-CENTRO.jpg?fit=848%2C1200&ssl=1&resize=700%2C400 2x"},"classes":[]},{"id":3879,"url":"https:\/\/cepronda.com\/blog\/moodle-centros-profundizacion\/","url_meta":{"origin":4009,"position":2},"title":"MOODLE CENTROS PROFUNDIZACI\u00d3N","author":"Maribel Mu\u00f1oz","date":"16 octubre, 2020","format":false,"excerpt":"Buenas tardes compa\u00f1eras y compa\u00f1eros, Os informamos que est\u00e1 abierto el plazo de inscripci\u00f3n de la formaci\u00f3n USO DE LA PLATAFORMA MOODLE CENTROS (PROFUNDIZACI\u00d3N), C\u00f3digo: 212926KPF208. Inscripciones: desde el 14\/10\/2020 hasta 25\/10\/2020. Fecha actividad:\u00a003\/11\/2020 hasta 06\/12\/2020. Adjuntamos enlace. Deseamos que sea de vuestro inter\u00e9s.\u00a0 Saludos.","rel":"","context":"En \u00abFormaciones\u00bb","block_context":{"text":"Formaciones","link":"https:\/\/cepronda.com\/blog\/category\/formaciones\/"},"img":{"alt_text":"","src":"https:\/\/i0.wp.com\/cepronda.com\/blog\/wp-content\/uploads\/2020\/10\/moodleprofundizacion-300x79.jpg?resize=350%2C200","width":350,"height":200},"classes":[]},{"id":4973,"url":"https:\/\/cepronda.com\/blog\/uso-de-la-plataforma-moodle-centros-profundizacion-222924ge042\/","url_meta":{"origin":4009,"position":3},"title":"USO DE LA PLATAFORMA MOODLE CENTROS (PROFUNDIZACI\u00d3N). 222924GE042","author":"Inmaculada Garc\u00eda","date":"13 enero, 2022","format":false,"excerpt":"Buenos d\u00edas, compa\u00f1eras y compa\u00f1eros. Os recordamos que est\u00e1 abierto el plazo de inscripci\u00f3n en la actividad USO DE LA PLATAFORMA MOODLE CENTROS (PROFUNDIZACI\u00d3N), c\u00f3digo 222924GE042. Es una actividad en modalidad de \u00abCurso a distancia\u00bb, que se desarrollar\u00e1 en el Aula Virtual de Formaci\u00f3n del Profesorado. Duraci\u00f3n de 25 horas\u2026","rel":"","context":"En \u00abFormaciones\u00bb","block_context":{"text":"Formaciones","link":"https:\/\/cepronda.com\/blog\/category\/formaciones\/"},"img":{"alt_text":"","src":"https:\/\/i0.wp.com\/cepronda.com\/blog\/wp-content\/uploads\/2022\/01\/USO-PLATAFORMA-MOODLE-CENTRO-1.png?fit=848%2C1200&ssl=1&resize=350%2C200","width":350,"height":200,"srcset":"https:\/\/i0.wp.com\/cepronda.com\/blog\/wp-content\/uploads\/2022\/01\/USO-PLATAFORMA-MOODLE-CENTRO-1.png?fit=848%2C1200&ssl=1&resize=350%2C200 1x, https:\/\/i0.wp.com\/cepronda.com\/blog\/wp-content\/uploads\/2022\/01\/USO-PLATAFORMA-MOODLE-CENTRO-1.png?fit=848%2C1200&ssl=1&resize=525%2C300 1.5x, https:\/\/i0.wp.com\/cepronda.com\/blog\/wp-content\/uploads\/2022\/01\/USO-PLATAFORMA-MOODLE-CENTRO-1.png?fit=848%2C1200&ssl=1&resize=700%2C400 2x"},"classes":[]},{"id":7732,"url":"https:\/\/cepronda.com\/blog\/curso-objetos-digitales-educativos-en-las-aavv-moodle-centros-integra-motiva-y-enriquece-tus-clases-con-codigo-252923kpf534\/","url_meta":{"origin":4009,"position":4},"title":"CURSO: OBJETOS DIGITALES EDUCATIVOS EN LAS AAVV MOODLE CENTROS: INTEGRA, MOTIVA Y ENRIQUECE TUS CLASES, con c\u00f3digo 259923KPF534.","author":"Inmaculada Garc\u00eda","date":"20 septiembre, 2024","format":false,"excerpt":"Abierto el plazo de inscripci\u00f3n del curso PROVINCIAL a distancia: OBJETOS DIGITALES EDUCATIVOS EN LAS AAVV MOODLE CENTROS: INTEGRA, MOTIVA Y ENRIQUECE TUS CLASES, con c\u00f3digo 259923KPF534. Curso Provincial a Distancia (AVFP) de 40 horas. Fecha inscripci\u00f3n del 19\/09\/2024 hasta 30\/09\/2024 Fecha actividad del 16\/10\/2024 hasta 16\/12\/2024 \u2795M\u00e1s informaci\u00f3n e\u2026","rel":"","context":"En \u00abFormaciones\u00bb","block_context":{"text":"Formaciones","link":"https:\/\/cepronda.com\/blog\/category\/formaciones\/"},"img":{"alt_text":"","src":"https:\/\/i0.wp.com\/cepronda.com\/blog\/wp-content\/uploads\/2024\/09\/WhatsApp-Image-2024-09-20-at-13.40.28.jpeg?fit=1200%2C675&ssl=1&resize=350%2C200","width":350,"height":200,"srcset":"https:\/\/i0.wp.com\/cepronda.com\/blog\/wp-content\/uploads\/2024\/09\/WhatsApp-Image-2024-09-20-at-13.40.28.jpeg?fit=1200%2C675&ssl=1&resize=350%2C200 1x, https:\/\/i0.wp.com\/cepronda.com\/blog\/wp-content\/uploads\/2024\/09\/WhatsApp-Image-2024-09-20-at-13.40.28.jpeg?fit=1200%2C675&ssl=1&resize=525%2C300 1.5x, https:\/\/i0.wp.com\/cepronda.com\/blog\/wp-content\/uploads\/2024\/09\/WhatsApp-Image-2024-09-20-at-13.40.28.jpeg?fit=1200%2C675&ssl=1&resize=700%2C400 2x, https:\/\/i0.wp.com\/cepronda.com\/blog\/wp-content\/uploads\/2024\/09\/WhatsApp-Image-2024-09-20-at-13.40.28.jpeg?fit=1200%2C675&ssl=1&resize=1050%2C600 3x"},"classes":[]},{"id":7603,"url":"https:\/\/cepronda.com\/blog\/curso-objetos-digitales-educativos-en-las-aavv-moodle-centros-integra-motiva-y-enriquece-tus-clases-249923kpf490\/","url_meta":{"origin":4009,"position":5},"title":"CURSO \u00abObjetos Digitales Educativos en las AAVV Moodle Centros: Integra, motiva y enriquece tus clases\u00bb (249923KPF490)","author":"Inmaculada Garc\u00eda","date":"7 mayo, 2024","format":false,"excerpt":"Se encuentra abierto el plazo para solicitar el curso de formaci\u00f3n para el profesorado \"Objetos Digitales Educativos en las AAVV Moodle Centros: Integra, motiva y enriquece tus clases\", con c\u00f3digo: 249923KPF490. A trav\u00e9s del AVFP con una duraci\u00f3n de 40 horas. \u00a0 Esta actividad formativa est\u00e1 destinada al profesorado de\u2026","rel":"","context":"En \u00abFormaciones\u00bb","block_context":{"text":"Formaciones","link":"https:\/\/cepronda.com\/blog\/category\/formaciones\/"},"img":{"alt_text":"","src":"https:\/\/i0.wp.com\/cepronda.com\/blog\/wp-content\/uploads\/2024\/05\/ODE.jpg?fit=680%2C383&ssl=1&resize=350%2C200","width":350,"height":200,"srcset":"https:\/\/i0.wp.com\/cepronda.com\/blog\/wp-content\/uploads\/2024\/05\/ODE.jpg?fit=680%2C383&ssl=1&resize=350%2C200 1x, https:\/\/i0.wp.com\/cepronda.com\/blog\/wp-content\/uploads\/2024\/05\/ODE.jpg?fit=680%2C383&ssl=1&resize=525%2C300 1.5x"},"classes":[]}],"jetpack_sharing_enabled":true,"_links":{"self":[{"href":"https:\/\/cepronda.com\/blog\/wp-json\/wp\/v2\/posts\/4009","targetHints":{"allow":["GET"]}}],"collection":[{"href":"https:\/\/cepronda.com\/blog\/wp-json\/wp\/v2\/posts"}],"about":[{"href":"https:\/\/cepronda.com\/blog\/wp-json\/wp\/v2\/types\/post"}],"author":[{"embeddable":true,"href":"https:\/\/cepronda.com\/blog\/wp-json\/wp\/v2\/users\/10"}],"replies":[{"embeddable":true,"href":"https:\/\/cepronda.com\/blog\/wp-json\/wp\/v2\/comments?post=4009"}],"version-history":[{"count":1,"href":"https:\/\/cepronda.com\/blog\/wp-json\/wp\/v2\/posts\/4009\/revisions"}],"predecessor-version":[{"id":4011,"href":"https:\/\/cepronda.com\/blog\/wp-json\/wp\/v2\/posts\/4009\/revisions\/4011"}],"wp:featuredmedia":[{"embeddable":true,"href":"https:\/\/cepronda.com\/blog\/wp-json\/wp\/v2\/media\/4010"}],"wp:attachment":[{"href":"https:\/\/cepronda.com\/blog\/wp-json\/wp\/v2\/media?parent=4009"}],"wp:term":[{"taxonomy":"category","embeddable":true,"href":"https:\/\/cepronda.com\/blog\/wp-json\/wp\/v2\/categories?post=4009"},{"taxonomy":"post_tag","embeddable":true,"href":"https:\/\/cepronda.com\/blog\/wp-json\/wp\/v2\/tags?post=4009"}],"curies":[{"name":"wp","href":"https:\/\/api.w.org\/{rel}","templated":true}]}}