{"id":4002,"date":"2020-11-17T11:25:41","date_gmt":"2020-11-17T10:25:41","guid":{"rendered":"http:\/\/cepronda.com\/blog\/?p=4002"},"modified":"2025-04-28T11:56:29","modified_gmt":"2025-04-28T09:56:29","slug":"proyecto-steam","status":"publish","type":"post","link":"https:\/\/cepronda.com\/blog\/proyecto-steam\/","title":{"rendered":"Proyecto STEAM"},"content":{"rendered":"<p><span style=\"font-weight: 400;\">Buenos d\u00edas compa\u00f1eras y compa\u00f1eros,<\/span><\/p>\n<p><span style=\"font-weight: 400;\">Os informamos&nbsp; de la publicaci\u00f3n de la <\/span><a href=\"https:\/\/www.juntadeandalucia.es\/boja\/2020\/221\/BOJA20-221-00010-13843-01_00181086.pdf\">Resoluci\u00f3n de 9 de noviembre de 2020<\/a>, de la Direcci\u00f3n General de Formaci\u00f3n del Profesorado e Innovaci\u00f3n Educativa, por la que se convoca a los centros docentes p\u00fablicos de Educaci\u00f3n Primaria y Secundaria para el desarrollo del \u00abProyecto STEAM: Investigaci\u00f3n Aeroespacial aplicada al aula\u00bb, durante el curso escolar 2020-2021.<\/p>\n<p><span style=\"font-weight: 400;\">Deseamos que sea de vuestro inter\u00e9s.&nbsp;<\/span><\/p>\n<p><span style=\"font-weight: 400;\">Saludos.<\/span><\/p>\n","protected":false},"excerpt":{"rendered":"<p>Buenos d\u00edas compa\u00f1eras y compa\u00f1eros, Os informamos&nbsp; de la publicaci\u00f3n de la Resoluci\u00f3n de 9 de noviembre de 2020, de la Direcci\u00f3n General de Formaci\u00f3n del Profesorado e Innovaci\u00f3n Educativa, por la que se convoca a los centros docentes p\u00fablicos de Educaci\u00f3n Primaria y Secundaria para el desarrollo del \u00abProyecto STEAM: Investigaci\u00f3n Aeroespacial aplicada al [&hellip;]<\/p>\n","protected":false},"author":10,"featured_media":0,"comment_status":"closed","ping_status":"open","sticky":false,"template":"","format":"standard","meta":{"_crdt_document":"","advanced_seo_description":"","jetpack_seo_html_title":"","jetpack_seo_noindex":false,"jetpack_post_was_ever_published":false,"_jetpack_newsletter_access":"","_jetpack_dont_email_post_to_subs":false,"_jetpack_newsletter_tier_id":0,"_jetpack_memberships_contains_paywalled_content":false,"_jetpack_memberships_contains_paid_content":false,"footnotes":"","jetpack_publicize_message":"","jetpack_publicize_feature_enabled":true,"jetpack_social_post_already_shared":true,"jetpack_social_options":{"image_generator_settings":{"template":"highway","default_image_id":0,"font":"","enabled":false},"version":2}},"categories":[3,5],"tags":[17,206],"class_list":{"0":"post-4002","1":"post","2":"type-post","3":"status-publish","4":"format-standard","6":"category-formaciones","7":"category-noticias","8":"tag-convocatorias","9":"tag-steam","10":"czr-hentry"},"jetpack_publicize_connections":[],"jetpack_featured_media_url":"","jetpack_shortlink":"https:\/\/wp.me\/p8M4X7-12y","jetpack-related-posts":[{"id":4150,"url":"https:\/\/cepronda.com\/blog\/investigacion-aeroespacial-aplicada-al-aula-2020-2021\/","url_meta":{"origin":4002,"position":0},"title":"INVESTIGACI\u00d3N AEROESPACIAL APLICADA AL AULA 2020-2021","author":"Inmaculada Garc\u00eda","date":"4 febrero, 2021","format":false,"excerpt":"Hola compa\u00f1eros y compa\u00f1eras, desde el CEP de Ronda hoy queremos hacer una menci\u00f3n especial a los centros de nuestra zona que han sido seleccionados para desarrollar el PROYECTO STEAM: INVESTIGACI\u00d3N AEROESPACIAL APLICADA AL AULA para este curso 2020-2021. I.E.S. Mart\u00edn Rivero, \u00a0I.E.S. Dr. Rodr\u00edguez Delgado, I.E.S. P\u00e9rez de Guzm\u00e1n,\u2026","rel":"","context":"En \u00abNoticias\u00bb","block_context":{"text":"Noticias","link":"https:\/\/cepronda.com\/blog\/category\/noticias\/"},"img":{"alt_text":"","src":"https:\/\/i0.wp.com\/cepronda.com\/blog\/wp-content\/uploads\/2021\/02\/Image.jpeg?fit=395%2C630&ssl=1&resize=350%2C200","width":350,"height":200},"classes":[]},{"id":7511,"url":"https:\/\/cepronda.com\/blog\/feria-steam-fantec-2024\/","url_meta":{"origin":4002,"position":1},"title":"FERIA STEAM FANTEC 2024","author":"Mamen Moreno","date":"15 marzo, 2024","format":false,"excerpt":"CURSO SEMIPRESENCIAL REGIONAL \"FERIA STEAM FANTEC 2024\", organizado por el CEP de M\u00e1laga. C\u00f3digo:\u00a0242922GE027 Horas Presenciales: 7 h (en el Palacio de Congresos de Torremolinos, el d\u00eda 17 de Mayo) Horas No Presenciales: 23 h (en el Aula Virtual de Formaci\u00f3n del Profesorado - AVFP) Total de horas: 30 horas.\u2026","rel":"","context":"En \u00abFormaciones\u00bb","block_context":{"text":"Formaciones","link":"https:\/\/cepronda.com\/blog\/category\/formaciones\/"},"img":{"alt_text":"","src":"https:\/\/i0.wp.com\/cepronda.com\/blog\/wp-content\/uploads\/2024\/03\/CARTEL_FANTEC.jpg?fit=848%2C1200&ssl=1&resize=350%2C200","width":350,"height":200,"srcset":"https:\/\/i0.wp.com\/cepronda.com\/blog\/wp-content\/uploads\/2024\/03\/CARTEL_FANTEC.jpg?fit=848%2C1200&ssl=1&resize=350%2C200 1x, https:\/\/i0.wp.com\/cepronda.com\/blog\/wp-content\/uploads\/2024\/03\/CARTEL_FANTEC.jpg?fit=848%2C1200&ssl=1&resize=525%2C300 1.5x, https:\/\/i0.wp.com\/cepronda.com\/blog\/wp-content\/uploads\/2024\/03\/CARTEL_FANTEC.jpg?fit=848%2C1200&ssl=1&resize=700%2C400 2x"},"classes":[]},{"id":5439,"url":"https:\/\/cepronda.com\/blog\/jornada-informativa-sobre-el-proyecto-linguistico-de-centro\/","url_meta":{"origin":4002,"position":2},"title":"JORNADA INFORMATIVA SOBRE EL PROYECTO LING\u00dc\u00cdSTICO DE CENTRO","author":"Maribel Mu\u00f1oz","date":"12 septiembre, 2022","format":false,"excerpt":"Buenas tardes compa\u00f1eras y compa\u00f1eros, Os\u00a0 informamos que est\u00e1 abierto el plazo de inscripci\u00f3n en la JORNADA INFORMATIVA SOBRE EL PROYECTO LING\u00dc\u00cdSTICO DE CENTRO. Solicita un PLC para tu centro. Ll\u00e9vate un Proyecto Inicial elaborado con garant\u00edas. Introduce situaciones de aprendizaje que mejoren la competencia ling\u00fc\u00edstica. \ud83d\udda5 Jornada para conocer\u2026","rel":"","context":"En \u00abFormaciones\u00bb","block_context":{"text":"Formaciones","link":"https:\/\/cepronda.com\/blog\/category\/formaciones\/"},"img":{"alt_text":"","src":"https:\/\/i0.wp.com\/cepronda.com\/blog\/wp-content\/uploads\/2022\/09\/WhatsApp-Image-2022-09-14-at-13.47.37.jpeg?fit=848%2C1200&ssl=1&resize=350%2C200","width":350,"height":200,"srcset":"https:\/\/i0.wp.com\/cepronda.com\/blog\/wp-content\/uploads\/2022\/09\/WhatsApp-Image-2022-09-14-at-13.47.37.jpeg?fit=848%2C1200&ssl=1&resize=350%2C200 1x, https:\/\/i0.wp.com\/cepronda.com\/blog\/wp-content\/uploads\/2022\/09\/WhatsApp-Image-2022-09-14-at-13.47.37.jpeg?fit=848%2C1200&ssl=1&resize=525%2C300 1.5x, https:\/\/i0.wp.com\/cepronda.com\/blog\/wp-content\/uploads\/2022\/09\/WhatsApp-Image-2022-09-14-at-13.47.37.jpeg?fit=848%2C1200&ssl=1&resize=700%2C400 2x"},"classes":[]},{"id":7714,"url":"https:\/\/cepronda.com\/blog\/secretarias-noveles-proyecto-de-gestion-del-centro-2\/","url_meta":{"origin":4002,"position":3},"title":"SECRETAR\u00cdAS NOVELES: PROYECTO DE GESTI\u00d3N DEL CENTRO","author":"Mamen Moreno","date":"19 septiembre, 2024","format":false,"excerpt":"Se encuentra abierto el plazo de inscripci\u00f3n para el curso SECRETAR\u00cdAS NOVELES: PROYECTO DE GESTI\u00d3N DEL CENTRO, destinado a formar a las personas que se incorporan a las secretar\u00edas de los centros. Inscripci\u00f3n: Del 19 al 26 de septiembre de 2024. Fechas y lugar de Realizaci\u00f3n: 24, 25 y 26\u2026","rel":"","context":"En \u00abFormaciones\u00bb","block_context":{"text":"Formaciones","link":"https:\/\/cepronda.com\/blog\/category\/formaciones\/"},"img":{"alt_text":"","src":"https:\/\/i0.wp.com\/cepronda.com\/blog\/wp-content\/uploads\/2024\/09\/Post-Instagram-Anuncio-Servicios-Electricos-Profesional-Azul.jpg?fit=1080%2C1080&ssl=1&resize=350%2C200","width":350,"height":200,"srcset":"https:\/\/i0.wp.com\/cepronda.com\/blog\/wp-content\/uploads\/2024\/09\/Post-Instagram-Anuncio-Servicios-Electricos-Profesional-Azul.jpg?fit=1080%2C1080&ssl=1&resize=350%2C200 1x, https:\/\/i0.wp.com\/cepronda.com\/blog\/wp-content\/uploads\/2024\/09\/Post-Instagram-Anuncio-Servicios-Electricos-Profesional-Azul.jpg?fit=1080%2C1080&ssl=1&resize=525%2C300 1.5x, https:\/\/i0.wp.com\/cepronda.com\/blog\/wp-content\/uploads\/2024\/09\/Post-Instagram-Anuncio-Servicios-Electricos-Profesional-Azul.jpg?fit=1080%2C1080&ssl=1&resize=700%2C400 2x, https:\/\/i0.wp.com\/cepronda.com\/blog\/wp-content\/uploads\/2024\/09\/Post-Instagram-Anuncio-Servicios-Electricos-Profesional-Azul.jpg?fit=1080%2C1080&ssl=1&resize=1050%2C600 3x"},"classes":[]},{"id":8258,"url":"https:\/\/cepronda.com\/blog\/curso-autoevaluacion-plan-de-mejora-y-proyecto-formativo-codigo-259923kpf386\/","url_meta":{"origin":4002,"position":4},"title":"AUTOEVALUACI\u00d3N. PLAN DE MEJORA Y PROYECTO FORMATIVO","author":"Inmaculada Garc\u00eda","date":"21 febrero, 2025","format":false,"excerpt":"Abierto el plazo de inscripci\u00f3n del curso semipresencial provincial: AUTOEVALUACI\u00d3N. PLAN DE MEJORA Y PROYECTO FORMATIVO. C\u00f3digo: 259923KPF386 \u00a0 \u00b7 Inscripci\u00f3n hasta el 21 de marzo \u00b7 Aula Virtual de Formaci\u00f3n del Profesorado entre 01\/04\/25 y 20\/05\/25 \u00b7 Sesiones presenciales en el CEP de M\u00e1laga: 24\/04\/25 y 08\/05\/25 de 16:30\u2026","rel":"","context":"En \u00abFormaciones\u00bb","block_context":{"text":"Formaciones","link":"https:\/\/cepronda.com\/blog\/category\/formaciones\/"},"img":{"alt_text":"","src":"https:\/\/i0.wp.com\/cepronda.com\/blog\/wp-content\/uploads\/2025\/03\/Sin-titulo-1080-x-1350-px.jpg?fit=960%2C1200&ssl=1&resize=350%2C200","width":350,"height":200,"srcset":"https:\/\/i0.wp.com\/cepronda.com\/blog\/wp-content\/uploads\/2025\/03\/Sin-titulo-1080-x-1350-px.jpg?fit=960%2C1200&ssl=1&resize=350%2C200 1x, https:\/\/i0.wp.com\/cepronda.com\/blog\/wp-content\/uploads\/2025\/03\/Sin-titulo-1080-x-1350-px.jpg?fit=960%2C1200&ssl=1&resize=525%2C300 1.5x, https:\/\/i0.wp.com\/cepronda.com\/blog\/wp-content\/uploads\/2025\/03\/Sin-titulo-1080-x-1350-px.jpg?fit=960%2C1200&ssl=1&resize=700%2C400 2x"},"classes":[]},{"id":9521,"url":"https:\/\/cepronda.com\/blog\/9521-2\/","url_meta":{"origin":4002,"position":5},"title":"AUTOEVALUACI\u00d3N. PLAN DE MEJORA Y PROYECTO FORMATIVO.","author":"Encarni Jim\u00e9nez Rosado","date":"23 abril, 2026","format":false,"excerpt":"Se abre plazo de inscripci\u00f3n para el viso \u201cAUTOEVALUACI\u00d3N. PLAN DE MEJORA Y PROYECTO FORMATIVO\u201d C\u00d3DIGO: 269923KPF386 MODALIDAD: Curso Semipresencial \u00c1MBITO: Provincial FECHA INSCRIPCI\u00d3N: 23\/04\/2026 hasta 05\/05\/2026 FECHA ACTIVIDAD: 14\/05\/2026 hasta 28\/05\/2026 \ud83d\udd17 M\u00c1S INFORMACI\u00d3N E INSCRIPCI\u00d3N: https:\/\/secretariavirtual.juntadeandalucia.es\/secretariavirtual\/consultaCEP\/actividad\/269923KPF386\/ \u00a0","rel":"","context":"En \u00abFormaciones\u00bb","block_context":{"text":"Formaciones","link":"https:\/\/cepronda.com\/blog\/category\/formaciones\/"},"img":{"alt_text":"","src":"https:\/\/i0.wp.com\/cepronda.com\/blog\/wp-content\/uploads\/2026\/04\/Autoevaluacion-y-plan-de-mejora.png?fit=695%2C869&ssl=1&resize=350%2C200","width":350,"height":200,"srcset":"https:\/\/i0.wp.com\/cepronda.com\/blog\/wp-content\/uploads\/2026\/04\/Autoevaluacion-y-plan-de-mejora.png?fit=695%2C869&ssl=1&resize=350%2C200 1x, https:\/\/i0.wp.com\/cepronda.com\/blog\/wp-content\/uploads\/2026\/04\/Autoevaluacion-y-plan-de-mejora.png?fit=695%2C869&ssl=1&resize=525%2C300 1.5x"},"classes":[]}],"jetpack_sharing_enabled":true,"_links":{"self":[{"href":"https:\/\/cepronda.com\/blog\/wp-json\/wp\/v2\/posts\/4002","targetHints":{"allow":["GET"]}}],"collection":[{"href":"https:\/\/cepronda.com\/blog\/wp-json\/wp\/v2\/posts"}],"about":[{"href":"https:\/\/cepronda.com\/blog\/wp-json\/wp\/v2\/types\/post"}],"author":[{"embeddable":true,"href":"https:\/\/cepronda.com\/blog\/wp-json\/wp\/v2\/users\/10"}],"replies":[{"embeddable":true,"href":"https:\/\/cepronda.com\/blog\/wp-json\/wp\/v2\/comments?post=4002"}],"version-history":[{"count":1,"href":"https:\/\/cepronda.com\/blog\/wp-json\/wp\/v2\/posts\/4002\/revisions"}],"predecessor-version":[{"id":4003,"href":"https:\/\/cepronda.com\/blog\/wp-json\/wp\/v2\/posts\/4002\/revisions\/4003"}],"wp:attachment":[{"href":"https:\/\/cepronda.com\/blog\/wp-json\/wp\/v2\/media?parent=4002"}],"wp:term":[{"taxonomy":"category","embeddable":true,"href":"https:\/\/cepronda.com\/blog\/wp-json\/wp\/v2\/categories?post=4002"},{"taxonomy":"post_tag","embeddable":true,"href":"https:\/\/cepronda.com\/blog\/wp-json\/wp\/v2\/tags?post=4002"}],"curies":[{"name":"wp","href":"https:\/\/api.w.org\/{rel}","templated":true}]}}