{"id":400,"date":"2016-12-01T09:36:55","date_gmt":"2016-12-01T08:36:55","guid":{"rendered":"http:\/\/cepronda.com\/blog\/?p=400"},"modified":"2016-12-01T09:36:55","modified_gmt":"2016-12-01T08:36:55","slug":"pildora-formate-en-5-minutos-en-materia-de-genero","status":"publish","type":"post","link":"https:\/\/cepronda.com\/blog\/pildora-formate-en-5-minutos-en-materia-de-genero\/","title":{"rendered":"P\u00edldora: F\u00f3rmate en 5 minutos en materia de g\u00e9nero"},"content":{"rendered":"<p><span style=\"color: #000000;\"><span style=\"font-family: NewsGotT;\"><span style=\"font-size: medium;\">La violencia de g\u00e9nero es la expresi\u00f3n m\u00e1s grave de la discriminaci\u00f3n y de la situaci\u00f3n de desigualdad de las mujeres, ya que se ejerce sobre \u00e9stas por el hecho de serlo. <\/span><span style=\"font-size: medium;\">E<\/span><span style=\"font-size: medium;\">s un problema que requiere para su erradicaci\u00f3n de <\/span><span style=\"font-size: medium;\">la implicaci\u00f3n de <\/span><span style=\"font-size: medium;\">toda<\/span> <span style=\"font-size: medium;\">la sociedad y <\/span><span style=\"font-size: medium;\">d<\/span><span style=\"font-size: medium;\">e respuestas eficaces <\/span><span style=\"font-size: medium;\">de <\/span><span style=\"font-size: medium;\">todos <\/span><span style=\"font-size: medium;\">los poderes p\u00fablicos.<\/span><\/span><\/span><\/p>\n<p align=\"justify\"><span style=\"color: #000000;\"><span style=\"font-family: NewsGotT;\"><span style=\"font-size: medium;\">Andaluc<\/span><span style=\"font-size: medium;\">\u00eda,<\/span><span style=\"font-size: medium;\"> es referente en la lucha para erradicar un problema social de primera magnitud, <\/span><span style=\"font-size: medium;\">ya nuestro<\/span><span style=\"font-size: medium;\"> Estatuto de Autonom\u00eda, <\/span><span style=\"font-size: medium;\">recoge un fuerte <\/span><span style=\"font-size: medium;\">compromiso al establecer, en su art\u00edculo 16, que las mujeres tienen derecho a una protecci\u00f3n integral contra la violencia de g\u00e9nero, que incluir\u00e1 medidas preventivas, medidas asistenciales y ayudas p\u00fablicas, <\/span><span style=\"font-size: medium;\">s<\/span><span style=\"font-size: medium;\">iempre <\/span><span style=\"font-size: medium;\">est\u00e1 a<\/span><span style=\"font-size: medium;\"> la vanguardia en <\/span><span style=\"font-size: medium;\">el desarrollo normativo y de <\/span><span style=\"font-size: medium;\">acciones, <\/span><span style=\"font-size: medium;\">en el marco de las competencias que tiene asignadas.<\/span><\/span><\/span><\/p>\n<p align=\"justify\"><span style=\"color: #000000;\"><span style=\"font-family: NewsGotT;\"><span style=\"font-size: medium;\">Por ello, d<\/span><span style=\"font-size: medium;\">esde la Administraci\u00f3n Publica hay un compromiso de lucha contra la violencia de g\u00e9nero, la implicaci\u00f3n de los y las responsables institucionales con la igualdad y en la erradicaci\u00f3n de la violencia contra las mujeres, con su trabajo diario. <\/span><span style=\"font-size: medium;\"><span lang=\"es-ES\">Y es consciente de la importancia que tiene una intervenci\u00f3n eficaz <\/span><\/span><span style=\"font-size: medium;\"><span lang=\"es-ES\">del personal p\u00fablico, <\/span><\/span><span style=\"font-size: medium;\"><span lang=\"es-ES\">con especializaci\u00f3n y sensibilizaci\u00f3n.<\/span><\/span><\/span><\/span><\/p>\n<p align=\"justify\"><span style=\"color: #000000;\"><span style=\"font-family: NewsGotT;\"><span style=\"font-size: medium;\"><i>As\u00ed con el fin de<\/i><\/span><i> <\/i><span style=\"font-size: medium;\"><i><b>garantizar <\/b><\/i><\/span><span style=\"font-size: medium;\"><i><b>la formaci\u00f3n <\/b><\/i><\/span><span style=\"font-size: medium;\"><i><b>y sensibilizaci\u00f3n<\/b><\/i><\/span><i> <\/i><span style=\"font-size: medium;\"><i>adecuada <\/i><\/span><span style=\"font-size: medium;\"><i>del<\/i><\/span><span style=\"font-size: medium;\"><i> personal de la Administraci\u00f3n de la Junta de Andaluc\u00eda,<\/i><\/span><span style=\"font-size: medium;\"><i> en general, y, en especial, al personal responsable de la atenci\u00f3n a las v\u00edctimas de violencia de g\u00e9nero<\/i><\/span><i> <\/i><span style=\"font-size: medium;\"><i>se ha elaborado por el IAAP en colaboraci\u00f3n con la DG de Violencia de G\u00e9nero, una <\/i><\/span><span style=\"font-size: medium;\"><i><b>p\u00edldora formativa <\/b><\/i><\/span><span style=\"font-size: medium;\"><i>con el siguiente objetivo:<\/i><\/span><\/span><\/span><\/p>\n<ul>\n<li>\n<p align=\"justify\"><span style=\"color: #000000;\"><span style=\"font-family: NewsGotT;\"><i>que t<\/i><\/span><\/span><span style=\"color: #000000;\"><span style=\"font-family: NewsGotT;\"><i>odo<\/i><\/span><\/span><span style=\"color: #000000;\"><span style=\"font-family: NewsGotT;\"> e<\/span><\/span><span style=\"color: #000000;\"><span style=\"font-family: NewsGotT;\">l<\/span><\/span><span style=\"color: #000000;\"><span style=\"font-family: NewsGotT;\"> personal de la Junta de Andaluc\u00eda,<\/span><\/span> <span style=\"color: #000000;\"><span style=\"font-family: NewsGotT;\">de acuerdo con <\/span><\/span><span style=\"color: #000000;\"><span style=\"font-family: NewsGotT;\">su<\/span><\/span><span style=\"color: #000000;\"><span style=\"font-family: NewsGotT;\"> \u00e1mbito de competencias,<\/span><\/span> <span style=\"color: #000000;\"><span style=\"font-family: NewsGotT;\">tome conciencia de la necesidad de adquirir formaci\u00f3n y sensibilizaci\u00f3n hacia <\/span><\/span><span style=\"color: #000000;\"><span style=\"font-family: NewsGotT;\">la violencia de g\u00e9nero<\/span><\/span><span style=\"color: #000000;\"><span style=\"font-family: NewsGotT;\">;<\/span><\/span><\/p>\n<\/li>\n<li>\n<p align=\"justify\"><span style=\"color: #000000;\"><span style=\"font-family: NewsGotT;\">que <\/span><span style=\"font-family: NewsGotT;\">conozca los derechos de las v\u00edctimas de la violencia para<\/span><span style=\"font-family: NewsGotT;\"> prevenir, orientar y derivar a las instancias competentes los casos de violencia de g\u00e9nero, <\/span><span style=\"font-family: NewsGotT;\">para evitar la victimizaci\u00f3n secundaria<\/span><span style=\"font-family: NewsGotT;\">;<\/span><\/span><\/p>\n<\/li>\n<li>\n<p align=\"justify\"><span style=\"color: #000000;\"><span style=\"font-family: NewsGotT;\">s<\/span><span style=\"font-family: NewsGotT;\">e <\/span><span style=\"font-family: NewsGotT;\">motive <\/span><span style=\"font-family: NewsGotT;\">a profundizar en el conocimiento <\/span><span style=\"font-family: NewsGotT;\">y avanzar en la formaci\u00f3n m\u00e1s especializada.<\/span><\/span><\/p>\n<\/li>\n<\/ul>\n<p style=\"text-align: center;\">\u00a0<iframe loading=\"lazy\" src=\"https:\/\/www.youtube.com\/embed\/o8mfmxR0x5Y?list=PLj-bfbG2QZP7i7rY8cEj_0YumxslhwBpm\" width=\"560\" height=\"315\" frameborder=\"0\" allowfullscreen=\"allowfullscreen\"><\/iframe><\/p>\n","protected":false},"excerpt":{"rendered":"<p>La violencia de g\u00e9nero es la expresi\u00f3n m\u00e1s grave de la discriminaci\u00f3n y de la situaci\u00f3n de desigualdad de las mujeres, ya que se ejerce sobre \u00e9stas por el hecho de serlo. Es un problema que requiere para su erradicaci\u00f3n de la implicaci\u00f3n de toda la sociedad y de respuestas eficaces de todos los poderes [&hellip;]<\/p>\n","protected":false},"author":3,"featured_media":403,"comment_status":"open","ping_status":"open","sticky":false,"template":"","format":"standard","meta":{"_crdt_document":"","advanced_seo_description":"","jetpack_seo_html_title":"","jetpack_seo_noindex":false,"jetpack_post_was_ever_published":false,"_jetpack_newsletter_access":"","_jetpack_dont_email_post_to_subs":false,"_jetpack_newsletter_tier_id":0,"_jetpack_memberships_contains_paywalled_content":false,"_jetpack_memberships_contains_paid_content":false,"footnotes":"","jetpack_publicize_message":"","jetpack_publicize_feature_enabled":true,"jetpack_social_post_already_shared":false,"jetpack_social_options":{"image_generator_settings":{"template":"highway","default_image_id":0,"font":"","enabled":false},"version":2}},"categories":[5],"tags":[37],"class_list":{"0":"post-400","1":"post","2":"type-post","3":"status-publish","4":"format-standard","5":"has-post-thumbnail","7":"category-noticias","8":"tag-igualdad","9":"czr-hentry"},"jetpack_publicize_connections":[],"jetpack_featured_media_url":"","jetpack_shortlink":"https:\/\/wp.me\/p8M4X7-6s","jetpack-related-posts":[{"id":3084,"url":"https:\/\/cepronda.com\/blog\/iv-certamen-de-microrrelatos-sobre-violencia-de-genero-en-la-juventud-malaga-2019\/","url_meta":{"origin":400,"position":0},"title":"IV Certamen de microrrelatos sobre Violencia de g\u00e9nero en la juventud &#8211; M\u00e1laga 2019","author":"V\u00edctor Caballero","date":"8 octubre, 2019","format":false,"excerpt":"Muy buenas, como ya publicamos hace unso d\u00edas ya est\u00e1 en marcha el IV Certamen de microrrelatos sobre violencia de g\u00e9nero. Desde la organizaci\u00f3n del mismo nos hacen llegar esta informaci\u00f3n que pasamos a compartir con todos y todas vosotras. Estimads amigs: Os adjuntamos una infograf\u00eda para ayudar al alumnado\u2026","rel":"","context":"En \u00abNoticias\u00bb","block_context":{"text":"Noticias","link":"https:\/\/cepronda.com\/blog\/category\/noticias\/"},"img":{"alt_text":"","src":"https:\/\/i0.wp.com\/cepronda.com\/blog\/wp-content\/uploads\/2019\/10\/image.png?fit=849%2C1200&ssl=1&resize=350%2C200","width":350,"height":200,"srcset":"https:\/\/i0.wp.com\/cepronda.com\/blog\/wp-content\/uploads\/2019\/10\/image.png?fit=849%2C1200&ssl=1&resize=350%2C200 1x, https:\/\/i0.wp.com\/cepronda.com\/blog\/wp-content\/uploads\/2019\/10\/image.png?fit=849%2C1200&ssl=1&resize=525%2C300 1.5x, https:\/\/i0.wp.com\/cepronda.com\/blog\/wp-content\/uploads\/2019\/10\/image.png?fit=849%2C1200&ssl=1&resize=700%2C400 2x"},"classes":[]},{"id":2501,"url":"https:\/\/cepronda.com\/blog\/premiados-en-el-iii-certamen-de-microrrelatos-sobre-violencia-de-genero-en-la-juventud\/","url_meta":{"origin":400,"position":1},"title":"Premiados en el III CERTAMEN DE MICRORRELATOS SOBRE VIOLENCIA DE G\u00c9NERO EN LA JUVENTUD","author":"V\u00edctor Caballero","date":"30 noviembre, 2018","format":false,"excerpt":"Muy buenas, terminamos la semana con una magn\u00edfica noticia, y es que 3 relatos presentados por 3 alumnas del IES Profesor Gonzalo Huesa han sido seleccionados en el\u00a0III CERTAMEN DE MICRORRELATOS SOBREVIOLENCIA DE G\u00c9NERO EN LA JUVENTUD. Os dejamos con algunas fotos tomadas en el d\u00eda de la entrega de\u2026","rel":"","context":"En \u00abNoticias\u00bb","block_context":{"text":"Noticias","link":"https:\/\/cepronda.com\/blog\/category\/noticias\/"},"img":{"alt_text":"","src":"https:\/\/i0.wp.com\/cepronda.com\/blog\/wp-content\/uploads\/2018\/11\/Gonzalo-Huesa-premio.jpg?fit=576%2C1024&ssl=1&resize=350%2C200","width":350,"height":200,"srcset":"https:\/\/i0.wp.com\/cepronda.com\/blog\/wp-content\/uploads\/2018\/11\/Gonzalo-Huesa-premio.jpg?fit=576%2C1024&ssl=1&resize=350%2C200 1x, https:\/\/i0.wp.com\/cepronda.com\/blog\/wp-content\/uploads\/2018\/11\/Gonzalo-Huesa-premio.jpg?fit=576%2C1024&ssl=1&resize=525%2C300 1.5x"},"classes":[]},{"id":2272,"url":"https:\/\/cepronda.com\/blog\/iii-certamen-de-microrrelatos-sobre-violencia-de-genero-en-la-juventud-malaga-2018\/","url_meta":{"origin":400,"position":2},"title":"III Certamen de Microrrelatos sobre Violencia de g\u00e9nero en la juventud &#8211; M\u00e1laga 2018","author":"V\u00edctor Caballero","date":"7 septiembre, 2018","format":false,"excerpt":"Muy buenas de nuevo familia.\u00a0 Hoy queremos compartir con todas y todos vosotros una iniciativa que nos ha llegado por medio de Antonio Poleo. Se trata del III Certamen de Microrrelatos sobre violencia de g\u00e9nero en la juventud. Va dirigido a j\u00f3venes hasta 20 a\u00f1os, as\u00ed que pod\u00e9is participar con\u2026","rel":"","context":"En \u00abNoticias\u00bb","block_context":{"text":"Noticias","link":"https:\/\/cepronda.com\/blog\/category\/noticias\/"},"img":{"alt_text":"","src":"https:\/\/i0.wp.com\/cepronda.com\/blog\/wp-content\/uploads\/2018\/09\/Cartel_Microrrelatos.png?fit=608%2C855&ssl=1&resize=350%2C200","width":350,"height":200,"srcset":"https:\/\/i0.wp.com\/cepronda.com\/blog\/wp-content\/uploads\/2018\/09\/Cartel_Microrrelatos.png?fit=608%2C855&ssl=1&resize=350%2C200 1x, https:\/\/i0.wp.com\/cepronda.com\/blog\/wp-content\/uploads\/2018\/09\/Cartel_Microrrelatos.png?fit=608%2C855&ssl=1&resize=525%2C300 1.5x"},"classes":[]},{"id":7324,"url":"https:\/\/cepronda.com\/blog\/vii-jornadas-de-divulgacion-cientifica-diego-perez-de-mesa-la-ciencia-no-entiende-de-genero-2\/","url_meta":{"origin":400,"position":3},"title":"VII JORNADAS DE DIVULGACI\u00d3N CIENT\u00cdFICA \u00bbDIEGO P\u00c9REZ DE MESA\u00bb. LA CIENCIA NO ENTIENDE DE G\u00c9NERO","author":"Mamen Moreno","date":"11 enero, 2024","format":false,"excerpt":"Se encuentra abierto el plazo de inscripci\u00f3n de las VII JORNADAS DE DIVULGACI\u00d3N CIENT\u00cdFICA ''DIEGO P\u00c9REZ DE MESA'' con c\u00f3digo 242924GE030. En esta ocasi\u00f3n relacionadas con la Ciencia no entiende de g\u00e9nero. El contenido de estas jornadas comprende tres sesiones con una serie de conferencias relacionadas con la divulgaci\u00f3n cient\u00edfica,\u2026","rel":"","context":"En \u00abFormaciones\u00bb","block_context":{"text":"Formaciones","link":"https:\/\/cepronda.com\/blog\/category\/formaciones\/"},"img":{"alt_text":"","src":"https:\/\/i0.wp.com\/cepronda.com\/blog\/wp-content\/uploads\/2024\/01\/Poster-Contratacion-de-la-Universidad-Foto-en-Escala-de-Grises-y-Azul.png?fit=848%2C1200&ssl=1&resize=350%2C200","width":350,"height":200,"srcset":"https:\/\/i0.wp.com\/cepronda.com\/blog\/wp-content\/uploads\/2024\/01\/Poster-Contratacion-de-la-Universidad-Foto-en-Escala-de-Grises-y-Azul.png?fit=848%2C1200&ssl=1&resize=350%2C200 1x, https:\/\/i0.wp.com\/cepronda.com\/blog\/wp-content\/uploads\/2024\/01\/Poster-Contratacion-de-la-Universidad-Foto-en-Escala-de-Grises-y-Azul.png?fit=848%2C1200&ssl=1&resize=525%2C300 1.5x, https:\/\/i0.wp.com\/cepronda.com\/blog\/wp-content\/uploads\/2024\/01\/Poster-Contratacion-de-la-Universidad-Foto-en-Escala-de-Grises-y-Azul.png?fit=848%2C1200&ssl=1&resize=700%2C400 2x"},"classes":[]},{"id":2474,"url":"https:\/\/cepronda.com\/blog\/video-contra-la-violencia-de-genero-del-ies-profesor-goznalo-huesa\/","url_meta":{"origin":400,"position":4},"title":"V\u00eddeo contra la violencia de g\u00e9nero del IES Profesor Goznalo Huesa","author":"V\u00edctor Caballero","date":"27 noviembre, 2018","format":false,"excerpt":"Hola de nuevo, Desde el IES Profesor Gonzalo Huesa nos mandan este v\u00eddeo donde podemos ver como el alumnado se pronuncia contra la violencia de g\u00e9nero. Desde el CEP queremos dar la enhorabuena a todo el profesorado y alumnado participante, ya que han hecho un trabajo excelente.\u00a0 Enlace al v\u00eddeo","rel":"","context":"En \u00abNoticias\u00bb","block_context":{"text":"Noticias","link":"https:\/\/cepronda.com\/blog\/category\/noticias\/"},"img":{"alt_text":"","src":"https:\/\/i0.wp.com\/cepronda.com\/blog\/wp-content\/uploads\/2018\/11\/man-101001_1920.jpg?fit=1200%2C848&ssl=1&resize=350%2C200","width":350,"height":200,"srcset":"https:\/\/i0.wp.com\/cepronda.com\/blog\/wp-content\/uploads\/2018\/11\/man-101001_1920.jpg?fit=1200%2C848&ssl=1&resize=350%2C200 1x, https:\/\/i0.wp.com\/cepronda.com\/blog\/wp-content\/uploads\/2018\/11\/man-101001_1920.jpg?fit=1200%2C848&ssl=1&resize=525%2C300 1.5x, https:\/\/i0.wp.com\/cepronda.com\/blog\/wp-content\/uploads\/2018\/11\/man-101001_1920.jpg?fit=1200%2C848&ssl=1&resize=700%2C400 2x, https:\/\/i0.wp.com\/cepronda.com\/blog\/wp-content\/uploads\/2018\/11\/man-101001_1920.jpg?fit=1200%2C848&ssl=1&resize=1050%2C600 3x"},"classes":[]},{"id":3153,"url":"https:\/\/cepronda.com\/blog\/iv-certamen-de-microrrelatos-sobre-violencia-de-genero-en-la-juventud-malaga-2019-2\/","url_meta":{"origin":400,"position":5},"title":"IV Certamen de microrrelatos sobre Violencia de g\u00e9nero en la juventud &#8211; M\u00e1laga 2019","author":"V\u00edctor Caballero","date":"19 noviembre, 2019","format":false,"excerpt":"\u00a1Buenos d\u00edas! Nos acaban de comunicar los doce microrrelatos que han sido elegidos por el jurado para el Acto de lectura p\u00fablica\u00a0del pr\u00f3ximo s\u00e1bado 23 de noviembre, a las 11:30 de la ma\u00f1ana en el Auditorio Edgar Neville de la Diputaci\u00f3n de M\u00e1laga. Y nuevamente tenemos que celebrar que cuatro\u2026","rel":"","context":"En \u00abNoticias\u00bb","block_context":{"text":"Noticias","link":"https:\/\/cepronda.com\/blog\/category\/noticias\/"},"img":{"alt_text":"","src":"https:\/\/i0.wp.com\/cepronda.com\/blog\/wp-content\/uploads\/2019\/09\/IES-Gonzalo-Huesa.png?resize=350%2C200","width":350,"height":200},"classes":[]}],"jetpack_sharing_enabled":true,"_links":{"self":[{"href":"https:\/\/cepronda.com\/blog\/wp-json\/wp\/v2\/posts\/400","targetHints":{"allow":["GET"]}}],"collection":[{"href":"https:\/\/cepronda.com\/blog\/wp-json\/wp\/v2\/posts"}],"about":[{"href":"https:\/\/cepronda.com\/blog\/wp-json\/wp\/v2\/types\/post"}],"author":[{"embeddable":true,"href":"https:\/\/cepronda.com\/blog\/wp-json\/wp\/v2\/users\/3"}],"replies":[{"embeddable":true,"href":"https:\/\/cepronda.com\/blog\/wp-json\/wp\/v2\/comments?post=400"}],"version-history":[{"count":0,"href":"https:\/\/cepronda.com\/blog\/wp-json\/wp\/v2\/posts\/400\/revisions"}],"wp:featuredmedia":[{"embeddable":true,"href":"https:\/\/cepronda.com\/blog\/wp-json\/"}],"wp:attachment":[{"href":"https:\/\/cepronda.com\/blog\/wp-json\/wp\/v2\/media?parent=400"}],"wp:term":[{"taxonomy":"category","embeddable":true,"href":"https:\/\/cepronda.com\/blog\/wp-json\/wp\/v2\/categories?post=400"},{"taxonomy":"post_tag","embeddable":true,"href":"https:\/\/cepronda.com\/blog\/wp-json\/wp\/v2\/tags?post=400"}],"curies":[{"name":"wp","href":"https:\/\/api.w.org\/{rel}","templated":true}]}}