{"id":3915,"date":"2020-10-19T17:16:51","date_gmt":"2020-10-19T15:16:51","guid":{"rendered":"http:\/\/cepronda.com\/blog\/?p=3915"},"modified":"2020-10-19T17:16:51","modified_gmt":"2020-10-19T15:16:51","slug":"auxiliar-de-conversacion-aula-bilingue","status":"publish","type":"post","link":"https:\/\/cepronda.com\/blog\/auxiliar-de-conversacion-aula-bilingue\/","title":{"rendered":"AUXILIAR DE CONVERSACI\u00d3N.AULA BILING\u00dcE"},"content":{"rendered":"<p><span style=\"font-weight: 400;\">Buenas tardes compa\u00f1eras y compa\u00f1eros,<\/span><\/p>\n<p><span style=\"font-weight: 400;\">Os informamos que est\u00e1 abierto el plazo de inscripci\u00f3n de la formaci\u00f3n \u00abEL AUXILIAR DE CONVERSACI\u00d3N EN EL AULA BILING\u00dcE\u00bb con c\u00f3digo 219922KPI001. Las fechas son las siguientes:<\/span><\/p>\n<p>Fecha actividad: 03\/11\/2020 hasta 04\/12\/2020<br \/>\nFecha inscripci\u00f3n: 15\/10\/2020 hasta 28\/10\/2020<\/p>\n<p><span style=\"font-weight: 400;\"><a href=\"https:\/\/www.juntadeandalucia.es\/educacion\/secretariavirtual\/consultaCEP\/actividad\/219922KPI001\/\">ENLACE<\/a> DIRECTO A LA FICHA EN S\u00c9NECA PARA INSCRIBIRSE o en https:\/\/www.juntadeandalucia.es\/educacion\/secretariavirtual\/consultaCEP\/actividad\/219922KPI001\/<\/span><\/p>\n<p><img data-recalc-dims=\"1\" loading=\"lazy\" decoding=\"async\" class=\"alignnone size-full wp-image-3778 aligncenter\" src=\"https:\/\/i0.wp.com\/cepronda.com\/blog\/wp-content\/uploads\/2020\/09\/Logo-progamas-de-formacion-oficial.jpg?resize=134%2C83\" alt=\"\" width=\"134\" height=\"83\"><\/p>\n<p style=\"text-align: center;\">&nbsp;<\/p>\n<p style=\"text-align: center;\">&nbsp;<\/p>\n<p>&nbsp;<\/p>\n<p><span style=\"font-weight: 400;\">Deseamos que sea de vuestro inter\u00e9s.&nbsp;<\/span><\/p>\n<p><span style=\"font-weight: 400;\">Saludos.<\/span><\/p>\n","protected":false},"excerpt":{"rendered":"<p>Buenas tardes compa\u00f1eras y compa\u00f1eros, Os informamos que est\u00e1 abierto el plazo de inscripci\u00f3n de la formaci\u00f3n \u00abEL AUXILIAR DE CONVERSACI\u00d3N EN EL AULA BILING\u00dcE\u00bb con c\u00f3digo 219922KPI001. Las fechas son las siguientes: Fecha actividad: 03\/11\/2020 hasta 04\/12\/2020 Fecha inscripci\u00f3n: 15\/10\/2020 hasta 28\/10\/2020 ENLACE DIRECTO A LA FICHA EN S\u00c9NECA PARA INSCRIBIRSE o en https:\/\/www.juntadeandalucia.es\/educacion\/secretariavirtual\/consultaCEP\/actividad\/219922KPI001\/ [&hellip;]<\/p>\n","protected":false},"author":10,"featured_media":0,"comment_status":"closed","ping_status":"open","sticky":false,"template":"","format":"standard","meta":{"_crdt_document":"","advanced_seo_description":"","jetpack_seo_html_title":"","jetpack_seo_noindex":false,"jetpack_post_was_ever_published":false,"_jetpack_newsletter_access":"","_jetpack_dont_email_post_to_subs":false,"_jetpack_newsletter_tier_id":0,"_jetpack_memberships_contains_paywalled_content":false,"_jetpack_memberships_contains_paid_content":false,"footnotes":"","jetpack_publicize_message":"","jetpack_publicize_feature_enabled":true,"jetpack_social_post_already_shared":true,"jetpack_social_options":{"image_generator_settings":{"template":"highway","default_image_id":0,"font":"","enabled":false},"version":2}},"categories":[5],"tags":[],"class_list":{"0":"post-3915","1":"post","2":"type-post","3":"status-publish","4":"format-standard","6":"category-noticias","7":"czr-hentry"},"jetpack_publicize_connections":[],"jetpack_featured_media_url":"","jetpack_shortlink":"https:\/\/wp.me\/p8M4X7-119","jetpack-related-posts":[{"id":9454,"url":"https:\/\/cepronda.com\/blog\/jjjj\/","url_meta":{"origin":3915,"position":0},"title":"BBPP PARA EL FOMENTO DE LA ORALIDAD EN EL AULA BILING\u00dcE EN SECUNDARIA Y BACHILLERATO","author":"Encarni Jim\u00e9nez Rosado","date":"12 marzo, 2026","format":false,"excerpt":"Abierta inscripci\u00f3n de la Actividad Formativa: \"BBPP PARA EL FOMENTO DE LA ORALIDAD EN EL AULA BILING\u00dcE EN SECUNDARIA Y BACCHILLERATO\" Curso enfocado a facilitar a los docentes las herramientas necesarias para dominar la oralidad en el enfoque AICLE (Aprendizaje Integrado de contenidos y Lenguas Extranjeras). A trav\u00e9s de buenas\u2026","rel":"","context":"En \u00abFormaciones\u00bb","block_context":{"text":"Formaciones","link":"https:\/\/cepronda.com\/blog\/category\/formaciones\/"},"img":{"alt_text":"","src":"","width":0,"height":0},"classes":[]},{"id":8933,"url":"https:\/\/cepronda.com\/blog\/liderazgo-efectivo-para-el-exito-de-la-ensenanza-bilingue-269919kpi442\/","url_meta":{"origin":3915,"position":1},"title":"LIDERAZGO EFECTIVO PARA EL \u00c9XITO DE LA ENSE\u00d1ANZA BILING\u00dcE","author":"Inmaculada Garc\u00eda","date":"14 octubre, 2025","format":false,"excerpt":"Hasta el d\u00eda 20 de octubre, se encuentra abierto el plazo de solicitudes del curso regional: \"LIDERAZGO EFECTIVO PARA EL \u00c9XITO DE LA ENSE\u00d1ANZA BILING\u00dcE\", con c\u00f3digo 269919KPI442. Curso semipresencial: 30 horas: 10 presenciales, a trav\u00e9s de cinco sesiones de videoconferencia, y 20 no presenciales. \u00c1mbito: Regional. Fecha inscripci\u00f3n: 09\/10\/2025\u2026","rel":"","context":"En \u00abFormaciones\u00bb","block_context":{"text":"Formaciones","link":"https:\/\/cepronda.com\/blog\/category\/formaciones\/"},"img":{"alt_text":"","src":"https:\/\/i0.wp.com\/cepronda.com\/blog\/wp-content\/uploads\/2025\/10\/centros-bilingues.png?fit=662%2C660&ssl=1&resize=350%2C200","width":350,"height":200,"srcset":"https:\/\/i0.wp.com\/cepronda.com\/blog\/wp-content\/uploads\/2025\/10\/centros-bilingues.png?fit=662%2C660&ssl=1&resize=350%2C200 1x, https:\/\/i0.wp.com\/cepronda.com\/blog\/wp-content\/uploads\/2025\/10\/centros-bilingues.png?fit=662%2C660&ssl=1&resize=525%2C300 1.5x"},"classes":[]},{"id":9148,"url":"https:\/\/cepronda.com\/blog\/liderazgo-efectivo-para-el-exito-de-la-ensenanza-bilingue\/","url_meta":{"origin":3915,"position":2},"title":"LIDERAZGO EFECTIVO PARA EL \u00c9XITO DE LA ENSE\u00d1ANZA BILING\u00dcE","author":"Inmaculada Garc\u00eda","date":"18 diciembre, 2025","format":false,"excerpt":"Se encuentra abierto el plazo de inscripci\u00f3n para la formaci\u00f3n semipresencial: \"LIDERAZGO EFECTIVO PARA EL \u00c9XITO DE LA ENSE\u00d1ANZA BILING\u00dcE\" . C\u00f3digo: 269903QPI442 Curso semipresencial de 30 horas: 10 horas presenciales (5 videoconferencias) 20 horas no presenciales \u00c1mbito: Regional Fechas: 20 de enero al 23 de marzo. M\u00e1s informaci\u00f3n e\u2026","rel":"","context":"En \u00abFormaciones\u00bb","block_context":{"text":"Formaciones","link":"https:\/\/cepronda.com\/blog\/category\/formaciones\/"},"img":{"alt_text":"","src":"https:\/\/i0.wp.com\/cepronda.com\/blog\/wp-content\/uploads\/2025\/12\/Copia-de-Copia-de-IG.-DIFUSION-CURSOS.-HAZ-UNA-COPIA.png?fit=1080%2C1080&ssl=1&resize=350%2C200","width":350,"height":200,"srcset":"https:\/\/i0.wp.com\/cepronda.com\/blog\/wp-content\/uploads\/2025\/12\/Copia-de-Copia-de-IG.-DIFUSION-CURSOS.-HAZ-UNA-COPIA.png?fit=1080%2C1080&ssl=1&resize=350%2C200 1x, https:\/\/i0.wp.com\/cepronda.com\/blog\/wp-content\/uploads\/2025\/12\/Copia-de-Copia-de-IG.-DIFUSION-CURSOS.-HAZ-UNA-COPIA.png?fit=1080%2C1080&ssl=1&resize=525%2C300 1.5x, https:\/\/i0.wp.com\/cepronda.com\/blog\/wp-content\/uploads\/2025\/12\/Copia-de-Copia-de-IG.-DIFUSION-CURSOS.-HAZ-UNA-COPIA.png?fit=1080%2C1080&ssl=1&resize=700%2C400 2x, https:\/\/i0.wp.com\/cepronda.com\/blog\/wp-content\/uploads\/2025\/12\/Copia-de-Copia-de-IG.-DIFUSION-CURSOS.-HAZ-UNA-COPIA.png?fit=1080%2C1080&ssl=1&resize=1050%2C600 3x"},"classes":[]},{"id":7712,"url":"https:\/\/cepronda.com\/blog\/convocatoria-regional-de-cursos-avfp-curso-2024-25\/","url_meta":{"origin":3915,"position":3},"title":"CONVOCATORIA REGIONAL DE CURSOS AVFP. CURSO 2024\/25.","author":"Inmaculada Garc\u00eda","date":"19 septiembre, 2024","format":false,"excerpt":"\u00a0 \u00a0 CONVOCATORIA REGIONAL DE CURSOS AVFP \u00a0 Os informamos que se encuentra abierto el plazo de inscripci\u00f3n en la convocatoria de cursos regional. La superaci\u00f3n de estos cursos supone la certificaci\u00f3n de diversos niveles de Competencia Digital Docente. - HERRAMIENTAS DIGITALES APLICADAS A LA DOCENCIA EN LA FORMACI\u00d3N PROFESIONAL,\u2026","rel":"","context":"En \u00abFormaciones\u00bb","block_context":{"text":"Formaciones","link":"https:\/\/cepronda.com\/blog\/category\/formaciones\/"},"img":{"alt_text":"","src":"https:\/\/i0.wp.com\/cepronda.com\/blog\/wp-content\/uploads\/2024\/09\/CURSOS.png?fit=1200%2C1200&ssl=1&resize=350%2C200","width":350,"height":200,"srcset":"https:\/\/i0.wp.com\/cepronda.com\/blog\/wp-content\/uploads\/2024\/09\/CURSOS.png?fit=1200%2C1200&ssl=1&resize=350%2C200 1x, https:\/\/i0.wp.com\/cepronda.com\/blog\/wp-content\/uploads\/2024\/09\/CURSOS.png?fit=1200%2C1200&ssl=1&resize=525%2C300 1.5x, https:\/\/i0.wp.com\/cepronda.com\/blog\/wp-content\/uploads\/2024\/09\/CURSOS.png?fit=1200%2C1200&ssl=1&resize=700%2C400 2x, https:\/\/i0.wp.com\/cepronda.com\/blog\/wp-content\/uploads\/2024\/09\/CURSOS.png?fit=1200%2C1200&ssl=1&resize=1050%2C600 3x"},"classes":[]},{"id":8015,"url":"https:\/\/cepronda.com\/blog\/curso-regional-liderazgo-efectivo-para-el-exito-de-la-ensenanza-bilingue-codigo-259920kpi442\/","url_meta":{"origin":3915,"position":4},"title":"CURSO REGIONAL: LIDERAZGO EFECTIVO PARA EL \u00c9XITO DE LA ENSE\u00d1ANZA BILING\u00dcE, c\u00f3digo 259920KPI442.","author":"Inmaculada Garc\u00eda","date":"9 enero, 2025","format":false,"excerpt":"Os informamos que se encuentra abierto el plazo de solicitudes para actividad regional: LIDERAZGO EFECTIVO PARA EL \u00c9XITO DE LA ENSE\u00d1ANZA BILING\u00dcE, c\u00f3digo 259920KPI442. \u00a0 Fecha de inscripci\u00f3n: hasta el d\u00eda 15 de enero. Inicio del curso: 21 de enero. Fin del curso: 21 de marzo N\u00famero de plazas: 150\u2026","rel":"","context":"En \u00abFormaciones\u00bb","block_context":{"text":"Formaciones","link":"https:\/\/cepronda.com\/blog\/category\/formaciones\/"},"img":{"alt_text":"","src":"https:\/\/i0.wp.com\/cepronda.com\/blog\/wp-content\/uploads\/2025\/01\/Sunset-Sky-Quote-Mobile-Video.jpg?fit=1200%2C1200&ssl=1&resize=350%2C200","width":350,"height":200,"srcset":"https:\/\/i0.wp.com\/cepronda.com\/blog\/wp-content\/uploads\/2025\/01\/Sunset-Sky-Quote-Mobile-Video.jpg?fit=1200%2C1200&ssl=1&resize=350%2C200 1x, https:\/\/i0.wp.com\/cepronda.com\/blog\/wp-content\/uploads\/2025\/01\/Sunset-Sky-Quote-Mobile-Video.jpg?fit=1200%2C1200&ssl=1&resize=525%2C300 1.5x, https:\/\/i0.wp.com\/cepronda.com\/blog\/wp-content\/uploads\/2025\/01\/Sunset-Sky-Quote-Mobile-Video.jpg?fit=1200%2C1200&ssl=1&resize=700%2C400 2x, https:\/\/i0.wp.com\/cepronda.com\/blog\/wp-content\/uploads\/2025\/01\/Sunset-Sky-Quote-Mobile-Video.jpg?fit=1200%2C1200&ssl=1&resize=1050%2C600 3x"},"classes":[]},{"id":9521,"url":"https:\/\/cepronda.com\/blog\/9521-2\/","url_meta":{"origin":3915,"position":5},"title":"AUTOEVALUACI\u00d3N. PLAN DE MEJORA Y PROYECTO FORMATIVO.","author":"Encarni Jim\u00e9nez Rosado","date":"23 abril, 2026","format":false,"excerpt":"Se abre plazo de inscripci\u00f3n para el viso \u201cAUTOEVALUACI\u00d3N. PLAN DE MEJORA Y PROYECTO FORMATIVO\u201d C\u00d3DIGO: 269923KPF386 MODALIDAD: Curso Semipresencial \u00c1MBITO: Provincial FECHA INSCRIPCI\u00d3N: 23\/04\/2026 hasta 05\/05\/2026 FECHA ACTIVIDAD: 14\/05\/2026 hasta 28\/05\/2026 \ud83d\udd17 M\u00c1S INFORMACI\u00d3N E INSCRIPCI\u00d3N: https:\/\/secretariavirtual.juntadeandalucia.es\/secretariavirtual\/consultaCEP\/actividad\/269923KPF386\/ \u00a0","rel":"","context":"En \u00abFormaciones\u00bb","block_context":{"text":"Formaciones","link":"https:\/\/cepronda.com\/blog\/category\/formaciones\/"},"img":{"alt_text":"","src":"https:\/\/i0.wp.com\/cepronda.com\/blog\/wp-content\/uploads\/2026\/04\/Autoevaluacion-y-plan-de-mejora.png?fit=695%2C869&ssl=1&resize=350%2C200","width":350,"height":200,"srcset":"https:\/\/i0.wp.com\/cepronda.com\/blog\/wp-content\/uploads\/2026\/04\/Autoevaluacion-y-plan-de-mejora.png?fit=695%2C869&ssl=1&resize=350%2C200 1x, https:\/\/i0.wp.com\/cepronda.com\/blog\/wp-content\/uploads\/2026\/04\/Autoevaluacion-y-plan-de-mejora.png?fit=695%2C869&ssl=1&resize=525%2C300 1.5x"},"classes":[]}],"jetpack_sharing_enabled":true,"_links":{"self":[{"href":"https:\/\/cepronda.com\/blog\/wp-json\/wp\/v2\/posts\/3915","targetHints":{"allow":["GET"]}}],"collection":[{"href":"https:\/\/cepronda.com\/blog\/wp-json\/wp\/v2\/posts"}],"about":[{"href":"https:\/\/cepronda.com\/blog\/wp-json\/wp\/v2\/types\/post"}],"author":[{"embeddable":true,"href":"https:\/\/cepronda.com\/blog\/wp-json\/wp\/v2\/users\/10"}],"replies":[{"embeddable":true,"href":"https:\/\/cepronda.com\/blog\/wp-json\/wp\/v2\/comments?post=3915"}],"version-history":[{"count":2,"href":"https:\/\/cepronda.com\/blog\/wp-json\/wp\/v2\/posts\/3915\/revisions"}],"predecessor-version":[{"id":3921,"href":"https:\/\/cepronda.com\/blog\/wp-json\/wp\/v2\/posts\/3915\/revisions\/3921"}],"wp:attachment":[{"href":"https:\/\/cepronda.com\/blog\/wp-json\/wp\/v2\/media?parent=3915"}],"wp:term":[{"taxonomy":"category","embeddable":true,"href":"https:\/\/cepronda.com\/blog\/wp-json\/wp\/v2\/categories?post=3915"},{"taxonomy":"post_tag","embeddable":true,"href":"https:\/\/cepronda.com\/blog\/wp-json\/wp\/v2\/tags?post=3915"}],"curies":[{"name":"wp","href":"https:\/\/api.w.org\/{rel}","templated":true}]}}