{"id":3898,"date":"2020-10-16T19:24:32","date_gmt":"2020-10-16T17:24:32","guid":{"rendered":"http:\/\/cepronda.com\/blog\/?p=3898"},"modified":"2025-04-28T12:05:53","modified_gmt":"2025-04-28T10:05:53","slug":"jornadas-para-la-coordinacion-tde-en-los-centros-2","status":"publish","type":"post","link":"https:\/\/cepronda.com\/blog\/jornadas-para-la-coordinacion-tde-en-los-centros-2\/","title":{"rendered":"JORNADAS PARA LA COORDINACI\u00d3N TDE EN LOS CENTROS"},"content":{"rendered":"<p>Buenas tardes, compa\u00f1eros y compa\u00f1eras.<\/p>\n<p>Se encuentra abierta la inscripci\u00f3n a las JORNADAS PARA LA COORDINACI\u00d3N TDE EN LOS CENTROS.<br \/>\nSer\u00e1n 2 sesiones de videoconferencia los d\u00edas 22 y 27 de octubre de 2020.<\/p>\n<p>Est\u00e1 dirigida, principalmente, al coordinador\/a TDE de los centros.<br \/>\n<span class=\"text_exposed_show\"><br \/>\nPlazo de inscripci\u00f3n: 16\/10\/2020 al 21\/10\/2020.<\/span><\/p>\n<p>M\u00e1s informaci\u00f3n e inscripci\u00f3n AQU\u00cd:&nbsp;<a title=\"https:\/\/www.juntadeandalucia.es\/educacion\/secretariavirtual\/consultaCEP\/actividad\/212924GE022\/\" href=\"https:\/\/www.juntadeandalucia.es\/educacion\/secretariavirtual\/consultaCEP\/actividad\/212924GE022\/\" target=\"_blank\" rel=\"nofollow noopener noreferrer\" data-lynx-mode=\"asynclazy\" data-lynx-uri=\"https:\/\/l.facebook.com\/l.php?u=https%3A%2F%2Fwww.juntadeandalucia.es%2Feducacion%2Fsecretariavirtual%2FconsultaCEP%2Factividad%2F212926GE004%2F&amp;h=AT1hE32A-M-vEdZ6-G6_WwCBOUoiUmK9fL0eJumVC7omVyh9mpa9hxsf8aiYKFq5tFWTBja7P4ooDQweDMbLi7FzXJhTtC5Qe5SWZruFEa32vzT8x2KpTv8a8xD52_OPBdyU5Sxp5gJeWHgvHqMc614DOA\">https:\/\/<wbr>www.juntadeandalucia.es\/<wbr>educacion\/<wbr>secretariavirtual\/<wbr>consultaCEP\/actividad\/<wbr>212926GE004\/&nbsp;<\/a><\/p>\n<p>Esperamos que sea de vuestro inter\u00e9s.<\/p>\n<p>Un saludo y buen fin de semana.<img data-recalc-dims=\"1\" loading=\"lazy\" decoding=\"async\" class=\" wp-image-3892 aligncenter\" style=\"font-weight: inherit;\" src=\"https:\/\/i0.wp.com\/cepronda.com\/blog\/wp-content\/uploads\/2020\/10\/JORNADAS-PARA-LA-COORDINACION-TDE-EN-LOS-CENTROS-1-212x300.png?resize=261%2C369\" alt=\"\" width=\"261\" height=\"369\" srcset=\"https:\/\/i0.wp.com\/cepronda.com\/blog\/wp-content\/uploads\/2020\/10\/JORNADAS-PARA-LA-COORDINACION-TDE-EN-LOS-CENTROS-1.png?resize=212%2C300&amp;ssl=1 212w, https:\/\/i0.wp.com\/cepronda.com\/blog\/wp-content\/uploads\/2020\/10\/JORNADAS-PARA-LA-COORDINACION-TDE-EN-LOS-CENTROS-1.png?resize=724%2C1024&amp;ssl=1 724w, https:\/\/i0.wp.com\/cepronda.com\/blog\/wp-content\/uploads\/2020\/10\/JORNADAS-PARA-LA-COORDINACION-TDE-EN-LOS-CENTROS-1.png?resize=768%2C1086&amp;ssl=1 768w, https:\/\/i0.wp.com\/cepronda.com\/blog\/wp-content\/uploads\/2020\/10\/JORNADAS-PARA-LA-COORDINACION-TDE-EN-LOS-CENTROS-1.png?resize=1086%2C1536&amp;ssl=1 1086w, https:\/\/i0.wp.com\/cepronda.com\/blog\/wp-content\/uploads\/2020\/10\/JORNADAS-PARA-LA-COORDINACION-TDE-EN-LOS-CENTROS-1.png?resize=1448%2C2048&amp;ssl=1 1448w, https:\/\/i0.wp.com\/cepronda.com\/blog\/wp-content\/uploads\/2020\/10\/JORNADAS-PARA-LA-COORDINACION-TDE-EN-LOS-CENTROS-1.png?w=1587&amp;ssl=1 1587w\" sizes=\"auto, (max-width: 261px) 100vw, 261px\" \/><\/p>\n","protected":false},"excerpt":{"rendered":"<p>Buenas tardes, compa\u00f1eros y compa\u00f1eras. Se encuentra abierta la inscripci\u00f3n a las JORNADAS PARA LA COORDINACI\u00d3N TDE EN LOS CENTROS. Ser\u00e1n 2 sesiones de videoconferencia los d\u00edas 22 y 27 de octubre de 2020. Est\u00e1 dirigida, principalmente, al coordinador\/a TDE de los centros. Plazo de inscripci\u00f3n: 16\/10\/2020 al 21\/10\/2020. M\u00e1s informaci\u00f3n e inscripci\u00f3n AQU\u00cd:&nbsp;https:\/\/www.juntadeandalucia.es\/educacion\/secretariavirtual\/consultaCEP\/actividad\/212926GE004\/&nbsp; Esperamos [&hellip;]<\/p>\n","protected":false},"author":3,"featured_media":3892,"comment_status":"closed","ping_status":"open","sticky":false,"template":"","format":"standard","meta":{"_crdt_document":"","advanced_seo_description":"","jetpack_seo_html_title":"","jetpack_seo_noindex":false,"jetpack_post_was_ever_published":false,"_jetpack_newsletter_access":"","_jetpack_dont_email_post_to_subs":false,"_jetpack_newsletter_tier_id":0,"_jetpack_memberships_contains_paywalled_content":false,"_jetpack_memberships_contains_paid_content":false,"footnotes":"","jetpack_publicize_message":"","jetpack_publicize_feature_enabled":true,"jetpack_social_post_already_shared":true,"jetpack_social_options":{"image_generator_settings":{"template":"highway","default_image_id":0,"font":"","enabled":false},"version":2}},"categories":[5],"tags":[174],"class_list":{"0":"post-3898","1":"post","2":"type-post","3":"status-publish","4":"format-standard","5":"has-post-thumbnail","7":"category-noticias","8":"tag-jornadas","9":"czr-hentry"},"jetpack_publicize_connections":[],"jetpack_featured_media_url":"https:\/\/i0.wp.com\/cepronda.com\/blog\/wp-content\/uploads\/2020\/10\/JORNADAS-PARA-LA-COORDINACION-TDE-EN-LOS-CENTROS-1.png?fit=1587%2C2245&ssl=1","jetpack_shortlink":"https:\/\/wp.me\/p8M4X7-10S","jetpack-related-posts":[{"id":4780,"url":"https:\/\/cepronda.com\/blog\/jornadas-provinciales-red-tde-malaga\/","url_meta":{"origin":3898,"position":0},"title":"JORNADAS PROVINCIALES RED TDE M\u00c1LAGA","author":"Inmaculada Garc\u00eda","date":"18 octubre, 2021","format":false,"excerpt":"Buenas tardes compa\u00f1eras y compa\u00f1eros, Os informamos que est\u00e1 abierto el plazo de inscripci\u00f3n en la actividad JORNADAS PROVINCIALES RED TDE M\u00c1LAGA (222924GE040), dirigida exclusivamente a responsables de la coordinaci\u00f3n TDE de los centros. Es de \u00e1mbito Provincial. Plazo de inscripci\u00f3n: 13\/10\/2021 hasta 22\/10\/2021 Desarrollo de la\u00a0 actividad: 26 de\u2026","rel":"","context":"En \u00abNoticias\u00bb","block_context":{"text":"Noticias","link":"https:\/\/cepronda.com\/blog\/category\/noticias\/"},"img":{"alt_text":"","src":"https:\/\/i0.wp.com\/cepronda.com\/blog\/wp-content\/uploads\/2021\/10\/JORNADAS-PARA-LA-COORDINACION-TDE-EN-LOS-CENTROS-212x300.png?resize=350%2C200","width":350,"height":200},"classes":[]},{"id":7507,"url":"https:\/\/cepronda.com\/blog\/jornadas-provinciales-de-difusion-y-buenas-practicas-de-centros-de-comunidades-de-aprendizaje\/","url_meta":{"origin":3898,"position":1},"title":"JORNADAS PROVINCIALES DE DIFUSI\u00d3N Y BUENAS PR\u00c1CTICAS DE CENTROS DE COMUNIDADES DE APRENDIZAJE","author":"Mamen Moreno","date":"15 marzo, 2024","format":false,"excerpt":"Abierto el plazo de inscripci\u00f3n hasta el 10 de abril para la actividad formativa provincial: \"JORNADAS PROVINCIALES DE DIFUSI\u00d3N Y BUENAS PR\u00c1CTICAS DE CENTROS DE COMUNIDADES DE APRENDIZAJE\" con c\u00f3digo 242926GE515. Organizan los CEPs de la provincia de M\u00e1laga y se desarrollar\u00e1 en las Escuelas de Ingenier\u00edas Industriales de M\u00e1laga\u2026","rel":"","context":"En \u00abNoticias\u00bb","block_context":{"text":"Noticias","link":"https:\/\/cepronda.com\/blog\/category\/noticias\/"},"img":{"alt_text":"","src":"https:\/\/i0.wp.com\/cepronda.com\/blog\/wp-content\/uploads\/2024\/03\/cartel-JORNADAS-PROVINCIALES-INFORMATIVAS-Y-DIFUSION-DE-BUENAS-PRACTICAS-DE-CENTROS-COMUNIDAD-DE-APRENDIZAJe_pages-to-jpg-0001-scaled.jpg?fit=848%2C1200&ssl=1&resize=350%2C200","width":350,"height":200,"srcset":"https:\/\/i0.wp.com\/cepronda.com\/blog\/wp-content\/uploads\/2024\/03\/cartel-JORNADAS-PROVINCIALES-INFORMATIVAS-Y-DIFUSION-DE-BUENAS-PRACTICAS-DE-CENTROS-COMUNIDAD-DE-APRENDIZAJe_pages-to-jpg-0001-scaled.jpg?fit=848%2C1200&ssl=1&resize=350%2C200 1x, https:\/\/i0.wp.com\/cepronda.com\/blog\/wp-content\/uploads\/2024\/03\/cartel-JORNADAS-PROVINCIALES-INFORMATIVAS-Y-DIFUSION-DE-BUENAS-PRACTICAS-DE-CENTROS-COMUNIDAD-DE-APRENDIZAJe_pages-to-jpg-0001-scaled.jpg?fit=848%2C1200&ssl=1&resize=525%2C300 1.5x, https:\/\/i0.wp.com\/cepronda.com\/blog\/wp-content\/uploads\/2024\/03\/cartel-JORNADAS-PROVINCIALES-INFORMATIVAS-Y-DIFUSION-DE-BUENAS-PRACTICAS-DE-CENTROS-COMUNIDAD-DE-APRENDIZAJe_pages-to-jpg-0001-scaled.jpg?fit=848%2C1200&ssl=1&resize=700%2C400 2x"},"classes":[]},{"id":3740,"url":"https:\/\/cepronda.com\/blog\/jornadas-de-la-competencia-comunicativapensamiento-critico-y-creatividad\/","url_meta":{"origin":3898,"position":2},"title":"Jornadas de la Competencia Comunicativa:Pensamiento Cr\u00edtico y Creatividad","author":"Maribel Mu\u00f1oz","date":"15 septiembre, 2020","format":false,"excerpt":"Buenas\u00a0 tardes compa\u00f1eras y compa\u00f1eros, Os informamos que est\u00e1 abierto el plazo de inscripci\u00f3n de las Jornadas Provinciales sobre Competencia Comunicativa: Pensamiento Cr\u00edtico y Creatividad, dirigida a todos los niveles de centros p\u00fablicos, que se realizar\u00e1n el 30 de Septiembre y el 1 de Octubre, en horario de 17:00 a\u2026","rel":"","context":"En \u00abFormaciones\u00bb","block_context":{"text":"Formaciones","link":"https:\/\/cepronda.com\/blog\/category\/formaciones\/"},"img":{"alt_text":"","src":"https:\/\/i0.wp.com\/cepronda.com\/blog\/wp-content\/uploads\/2020\/09\/WhatsApp-Image-2020-09-15-at-13.29.01.jpeg?resize=350%2C200&ssl=1","width":350,"height":200,"srcset":"https:\/\/i0.wp.com\/cepronda.com\/blog\/wp-content\/uploads\/2020\/09\/WhatsApp-Image-2020-09-15-at-13.29.01.jpeg?resize=350%2C200&ssl=1 1x, https:\/\/i0.wp.com\/cepronda.com\/blog\/wp-content\/uploads\/2020\/09\/WhatsApp-Image-2020-09-15-at-13.29.01.jpeg?resize=525%2C300&ssl=1 1.5x, https:\/\/i0.wp.com\/cepronda.com\/blog\/wp-content\/uploads\/2020\/09\/WhatsApp-Image-2020-09-15-at-13.29.01.jpeg?resize=700%2C400&ssl=1 2x"},"classes":[]},{"id":7206,"url":"https:\/\/cepronda.com\/blog\/formacion-inicial-para-nuevos-centros-bilingues-coordinacion-novel-249922kpi008\/","url_meta":{"origin":3898,"position":3},"title":"FORMACI\u00d3N INICIAL PARA NUEVOS CENTROS BILING\u00dcES. COORDINACI\u00d3N NOVEL. (249922KPI008)","author":"Inmaculada Garc\u00eda","date":"10 noviembre, 2023","format":false,"excerpt":"Se encuentra abierto el plazo de inscripci\u00f3n en la formaci\u00f3n provincial, gestionada por el CEP de M\u00e1laga: FORMACI\u00d3N INICIAL PARA NUEVOS CENTROS BILING\u00dcES. COORDINACI\u00d3N NOVEL. C\u00f3digo: 249922KPI008 Fecha de realizaci\u00f3n: 24\/11\/2023 hasta 11\/12\/2023. Fecha inscripci\u00f3n: 08\/11\/2023 hasta 19\/11\/2023. Duraci\u00f3n: 8 horas. (4 horas presenciales + 4 no presenciales). M\u00e1s informaci\u00f3n\u2026","rel":"","context":"En \u00abFormaciones\u00bb","block_context":{"text":"Formaciones","link":"https:\/\/cepronda.com\/blog\/category\/formaciones\/"},"img":{"alt_text":"","src":"https:\/\/i0.wp.com\/cepronda.com\/blog\/wp-content\/uploads\/2023\/11\/centros-bilingues.jpg?fit=1080%2C1080&ssl=1&resize=350%2C200","width":350,"height":200,"srcset":"https:\/\/i0.wp.com\/cepronda.com\/blog\/wp-content\/uploads\/2023\/11\/centros-bilingues.jpg?fit=1080%2C1080&ssl=1&resize=350%2C200 1x, https:\/\/i0.wp.com\/cepronda.com\/blog\/wp-content\/uploads\/2023\/11\/centros-bilingues.jpg?fit=1080%2C1080&ssl=1&resize=525%2C300 1.5x, https:\/\/i0.wp.com\/cepronda.com\/blog\/wp-content\/uploads\/2023\/11\/centros-bilingues.jpg?fit=1080%2C1080&ssl=1&resize=700%2C400 2x, https:\/\/i0.wp.com\/cepronda.com\/blog\/wp-content\/uploads\/2023\/11\/centros-bilingues.jpg?fit=1080%2C1080&ssl=1&resize=1050%2C600 3x"},"classes":[]},{"id":8430,"url":"https:\/\/cepronda.com\/blog\/vii-jornadas-provinciales-de-educacion-fisica\/","url_meta":{"origin":3898,"position":4},"title":"VII JORNADAS PROVINCIALES DE EDUCACI\u00d3N F\u00cdSICA. MODELOS PEDAG\u00d3GICOS","author":"V\u00edctor Caballero","date":"1 abril, 2025","format":false,"excerpt":"Se abre el plazo de inscripci\u00f3n para las \"VII JORNADAS PROVINCIALES DE EDUCACI\u00d3N F\u00cdSICA (#EFIMA25): MODELOS PEDAG\u00d3GICOS EN EDUCACI\u00d3N F\u00cdSICA\" Dirigida al profesorado de Educaci\u00f3n F\u00edsica de la provincia de M\u00e1laga. Las fechas de realizaci\u00f3n:\u00a014 y 15 de mayo de 2025 Lugar: CEULAJ de Mollina. Fechas de inscripci\u00f3n: desde el\u2026","rel":"","context":"En \u00abFormaciones\u00bb","block_context":{"text":"Formaciones","link":"https:\/\/cepronda.com\/blog\/category\/formaciones\/"},"img":{"alt_text":"","src":"https:\/\/i0.wp.com\/cepronda.com\/blog\/wp-content\/uploads\/2025\/04\/Captura-de-pantalla-2025-04-01-a-las-12.27.42.png?fit=716%2C1009&ssl=1&resize=350%2C200","width":350,"height":200,"srcset":"https:\/\/i0.wp.com\/cepronda.com\/blog\/wp-content\/uploads\/2025\/04\/Captura-de-pantalla-2025-04-01-a-las-12.27.42.png?fit=716%2C1009&ssl=1&resize=350%2C200 1x, https:\/\/i0.wp.com\/cepronda.com\/blog\/wp-content\/uploads\/2025\/04\/Captura-de-pantalla-2025-04-01-a-las-12.27.42.png?fit=716%2C1009&ssl=1&resize=525%2C300 1.5x, https:\/\/i0.wp.com\/cepronda.com\/blog\/wp-content\/uploads\/2025\/04\/Captura-de-pantalla-2025-04-01-a-las-12.27.42.png?fit=716%2C1009&ssl=1&resize=700%2C400 2x"},"classes":[]},{"id":7694,"url":"https:\/\/cepronda.com\/blog\/jornadas-para-responsables-de-formacion-y-equipos-directivos-de-los-centros-educativos-12h-codigo-252924ge001\/","url_meta":{"origin":3898,"position":5},"title":"JORNADAS PARA RESPONSABLES DE FORMACI\u00d3N Y EQUIPOS DIRECTIVOS DE LOS CENTROS EDUCATIVOS (12h), c\u00f3digo 252924GE001.","author":"Inmaculada Garc\u00eda","date":"11 septiembre, 2024","format":false,"excerpt":"Os informamos que se encuentra abierta la inscripci\u00f3n en el curso provincial: JORNADAS PARA RESPONSABLES DE FORMACI\u00d3N Y EQUIPOS DIRECTIVOS DE LOS CENTROS EDUCATIVOS (12h), con c\u00f3digo 252924GE001. Esta actividad est\u00e1 dirigida a equipos directivos de los diferentes niveles educativos, responsables de formaci\u00f3n de centros educativos de infantil, primaria y\u2026","rel":"","context":"En \u00abNoticias\u00bb","block_context":{"text":"Noticias","link":"https:\/\/cepronda.com\/blog\/category\/noticias\/"},"img":{"alt_text":"","src":"https:\/\/i0.wp.com\/cepronda.com\/blog\/wp-content\/uploads\/2024\/09\/CARTEL-FEIE.jpg?fit=1080%2C1080&ssl=1&resize=350%2C200","width":350,"height":200,"srcset":"https:\/\/i0.wp.com\/cepronda.com\/blog\/wp-content\/uploads\/2024\/09\/CARTEL-FEIE.jpg?fit=1080%2C1080&ssl=1&resize=350%2C200 1x, https:\/\/i0.wp.com\/cepronda.com\/blog\/wp-content\/uploads\/2024\/09\/CARTEL-FEIE.jpg?fit=1080%2C1080&ssl=1&resize=525%2C300 1.5x, https:\/\/i0.wp.com\/cepronda.com\/blog\/wp-content\/uploads\/2024\/09\/CARTEL-FEIE.jpg?fit=1080%2C1080&ssl=1&resize=700%2C400 2x, https:\/\/i0.wp.com\/cepronda.com\/blog\/wp-content\/uploads\/2024\/09\/CARTEL-FEIE.jpg?fit=1080%2C1080&ssl=1&resize=1050%2C600 3x"},"classes":[]}],"jetpack_sharing_enabled":true,"_links":{"self":[{"href":"https:\/\/cepronda.com\/blog\/wp-json\/wp\/v2\/posts\/3898","targetHints":{"allow":["GET"]}}],"collection":[{"href":"https:\/\/cepronda.com\/blog\/wp-json\/wp\/v2\/posts"}],"about":[{"href":"https:\/\/cepronda.com\/blog\/wp-json\/wp\/v2\/types\/post"}],"author":[{"embeddable":true,"href":"https:\/\/cepronda.com\/blog\/wp-json\/wp\/v2\/users\/3"}],"replies":[{"embeddable":true,"href":"https:\/\/cepronda.com\/blog\/wp-json\/wp\/v2\/comments?post=3898"}],"version-history":[{"count":1,"href":"https:\/\/cepronda.com\/blog\/wp-json\/wp\/v2\/posts\/3898\/revisions"}],"predecessor-version":[{"id":3899,"href":"https:\/\/cepronda.com\/blog\/wp-json\/wp\/v2\/posts\/3898\/revisions\/3899"}],"wp:featuredmedia":[{"embeddable":true,"href":"https:\/\/cepronda.com\/blog\/wp-json\/wp\/v2\/media\/3892"}],"wp:attachment":[{"href":"https:\/\/cepronda.com\/blog\/wp-json\/wp\/v2\/media?parent=3898"}],"wp:term":[{"taxonomy":"category","embeddable":true,"href":"https:\/\/cepronda.com\/blog\/wp-json\/wp\/v2\/categories?post=3898"},{"taxonomy":"post_tag","embeddable":true,"href":"https:\/\/cepronda.com\/blog\/wp-json\/wp\/v2\/tags?post=3898"}],"curies":[{"name":"wp","href":"https:\/\/api.w.org\/{rel}","templated":true}]}}