{"id":384,"date":"2016-11-25T13:35:33","date_gmt":"2016-11-25T12:35:33","guid":{"rendered":"http:\/\/cepronda.com\/blog\/?p=384"},"modified":"2016-11-25T13:35:33","modified_gmt":"2016-11-25T12:35:33","slug":"exposicion-es-natural-diversidad-en-el-reino-animal","status":"publish","type":"post","link":"https:\/\/cepronda.com\/blog\/exposicion-es-natural-diversidad-en-el-reino-animal\/","title":{"rendered":"Exposici\u00f3n \u00abES NATURAL: diversidad en el reino animal\u00bb"},"content":{"rendered":"<p><span style=\"font-family: arial, helvetica, sans-serif;\">Hola a todas y a todos,<\/span><\/p>\n<div><span style=\"font-family: arial, helvetica, sans-serif;\">\u00a0<\/span><\/div>\n<div><span style=\"font-family: arial, helvetica, sans-serif;\">Os informaros de una actividad que tendr\u00e1 lugar el pr\u00f3ximo mi\u00e9rcoles d\u00eda 30 de noviembre aqu\u00ed en el CEP de Ronda, y que creemos que puede resultar muy interesante.<\/span><\/div>\n<div><span style=\"font-family: arial, helvetica, sans-serif;\">\u00a0<\/span><\/div>\n<div>\n<p><span style=\"font-family: arial, helvetica, sans-serif;\">Desde la Federaci\u00f3n Arco Iris, de M\u00e1laga, se pusieron en contacto con el CEP para hacer una presentaci\u00f3n de una exposici\u00f3n sobre la diversidad sexual \u00a0creada por profesorado del Grupo de Trabajo \u201c<a href=\"http:\/\/www.escuelasinarmarios.tk\/\" target=\"_blank\" data-saferedirecturl=\"https:\/\/www.google.com\/url?hl=es&amp;q=http:\/\/www.escuelasinarmarios.tk\/&amp;source=gmail&amp;ust=1480163053527000&amp;usg=AFQjCNHsO0p_Zn2wU7HgjJmJDQvG5bVF1A\">Escuela Sin Armarios<\/a>\u201d del\u00a0<b><a href=\"http:\/\/www.cepmalaga.com\/?SEC=home\" target=\"_blank\" data-saferedirecturl=\"https:\/\/www.google.com\/url?hl=es&amp;q=http:\/\/www.cepmalaga.com\/?SEC%3Dhome&amp;source=gmail&amp;ust=1480163053527000&amp;usg=AFQjCNE9e_V87OTHxeyPaCpTdhqrV2VPXg\">CEP de M\u00e1laga<\/a><\/b>, <a href=\"http:\/\/www.esnatural.ga\/\" target=\"_blank\" data-saferedirecturl=\"https:\/\/www.google.com\/url?hl=es&amp;q=http:\/\/www.esnatural.ga\/&amp;source=gmail&amp;ust=1480163053527000&amp;usg=AFQjCNEanShEuzM2xllQ_TQU6z7dqZC2_Q\">\u201cES NATURAL\u201d<\/a>. Se trata de \u00a0la\u00a0<b>primera exposici\u00f3n en Espa\u00f1a\u00a0<\/b>que aborda la homosexualidad y la transexualidad en el reino animal.<\/span><\/p>\n<div><a href=\"http:\/\/4.bp.blogspot.com\/-Pbb9p0a6dMM\/V_qmZKdbR4I\/AAAAAAAABcQ\/1xP1jcLFE7cL3SRUwi0Sgzo2ogpkYVRgwCK4B\/s1600\/Logo_peque.jpg\" target=\"_blank\" data-saferedirecturl=\"https:\/\/www.google.com\/url?hl=es&amp;q=http:\/\/4.bp.blogspot.com\/-Pbb9p0a6dMM\/V_qmZKdbR4I\/AAAAAAAABcQ\/1xP1jcLFE7cL3SRUwi0Sgzo2ogpkYVRgwCK4B\/s1600\/Logo_peque.jpg&amp;source=gmail&amp;ust=1480163053527000&amp;usg=AFQjCNFH6myBcHkW-wjlS9KMfnvvSUU_Tg\"><span style=\"font-family: arial, helvetica, sans-serif;\"><br \/>\n<\/span><\/a><span style=\"font-family: arial, helvetica, sans-serif;\"><a href=\"http:\/\/www.esnatural.ga\/\" target=\"_blank\" data-saferedirecturl=\"https:\/\/www.google.com\/url?hl=es&amp;q=http:\/\/www.esnatural.ga\/&amp;source=gmail&amp;ust=1480163053527000&amp;usg=AFQjCNEanShEuzM2xllQ_TQU6z7dqZC2_Q\">\u201cES NATURAL\u201d<\/a> es adem\u00e1s la\u00a0<b>primera exposici\u00f3n infantil<\/b>\u00a0sobre diversidad sexual. La exposici\u00f3n est\u00e1 adaptada para los niveles de infantil y\u00a0<b>primaria<\/b>\u00a0de los\u00a0<b>colegios<\/b>, mostrando a partir de dibujos de acuarela y textos sencillos ejemplos reales sobre la\u00a0<b>transexualidad<\/b>, la<b>\u00a0intersexualidad\u00a0<\/b>y la\u00a0<b>homosexualidad<\/b>\u00a0en 12 especies animales evitando explicitar los t\u00e9rminos con la ra\u00edz de la palabra \u201csexo\u201c.<br \/>\n<\/span><\/div>\n<div><span style=\"font-family: arial, helvetica, sans-serif;\">\u00a0<\/span><\/div>\n<div><span style=\"font-family: arial, helvetica, sans-serif;\">Si hac\u00e9is <a href=\"http:\/\/www.esnatural.ga\/\" target=\"_blank\" data-saferedirecturl=\"https:\/\/www.google.com\/url?hl=es&amp;q=http:\/\/www.esnatural.ga\/&amp;source=gmail&amp;ust=1480163053527000&amp;usg=AFQjCNEanShEuzM2xllQ_TQU6z7dqZC2_Q\">clic en el enlace<\/a> podr\u00e9is ver el enlace a los carteles, as\u00ed como los cuentos y las encuestas que est\u00e1n preparadas para que el alumnado de Infantil y Primaria las haga despu\u00e9s de ver la exposici\u00f3n.\u00a0<\/span><\/div>\n<div><span style=\"font-family: arial, helvetica, sans-serif;\">\u00a0<\/span><\/div>\n<div><span style=\"font-family: arial, helvetica, sans-serif;\">Adem\u00e1s, el motivo de este correo es el de comentaros que hemos hablado con Gonzalo de la Federaci\u00f3n Arco Iris, y adem\u00e1s de venir a la presentaci\u00f3n a la prensa de la exposici\u00f3n, que ser\u00e1 por la ma\u00f1ana, se va a quedar para, a partir de las 16:30, explicarnos la exposici\u00f3n, los materiales y las posibilidades de trabajarlo en el aula. As\u00ed que el pr\u00f3ximo <b>MI\u00c9RCOLES 30 DE NOVIEMBRE a las 16:30<\/b> est\u00e1is invitados e invitadas a venir al CEP y conocer de primera mano los materiales y a Gonzalo.\u00a0<\/span><\/div>\n<div><span style=\"font-family: arial, helvetica, sans-serif;\">\u00a0<\/span><\/div>\n<div><span style=\"font-family: arial, helvetica, sans-serif;\">Creo que es una gran oportunidad para que veamos la exposici\u00f3n y sus posibilidades de uso en nuestros coles. Los paneles quedar\u00e1n expuestos en el CEP durante una semana, y a posteriori el Ayuntamiento de Ronda los pondr\u00e1 a disposici\u00f3n de los centros.\u00a0<\/span><\/div>\n<\/div>\n<div><\/div>\n<div><img data-recalc-dims=\"1\" loading=\"lazy\" decoding=\"async\" class=\"aligncenter wp-image-385\" src=\"https:\/\/i0.wp.com\/cepronda.com\/blog\/wp-content\/uploads\/2016\/11\/zz-imagenes-sueltas-OVEJAS.jpg?resize=366%2C200\" alt=\"zz-imagenes-sueltas-ovejas\" width=\"366\" height=\"200\" \/><\/div>\n<div><\/div>\n","protected":false},"excerpt":{"rendered":"<p>Hola a todas y a todos, \u00a0 Os informaros de una actividad que tendr\u00e1 lugar el pr\u00f3ximo mi\u00e9rcoles d\u00eda 30 de noviembre aqu\u00ed en el CEP de Ronda, y que creemos que puede resultar muy interesante. \u00a0 Desde la Federaci\u00f3n Arco Iris, de M\u00e1laga, se pusieron en contacto con el CEP para hacer una presentaci\u00f3n [&hellip;]<\/p>\n","protected":false},"author":3,"featured_media":385,"comment_status":"open","ping_status":"open","sticky":false,"template":"","format":"standard","meta":{"_crdt_document":"","advanced_seo_description":"","jetpack_seo_html_title":"","jetpack_seo_noindex":false,"jetpack_post_was_ever_published":false,"_jetpack_newsletter_access":"","_jetpack_dont_email_post_to_subs":false,"_jetpack_newsletter_tier_id":0,"_jetpack_memberships_contains_paywalled_content":false,"_jetpack_memberships_contains_paid_content":false,"footnotes":"","jetpack_publicize_message":"","jetpack_publicize_feature_enabled":true,"jetpack_social_post_already_shared":false,"jetpack_social_options":{"image_generator_settings":{"template":"highway","default_image_id":0,"font":"","enabled":false},"version":2}},"categories":[5],"tags":[37],"class_list":{"0":"post-384","1":"post","2":"type-post","3":"status-publish","4":"format-standard","5":"has-post-thumbnail","7":"category-noticias","8":"tag-igualdad","9":"czr-hentry"},"jetpack_publicize_connections":[],"jetpack_featured_media_url":"","jetpack_shortlink":"https:\/\/wp.me\/p8M4X7-6c","jetpack-related-posts":[{"id":5854,"url":"https:\/\/cepronda.com\/blog\/exposicion-fotografica-con-ojos-de-mujer-en-el-cep-de-ronda\/","url_meta":{"origin":384,"position":0},"title":"EXPOSICI\u00d3N FOTOGR\u00c1FICA \u00abCON OJOS DE MUJER\u00bb EN EL CEP DE RONDA","author":"Mamen Moreno","date":"21 marzo, 2023","format":false,"excerpt":"Os invitamos a la exposici\u00f3n de fotograf\u00eda itinerante de USTEA, en el CEP de Ronda, con la finalidad de continuar con su apuesta de impulsar una educaci\u00f3n en igualdad, as\u00ed como promocionar la creaci\u00f3n art\u00edstica y la participaci\u00f3n de las mujeres a trav\u00e9s de la fotograf\u00eda. Se pone a disposici\u00f3n\u2026","rel":"","context":"En \u00abFormaciones\u00bb","block_context":{"text":"Formaciones","link":"https:\/\/cepronda.com\/blog\/category\/formaciones\/"},"img":{"alt_text":"","src":"https:\/\/i0.wp.com\/cepronda.com\/blog\/wp-content\/uploads\/2023\/03\/CURSO-2.jpg?fit=1080%2C1080&ssl=1&resize=350%2C200","width":350,"height":200,"srcset":"https:\/\/i0.wp.com\/cepronda.com\/blog\/wp-content\/uploads\/2023\/03\/CURSO-2.jpg?fit=1080%2C1080&ssl=1&resize=350%2C200 1x, https:\/\/i0.wp.com\/cepronda.com\/blog\/wp-content\/uploads\/2023\/03\/CURSO-2.jpg?fit=1080%2C1080&ssl=1&resize=525%2C300 1.5x, https:\/\/i0.wp.com\/cepronda.com\/blog\/wp-content\/uploads\/2023\/03\/CURSO-2.jpg?fit=1080%2C1080&ssl=1&resize=700%2C400 2x, https:\/\/i0.wp.com\/cepronda.com\/blog\/wp-content\/uploads\/2023\/03\/CURSO-2.jpg?fit=1080%2C1080&ssl=1&resize=1050%2C600 3x"},"classes":[]},{"id":3361,"url":"https:\/\/cepronda.com\/blog\/itinerario-formativo-en-atencion-a-la-diversidad-del-cep-de-ronda\/","url_meta":{"origin":384,"position":1},"title":"Itinerario formativo en atenci\u00f3n a la diversidad del CEP de Ronda","author":"V\u00edctor Caballero","date":"23 enero, 2020","format":false,"excerpt":"Muy buenas familia, Os dejamos con cartel informativo que ha preparado nuestra compa\u00f1era Claudia sobre las actividades formativas dirigidas a la atenci\u00f3n a la diversidad. En el mismo pod\u00e9is encontrar toda la informaci\u00f3n necesaria, y adem\u00e1s recordad que siempre pod\u00e9is llamarnos o escribirnos.","rel":"","context":"En \u00abFormaciones\u00bb","block_context":{"text":"Formaciones","link":"https:\/\/cepronda.com\/blog\/category\/formaciones\/"},"img":{"alt_text":"","src":"https:\/\/i0.wp.com\/cepronda.com\/blog\/wp-content\/uploads\/2020\/01\/ITINERARIO-FORMATIVO-ATENCI%C3%93N-A-LA-DIVERSIDAD-%C3%9ALTIMO.png?fit=1200%2C848&ssl=1&resize=350%2C200","width":350,"height":200,"srcset":"https:\/\/i0.wp.com\/cepronda.com\/blog\/wp-content\/uploads\/2020\/01\/ITINERARIO-FORMATIVO-ATENCI%C3%93N-A-LA-DIVERSIDAD-%C3%9ALTIMO.png?fit=1200%2C848&ssl=1&resize=350%2C200 1x, https:\/\/i0.wp.com\/cepronda.com\/blog\/wp-content\/uploads\/2020\/01\/ITINERARIO-FORMATIVO-ATENCI%C3%93N-A-LA-DIVERSIDAD-%C3%9ALTIMO.png?fit=1200%2C848&ssl=1&resize=525%2C300 1.5x, https:\/\/i0.wp.com\/cepronda.com\/blog\/wp-content\/uploads\/2020\/01\/ITINERARIO-FORMATIVO-ATENCI%C3%93N-A-LA-DIVERSIDAD-%C3%9ALTIMO.png?fit=1200%2C848&ssl=1&resize=700%2C400 2x, https:\/\/i0.wp.com\/cepronda.com\/blog\/wp-content\/uploads\/2020\/01\/ITINERARIO-FORMATIVO-ATENCI%C3%93N-A-LA-DIVERSIDAD-%C3%9ALTIMO.png?fit=1200%2C848&ssl=1&resize=1050%2C600 3x"},"classes":[]},{"id":7220,"url":"https:\/\/cepronda.com\/blog\/encuentro-red-profesional-de-educacion-especial-cep-de-ronda-242924ge014\/","url_meta":{"origin":384,"position":2},"title":"ENCUENTRO COMUNIDAD PROFESIONAL DE EDUCACI\u00d3N ESPECIAL. CEP DE RONDA (242924GE014)","author":"Inmaculada Garc\u00eda","date":"22 noviembre, 2023","format":false,"excerpt":"Ya tenemos fecha para nuestro primer encuentro. Nos vemos el 29 de noviembre a las 17:00 en el CEP de Ronda. No olvides inscribirte a trav\u00e9s de S\u00e9neca.\u00a0 Actualizaremos la informaci\u00f3n sobre legislaci\u00f3n, programas, informaci\u00f3n de la Inspecci\u00f3n y otros temas en los que tengamos dudas sobre nuestro trabajo diario.\u2026","rel":"","context":"En \u00abFormaciones\u00bb","block_context":{"text":"Formaciones","link":"https:\/\/cepronda.com\/blog\/category\/formaciones\/"},"img":{"alt_text":"","src":"https:\/\/i0.wp.com\/cepronda.com\/blog\/wp-content\/uploads\/2023\/11\/ENCUENTRO-RED-EE.png?fit=1200%2C1200&ssl=1&resize=350%2C200","width":350,"height":200,"srcset":"https:\/\/i0.wp.com\/cepronda.com\/blog\/wp-content\/uploads\/2023\/11\/ENCUENTRO-RED-EE.png?fit=1200%2C1200&ssl=1&resize=350%2C200 1x, https:\/\/i0.wp.com\/cepronda.com\/blog\/wp-content\/uploads\/2023\/11\/ENCUENTRO-RED-EE.png?fit=1200%2C1200&ssl=1&resize=525%2C300 1.5x, https:\/\/i0.wp.com\/cepronda.com\/blog\/wp-content\/uploads\/2023\/11\/ENCUENTRO-RED-EE.png?fit=1200%2C1200&ssl=1&resize=700%2C400 2x, https:\/\/i0.wp.com\/cepronda.com\/blog\/wp-content\/uploads\/2023\/11\/ENCUENTRO-RED-EE.png?fit=1200%2C1200&ssl=1&resize=1050%2C600 3x"},"classes":[]},{"id":7600,"url":"https:\/\/cepronda.com\/blog\/2o-encuentro-comunidad-de-profesionales-de-educacion-especial-cep-de-ronda-242924ge014\/","url_meta":{"origin":384,"position":3},"title":"2\u00ba ENCUENTRO COMUNIDAD DE PROFESIONALES DE EDUCACI\u00d3N ESPECIAL. CEP DE RONDA (242924GE014)","author":"Inmaculada Garc\u00eda","date":"3 mayo, 2024","format":false,"excerpt":"Ya tenemos fecha para nuestro segundo encuentro. \u00a0 Nos vemos el 14 de mayo a las 16:30 en el CEP de Ronda. \u00a0 Contaremos con la presencia de Antonio M\u00e1rquez (AulaDesigual) que nos mostrar\u00e1 pr\u00e1cticas innovadoras de c\u00f3mo trabajar la atenci\u00f3n espec\u00edfica dentro del aula ordinaria. Revisaremos, tambi\u00e9n, el portal\u2026","rel":"","context":"En \u00abFormaciones\u00bb","block_context":{"text":"Formaciones","link":"https:\/\/cepronda.com\/blog\/category\/formaciones\/"},"img":{"alt_text":"","src":"https:\/\/i0.wp.com\/cepronda.com\/blog\/wp-content\/uploads\/2024\/05\/COMUNIDAD-EE-POST-INSTAGRAM.png?fit=1080%2C1080&ssl=1&resize=350%2C200","width":350,"height":200,"srcset":"https:\/\/i0.wp.com\/cepronda.com\/blog\/wp-content\/uploads\/2024\/05\/COMUNIDAD-EE-POST-INSTAGRAM.png?fit=1080%2C1080&ssl=1&resize=350%2C200 1x, https:\/\/i0.wp.com\/cepronda.com\/blog\/wp-content\/uploads\/2024\/05\/COMUNIDAD-EE-POST-INSTAGRAM.png?fit=1080%2C1080&ssl=1&resize=525%2C300 1.5x, https:\/\/i0.wp.com\/cepronda.com\/blog\/wp-content\/uploads\/2024\/05\/COMUNIDAD-EE-POST-INSTAGRAM.png?fit=1080%2C1080&ssl=1&resize=700%2C400 2x, https:\/\/i0.wp.com\/cepronda.com\/blog\/wp-content\/uploads\/2024\/05\/COMUNIDAD-EE-POST-INSTAGRAM.png?fit=1080%2C1080&ssl=1&resize=1050%2C600 3x"},"classes":[]},{"id":7573,"url":"https:\/\/cepronda.com\/blog\/xiv-jornadas-autonomicas-bajo-el-titulo-inclusion-3d-diversidad-dialogo-y-desarrollo\/","url_meta":{"origin":384,"position":4},"title":"XIV Jornadas Auton\u00f3micas bajo el t\u00edtulo \u00abInclusi\u00f3n 3D: Diversidad, Di\u00e1logo y Desarrollo","author":"Mamen Moreno","date":"16 abril, 2024","format":false,"excerpt":"El Consejo Escolar de Andaluc\u00eda organiza junto con el CEP de Granada las \"XIV Jornadas Auton\u00f3micas bajo el t\u00edtulo \"Inclusi\u00f3n 3D: Diversidad, Di\u00e1logo y Desarrollo\". Plazo de inscripci\u00f3n: lunes 8 de abril al martes 30 de abril. Fecha de realizaci\u00f3n 16 y 17 de mayo Inscripci\u00f3n: https:\/\/www.juntadeandalucia.es\/educacion\/secretariavirtual\/consultaCEP\/actividad\/241811GE044\/","rel":"","context":"En \u00abNoticias\u00bb","block_context":{"text":"Noticias","link":"https:\/\/cepronda.com\/blog\/category\/noticias\/"},"img":{"alt_text":"","src":"https:\/\/i0.wp.com\/cepronda.com\/blog\/wp-content\/uploads\/2024\/04\/WhatsApp-Image-2024-03-21-at-13.33.00.jpeg?fit=1145%2C700&ssl=1&resize=350%2C200","width":350,"height":200,"srcset":"https:\/\/i0.wp.com\/cepronda.com\/blog\/wp-content\/uploads\/2024\/04\/WhatsApp-Image-2024-03-21-at-13.33.00.jpeg?fit=1145%2C700&ssl=1&resize=350%2C200 1x, https:\/\/i0.wp.com\/cepronda.com\/blog\/wp-content\/uploads\/2024\/04\/WhatsApp-Image-2024-03-21-at-13.33.00.jpeg?fit=1145%2C700&ssl=1&resize=525%2C300 1.5x, https:\/\/i0.wp.com\/cepronda.com\/blog\/wp-content\/uploads\/2024\/04\/WhatsApp-Image-2024-03-21-at-13.33.00.jpeg?fit=1145%2C700&ssl=1&resize=700%2C400 2x, https:\/\/i0.wp.com\/cepronda.com\/blog\/wp-content\/uploads\/2024\/04\/WhatsApp-Image-2024-03-21-at-13.33.00.jpeg?fit=1145%2C700&ssl=1&resize=1050%2C600 3x"},"classes":[]},{"id":1946,"url":"https:\/\/cepronda.com\/blog\/presentacion-de-las-jornadas-el-papel-de-las-tutorias-en-la-atencion-a-la-diversidad\/","url_meta":{"origin":384,"position":5},"title":"Presentaci\u00f3n de las Jornadas  \u00abEl papel de las tutor\u00edas en la atenci\u00f3n a la diversidad\u00bb","author":"V\u00edctor Caballero","date":"25 mayo, 2018","format":false,"excerpt":"\u00a1Hola de nuevo! Compartimos la presentaci\u00f3n usada por el Equipo de Lecto-escritura de la Delegaci\u00f3n de M\u00e1laga en las jornadas que han tenido lugar estos dos mi\u00e9rcoles pasados, y que consideramos muy interesantes. Desde el CEP queremos dar las gracias a Yolanda Parra y Juan Manuel Fern\u00e1ndez por su profesionalidad\u2026","rel":"","context":"En \u00abFormaciones\u00bb","block_context":{"text":"Formaciones","link":"https:\/\/cepronda.com\/blog\/category\/formaciones\/"},"img":{"alt_text":"","src":"https:\/\/i0.wp.com\/cepronda.com\/blog\/wp-content\/uploads\/2018\/04\/crayon-215873_640.jpg?fit=640%2C480&ssl=1&resize=350%2C200","width":350,"height":200,"srcset":"https:\/\/i0.wp.com\/cepronda.com\/blog\/wp-content\/uploads\/2018\/04\/crayon-215873_640.jpg?fit=640%2C480&ssl=1&resize=350%2C200 1x, https:\/\/i0.wp.com\/cepronda.com\/blog\/wp-content\/uploads\/2018\/04\/crayon-215873_640.jpg?fit=640%2C480&ssl=1&resize=525%2C300 1.5x"},"classes":[]}],"jetpack_sharing_enabled":true,"_links":{"self":[{"href":"https:\/\/cepronda.com\/blog\/wp-json\/wp\/v2\/posts\/384","targetHints":{"allow":["GET"]}}],"collection":[{"href":"https:\/\/cepronda.com\/blog\/wp-json\/wp\/v2\/posts"}],"about":[{"href":"https:\/\/cepronda.com\/blog\/wp-json\/wp\/v2\/types\/post"}],"author":[{"embeddable":true,"href":"https:\/\/cepronda.com\/blog\/wp-json\/wp\/v2\/users\/3"}],"replies":[{"embeddable":true,"href":"https:\/\/cepronda.com\/blog\/wp-json\/wp\/v2\/comments?post=384"}],"version-history":[{"count":0,"href":"https:\/\/cepronda.com\/blog\/wp-json\/wp\/v2\/posts\/384\/revisions"}],"wp:featuredmedia":[{"embeddable":true,"href":"https:\/\/cepronda.com\/blog\/wp-json\/"}],"wp:attachment":[{"href":"https:\/\/cepronda.com\/blog\/wp-json\/wp\/v2\/media?parent=384"}],"wp:term":[{"taxonomy":"category","embeddable":true,"href":"https:\/\/cepronda.com\/blog\/wp-json\/wp\/v2\/categories?post=384"},{"taxonomy":"post_tag","embeddable":true,"href":"https:\/\/cepronda.com\/blog\/wp-json\/wp\/v2\/tags?post=384"}],"curies":[{"name":"wp","href":"https:\/\/api.w.org\/{rel}","templated":true}]}}