{"id":3819,"date":"2020-10-09T14:42:31","date_gmt":"2020-10-09T12:42:31","guid":{"rendered":"http:\/\/cepronda.com\/blog\/?p=3819"},"modified":"2025-04-28T11:56:29","modified_gmt":"2025-04-28T09:56:29","slug":"subsanacion-o-modificacion-datos-organizacion-y-funcionamiento-de-la-biblioteca-escolar","status":"publish","type":"post","link":"https:\/\/cepronda.com\/blog\/subsanacion-o-modificacion-datos-organizacion-y-funcionamiento-de-la-biblioteca-escolar\/","title":{"rendered":"Biblioteca escolar.Subsanaci\u00f3n datos"},"content":{"rendered":"<p>Buenas tardes compa\u00f1eras y compa\u00f1eros,<\/p>\n<p>Os informamos que hasta el d\u00eda&nbsp;<strong>16 de octubre de 2020 inclusive<\/strong> se podr\u00e1 realizar en S\u00e9neca la subsanaci\u00f3n o modificaci\u00f3n de datos de participaci\u00f3n en la <em>organizaci\u00f3n y funcionamiento<\/em> de la biblioteca escolar. En el siguiente <a href=\"https:\/\/blogsaverroes.juntadeandalucia.es\/becreadelegacionmalaga\/2020\/10\/09\/subsanacion-o-modificacion-datos-organizacion-y-funcionamiento-de-la-biblioteca-escolar\/\">enlace<\/a> podr\u00e9is consultar toda la informaci\u00f3n as\u00ed como los datos provisionales.<img data-recalc-dims=\"1\" loading=\"lazy\" decoding=\"async\" class=\"size-medium wp-image-3820 aligncenter\" src=\"https:\/\/i0.wp.com\/cepronda.com\/blog\/wp-content\/uploads\/2020\/10\/bibliotecas-escolares-300x70.jpg?resize=300%2C70\" alt=\"\" width=\"300\" height=\"70\" srcset=\"https:\/\/i0.wp.com\/cepronda.com\/blog\/wp-content\/uploads\/2020\/10\/bibliotecas-escolares.jpg?resize=300%2C70&amp;ssl=1 300w, https:\/\/i0.wp.com\/cepronda.com\/blog\/wp-content\/uploads\/2020\/10\/bibliotecas-escolares.jpg?w=465&amp;ssl=1 465w\" sizes=\"auto, (max-width: 300px) 100vw, 300px\" \/><\/p>\n<p>Deseamos que sea de vuestro inter\u00e9s.<\/p>\n<p>Saludos.<\/p>\n","protected":false},"excerpt":{"rendered":"<p>Buenas tardes compa\u00f1eras y compa\u00f1eros, Os informamos que hasta el d\u00eda&nbsp;16 de octubre de 2020 inclusive se podr\u00e1 realizar en S\u00e9neca la subsanaci\u00f3n o modificaci\u00f3n de datos de participaci\u00f3n en la organizaci\u00f3n y funcionamiento de la biblioteca escolar. En el siguiente enlace podr\u00e9is consultar toda la informaci\u00f3n as\u00ed como los datos provisionales. Deseamos que sea [&hellip;]<\/p>\n","protected":false},"author":10,"featured_media":0,"comment_status":"closed","ping_status":"open","sticky":false,"template":"","format":"standard","meta":{"_crdt_document":"","advanced_seo_description":"","jetpack_seo_html_title":"","jetpack_seo_noindex":false,"jetpack_post_was_ever_published":false,"_jetpack_newsletter_access":"","_jetpack_dont_email_post_to_subs":false,"_jetpack_newsletter_tier_id":0,"_jetpack_memberships_contains_paywalled_content":false,"_jetpack_memberships_contains_paid_content":false,"footnotes":"","jetpack_publicize_message":"","jetpack_publicize_feature_enabled":true,"jetpack_social_post_already_shared":true,"jetpack_social_options":{"image_generator_settings":{"template":"highway","default_image_id":0,"font":"","enabled":false},"version":2}},"categories":[3,5],"tags":[11,17],"class_list":{"0":"post-3819","1":"post","2":"type-post","3":"status-publish","4":"format-standard","6":"category-formaciones","7":"category-noticias","8":"tag-biblioteca","9":"tag-convocatorias","10":"czr-hentry"},"jetpack_publicize_connections":[],"jetpack_featured_media_url":"","jetpack_shortlink":"https:\/\/wp.me\/p8M4X7-ZB","jetpack-related-posts":[{"id":2711,"url":"https:\/\/cepronda.com\/blog\/dinamizacion-de-la-biblioteca-escolar-en-secundaria-y-bachillerato\/","url_meta":{"origin":3819,"position":0},"title":"DINAMIZACI\u00d3N DE LA BIBLIOTECA ESCOLAR EN SECUNDARIA Y BACHILLERATO","author":"V\u00edctor Caballero","date":"5 abril, 2019","format":false,"excerpt":"Muy buenas de nuevo, Queremos comentaros a todas las personas responsables de bibliotecas de Secundaria y Bachillerato, as\u00ed como a personas interesadas en el tema, que hemos preparado una actividad dirigida a conseguir los siguientes objetivos: 1. Conocer y aplicar una gesti\u00f3n eficiente de la Biblioteca Escolar. 2. Emplear la\u2026","rel":"","context":"En \u00abFormaciones\u00bb","block_context":{"text":"Formaciones","link":"https:\/\/cepronda.com\/blog\/category\/formaciones\/"},"img":{"alt_text":"","src":"https:\/\/i0.wp.com\/cepronda.com\/blog\/wp-content\/uploads\/2019\/04\/curso_biblioteca.png?fit=1200%2C716&ssl=1&resize=350%2C200","width":350,"height":200,"srcset":"https:\/\/i0.wp.com\/cepronda.com\/blog\/wp-content\/uploads\/2019\/04\/curso_biblioteca.png?fit=1200%2C716&ssl=1&resize=350%2C200 1x, https:\/\/i0.wp.com\/cepronda.com\/blog\/wp-content\/uploads\/2019\/04\/curso_biblioteca.png?fit=1200%2C716&ssl=1&resize=525%2C300 1.5x, https:\/\/i0.wp.com\/cepronda.com\/blog\/wp-content\/uploads\/2019\/04\/curso_biblioteca.png?fit=1200%2C716&ssl=1&resize=700%2C400 2x, https:\/\/i0.wp.com\/cepronda.com\/blog\/wp-content\/uploads\/2019\/04\/curso_biblioteca.png?fit=1200%2C716&ssl=1&resize=1050%2C600 3x"},"classes":[]},{"id":2329,"url":"https:\/\/cepronda.com\/blog\/peticion-de-biblioweb\/","url_meta":{"origin":3819,"position":1},"title":"Petici\u00f3n de Biblioweb","author":"V\u00edctor Caballero","date":"14 septiembre, 2018","format":false,"excerpt":"Muy buenas, Finalizamos la semana con algunas noticias que creemos os pueden resultar de inter\u00e9s. En este caso se trata de la posibilidad de que solicit\u00e9is para vuestro centro Biblioweb.\u00a0 BiblioWeb 2\u00a0es una herramienta web propia de la Consejer\u00eda de Educaci\u00f3n para la gesti\u00f3n y administraci\u00f3n de las bibliotecas escolares\u2026","rel":"","context":"En \u00abNoticias\u00bb","block_context":{"text":"Noticias","link":"https:\/\/cepronda.com\/blog\/category\/noticias\/"},"img":{"alt_text":"","src":"https:\/\/i0.wp.com\/cepronda.com\/blog\/wp-content\/uploads\/2017\/05\/silhouette-1632912_640.jpg?fit=640%2C426&ssl=1&resize=350%2C200","width":350,"height":200,"srcset":"https:\/\/i0.wp.com\/cepronda.com\/blog\/wp-content\/uploads\/2017\/05\/silhouette-1632912_640.jpg?fit=640%2C426&ssl=1&resize=350%2C200 1x, https:\/\/i0.wp.com\/cepronda.com\/blog\/wp-content\/uploads\/2017\/05\/silhouette-1632912_640.jpg?fit=640%2C426&ssl=1&resize=525%2C300 1.5x"},"classes":[]},{"id":7737,"url":"https:\/\/cepronda.com\/blog\/formacion-%c2%b7gestion-de-la-biblioteca-escolar-en-el-modulo-de-biblioweb-seneca\/","url_meta":{"origin":3819,"position":2},"title":"FORMACI\u00d3N: \u00b7GESTI\u00d3N DE LA BIBLIOTECA ESCOLAR EN EL M\u00d3DULO DE BIBLIOWEB S\u00c9NECA\u00bb","author":"Inmaculada Garc\u00eda","date":"24 septiembre, 2024","format":false,"excerpt":"Abierto el plazo de inscripci\u00f3n del curso Provincial: \"Gesti\u00f3n de la Biblioteca Escolar en el M\u00f3dulo de Biblioweb S\u00e9neca\", c\u00f3digo: 252923GE401, de 30 horas de duraci\u00f3n. Fecha inscripci\u00f3n: 23\/09\/2024 hasta 08\/10\/2024. Fecha actividad: 21\/10\/2024 hasta 13\/12\/2024. Lugar: Aula Virtual de Formaci\u00f3n del Profesorado. M\u00e1s informaci\u00f3n e inscripci\u00f3n: https:\/\/www.juntadeandalucia.es\/educacion\/secretariavirtual\/consultaCEP\/actividad\/252923GE401\/","rel":"","context":"En \u00abFormaciones\u00bb","block_context":{"text":"Formaciones","link":"https:\/\/cepronda.com\/blog\/category\/formaciones\/"},"img":{"alt_text":"","src":"https:\/\/i0.wp.com\/cepronda.com\/blog\/wp-content\/uploads\/2024\/09\/Bibloweb.jpg?fit=1080%2C1080&ssl=1&resize=350%2C200","width":350,"height":200,"srcset":"https:\/\/i0.wp.com\/cepronda.com\/blog\/wp-content\/uploads\/2024\/09\/Bibloweb.jpg?fit=1080%2C1080&ssl=1&resize=350%2C200 1x, https:\/\/i0.wp.com\/cepronda.com\/blog\/wp-content\/uploads\/2024\/09\/Bibloweb.jpg?fit=1080%2C1080&ssl=1&resize=525%2C300 1.5x, https:\/\/i0.wp.com\/cepronda.com\/blog\/wp-content\/uploads\/2024\/09\/Bibloweb.jpg?fit=1080%2C1080&ssl=1&resize=700%2C400 2x, https:\/\/i0.wp.com\/cepronda.com\/blog\/wp-content\/uploads\/2024\/09\/Bibloweb.jpg?fit=1080%2C1080&ssl=1&resize=1050%2C600 3x"},"classes":[]},{"id":6051,"url":"https:\/\/cepronda.com\/blog\/gestion-de-la-biblioteca-escolar-en-el-modulo-de-biblioweb-seneca\/","url_meta":{"origin":3819,"position":3},"title":"GESTI\u00d3N DE LA BIBLIOTECA ESCOLAR EN EL M\u00d3DULO DE BIBLIOWEB S\u00c9NECA","author":"Inmaculada Garc\u00eda","date":"19 septiembre, 2023","format":false,"excerpt":"Abierto el plazo de inscripci\u00f3n para el curso a distancia provincial organizado por el CEP de V\u00e9lez-M\u00e1laga, dirigido al profesorado de infantil, primaria y secundaria: \u00a0 \u00a0 \u00a0 \u00a0 \u00a0 \u00a0 \u00a0 \u00a0 \u00a0 \u00a0 \u00a0 \u00a0 \u00a0 \u00a0 \u00a0 \u00a0 \u00a0 \u00a0 \u00a0 \u00a0 \u00a0GESTI\u00d3N DE LA BIBLIOTECA ESCOLAR\u2026","rel":"","context":"En \u00abNoticias\u00bb","block_context":{"text":"Noticias","link":"https:\/\/cepronda.com\/blog\/category\/noticias\/"},"img":{"alt_text":"","src":"https:\/\/i0.wp.com\/cepronda.com\/blog\/wp-content\/uploads\/2023\/09\/WhatsApp-Image-2023-09-19-at-12.25.09.jpeg?fit=848%2C1200&ssl=1&resize=350%2C200","width":350,"height":200,"srcset":"https:\/\/i0.wp.com\/cepronda.com\/blog\/wp-content\/uploads\/2023\/09\/WhatsApp-Image-2023-09-19-at-12.25.09.jpeg?fit=848%2C1200&ssl=1&resize=350%2C200 1x, https:\/\/i0.wp.com\/cepronda.com\/blog\/wp-content\/uploads\/2023\/09\/WhatsApp-Image-2023-09-19-at-12.25.09.jpeg?fit=848%2C1200&ssl=1&resize=525%2C300 1.5x, https:\/\/i0.wp.com\/cepronda.com\/blog\/wp-content\/uploads\/2023\/09\/WhatsApp-Image-2023-09-19-at-12.25.09.jpeg?fit=848%2C1200&ssl=1&resize=700%2C400 2x"},"classes":[]},{"id":8825,"url":"https:\/\/cepronda.com\/blog\/gestion-de-la-biblioteca-escolar-en-el-modulo-biblioweb-seneca-codigo-262923ge402\/","url_meta":{"origin":3819,"position":4},"title":"GESTI\u00d3N DE LA BIBLIOTECA ESCOLAR EN EL M\u00d3DULO BIBLIOWEB S\u00c9NECA. C\u00f3digo: 262923GE402.","author":"Inmaculada Garc\u00eda","date":"22 septiembre, 2025","format":false,"excerpt":"Abierto el plazo de inscripci\u00f3n para el curso provincial a distancia: GESTI\u00d3N DE LA BIBLIOTECA ESCOLAR EN EL M\u00d3DULO BIBLIOWEB S\u00c9NECA. C\u00f3digo 262923GE402. \u00a0 Curso a distancia con un aprovechamiento de 30 horas, desarrolladas en el Aula Virtual de Formaci\u00f3n del Profesorado. Este curso de formaci\u00f3n se ha dise\u00f1ado para\u2026","rel":"","context":"En \u00abFormaciones\u00bb","block_context":{"text":"Formaciones","link":"https:\/\/cepronda.com\/blog\/category\/formaciones\/"},"img":{"alt_text":"","src":"https:\/\/i0.wp.com\/cepronda.com\/blog\/wp-content\/uploads\/2025\/09\/Curso-Biblioweb.jpg?fit=500%2C500&ssl=1&resize=350%2C200","width":350,"height":200},"classes":[]},{"id":1550,"url":"https:\/\/cepronda.com\/blog\/nueva-funcionalidad-online-de-nuestro-cep-catalogo-de-nuestra-biblioteca\/","url_meta":{"origin":3819,"position":5},"title":"Nueva funcionalidad online de nuestro CEP: cat\u00e1logo de nuestra Biblioteca","author":"V\u00edctor Caballero","date":"12 enero, 2018","format":false,"excerpt":"Muy buenas, Si os fij\u00e1is en nuestro men\u00fa principal, en la parte superior del blog pod\u00e9is encontrar un enlace denominado BIBLIOTECA. En el mismo podr\u00e9is acceder al cat\u00e1logo de nuestros fondos, y as\u00ed poder ver todos aquellos t\u00edtulos y recursos de los que pod\u00e9is disponer en pr\u00e9stamo.\u00a0 Creemos que es\u2026","rel":"","context":"En \u00abNoticias\u00bb","block_context":{"text":"Noticias","link":"https:\/\/cepronda.com\/blog\/category\/noticias\/"},"img":{"alt_text":"","src":"https:\/\/i0.wp.com\/cepronda.com\/blog\/wp-content\/uploads\/2018\/01\/biblioteca.png?fit=1108%2C620&ssl=1&resize=350%2C200","width":350,"height":200,"srcset":"https:\/\/i0.wp.com\/cepronda.com\/blog\/wp-content\/uploads\/2018\/01\/biblioteca.png?fit=1108%2C620&ssl=1&resize=350%2C200 1x, https:\/\/i0.wp.com\/cepronda.com\/blog\/wp-content\/uploads\/2018\/01\/biblioteca.png?fit=1108%2C620&ssl=1&resize=525%2C300 1.5x, https:\/\/i0.wp.com\/cepronda.com\/blog\/wp-content\/uploads\/2018\/01\/biblioteca.png?fit=1108%2C620&ssl=1&resize=700%2C400 2x, https:\/\/i0.wp.com\/cepronda.com\/blog\/wp-content\/uploads\/2018\/01\/biblioteca.png?fit=1108%2C620&ssl=1&resize=1050%2C600 3x"},"classes":[]}],"jetpack_sharing_enabled":true,"_links":{"self":[{"href":"https:\/\/cepronda.com\/blog\/wp-json\/wp\/v2\/posts\/3819","targetHints":{"allow":["GET"]}}],"collection":[{"href":"https:\/\/cepronda.com\/blog\/wp-json\/wp\/v2\/posts"}],"about":[{"href":"https:\/\/cepronda.com\/blog\/wp-json\/wp\/v2\/types\/post"}],"author":[{"embeddable":true,"href":"https:\/\/cepronda.com\/blog\/wp-json\/wp\/v2\/users\/10"}],"replies":[{"embeddable":true,"href":"https:\/\/cepronda.com\/blog\/wp-json\/wp\/v2\/comments?post=3819"}],"version-history":[{"count":4,"href":"https:\/\/cepronda.com\/blog\/wp-json\/wp\/v2\/posts\/3819\/revisions"}],"predecessor-version":[{"id":3824,"href":"https:\/\/cepronda.com\/blog\/wp-json\/wp\/v2\/posts\/3819\/revisions\/3824"}],"wp:attachment":[{"href":"https:\/\/cepronda.com\/blog\/wp-json\/wp\/v2\/media?parent=3819"}],"wp:term":[{"taxonomy":"category","embeddable":true,"href":"https:\/\/cepronda.com\/blog\/wp-json\/wp\/v2\/categories?post=3819"},{"taxonomy":"post_tag","embeddable":true,"href":"https:\/\/cepronda.com\/blog\/wp-json\/wp\/v2\/tags?post=3819"}],"curies":[{"name":"wp","href":"https:\/\/api.w.org\/{rel}","templated":true}]}}