{"id":3805,"date":"2020-10-05T13:41:00","date_gmt":"2020-10-05T11:41:00","guid":{"rendered":"http:\/\/cepronda.com\/blog\/?p=3805"},"modified":"2020-10-05T13:41:00","modified_gmt":"2020-10-05T11:41:00","slug":"curso-gestion-g-suit-para-docentes-administradores","status":"publish","type":"post","link":"https:\/\/cepronda.com\/blog\/curso-gestion-g-suit-para-docentes-administradores\/","title":{"rendered":"CURSO: GESTI\u00d3N G-SUIT PARA DOCENTES ADMINISTRADORES"},"content":{"rendered":"<div>\n<div>Buenos d\u00edas,<\/div>\n<div class=\"gmail_default\"><span style=\"color: #000000;\">Desde el CEP de Ronda sacamos esta formaci\u00f3n para aquellos docentes administradores de la plataforma G-SUIT de Google.<\/span><\/div>\n<p><span style=\"color: #000000;\"><br \/>\n<\/span><\/div>\n<div><span style=\"color: #000000;\"><b>IMPORTANTE: S\u00d3LO pueden realizar este curso aquellos docentes con la aplicaci\u00f3n Administrador&nbsp;<span class=\"gmail_default\">G-SUIT&nbsp;<\/span>instalada en su Centro y que tengan acceso de administradores<\/b>. Otra opci\u00f3n ser\u00eda instalarse G-Suit de prueba (14 d\u00edas).<br \/>\n(Ante la duda consultar con el asesor V\u00edctor Caballero 671566465)<br \/>\nFECHAS: 13 y 15 de octubre (Videoconferencias de 16:30h a 18:30h) + 2h no presenciales con tareas.<\/span><\/div>\n<div>&nbsp;<\/div>\n<div><span style=\"color: #000000;\">&#8211; El criterio para la adjudicaci\u00f3n de plazas ser\u00e1 siguiendo los siguientes criterios:<br \/>\n1) Equipos directivos y&nbsp;<span class=\"gmail_default\">docentes&nbsp;<\/span>coordinadores TDE (antiguo coordinador TIC) con acceso a plataforma&nbsp;<span class=\"gmail_default\">con perfil&nbsp;<\/span>Admininistrador\/a.<br \/>\n2) Por estricto orden de inscripci\u00f3n teniendo preferencia los docentes de Centros P\u00fablicos de la zona.<br \/>\nNota: En caso de tener m\u00e1s inscripciones que plazas, se escoger\u00e1n a dos docentes de cada centro por orden de inscripci\u00f3n.<br \/>\n&#8211; El CEP de Ronda se reserva el derecho a cerrar el plazo de inscripci\u00f3n si se supera el cupo de la actividad en un 10%.<br \/>\n&#8211; Esta formaci\u00f3n es a trav\u00e9s de videoconferencia por lo que no tiene asignada bolsa de ayuda por desplazamiento.<br \/>\n&#8211; Para la certificaci\u00f3n ser\u00e1 necesaria el aprovechamiento del curso, la asistencia superior al 80% del horario establecido (seremos muy estrictos con la asistencia recordando que seg\u00fan la normativa no es posible justificar las faltas).<br \/>\n&#8211; Para la certificaci\u00f3n tambi\u00e9n ser\u00e1 obligatoria la cumplimentaci\u00f3n de la encuesta final en S\u00e9neca. Para ello tendr\u00e1n 15 d\u00edas despu\u00e9s de la \u00faltima sesi\u00f3n. S\u00f3lo se dar\u00e1 un aviso a trav\u00e9s de las notificaciones oficiales de S\u00e9neca.<br \/>\n&#8211;&nbsp;<span class=\"gmail_default\">Las<\/span>&nbsp;tareas en horas no presenciales, \u00e9stas ser\u00e1n de car\u00e1cter obligatorio para poder obtener la certificaci\u00f3n.<\/span><\/div>\n<div><span style=\"color: #000000;\">&#8211; Las sesiones de videoconferencias se grabar\u00e1n por lo que es obligatorio rellenar el siguiente cuestionario de Autorizaci\u00f3n de derechos de imagen.&nbsp;<a href=\"https:\/\/forms.gle\/AhorpHNgHwPBe81p6\" target=\"_blank\" rel=\"noopener noreferrer\" data-saferedirecturl=\"https:\/\/www.google.com\/url?q=https:\/\/forms.gle\/AhorpHNgHwPBe81p6&amp;source=gmail&amp;ust=1601983932933000&amp;usg=AFQjCNEcOkkxaEkh9QleHZdMN7FU_VYuFQ\">https:\/\/forms.gle\/<wbr>AhorpHNgHwPBe81p6<\/a><br \/>\nEn caso de no aceptar, ser\u00e1 tu responsabilidad apagar la c\u00e1mara en las sesiones.<br \/>\n<\/span><\/div>\n<div><span style=\"color: #000000;\">&nbsp;<\/span><\/div>\n<div><span style=\"color: #000000;\"><b>P<span class=\"gmail_default\">ara m\u00e1s detalle e inscripci\u00f3n pincha en el siguiente enlace:<\/span><\/b><\/span><\/div>\n<div><b><a href=\"https:\/\/www.juntadeandalucia.es\/educacion\/secretariavirtual\/consultaCEP\/actividad\/212924FC020\/\" target=\"_blank\" rel=\"noopener noreferrer\" data-saferedirecturl=\"https:\/\/www.google.com\/url?q=https:\/\/www.juntadeandalucia.es\/educacion\/secretariavirtual\/consultaCEP\/actividad\/212924FC020\/&amp;source=gmail&amp;ust=1601983932933000&amp;usg=AFQjCNHeEZQjuBAP-MGnWrGD7nosVHEOng\">https:\/\/www.juntadeandalucia.<wbr>es\/educacion\/<wbr>secretariavirtual\/consultaCEP\/<wbr>actividad\/212924FC020\/<\/a><\/b><span style=\"color: #000000;\"><span class=\"gmail_default\"><br \/>\n<\/span><\/span><\/div>\n<div>&nbsp;<\/div>\n<div>\n<div class=\"gmail_default\"><span style=\"color: #000000;\">Un saludo.<\/span><\/div>\n<\/div>\n<p align=\"justify\">&nbsp;<\/p>\n<p align=\"justify\"><img data-recalc-dims=\"1\" loading=\"lazy\" decoding=\"async\" class=\"alignnone size-medium wp-image-3806\" src=\"https:\/\/i0.wp.com\/cepronda.com\/blog\/wp-content\/uploads\/2020\/10\/20201005-Curso-Administradores-GSUIT-212x300.png?resize=212%2C300\" alt=\"\" width=\"212\" height=\"300\" srcset=\"https:\/\/i0.wp.com\/cepronda.com\/blog\/wp-content\/uploads\/2020\/10\/20201005-Curso-Administradores-GSUIT.png?resize=212%2C300&amp;ssl=1 212w, https:\/\/i0.wp.com\/cepronda.com\/blog\/wp-content\/uploads\/2020\/10\/20201005-Curso-Administradores-GSUIT.png?w=679&amp;ssl=1 679w\" sizes=\"auto, (max-width: 212px) 100vw, 212px\" \/><\/p>\n","protected":false},"excerpt":{"rendered":"<p>Buenos d\u00edas, Desde el CEP de Ronda sacamos esta formaci\u00f3n para aquellos docentes administradores de la plataforma G-SUIT de Google. IMPORTANTE: S\u00d3LO pueden realizar este curso aquellos docentes con la aplicaci\u00f3n Administrador&nbsp;G-SUIT&nbsp;instalada en su Centro y que tengan acceso de administradores. Otra opci\u00f3n ser\u00eda instalarse G-Suit de prueba (14 d\u00edas). (Ante la duda consultar con [&hellip;]<\/p>\n","protected":false},"author":3,"featured_media":3806,"comment_status":"closed","ping_status":"open","sticky":false,"template":"","format":"standard","meta":{"_crdt_document":"","advanced_seo_description":"","jetpack_seo_html_title":"","jetpack_seo_noindex":false,"jetpack_post_was_ever_published":false,"_jetpack_newsletter_access":"","_jetpack_dont_email_post_to_subs":false,"_jetpack_newsletter_tier_id":0,"_jetpack_memberships_contains_paywalled_content":false,"_jetpack_memberships_contains_paid_content":false,"footnotes":"","jetpack_publicize_message":"","jetpack_publicize_feature_enabled":true,"jetpack_social_post_already_shared":true,"jetpack_social_options":{"image_generator_settings":{"template":"highway","default_image_id":0,"font":"","enabled":false},"version":2}},"categories":[3,5],"tags":[25,89],"class_list":{"0":"post-3805","1":"post","2":"type-post","3":"status-publish","4":"format-standard","5":"has-post-thumbnail","7":"category-formaciones","8":"category-noticias","9":"tag-equipos-directivos","10":"tag-profesorado","11":"czr-hentry"},"jetpack_publicize_connections":[],"jetpack_featured_media_url":"https:\/\/i0.wp.com\/cepronda.com\/blog\/wp-content\/uploads\/2020\/10\/20201005-Curso-Administradores-GSUIT.png?fit=679%2C962&ssl=1","jetpack_shortlink":"https:\/\/wp.me\/p8M4X7-Zn","jetpack-related-posts":[{"id":7288,"url":"https:\/\/cepronda.com\/blog\/inteligencia-artificial-para-docentes\/","url_meta":{"origin":3805,"position":0},"title":"INTELIGENCIA ARTIFICIAL PARA DOCENTES","author":"V\u00edctor Caballero","date":"22 diciembre, 2023","format":false,"excerpt":"Se encuentra abierto el plazo de inscripci\u00f3n para la formaci\u00f3n \u201cINTELIGENCIA ARTIFICIAL PARA DOCENTES.\" C\u00d3DIGO 242924GE013. Ponente:\u00a0 Vanesa Moreno Duraci\u00f3n de la actividad 10 horas presenciales + 2 horas de tareas. Fecha actividad: J11\/01\/2024 (16:30h a 19:00h) CEP de Ronda J18\/01\/2024 (16:30h a 19:00h) CEP de Ronda J25\/01\/2024 (16:30h a\u2026","rel":"","context":"En \u00abFormaciones\u00bb","block_context":{"text":"Formaciones","link":"https:\/\/cepronda.com\/blog\/category\/formaciones\/"},"img":{"alt_text":"","src":"https:\/\/i0.wp.com\/cepronda.com\/blog\/wp-content\/uploads\/2023\/12\/242924GE013-Cartel-Inteligencia-artificial.png?fit=1080%2C1080&ssl=1&resize=350%2C200","width":350,"height":200,"srcset":"https:\/\/i0.wp.com\/cepronda.com\/blog\/wp-content\/uploads\/2023\/12\/242924GE013-Cartel-Inteligencia-artificial.png?fit=1080%2C1080&ssl=1&resize=350%2C200 1x, https:\/\/i0.wp.com\/cepronda.com\/blog\/wp-content\/uploads\/2023\/12\/242924GE013-Cartel-Inteligencia-artificial.png?fit=1080%2C1080&ssl=1&resize=525%2C300 1.5x, https:\/\/i0.wp.com\/cepronda.com\/blog\/wp-content\/uploads\/2023\/12\/242924GE013-Cartel-Inteligencia-artificial.png?fit=1080%2C1080&ssl=1&resize=700%2C400 2x, https:\/\/i0.wp.com\/cepronda.com\/blog\/wp-content\/uploads\/2023\/12\/242924GE013-Cartel-Inteligencia-artificial.png?fit=1080%2C1080&ssl=1&resize=1050%2C600 3x"},"classes":[]},{"id":8750,"url":"https:\/\/cepronda.com\/blog\/atencion-al-alumnado-neae-guia-rapida-para-equipos-docentes-codigo-262924ge201\/","url_meta":{"origin":3805,"position":1},"title":"ATENCI\u00d3N AL ALUMNADO NEAE: GU\u00cdA R\u00c1PIDA PARA EQUIPOS DOCENTES. C\u00f3digo: 262924GE201.","author":"Inmaculada Garc\u00eda","date":"3 septiembre, 2025","format":false,"excerpt":"Se ha abierto el plazo de inscripci\u00f3n para la actividad provincial a distancia ATENCI\u00d3N AL ALUMNADO NEAE: GU\u00cdA R\u00c1PIDA PARA EQUIPOS DOCENTES. C\u00f3digo: 262924GE201. Plazo de inscripci\u00f3n: 02\/09\/2025 hasta 15\/09\/2025 Fecha de la actividad: 18\/09\/2025 hasta 18\/11\/2025 Lugar de realizaci\u00f3n: AVFP Detalles e inscripci\u00f3n: https:\/\/www.juntadeandalucia.es\/educacion\/secretariavirtual\/consultaCEP\/actividad\/262924GE201\/ En este curso se ver\u00e1n\u2026","rel":"","context":"En \u00abFormaciones\u00bb","block_context":{"text":"Formaciones","link":"https:\/\/cepronda.com\/blog\/category\/formaciones\/"},"img":{"alt_text":"","src":"https:\/\/i0.wp.com\/cepronda.com\/blog\/wp-content\/uploads\/2025\/09\/Cartel-262924GE201-scaled.jpg?fit=848%2C1200&ssl=1&resize=350%2C200","width":350,"height":200,"srcset":"https:\/\/i0.wp.com\/cepronda.com\/blog\/wp-content\/uploads\/2025\/09\/Cartel-262924GE201-scaled.jpg?fit=848%2C1200&ssl=1&resize=350%2C200 1x, https:\/\/i0.wp.com\/cepronda.com\/blog\/wp-content\/uploads\/2025\/09\/Cartel-262924GE201-scaled.jpg?fit=848%2C1200&ssl=1&resize=525%2C300 1.5x, https:\/\/i0.wp.com\/cepronda.com\/blog\/wp-content\/uploads\/2025\/09\/Cartel-262924GE201-scaled.jpg?fit=848%2C1200&ssl=1&resize=700%2C400 2x"},"classes":[]},{"id":7694,"url":"https:\/\/cepronda.com\/blog\/jornadas-para-responsables-de-formacion-y-equipos-directivos-de-los-centros-educativos-12h-codigo-252924ge001\/","url_meta":{"origin":3805,"position":2},"title":"JORNADAS PARA RESPONSABLES DE FORMACI\u00d3N Y EQUIPOS DIRECTIVOS DE LOS CENTROS EDUCATIVOS (12h), c\u00f3digo 252924GE001.","author":"Inmaculada Garc\u00eda","date":"11 septiembre, 2024","format":false,"excerpt":"Os informamos que se encuentra abierta la inscripci\u00f3n en el curso provincial: JORNADAS PARA RESPONSABLES DE FORMACI\u00d3N Y EQUIPOS DIRECTIVOS DE LOS CENTROS EDUCATIVOS (12h), con c\u00f3digo 252924GE001. Esta actividad est\u00e1 dirigida a equipos directivos de los diferentes niveles educativos, responsables de formaci\u00f3n de centros educativos de infantil, primaria y\u2026","rel":"","context":"En \u00abNoticias\u00bb","block_context":{"text":"Noticias","link":"https:\/\/cepronda.com\/blog\/category\/noticias\/"},"img":{"alt_text":"","src":"https:\/\/i0.wp.com\/cepronda.com\/blog\/wp-content\/uploads\/2024\/09\/CARTEL-FEIE.jpg?fit=1080%2C1080&ssl=1&resize=350%2C200","width":350,"height":200,"srcset":"https:\/\/i0.wp.com\/cepronda.com\/blog\/wp-content\/uploads\/2024\/09\/CARTEL-FEIE.jpg?fit=1080%2C1080&ssl=1&resize=350%2C200 1x, https:\/\/i0.wp.com\/cepronda.com\/blog\/wp-content\/uploads\/2024\/09\/CARTEL-FEIE.jpg?fit=1080%2C1080&ssl=1&resize=525%2C300 1.5x, https:\/\/i0.wp.com\/cepronda.com\/blog\/wp-content\/uploads\/2024\/09\/CARTEL-FEIE.jpg?fit=1080%2C1080&ssl=1&resize=700%2C400 2x, https:\/\/i0.wp.com\/cepronda.com\/blog\/wp-content\/uploads\/2024\/09\/CARTEL-FEIE.jpg?fit=1080%2C1080&ssl=1&resize=1050%2C600 3x"},"classes":[]},{"id":5230,"url":"https:\/\/cepronda.com\/blog\/mindfulness-para-docentes-ultimos-dias\/","url_meta":{"origin":3805,"position":3},"title":"MINDFULNESS PARA DOCENTES \u00a1\u00daLTIMOS D\u00cdAS!","author":"V\u00edctor Caballero","date":"17 abril, 2022","format":false,"excerpt":"\u00a1\u00daLTIMOS D\u00cdAS! \u00a1NO TE LO PIERDAS! Os informamos que a\u00fan sigue abierto el plazo de inscripci\u00f3n del curso MINDFULNESS PARA DOCENTES con c\u00f3digo 222924GE047. Fechas de inscripci\u00f3n : hasta el lunes 18\/04\/2022 Fecha de inicio: 19\/04\/2022 Fecha finalizaci\u00f3n: 31\/05\/2022 Horas: 16h\u00a0 ( 3 sesiones de 2h + 4 sesiones de\u2026","rel":"","context":"En \u00abFormaciones\u00bb","block_context":{"text":"Formaciones","link":"https:\/\/cepronda.com\/blog\/category\/formaciones\/"},"img":{"alt_text":"","src":"https:\/\/i0.wp.com\/cepronda.com\/blog\/wp-content\/uploads\/2022\/04\/222924GE047-Cartel-Mindfulness.png?fit=848%2C1200&ssl=1&resize=350%2C200","width":350,"height":200,"srcset":"https:\/\/i0.wp.com\/cepronda.com\/blog\/wp-content\/uploads\/2022\/04\/222924GE047-Cartel-Mindfulness.png?fit=848%2C1200&ssl=1&resize=350%2C200 1x, https:\/\/i0.wp.com\/cepronda.com\/blog\/wp-content\/uploads\/2022\/04\/222924GE047-Cartel-Mindfulness.png?fit=848%2C1200&ssl=1&resize=525%2C300 1.5x, https:\/\/i0.wp.com\/cepronda.com\/blog\/wp-content\/uploads\/2022\/04\/222924GE047-Cartel-Mindfulness.png?fit=848%2C1200&ssl=1&resize=700%2C400 2x"},"classes":[]},{"id":5961,"url":"https:\/\/cepronda.com\/blog\/curso-de-formacion-ciclista-para-docentes\/","url_meta":{"origin":3805,"position":4},"title":"CURSO DE FORMACI\u00d3N CICLISTA PARA DOCENTES","author":"Mamen Moreno","date":"12 mayo, 2023","format":false,"excerpt":"Se abre el plazo para el CURSO DE FORMACI\u00d3N CICLISTA PARA DOCENTES. C\u00f3digo de la actividad: 239922HVS445. \u00c1mbito regional: 240 plazas Lugar de realizaci\u00f3n: AVFP. Duraci\u00f3n: 30 horas. Plazo de inscripci\u00f3n: desde el 09\/05\/2023 hasta el 15\/05\/2023. Realizaci\u00f3n: desde el 22\/05\/2023 hasta el 21\/06\/2023. M\u00e1s informaci\u00f3n: https:\/\/www.juntadeandalucia.es\/educacion\/secretariavirtual\/consultaCEP\/actividad\/239922HVS445\/","rel":"","context":"En \u00abFormaciones\u00bb","block_context":{"text":"Formaciones","link":"https:\/\/cepronda.com\/blog\/category\/formaciones\/"},"img":{"alt_text":"","src":"https:\/\/i0.wp.com\/cepronda.com\/blog\/wp-content\/uploads\/2023\/05\/445.png?fit=1200%2C675&ssl=1&resize=350%2C200","width":350,"height":200,"srcset":"https:\/\/i0.wp.com\/cepronda.com\/blog\/wp-content\/uploads\/2023\/05\/445.png?fit=1200%2C675&ssl=1&resize=350%2C200 1x, https:\/\/i0.wp.com\/cepronda.com\/blog\/wp-content\/uploads\/2023\/05\/445.png?fit=1200%2C675&ssl=1&resize=525%2C300 1.5x, https:\/\/i0.wp.com\/cepronda.com\/blog\/wp-content\/uploads\/2023\/05\/445.png?fit=1200%2C675&ssl=1&resize=700%2C400 2x, https:\/\/i0.wp.com\/cepronda.com\/blog\/wp-content\/uploads\/2023\/05\/445.png?fit=1200%2C675&ssl=1&resize=1050%2C600 3x"},"classes":[]},{"id":2066,"url":"https:\/\/cepronda.com\/blog\/convocatoria-del-curso-de-formacion-en-red-proyecta-etwinning\/","url_meta":{"origin":3805,"position":5},"title":"Convocatoria del Curso de formaci\u00f3n en red Proyecta eTwinning","author":"V\u00edctor Caballero","date":"4 junio, 2018","format":false,"excerpt":"Muy buenas,\u00a0 Os informamos de la convocatoria de este curso en l\u00ednea, cuyo plazo termina el pr\u00f3ximo 7 de junio. Se trata de un curso en l\u00ednea para docentes, con materiales y metodolog\u00edas totalmente renovadas y adaptadas a los \u00faltimos desarrollos de la plataforma, orientado a conocer mejor eTwinning y\u2026","rel":"","context":"En \u00abFormaciones\u00bb","block_context":{"text":"Formaciones","link":"https:\/\/cepronda.com\/blog\/category\/formaciones\/"},"img":{"alt_text":"","src":"https:\/\/i0.wp.com\/cepronda.com\/blog\/wp-content\/uploads\/2017\/11\/logo_1269x942.png?fit=1200%2C891&ssl=1&resize=350%2C200","width":350,"height":200,"srcset":"https:\/\/i0.wp.com\/cepronda.com\/blog\/wp-content\/uploads\/2017\/11\/logo_1269x942.png?fit=1200%2C891&ssl=1&resize=350%2C200 1x, https:\/\/i0.wp.com\/cepronda.com\/blog\/wp-content\/uploads\/2017\/11\/logo_1269x942.png?fit=1200%2C891&ssl=1&resize=525%2C300 1.5x, https:\/\/i0.wp.com\/cepronda.com\/blog\/wp-content\/uploads\/2017\/11\/logo_1269x942.png?fit=1200%2C891&ssl=1&resize=700%2C400 2x, https:\/\/i0.wp.com\/cepronda.com\/blog\/wp-content\/uploads\/2017\/11\/logo_1269x942.png?fit=1200%2C891&ssl=1&resize=1050%2C600 3x"},"classes":[]}],"jetpack_sharing_enabled":true,"_links":{"self":[{"href":"https:\/\/cepronda.com\/blog\/wp-json\/wp\/v2\/posts\/3805","targetHints":{"allow":["GET"]}}],"collection":[{"href":"https:\/\/cepronda.com\/blog\/wp-json\/wp\/v2\/posts"}],"about":[{"href":"https:\/\/cepronda.com\/blog\/wp-json\/wp\/v2\/types\/post"}],"author":[{"embeddable":true,"href":"https:\/\/cepronda.com\/blog\/wp-json\/wp\/v2\/users\/3"}],"replies":[{"embeddable":true,"href":"https:\/\/cepronda.com\/blog\/wp-json\/wp\/v2\/comments?post=3805"}],"version-history":[{"count":3,"href":"https:\/\/cepronda.com\/blog\/wp-json\/wp\/v2\/posts\/3805\/revisions"}],"predecessor-version":[{"id":3810,"href":"https:\/\/cepronda.com\/blog\/wp-json\/wp\/v2\/posts\/3805\/revisions\/3810"}],"wp:featuredmedia":[{"embeddable":true,"href":"https:\/\/cepronda.com\/blog\/wp-json\/wp\/v2\/media\/3806"}],"wp:attachment":[{"href":"https:\/\/cepronda.com\/blog\/wp-json\/wp\/v2\/media?parent=3805"}],"wp:term":[{"taxonomy":"category","embeddable":true,"href":"https:\/\/cepronda.com\/blog\/wp-json\/wp\/v2\/categories?post=3805"},{"taxonomy":"post_tag","embeddable":true,"href":"https:\/\/cepronda.com\/blog\/wp-json\/wp\/v2\/tags?post=3805"}],"curies":[{"name":"wp","href":"https:\/\/api.w.org\/{rel}","templated":true}]}}