{"id":3791,"date":"2020-10-02T13:05:59","date_gmt":"2020-10-02T11:05:59","guid":{"rendered":"http:\/\/cepronda.com\/blog\/?p=3791"},"modified":"2025-04-28T11:56:29","modified_gmt":"2025-04-28T09:56:29","slug":"ampliacion-de-plazos-gt-y-fc","status":"publish","type":"post","link":"https:\/\/cepronda.com\/blog\/ampliacion-de-plazos-gt-y-fc\/","title":{"rendered":"Ampliaci\u00f3n de plazos. GT y FC."},"content":{"rendered":"<p><span style=\"font-weight: 400;\">Buenas tardes compa\u00f1eras y compa\u00f1eros,<\/span><\/p>\n<p><span style=\"font-weight: 400;\">Os informamos que se ampl\u00edan los plazos m\u00e1ximos para la presentaci\u00f3n de solicitudes de las modalidades de Grupos de Trabajo y Formaci\u00f3n en Centros, por parte de los centros educativos, hasta el 30 de octubre.<\/span><\/p>\n<p><img data-recalc-dims=\"1\" loading=\"lazy\" decoding=\"async\" class=\"size-full wp-image-3778 aligncenter\" src=\"https:\/\/i0.wp.com\/cepronda.com\/blog\/wp-content\/uploads\/2020\/09\/Logo-progamas-de-formacion-oficial.jpg?resize=134%2C83\" alt=\"\" width=\"134\" height=\"83\"><\/p>\n<p><span style=\"font-weight: 400;\">Deseamos que sea de vuestro inter\u00e9s.&nbsp;<\/span><\/p>\n<p><span style=\"font-weight: 400;\">Saludos<\/span><\/p>\n","protected":false},"excerpt":{"rendered":"<p>Buenas tardes compa\u00f1eras y compa\u00f1eros, Os informamos que se ampl\u00edan los plazos m\u00e1ximos para la presentaci\u00f3n de solicitudes de las modalidades de Grupos de Trabajo y Formaci\u00f3n en Centros, por parte de los centros educativos, hasta el 30 de octubre. Deseamos que sea de vuestro inter\u00e9s.&nbsp; Saludos<\/p>\n","protected":false},"author":10,"featured_media":0,"comment_status":"closed","ping_status":"open","sticky":false,"template":"","format":"standard","meta":{"_crdt_document":"","advanced_seo_description":"","jetpack_seo_html_title":"","jetpack_seo_noindex":false,"jetpack_post_was_ever_published":false,"_jetpack_newsletter_access":"","_jetpack_dont_email_post_to_subs":false,"_jetpack_newsletter_tier_id":0,"_jetpack_memberships_contains_paywalled_content":false,"_jetpack_memberships_contains_paid_content":false,"footnotes":"","jetpack_publicize_message":"","jetpack_publicize_feature_enabled":true,"jetpack_social_post_already_shared":true,"jetpack_social_options":{"image_generator_settings":{"template":"highway","default_image_id":0,"font":"","enabled":false},"version":2}},"categories":[3,5],"tags":[28,35],"class_list":{"0":"post-3791","1":"post","2":"type-post","3":"status-publish","4":"format-standard","6":"category-formaciones","7":"category-noticias","8":"tag-formacion-en-centros","9":"tag-grupos-de-trabajo","10":"czr-hentry"},"jetpack_publicize_connections":[],"jetpack_featured_media_url":"","jetpack_shortlink":"https:\/\/wp.me\/p8M4X7-Z9","jetpack-related-posts":[{"id":3777,"url":"https:\/\/cepronda.com\/blog\/grupos-de-trabajo-formacion-en-centros-programas-para-la-innovacion-educativa\/","url_meta":{"origin":3791,"position":0},"title":"Grupos de trabajo. Formaci\u00f3n en centros. Programas para la innovaci\u00f3n educativa.","author":"Maribel Mu\u00f1oz","date":"28 septiembre, 2020","format":false,"excerpt":"Buenos d\u00edas compa\u00f1eras y compa\u00f1eros, Os informamos que est\u00e1 abierto el plazo para solicitar Grupos de Trabajo y as\u00ed como Formaci\u00f3n en Centros. Estas dos modalidades de autoformaci\u00f3n se solicitan v\u00eda S\u00e9neca. Adjuntamos las instrucciones publicadas ( GT y FC) . Tambi\u00e9n os hacemos llegar las instrucciones relativas a la\u2026","rel":"","context":"En \u00abFormaciones\u00bb","block_context":{"text":"Formaciones","link":"https:\/\/cepronda.com\/blog\/category\/formaciones\/"},"img":{"alt_text":"","src":"https:\/\/i0.wp.com\/cepronda.com\/blog\/wp-content\/uploads\/2020\/09\/Logo-progamas-de-formacion-oficial.jpg?resize=350%2C200","width":350,"height":200},"classes":[]},{"id":3037,"url":"https:\/\/cepronda.com\/blog\/aplazadas-al-jueves-26-de-septiembre-las-jornadas-informativas-sobre-la-convocatoria-de-grupos-de-trabajo-formacion-en-centros-y-programas-de-innovacion-educativa\/","url_meta":{"origin":3791,"position":1},"title":"APLAZADAS AL JUEVES 26 DE SEPTIEMBRE LAS \u00abJORNADAS INFORMATIVAS SOBRE LA CONVOCATORIA DE GRUPOS DE TRABAJO, FORMACI\u00d3N EN CENTROS Y PROGRAMAS DE INNOVACI\u00d3N EDUCATIVA\u00bb","author":"V\u00edctor Caballero","date":"24 septiembre, 2019","format":false,"excerpt":"Buenas tardes, Debido al retraso en la salida de las Instrucciones que regulan las convocatorias para los Grupos de Trabajo, Formaci\u00f3n en Centros y Programas de innovaci\u00f3n Educativa, nos hemos visto obligados a retrasar las jornadas informativas a este jueves 26 de septiembre en horario de 16:30 a 19:30h en\u2026","rel":"","context":"En \u00abNoticias\u00bb","block_context":{"text":"Noticias","link":"https:\/\/cepronda.com\/blog\/category\/noticias\/"},"img":{"alt_text":"","src":"https:\/\/i0.wp.com\/cepronda.com\/blog\/wp-content\/uploads\/2019\/09\/gt.jpeg?fit=849%2C1200&ssl=1&resize=350%2C200","width":350,"height":200,"srcset":"https:\/\/i0.wp.com\/cepronda.com\/blog\/wp-content\/uploads\/2019\/09\/gt.jpeg?fit=849%2C1200&ssl=1&resize=350%2C200 1x, https:\/\/i0.wp.com\/cepronda.com\/blog\/wp-content\/uploads\/2019\/09\/gt.jpeg?fit=849%2C1200&ssl=1&resize=525%2C300 1.5x, https:\/\/i0.wp.com\/cepronda.com\/blog\/wp-content\/uploads\/2019\/09\/gt.jpeg?fit=849%2C1200&ssl=1&resize=700%2C400 2x"},"classes":[]},{"id":137,"url":"https:\/\/cepronda.com\/blog\/jornada-informativa-sobre-grupos-de-trabajo-formacion-en-centros-y-planes-y-programas\/","url_meta":{"origin":3791,"position":2},"title":"Jornada informativa sobre Grupos de Trabajo, Formaci\u00f3n en Centros, y Planes y Programas","author":"V\u00edctor Caballero","date":"27 septiembre, 2016","format":false,"excerpt":"Os esperamos esta tarde a partir de las 17 horas en la jornada informativa sobre los Grupos de Trabajo y la Formaci\u00f3n en Centro. Asimismo informaremos de los Planes y Programas ofertados por la Junta. Tras breves explicaciones sobre las instrucciones y normativa, pasaremos a admirar el trabajo realizado el\u2026","rel":"","context":"En \u00abFormaciones\u00bb","block_context":{"text":"Formaciones","link":"https:\/\/cepronda.com\/blog\/category\/formaciones\/"},"img":{"alt_text":"","src":"","width":0,"height":0},"classes":[]},{"id":4605,"url":"https:\/\/cepronda.com\/blog\/grupos-de-trabajo-y-formacion-en-centro-instrucciones\/","url_meta":{"origin":3791,"position":3},"title":"GRUPOS DE TRABAJO Y FORMACI\u00d3N EN CENTRO. Instrucciones.","author":"Maribel Mu\u00f1oz","date":"14 septiembre, 2021","format":false,"excerpt":"Buenas tardes compa\u00f1eras y compa\u00f1eros, Os informamos que\u00a0 se han publicado las Instrucciones para el desarrollo de\u00a0 Grupos de Trabajo y\u00a0 Formaci\u00f3n en Centro, del curso 21\/22. Estas dos modalidades de autoformaci\u00f3n se solicitan v\u00eda S\u00e9neca. El plazo de solicitud estar\u00e1 abierto hasta el 15 de octubre. Adjuntamos las instrucciones\u2026","rel":"","context":"En \u00abFormaciones\u00bb","block_context":{"text":"Formaciones","link":"https:\/\/cepronda.com\/blog\/category\/formaciones\/"},"img":{"alt_text":"","src":"https:\/\/i0.wp.com\/cepronda.com\/blog\/wp-content\/uploads\/2020\/09\/Logo-progamas-de-formacion-oficial.jpg?resize=350%2C200","width":350,"height":200},"classes":[]},{"id":3000,"url":"https:\/\/cepronda.com\/blog\/aplazada-la-jornada-informativa-sobre-las-formaciones-en-centro-y-los-grupos-de-trabajo\/","url_meta":{"origin":3791,"position":4},"title":"Aplazada la Jornada informativa sobre las Formaciones en Centro y los Grupos de Trabajo","author":"V\u00edctor Caballero","date":"17 septiembre, 2019","format":false,"excerpt":"Desde el CEP de Ronda, se informa a todos los Centros que se aplaza al jueves 26\/09\/2019 las JORNADAS GRUPOS DE TRABAJO, FORMACI\u00d3N EN CENTROS, PLANES Y PROGRAMAS que ten\u00edan fecha el 19\/09\/2019 por no salir las instrucciones normativas que la regulan. Esperamos a que salgan pronto, pero a\u00fan no\u2026","rel":"","context":"En \u00abFormaciones\u00bb","block_context":{"text":"Formaciones","link":"https:\/\/cepronda.com\/blog\/category\/formaciones\/"},"img":{"alt_text":"","src":"","width":0,"height":0},"classes":[]},{"id":2973,"url":"https:\/\/cepronda.com\/blog\/jornadas-informativas-sobre-la-convocatoria-de-grupos-de-trabajo-formacion-en-centros-y-programas-educativos\/","url_meta":{"origin":3791,"position":5},"title":"JORNADAS INFORMATIVAS SOBRE LA CONVOCATORIA DE GRUPOS DE TRABAJO, FORMACI\u00d3N EN CENTROS Y PROGRAMAS EDUCATIVOS","author":"V\u00edctor Caballero","date":"6 septiembre, 2019","format":false,"excerpt":"Muy buenas, Abrimos el periodo de inscripci\u00f3n para uno de nuestros cl\u00e1sicos de principios de curso, y son las jornadas de presentaci\u00f3n de las buenas pr\u00e1cticas de los grupos de trabajo y formaciones en centro del curso anterior. Asimismo estas jornadas tienen como objetivo presentaros las instrucciones relativas a los\u2026","rel":"","context":"En \u00abFormaciones\u00bb","block_context":{"text":"Formaciones","link":"https:\/\/cepronda.com\/blog\/category\/formaciones\/"},"img":{"alt_text":"","src":"https:\/\/i0.wp.com\/cepronda.com\/blog\/wp-content\/uploads\/2019\/09\/GT_FC_PyP.png?fit=644%2C907&ssl=1&resize=350%2C200","width":350,"height":200,"srcset":"https:\/\/i0.wp.com\/cepronda.com\/blog\/wp-content\/uploads\/2019\/09\/GT_FC_PyP.png?fit=644%2C907&ssl=1&resize=350%2C200 1x, https:\/\/i0.wp.com\/cepronda.com\/blog\/wp-content\/uploads\/2019\/09\/GT_FC_PyP.png?fit=644%2C907&ssl=1&resize=525%2C300 1.5x"},"classes":[]}],"jetpack_sharing_enabled":true,"_links":{"self":[{"href":"https:\/\/cepronda.com\/blog\/wp-json\/wp\/v2\/posts\/3791","targetHints":{"allow":["GET"]}}],"collection":[{"href":"https:\/\/cepronda.com\/blog\/wp-json\/wp\/v2\/posts"}],"about":[{"href":"https:\/\/cepronda.com\/blog\/wp-json\/wp\/v2\/types\/post"}],"author":[{"embeddable":true,"href":"https:\/\/cepronda.com\/blog\/wp-json\/wp\/v2\/users\/10"}],"replies":[{"embeddable":true,"href":"https:\/\/cepronda.com\/blog\/wp-json\/wp\/v2\/comments?post=3791"}],"version-history":[{"count":2,"href":"https:\/\/cepronda.com\/blog\/wp-json\/wp\/v2\/posts\/3791\/revisions"}],"predecessor-version":[{"id":3793,"href":"https:\/\/cepronda.com\/blog\/wp-json\/wp\/v2\/posts\/3791\/revisions\/3793"}],"wp:attachment":[{"href":"https:\/\/cepronda.com\/blog\/wp-json\/wp\/v2\/media?parent=3791"}],"wp:term":[{"taxonomy":"category","embeddable":true,"href":"https:\/\/cepronda.com\/blog\/wp-json\/wp\/v2\/categories?post=3791"},{"taxonomy":"post_tag","embeddable":true,"href":"https:\/\/cepronda.com\/blog\/wp-json\/wp\/v2\/tags?post=3791"}],"curies":[{"name":"wp","href":"https:\/\/api.w.org\/{rel}","templated":true}]}}