{"id":3786,"date":"2020-09-30T12:32:28","date_gmt":"2020-09-30T10:32:28","guid":{"rendered":"http:\/\/cepronda.com\/blog\/?p=3786"},"modified":"2025-04-28T11:56:29","modified_gmt":"2025-04-28T09:56:29","slug":"plan-de-igualdad-convocatoria-abierta","status":"publish","type":"post","link":"https:\/\/cepronda.com\/blog\/plan-de-igualdad-convocatoria-abierta\/","title":{"rendered":"Plan de Igualdad. Convocatoria abierta."},"content":{"rendered":"<p><span style=\"font-weight: 400;\">Buenos d\u00edas compa\u00f1eras y compa\u00f1eros,<\/span><\/p>\n<p><span style=\"font-weight: 400;\">Os informamos que est\u00e1 publicada la Resoluci\u00f3n que regula las medidas y actuaciones para la prevenci\u00f3n de la violencia de g\u00e9nero en el \u00e1mbito educativo y establece la convocatoria para este curso 2020\/2021. El plazo para solicitarlo est\u00e1 abierto y en la convocatoria vienen explicadas las condiciones para su presentaci\u00f3n.&nbsp;<\/span><\/p>\n<p><a href=\"https:\/\/portals.ced.junta-andalucia.es\/educacion\/portals\/web\/ced\/novedades\/-\/contenidos\/detalle\/resolucion-de-21-de-septiembre-de-2020-de-la-direccion-general-de-atencion-a-la-diversidad-participacion-y-convivencia\">Resoluci\u00f3n de 21 de septiembre de 2020 de la Direcci\u00f3n General de Atenci\u00f3n a la Diversidad, Participaci\u00f3n y Convivencia Escolar para regular las medidas y actuaciones para la prevenci\u00f3n de la violencia de g\u00e9nero en el \u00e1mbito educativo y se establece la convocatoria para el curso 2020\/2021.<\/a><\/p>\n<p><span style=\"font-weight: 400;\">Esperamos que sea de vuestro inter\u00e9s.&nbsp;<\/span><\/p>\n<p><span style=\"font-weight: 400;\">Saludos.<\/span><\/p>\n","protected":false},"excerpt":{"rendered":"<p>Buenos d\u00edas compa\u00f1eras y compa\u00f1eros, Os informamos que est\u00e1 publicada la Resoluci\u00f3n que regula las medidas y actuaciones para la prevenci\u00f3n de la violencia de g\u00e9nero en el \u00e1mbito educativo y establece la convocatoria para este curso 2020\/2021. El plazo para solicitarlo est\u00e1 abierto y en la convocatoria vienen explicadas las condiciones para su presentaci\u00f3n.&nbsp; [&hellip;]<\/p>\n","protected":false},"author":9,"featured_media":3790,"comment_status":"closed","ping_status":"open","sticky":false,"template":"","format":"standard","meta":{"_crdt_document":"","advanced_seo_description":"","jetpack_seo_html_title":"","jetpack_seo_noindex":false,"jetpack_post_was_ever_published":false,"_jetpack_newsletter_access":"","_jetpack_dont_email_post_to_subs":false,"_jetpack_newsletter_tier_id":0,"_jetpack_memberships_contains_paywalled_content":false,"_jetpack_memberships_contains_paid_content":false,"footnotes":"","jetpack_publicize_message":"","jetpack_publicize_feature_enabled":true,"jetpack_social_post_already_shared":true,"jetpack_social_options":{"image_generator_settings":{"template":"highway","default_image_id":0,"font":"","enabled":false},"version":2}},"categories":[3,5],"tags":[126,203,37],"class_list":{"0":"post-3786","1":"post","2":"type-post","3":"status-publish","4":"format-standard","5":"has-post-thumbnail","7":"category-formaciones","8":"category-noticias","9":"tag-atencion-a-la-diversidad","10":"tag-convivencia-escolar","11":"tag-igualdad","12":"czr-hentry"},"jetpack_publicize_connections":[],"jetpack_featured_media_url":"https:\/\/i0.wp.com\/cepronda.com\/blog\/wp-content\/uploads\/2020\/09\/cartel_vg_bien.jpg?fit=300%2C300&ssl=1","jetpack_shortlink":"https:\/\/wp.me\/p8M4X7-Z4","jetpack-related-posts":[{"id":4670,"url":"https:\/\/cepronda.com\/blog\/acreditacion-erasmus-en-el-ambito-de-la-educacion-escolar-y-educacion-permanente-convocatoria-2021\/","url_meta":{"origin":3786,"position":0},"title":"ACREDITACI\u00d3N ERASMUS EN EL \u00c1MBITO DE LA EDUCACI\u00d3N ESCOLAR Y EDUCACI\u00d3N PERMANENTE. CONVOCATORIA 2021","author":"Maribel Mu\u00f1oz","date":"24 septiembre, 2021","format":false,"excerpt":"Buenas tardes compa\u00f1eras y compa\u00f1eros, Os informamos que est\u00e1 abierto el plazo de inscripci\u00f3n en la actividad \u00a0\"ACREDITACI\u00d3N ERASMUS EN EL \u00c1MBITO DE LA EDUCACI\u00d3N ESCOLAR Y EDUCACI\u00d3N PERMANENTE. CONVOCATORIA 2021\" \u00a0hasta el 27 de septiembre .\u00a0 Es una actividad PROVINCIAL con c\u00f3digo 229922KPI003\u00a0 El curso se desarrollar\u00e1\u00a0 desde el\u2026","rel":"","context":"En \u00abFormaciones\u00bb","block_context":{"text":"Formaciones","link":"https:\/\/cepronda.com\/blog\/category\/formaciones\/"},"img":{"alt_text":"","src":"https:\/\/i0.wp.com\/cepronda.com\/blog\/wp-content\/uploads\/2021\/09\/CARTEL-FORMACION-PROVINCIAL-300x273.png?resize=350%2C200","width":350,"height":200},"classes":[]},{"id":3453,"url":"https:\/\/cepronda.com\/blog\/abierta-convocatoria-para-los-programas-ada-y-diana\/","url_meta":{"origin":3786,"position":1},"title":"ABIERTA CONVOCATORIA PARA LOS PROGRAMAS ADA Y DIANA","author":"V\u00edctor Caballero","date":"2 marzo, 2020","format":false,"excerpt":"El Instituto de la Mujer y para la Igualdad de Oportunidades colabora a trav\u00e9s de sus programas y actividades en la consecuci\u00f3n de una mayor y mejor participaci\u00f3n de las mujeres en todos los \u00e1mbitos del entorno digital, impulsando medidas dirigidas a incorporar la transversalidad de g\u00e9nero como principio rector\u2026","rel":"","context":"En \u00abFormaciones\u00bb","block_context":{"text":"Formaciones","link":"https:\/\/cepronda.com\/blog\/category\/formaciones\/"},"img":{"alt_text":"","src":"https:\/\/i0.wp.com\/cepronda.com\/blog\/wp-content\/uploads\/2020\/03\/logoInMujer.jpg?resize=350%2C200","width":350,"height":200},"classes":[]},{"id":3006,"url":"https:\/\/cepronda.com\/blog\/premios-anuales-a-la-promocion-de-la-cultura-de-paz-y-la-convivencia-escolar-en-andalucia-para-el-curso-escolar-2019-2020\/","url_meta":{"origin":3786,"position":2},"title":"Premios Anuales a la Promoci\u00f3n de la Cultura de Paz y la Convivencia Escolar en Andaluc\u00eda para el curso escolar 2019-2020.","author":"V\u00edctor Caballero","date":"18 septiembre, 2019","format":false,"excerpt":"Muy buenas de nuevo, Compartimos tambi\u00e9n la convocatoria de los Premios Anuales a la Promoci\u00f3n de la Cultura de Paz y la Convivencia Escolar en Andaluc\u00eda para el curso escolar 2019-2020. Pod\u00e9is encontrar toda la informaci\u00f3n en el siguiente enlace.","rel":"","context":"En \u00abNoticias\u00bb","block_context":{"text":"Noticias","link":"https:\/\/cepronda.com\/blog\/category\/noticias\/"},"img":{"alt_text":"","src":"https:\/\/i0.wp.com\/cepronda.com\/blog\/wp-content\/uploads\/2019\/09\/vw-1308501_1920.jpg?resize=350%2C200&ssl=1","width":350,"height":200,"srcset":"https:\/\/i0.wp.com\/cepronda.com\/blog\/wp-content\/uploads\/2019\/09\/vw-1308501_1920.jpg?resize=350%2C200&ssl=1 1x, https:\/\/i0.wp.com\/cepronda.com\/blog\/wp-content\/uploads\/2019\/09\/vw-1308501_1920.jpg?resize=525%2C300&ssl=1 1.5x, https:\/\/i0.wp.com\/cepronda.com\/blog\/wp-content\/uploads\/2019\/09\/vw-1308501_1920.jpg?resize=700%2C400&ssl=1 2x, https:\/\/i0.wp.com\/cepronda.com\/blog\/wp-content\/uploads\/2019\/09\/vw-1308501_1920.jpg?resize=1050%2C600&ssl=1 3x, https:\/\/i0.wp.com\/cepronda.com\/blog\/wp-content\/uploads\/2019\/09\/vw-1308501_1920.jpg?resize=1400%2C800&ssl=1 4x"},"classes":[]},{"id":9106,"url":"https:\/\/cepronda.com\/blog\/mediacion-escolar-un-recurso-en-el-entorno-educativo\/","url_meta":{"origin":3786,"position":3},"title":"MEDIACI\u00d3N ESCOLAR. UN RECURSO EN EL ENTORNO EDUCATIVO","author":"Maribel Mu\u00f1oz","date":"5 diciembre, 2025","format":false,"excerpt":"Se encuentra abierto el plazo de inscripci\u00f3n en el curso provincial, \"MEDIACI\u00d3N ESCOLAR. UN RECURSO EN EL ENTORNO EDUCATIVO\", con c\u00f3digo: 262924GE174. Inscripciones: del 5 de diciembre al 8 de enero. Inicio del curso: 13 de enero de 2026. Fin del curso de formaci\u00f3n: 12 de febrero de 2026. Lugar:\u2026","rel":"","context":"En \u00abFormaciones\u00bb","block_context":{"text":"Formaciones","link":"https:\/\/cepronda.com\/blog\/category\/formaciones\/"},"img":{"alt_text":"","src":"https:\/\/i0.wp.com\/cepronda.com\/blog\/wp-content\/uploads\/2025\/12\/MEDIACION-262924GE174-1.png?fit=1080%2C1080&ssl=1&resize=350%2C200","width":350,"height":200,"srcset":"https:\/\/i0.wp.com\/cepronda.com\/blog\/wp-content\/uploads\/2025\/12\/MEDIACION-262924GE174-1.png?fit=1080%2C1080&ssl=1&resize=350%2C200 1x, https:\/\/i0.wp.com\/cepronda.com\/blog\/wp-content\/uploads\/2025\/12\/MEDIACION-262924GE174-1.png?fit=1080%2C1080&ssl=1&resize=525%2C300 1.5x, https:\/\/i0.wp.com\/cepronda.com\/blog\/wp-content\/uploads\/2025\/12\/MEDIACION-262924GE174-1.png?fit=1080%2C1080&ssl=1&resize=700%2C400 2x, https:\/\/i0.wp.com\/cepronda.com\/blog\/wp-content\/uploads\/2025\/12\/MEDIACION-262924GE174-1.png?fit=1080%2C1080&ssl=1&resize=1050%2C600 3x"},"classes":[]},{"id":2874,"url":"https:\/\/cepronda.com\/blog\/convocatoria-de-los-premios-rosa-regas-2\/","url_meta":{"origin":3786,"position":4},"title":"Convocatoria de los premios Rosa Reg\u00e1s","author":"V\u00edctor Caballero","date":"6 junio, 2019","format":false,"excerpt":"Muy buenas, Os comunicamos que ha salido publicada la Resoluci\u00f3n de 24 de mayo de 2019, de la Direcci\u00f3n General de Atenci\u00f3n a la Diversidad, Participaci\u00f3n y Convivencia Escolar, por la que se convocan los premios Rosa Reg\u00e0s a materiales curriculares que promuevan la igualdad entre hombres y mujeres en\u2026","rel":"","context":"En \u00abFormaciones\u00bb","block_context":{"text":"Formaciones","link":"https:\/\/cepronda.com\/blog\/category\/formaciones\/"},"img":{"alt_text":"","src":"https:\/\/i0.wp.com\/cepronda.com\/blog\/wp-content\/uploads\/2018\/05\/Premiorosaregas.jpg?fit=600%2C300&ssl=1&resize=350%2C200","width":350,"height":200,"srcset":"https:\/\/i0.wp.com\/cepronda.com\/blog\/wp-content\/uploads\/2018\/05\/Premiorosaregas.jpg?fit=600%2C300&ssl=1&resize=350%2C200 1x, https:\/\/i0.wp.com\/cepronda.com\/blog\/wp-content\/uploads\/2018\/05\/Premiorosaregas.jpg?fit=600%2C300&ssl=1&resize=525%2C300 1.5x"},"classes":[]},{"id":6065,"url":"https:\/\/cepronda.com\/blog\/acreditacion-erasmus-en-el-ambito-de-la-educacion-escolar-y-educacion-permanente-convocatoria-2023\/","url_meta":{"origin":3786,"position":5},"title":"ACREDITACI\u00d3N ERASMUS EN EL \u00c1MBITO DE LA EDUCACI\u00d3N ESCOLAR Y EDUCACI\u00d3N PERMANENTE. CONVOCATORIA 2023","author":"Inmaculada Garc\u00eda","date":"20 septiembre, 2023","format":false,"excerpt":"Abierto plazo de inscripci\u00f3n para la Acreditaci\u00f3n Erasmus en el \u00c1mbito de la Educaci\u00f3n Escolar y Permanente. Convocatoria 2023.\u00a0 C\u00f3digo de la actividad:\u00a0\u00a0249922KPI003 Fechas de realizaci\u00f3n:\u00a025\/09\/2023 - 27\/10\/2023 Lugar de realizaci\u00f3n:\u00a0AULA VIRTUAL DE FORMACI\u00d3N DEL PROFESORADO N\u00ba de plazas:\u00a090 PLAZO DE INSCRIPCI\u00d3N:\u00a0Abierto hasta el 22 de septiembre a las 10:00\u2026","rel":"","context":"En \u00abFormaciones\u00bb","block_context":{"text":"Formaciones","link":"https:\/\/cepronda.com\/blog\/category\/formaciones\/"},"img":{"alt_text":"","src":"https:\/\/i0.wp.com\/cepronda.com\/blog\/wp-content\/uploads\/2023\/09\/ACREDITACION.jpg?fit=720%2C509&ssl=1&resize=350%2C200","width":350,"height":200,"srcset":"https:\/\/i0.wp.com\/cepronda.com\/blog\/wp-content\/uploads\/2023\/09\/ACREDITACION.jpg?fit=720%2C509&ssl=1&resize=350%2C200 1x, https:\/\/i0.wp.com\/cepronda.com\/blog\/wp-content\/uploads\/2023\/09\/ACREDITACION.jpg?fit=720%2C509&ssl=1&resize=525%2C300 1.5x, https:\/\/i0.wp.com\/cepronda.com\/blog\/wp-content\/uploads\/2023\/09\/ACREDITACION.jpg?fit=720%2C509&ssl=1&resize=700%2C400 2x"},"classes":[]}],"jetpack_sharing_enabled":true,"_links":{"self":[{"href":"https:\/\/cepronda.com\/blog\/wp-json\/wp\/v2\/posts\/3786","targetHints":{"allow":["GET"]}}],"collection":[{"href":"https:\/\/cepronda.com\/blog\/wp-json\/wp\/v2\/posts"}],"about":[{"href":"https:\/\/cepronda.com\/blog\/wp-json\/wp\/v2\/types\/post"}],"author":[{"embeddable":true,"href":"https:\/\/cepronda.com\/blog\/wp-json\/wp\/v2\/users\/9"}],"replies":[{"embeddable":true,"href":"https:\/\/cepronda.com\/blog\/wp-json\/wp\/v2\/comments?post=3786"}],"version-history":[{"count":2,"href":"https:\/\/cepronda.com\/blog\/wp-json\/wp\/v2\/posts\/3786\/revisions"}],"predecessor-version":[{"id":3788,"href":"https:\/\/cepronda.com\/blog\/wp-json\/wp\/v2\/posts\/3786\/revisions\/3788"}],"wp:featuredmedia":[{"embeddable":true,"href":"https:\/\/cepronda.com\/blog\/wp-json\/wp\/v2\/media\/3790"}],"wp:attachment":[{"href":"https:\/\/cepronda.com\/blog\/wp-json\/wp\/v2\/media?parent=3786"}],"wp:term":[{"taxonomy":"category","embeddable":true,"href":"https:\/\/cepronda.com\/blog\/wp-json\/wp\/v2\/categories?post=3786"},{"taxonomy":"post_tag","embeddable":true,"href":"https:\/\/cepronda.com\/blog\/wp-json\/wp\/v2\/tags?post=3786"}],"curies":[{"name":"wp","href":"https:\/\/api.w.org\/{rel}","templated":true}]}}