{"id":3769,"date":"2020-09-23T18:14:19","date_gmt":"2020-09-23T16:14:19","guid":{"rendered":"http:\/\/cepronda.com\/blog\/?p=3769"},"modified":"2020-09-23T18:14:20","modified_gmt":"2020-09-23T16:14:20","slug":"cuaderno-del-profesor-comunicaciones-iseneca-e-ipasen","status":"publish","type":"post","link":"https:\/\/cepronda.com\/blog\/cuaderno-del-profesor-comunicaciones-iseneca-e-ipasen\/","title":{"rendered":"Cuaderno del profesor, comunicaciones, iS\u00e9neca e iPasen"},"content":{"rendered":"\n\n<p>Buenas tardes compa\u00f1eras y compa\u00f1eros,<\/p>\n<p>Os informamos que est\u00e1 abierto el plazo de inscripci\u00f3n de la formaci\u00f3n CUADERNO DEL PROFESOR, COMUNICACIONES, iS\u00c9NECA E iPASEN&nbsp; a nivel provincial y que comenzar\u00e1 a desarrollarse el pr\u00f3ximo&nbsp; 1 de octubre. Adjuntamos cartel informativo. <span style=\"color: #ff0000;\">EL PLAZO DE INSCRIPCI\u00d3N TERMINA ESTE VIERNES.<\/span><\/p>\n<p>Deseamos que sea de vuestro inter\u00e9s.&nbsp;<\/p>\n<p>Saludos.<\/p>\n<p>&nbsp;<\/p>\n\n\n<figure class=\"wp-block-image size-large\"><img data-recalc-dims=\"1\" loading=\"lazy\" decoding=\"async\" width=\"724\" height=\"1024\" src=\"https:\/\/i0.wp.com\/cepronda.com\/blog\/wp-content\/uploads\/2020\/09\/WhatsApp-Image-2020-09-23-at-16.52.45-724x1024.jpeg?resize=724%2C1024\" alt=\"\" class=\"wp-image-3770\" srcset=\"https:\/\/i0.wp.com\/cepronda.com\/blog\/wp-content\/uploads\/2020\/09\/WhatsApp-Image-2020-09-23-at-16.52.45.jpeg?resize=724%2C1024&amp;ssl=1 724w, https:\/\/i0.wp.com\/cepronda.com\/blog\/wp-content\/uploads\/2020\/09\/WhatsApp-Image-2020-09-23-at-16.52.45.jpeg?resize=212%2C300&amp;ssl=1 212w, https:\/\/i0.wp.com\/cepronda.com\/blog\/wp-content\/uploads\/2020\/09\/WhatsApp-Image-2020-09-23-at-16.52.45.jpeg?resize=768%2C1086&amp;ssl=1 768w, https:\/\/i0.wp.com\/cepronda.com\/blog\/wp-content\/uploads\/2020\/09\/WhatsApp-Image-2020-09-23-at-16.52.45.jpeg?resize=1086%2C1536&amp;ssl=1 1086w, https:\/\/i0.wp.com\/cepronda.com\/blog\/wp-content\/uploads\/2020\/09\/WhatsApp-Image-2020-09-23-at-16.52.45.jpeg?w=1131&amp;ssl=1 1131w\" sizes=\"auto, (max-width: 724px) 100vw, 724px\" \/><\/figure>\n\n\n\n<figure class=\"wp-block-image size-large\"><img data-recalc-dims=\"1\" loading=\"lazy\" decoding=\"async\" width=\"410\" height=\"1024\" src=\"https:\/\/i0.wp.com\/cepronda.com\/blog\/wp-content\/uploads\/2020\/09\/WhatsApp-Image-2020-09-23-at-16.52.45-1-410x1024.jpeg?resize=410%2C1024\" alt=\"\" class=\"wp-image-3771\" srcset=\"https:\/\/i0.wp.com\/cepronda.com\/blog\/wp-content\/uploads\/2020\/09\/WhatsApp-Image-2020-09-23-at-16.52.45-1.jpeg?resize=410%2C1024&amp;ssl=1 410w, https:\/\/i0.wp.com\/cepronda.com\/blog\/wp-content\/uploads\/2020\/09\/WhatsApp-Image-2020-09-23-at-16.52.45-1.jpeg?resize=120%2C300&amp;ssl=1 120w, https:\/\/i0.wp.com\/cepronda.com\/blog\/wp-content\/uploads\/2020\/09\/WhatsApp-Image-2020-09-23-at-16.52.45-1.jpeg?w=640&amp;ssl=1 640w\" sizes=\"auto, (max-width: 410px) 100vw, 410px\" \/><\/figure>\n","protected":false},"excerpt":{"rendered":"<p>Buenas tardes compa\u00f1eras y compa\u00f1eros, Os informamos que est\u00e1 abierto el plazo de inscripci\u00f3n de la formaci\u00f3n CUADERNO DEL PROFESOR, COMUNICACIONES, iS\u00c9NECA E iPASEN&nbsp; a nivel provincial y que comenzar\u00e1 a desarrollarse el pr\u00f3ximo&nbsp; 1 de octubre. Adjuntamos cartel informativo. EL PLAZO DE INSCRIPCI\u00d3N TERMINA ESTE VIERNES. Deseamos que sea de vuestro inter\u00e9s.&nbsp; Saludos. &nbsp;<\/p>\n","protected":false},"author":10,"featured_media":0,"comment_status":"closed","ping_status":"open","sticky":false,"template":"","format":"standard","meta":{"_crdt_document":"","advanced_seo_description":"","jetpack_seo_html_title":"","jetpack_seo_noindex":false,"jetpack_post_was_ever_published":false,"_jetpack_newsletter_access":"","_jetpack_dont_email_post_to_subs":false,"_jetpack_newsletter_tier_id":0,"_jetpack_memberships_contains_paywalled_content":false,"_jetpack_memberships_contains_paid_content":false,"footnotes":"","jetpack_publicize_message":"","jetpack_publicize_feature_enabled":true,"jetpack_social_post_already_shared":true,"jetpack_social_options":{"image_generator_settings":{"template":"highway","default_image_id":0,"font":"","enabled":false},"version":2}},"categories":[3,5],"tags":[90,202],"class_list":{"0":"post-3769","1":"post","2":"type-post","3":"status-publish","4":"format-standard","6":"category-formaciones","7":"category-noticias","8":"tag-cursos","9":"tag-provincial","10":"czr-hentry"},"jetpack_publicize_connections":[],"jetpack_featured_media_url":"","jetpack_shortlink":"https:\/\/wp.me\/p8M4X7-YN","jetpack-related-posts":[{"id":5610,"url":"https:\/\/cepronda.com\/blog\/plataforma-iseneca-ipasen-ensenanzas-artisticas-de-musica-cuaderno-de-clase\/","url_meta":{"origin":3769,"position":0},"title":"PLATAFORMA ISENECA\/IPASEN ENSE\u00d1ANZAS ART\u00cdSTICAS DE M\u00daSICA. CUADERNO DE CLASE.","author":"Maribel Mu\u00f1oz","date":"11 noviembre, 2022","format":false,"excerpt":"Buenas tardes compa\u00f1eras y compa\u00f1eros, Os\u00a0 informamos que est\u00e1 abierto el plazo de inscripci\u00f3n en el curso provincial\u00a0 PLATAFORMA ISENECA\/IPASEN ENSE\u00d1ANZAS ART\u00cdSTICAS DE M\u00daSICA. CUADERNO DE CLASE con c\u00f3digo 232924GE031. Fechas de inscripci\u00f3n : del 11\/11\/2022 al 25\/11\/2022 Fecha de inicio: 1\/12\/2022 Fecha finalizaci\u00f3n: 23\/01\/2023 Horas: 15\u00a0 ( 8h de\u2026","rel":"","context":"En \u00abFormaciones\u00bb","block_context":{"text":"Formaciones","link":"https:\/\/cepronda.com\/blog\/category\/formaciones\/"},"img":{"alt_text":"","src":"https:\/\/i0.wp.com\/cepronda.com\/blog\/wp-content\/uploads\/2022\/11\/WhatsApp-Image-2022-11-10-at-17.04.44.jpeg?fit=848%2C1200&ssl=1&resize=350%2C200","width":350,"height":200,"srcset":"https:\/\/i0.wp.com\/cepronda.com\/blog\/wp-content\/uploads\/2022\/11\/WhatsApp-Image-2022-11-10-at-17.04.44.jpeg?fit=848%2C1200&ssl=1&resize=350%2C200 1x, https:\/\/i0.wp.com\/cepronda.com\/blog\/wp-content\/uploads\/2022\/11\/WhatsApp-Image-2022-11-10-at-17.04.44.jpeg?fit=848%2C1200&ssl=1&resize=525%2C300 1.5x, https:\/\/i0.wp.com\/cepronda.com\/blog\/wp-content\/uploads\/2022\/11\/WhatsApp-Image-2022-11-10-at-17.04.44.jpeg?fit=848%2C1200&ssl=1&resize=700%2C400 2x"},"classes":[]},{"id":1597,"url":"https:\/\/cepronda.com\/blog\/cuaderno-iseneca-en-el-ceip-juan-martin-pinzon\/","url_meta":{"origin":3769,"position":1},"title":"CUADERNO ISENECA EN EL CEIP JUAN MART\u00cdN PINZ\u00d3N","author":"V\u00edctor Caballero","date":"6 febrero, 2018","format":false,"excerpt":"Hola familia,\u00a0 Abrimos este curso para resto de profesorado interesado en conocer el uso del cuaderno IS\u00e9neca. Est\u00e1 orientado para profesorado de Educaci\u00f3n Primaria e Infantil.\u00a0 Toda la informaci\u00f3n la ten\u00e9is en el siguiente enlace o bien haciendo clic en la imagen.","rel":"","context":"En \u00abFormaciones\u00bb","block_context":{"text":"Formaciones","link":"https:\/\/cepronda.com\/blog\/category\/formaciones\/"},"img":{"alt_text":"","src":"https:\/\/i0.wp.com\/cepronda.com\/blog\/wp-content\/uploads\/2017\/05\/CvIM0y6WcAA7hen.jpg?fit=673%2C305&ssl=1&resize=350%2C200","width":350,"height":200,"srcset":"https:\/\/i0.wp.com\/cepronda.com\/blog\/wp-content\/uploads\/2017\/05\/CvIM0y6WcAA7hen.jpg?fit=673%2C305&ssl=1&resize=350%2C200 1x, https:\/\/i0.wp.com\/cepronda.com\/blog\/wp-content\/uploads\/2017\/05\/CvIM0y6WcAA7hen.jpg?fit=673%2C305&ssl=1&resize=525%2C300 1.5x"},"classes":[]},{"id":6105,"url":"https:\/\/cepronda.com\/blog\/cuaderno-seneca-para-formacion-profesional-242923fp153\/","url_meta":{"origin":3769,"position":2},"title":"CUADERNO S\u00c9NECA PARA FORMACI\u00d3N PROFESIONAL (242923FP153)","author":"Inmaculada Garc\u00eda","date":"18 octubre, 2023","format":false,"excerpt":"Abierto plazo de inscripci\u00f3n para el Curso a Distancia, gestionado por el CEP de Marbella- Co\u00edn: \"CUADERNO S\u00c9NECA PARA FORMACI\u00d3N PROFESIONAL (242923FP153)\" Destinados a profesorado de Formaci\u00f3n profesional de la provincia de M\u00e1laga. Inscripci\u00f3n del 18 al 27 de octubre. Realizaci\u00f3n entre el 6 de Noviembre y el 15 de\u2026","rel":"","context":"En \u00abNoticias\u00bb","block_context":{"text":"Noticias","link":"https:\/\/cepronda.com\/blog\/category\/noticias\/"},"img":{"alt_text":"","src":"https:\/\/i0.wp.com\/cepronda.com\/blog\/wp-content\/uploads\/2023\/10\/WhatsApp-Image-2023-10-17-at-20.51.07.jpeg?fit=1080%2C1080&ssl=1&resize=350%2C200","width":350,"height":200,"srcset":"https:\/\/i0.wp.com\/cepronda.com\/blog\/wp-content\/uploads\/2023\/10\/WhatsApp-Image-2023-10-17-at-20.51.07.jpeg?fit=1080%2C1080&ssl=1&resize=350%2C200 1x, https:\/\/i0.wp.com\/cepronda.com\/blog\/wp-content\/uploads\/2023\/10\/WhatsApp-Image-2023-10-17-at-20.51.07.jpeg?fit=1080%2C1080&ssl=1&resize=525%2C300 1.5x, https:\/\/i0.wp.com\/cepronda.com\/blog\/wp-content\/uploads\/2023\/10\/WhatsApp-Image-2023-10-17-at-20.51.07.jpeg?fit=1080%2C1080&ssl=1&resize=700%2C400 2x, https:\/\/i0.wp.com\/cepronda.com\/blog\/wp-content\/uploads\/2023\/10\/WhatsApp-Image-2023-10-17-at-20.51.07.jpeg?fit=1080%2C1080&ssl=1&resize=1050%2C600 3x"},"classes":[]},{"id":4866,"url":"https:\/\/cepronda.com\/blog\/ipasen-e-iseneca-para-docentes-uso-con-las-familias\/","url_meta":{"origin":3769,"position":3},"title":"IPASEN E IS\u00c9NECA PARA DOCENTES. USO CON LAS FAMILIAS","author":"V\u00edctor Caballero","date":"26 noviembre, 2021","format":false,"excerpt":"Buenas tardes compa\u00f1eros y compa\u00f1eras. Os informamos de la apertura de solicitudes para un curso muy interesante sobre: IPASEN E IS\u00c9NECA PARA DOCENTES. USO CON LAS FAMILIAS. (222924FC055) Curso de 5 h de duraci\u00f3n repartidas en dos sesiones a trav\u00e9s de videoconferencia Webex. \u00a1\u00a1\u00a1Inscripciones solo hasta el martes 30 de\u2026","rel":"","context":"En \u00abFormaciones\u00bb","block_context":{"text":"Formaciones","link":"https:\/\/cepronda.com\/blog\/category\/formaciones\/"},"img":{"alt_text":"","src":"https:\/\/i0.wp.com\/cepronda.com\/blog\/wp-content\/uploads\/2021\/11\/WhatsApp-Image-2021-11-26-at-13.14.38.jpeg?fit=848%2C1200&ssl=1&resize=350%2C200","width":350,"height":200,"srcset":"https:\/\/i0.wp.com\/cepronda.com\/blog\/wp-content\/uploads\/2021\/11\/WhatsApp-Image-2021-11-26-at-13.14.38.jpeg?fit=848%2C1200&ssl=1&resize=350%2C200 1x, https:\/\/i0.wp.com\/cepronda.com\/blog\/wp-content\/uploads\/2021\/11\/WhatsApp-Image-2021-11-26-at-13.14.38.jpeg?fit=848%2C1200&ssl=1&resize=525%2C300 1.5x, https:\/\/i0.wp.com\/cepronda.com\/blog\/wp-content\/uploads\/2021\/11\/WhatsApp-Image-2021-11-26-at-13.14.38.jpeg?fit=848%2C1200&ssl=1&resize=700%2C400 2x"},"classes":[]},{"id":4751,"url":"https:\/\/cepronda.com\/blog\/cuaderno-de-clase-de-seneca-para-la-evaluacion-criterial\/","url_meta":{"origin":3769,"position":4},"title":"CUADERNO DE CLASE DE S\u00c9NECA PARA LA EVALUACI\u00d3N CRITERIAL","author":"Maribel Mu\u00f1oz","date":"11 octubre, 2021","format":false,"excerpt":"Buenas tardes compa\u00f1eras y compa\u00f1eros, Os informamos que est\u00e1 abierto el plazo de inscripci\u00f3n en la actividad \u00a0\"CUADERNO DE CLASE DE S\u00c9NECA PARA LA EVALUACI\u00d3N CRITERIAL\".\u00a0Es una actividad PROVINCIAL, gestionada por el\u00a0 CEP de V\u00e9lez-M\u00e1laga,\u00a0 con c\u00f3digo 229926KPF367.\u00a0 Se desarrollar\u00e1 en el Aula Virtual de Formaci\u00f3n del Profesorado. Las fechas\u2026","rel":"","context":"En \u00abFormaciones\u00bb","block_context":{"text":"Formaciones","link":"https:\/\/cepronda.com\/blog\/category\/formaciones\/"},"img":{"alt_text":"","src":"https:\/\/i0.wp.com\/cepronda.com\/blog\/wp-content\/uploads\/2021\/10\/WhatsApp-Image-2021-10-11-at-12.06.20-1.jpeg?fit=1200%2C427&ssl=1&resize=350%2C200","width":350,"height":200,"srcset":"https:\/\/i0.wp.com\/cepronda.com\/blog\/wp-content\/uploads\/2021\/10\/WhatsApp-Image-2021-10-11-at-12.06.20-1.jpeg?fit=1200%2C427&ssl=1&resize=350%2C200 1x, https:\/\/i0.wp.com\/cepronda.com\/blog\/wp-content\/uploads\/2021\/10\/WhatsApp-Image-2021-10-11-at-12.06.20-1.jpeg?fit=1200%2C427&ssl=1&resize=525%2C300 1.5x, https:\/\/i0.wp.com\/cepronda.com\/blog\/wp-content\/uploads\/2021\/10\/WhatsApp-Image-2021-10-11-at-12.06.20-1.jpeg?fit=1200%2C427&ssl=1&resize=700%2C400 2x, https:\/\/i0.wp.com\/cepronda.com\/blog\/wp-content\/uploads\/2021\/10\/WhatsApp-Image-2021-10-11-at-12.06.20-1.jpeg?fit=1200%2C427&ssl=1&resize=1050%2C600 3x"},"classes":[]},{"id":7412,"url":"https:\/\/cepronda.com\/blog\/cuaderno-de-clase-de-seneca-para-la-evaluacion-competencial\/","url_meta":{"origin":3769,"position":5},"title":"CUADERNO DE CLASE DE S\u00c9NECA PARA LA EVALUACI\u00d3N COMPETENCIAL","author":"Mamen Moreno","date":"31 enero, 2024","format":false,"excerpt":"Abierto plazo de inscripci\u00f3n para curso CUADERNO DE CLASE DE S\u00c9NECA PARA LA EVALUACI\u00d3N COMPETENCIAL Destinado a profesorado de INFANTIL, PRIMARIA, SECUNDARIA, BACHILLERATO Y EDUCACI\u00d3N PERMANENTE \ufe0fInscripci\u00f3n del 29 de enero al 12 de febrero. Realizaci\u00f3n entre el 22 de febrero al 22 de abril a trav\u00e9s del AVFP M\u00e1s\u2026","rel":"","context":"En \u00abFormaciones\u00bb","block_context":{"text":"Formaciones","link":"https:\/\/cepronda.com\/blog\/category\/formaciones\/"},"img":{"alt_text":"","src":"https:\/\/i0.wp.com\/cepronda.com\/blog\/wp-content\/uploads\/2024\/01\/WhatsApp-Image-2024-01-30-at-13.43.45-1.jpeg?fit=1000%2C1000&ssl=1&resize=350%2C200","width":350,"height":200,"srcset":"https:\/\/i0.wp.com\/cepronda.com\/blog\/wp-content\/uploads\/2024\/01\/WhatsApp-Image-2024-01-30-at-13.43.45-1.jpeg?fit=1000%2C1000&ssl=1&resize=350%2C200 1x, https:\/\/i0.wp.com\/cepronda.com\/blog\/wp-content\/uploads\/2024\/01\/WhatsApp-Image-2024-01-30-at-13.43.45-1.jpeg?fit=1000%2C1000&ssl=1&resize=525%2C300 1.5x, https:\/\/i0.wp.com\/cepronda.com\/blog\/wp-content\/uploads\/2024\/01\/WhatsApp-Image-2024-01-30-at-13.43.45-1.jpeg?fit=1000%2C1000&ssl=1&resize=700%2C400 2x"},"classes":[]}],"jetpack_sharing_enabled":true,"_links":{"self":[{"href":"https:\/\/cepronda.com\/blog\/wp-json\/wp\/v2\/posts\/3769","targetHints":{"allow":["GET"]}}],"collection":[{"href":"https:\/\/cepronda.com\/blog\/wp-json\/wp\/v2\/posts"}],"about":[{"href":"https:\/\/cepronda.com\/blog\/wp-json\/wp\/v2\/types\/post"}],"author":[{"embeddable":true,"href":"https:\/\/cepronda.com\/blog\/wp-json\/wp\/v2\/users\/10"}],"replies":[{"embeddable":true,"href":"https:\/\/cepronda.com\/blog\/wp-json\/wp\/v2\/comments?post=3769"}],"version-history":[{"count":1,"href":"https:\/\/cepronda.com\/blog\/wp-json\/wp\/v2\/posts\/3769\/revisions"}],"predecessor-version":[{"id":3772,"href":"https:\/\/cepronda.com\/blog\/wp-json\/wp\/v2\/posts\/3769\/revisions\/3772"}],"wp:attachment":[{"href":"https:\/\/cepronda.com\/blog\/wp-json\/wp\/v2\/media?parent=3769"}],"wp:term":[{"taxonomy":"category","embeddable":true,"href":"https:\/\/cepronda.com\/blog\/wp-json\/wp\/v2\/categories?post=3769"},{"taxonomy":"post_tag","embeddable":true,"href":"https:\/\/cepronda.com\/blog\/wp-json\/wp\/v2\/tags?post=3769"}],"curies":[{"name":"wp","href":"https:\/\/api.w.org\/{rel}","templated":true}]}}