{"id":3759,"date":"2020-09-23T17:58:09","date_gmt":"2020-09-23T15:58:09","guid":{"rendered":"http:\/\/cepronda.com\/blog\/?p=3759"},"modified":"2020-09-23T18:04:20","modified_gmt":"2020-09-23T16:04:20","slug":"configuracion-seneca-para-equipos-directivos","status":"publish","type":"post","link":"https:\/\/cepronda.com\/blog\/configuracion-seneca-para-equipos-directivos\/","title":{"rendered":"Configuraci\u00f3n S\u00e9neca para Equipos Directivos"},"content":{"rendered":"<p><span style=\"font-weight: 400;\">Buenas tardes compa\u00f1eras y compa\u00f1eros,<\/span><\/p>\n<p><span style=\"font-weight: 400;\">Os informamos que est\u00e1 abierto el plazo de inscripci\u00f3n de la formaci\u00f3n CONFIGURACI\u00d3N S\u00c9NECA PARA EQUIPOS DIRECTIVOS a nivel provincial y que comenzar\u00e1 a desarrollarse el pr\u00f3ximo&nbsp; 1 de octubre. Adjuntamos cartel informativo. <span style=\"color: #ff0000;\">EL PLAZO DE INSCRIPCI\u00d3N TERMINA ESTE VIERNES.<\/span><\/span><\/p>\n<p><span style=\"font-weight: 400;\">Deseamos que sea de vuestro inter\u00e9s.&nbsp;<\/span><\/p>\n<p><span style=\"font-weight: 400;\">Saludos.<\/span><\/p>\n\n\n<figure class=\"wp-block-image size-large is-resized\"><img data-recalc-dims=\"1\" loading=\"lazy\" decoding=\"async\" src=\"https:\/\/i0.wp.com\/cepronda.com\/blog\/wp-content\/uploads\/2020\/09\/WhatsApp-Image-2020-09-23-at-16.51.03-724x1024.jpeg?resize=580%2C820\" alt=\"\" class=\"wp-image-3760\" width=\"580\" height=\"820\" srcset=\"https:\/\/i0.wp.com\/cepronda.com\/blog\/wp-content\/uploads\/2020\/09\/WhatsApp-Image-2020-09-23-at-16.51.03.jpeg?resize=724%2C1024&amp;ssl=1 724w, https:\/\/i0.wp.com\/cepronda.com\/blog\/wp-content\/uploads\/2020\/09\/WhatsApp-Image-2020-09-23-at-16.51.03.jpeg?resize=212%2C300&amp;ssl=1 212w, https:\/\/i0.wp.com\/cepronda.com\/blog\/wp-content\/uploads\/2020\/09\/WhatsApp-Image-2020-09-23-at-16.51.03.jpeg?resize=768%2C1086&amp;ssl=1 768w, https:\/\/i0.wp.com\/cepronda.com\/blog\/wp-content\/uploads\/2020\/09\/WhatsApp-Image-2020-09-23-at-16.51.03.jpeg?resize=1086%2C1536&amp;ssl=1 1086w, https:\/\/i0.wp.com\/cepronda.com\/blog\/wp-content\/uploads\/2020\/09\/WhatsApp-Image-2020-09-23-at-16.51.03.jpeg?w=1131&amp;ssl=1 1131w\" sizes=\"auto, (max-width: 580px) 100vw, 580px\" \/><\/figure>\n\n\n\n<figure class=\"wp-block-image size-large\"><img data-recalc-dims=\"1\" loading=\"lazy\" decoding=\"async\" width=\"410\" height=\"1024\" src=\"https:\/\/i0.wp.com\/cepronda.com\/blog\/wp-content\/uploads\/2020\/09\/WhatsApp-Image-2020-09-23-at-16.52.10-1-410x1024.jpeg?resize=410%2C1024\" alt=\"\" class=\"wp-image-3764\" srcset=\"https:\/\/i0.wp.com\/cepronda.com\/blog\/wp-content\/uploads\/2020\/09\/WhatsApp-Image-2020-09-23-at-16.52.10-1.jpeg?resize=410%2C1024&amp;ssl=1 410w, https:\/\/i0.wp.com\/cepronda.com\/blog\/wp-content\/uploads\/2020\/09\/WhatsApp-Image-2020-09-23-at-16.52.10-1.jpeg?resize=120%2C300&amp;ssl=1 120w, https:\/\/i0.wp.com\/cepronda.com\/blog\/wp-content\/uploads\/2020\/09\/WhatsApp-Image-2020-09-23-at-16.52.10-1.jpeg?w=640&amp;ssl=1 640w\" sizes=\"auto, (max-width: 410px) 100vw, 410px\" \/><\/figure>\n\n\n\n<p class=\"wp-block-paragraph\"><\/p>\n","protected":false},"excerpt":{"rendered":"<p>Buenas tardes compa\u00f1eras y compa\u00f1eros, Os informamos que est\u00e1 abierto el plazo de inscripci\u00f3n de la formaci\u00f3n CONFIGURACI\u00d3N S\u00c9NECA PARA EQUIPOS DIRECTIVOS a nivel provincial y que comenzar\u00e1 a desarrollarse el pr\u00f3ximo&nbsp; 1 de octubre. Adjuntamos cartel informativo. EL PLAZO DE INSCRIPCI\u00d3N TERMINA ESTE VIERNES. Deseamos que sea de vuestro inter\u00e9s.&nbsp; Saludos.<\/p>\n","protected":false},"author":10,"featured_media":0,"comment_status":"closed","ping_status":"open","sticky":false,"template":"","format":"standard","meta":{"_crdt_document":"","advanced_seo_description":"","jetpack_seo_html_title":"","jetpack_seo_noindex":false,"jetpack_post_was_ever_published":false,"_jetpack_newsletter_access":"","_jetpack_dont_email_post_to_subs":false,"_jetpack_newsletter_tier_id":0,"_jetpack_memberships_contains_paywalled_content":false,"_jetpack_memberships_contains_paid_content":false,"footnotes":"","jetpack_publicize_message":"","jetpack_publicize_feature_enabled":true,"jetpack_social_post_already_shared":true,"jetpack_social_options":{"image_generator_settings":{"template":"highway","default_image_id":0,"font":"","enabled":false},"version":2}},"categories":[5],"tags":[90,25,202],"class_list":{"0":"post-3759","1":"post","2":"type-post","3":"status-publish","4":"format-standard","6":"category-noticias","7":"tag-cursos","8":"tag-equipos-directivos","9":"tag-provincial","10":"czr-hentry"},"jetpack_publicize_connections":[],"jetpack_featured_media_url":"","jetpack_shortlink":"https:\/\/wp.me\/p8M4X7-YD","jetpack-related-posts":[{"id":5936,"url":"https:\/\/cepronda.com\/blog\/transformacion-educativa-para-equipos-directivos\/","url_meta":{"origin":3759,"position":0},"title":"TRANSFORMACI\u00d3N EDUCATIVA PARA EQUIPOS DIRECTIVOS","author":"Mamen Moreno","date":"14 abril, 2023","format":false,"excerpt":"Abierto el plazo de inscripci\u00f3n a la actividad provincial \"TRANSFORMACI\u00d3N EDUCATIVA PARA EQUIPOS DIRECTIVOS\" \u00a0 \u00a0 \u00a0 \u00a0 \u00a0 \u00a0 \u00a0 \u00a0 \u00a0 \u00a0 \u00a0 \u00a0 \u00a0 \u00a0 \u00a0 \u00a0 \u00a0 \u00a0 \u00a0 \u00a0 \u00a0 \u00a0 \u00a0 VIDEOCONFERENCIAS: 4 y 11 de mayo de 16:30 a 19:30 y tareas en\u2026","rel":"","context":"En \u00abFormaciones\u00bb","block_context":{"text":"Formaciones","link":"https:\/\/cepronda.com\/blog\/category\/formaciones\/"},"img":{"alt_text":"","src":"https:\/\/i0.wp.com\/cepronda.com\/blog\/wp-content\/uploads\/2023\/04\/Sin-titulo.png?fit=505%2C413&ssl=1&resize=350%2C200","width":350,"height":200},"classes":[]},{"id":7555,"url":"https:\/\/cepronda.com\/blog\/transformacion-educativa-para-equipos-directivos-2\/","url_meta":{"origin":3759,"position":1},"title":"TRANSFORMACI\u00d3N EDUCATIVA PARA EQUIPOS DIRECTIVOS","author":"Mamen Moreno","date":"10 abril, 2024","format":false,"excerpt":"Se encuentra abierta la inscripci\u00f3n de la actividad formativa provincial \"TRANSFORMACI\u00d3N EDUCATIVA PARA EQUIPOS DIRECTIVOS\" Dirigido a Equipos directivos y FEIE de los centros educativos sostenidos con fondos p\u00fablicos. Se trata de una actividad de 20 horas con dos tem\u00e1ticas principales: Competencia Digital Docente (14 horas totalmente online tutorizadas) -\u2026","rel":"","context":"En \u00abFormaciones\u00bb","block_context":{"text":"Formaciones","link":"https:\/\/cepronda.com\/blog\/category\/formaciones\/"},"img":{"alt_text":"","src":"https:\/\/i0.wp.com\/cepronda.com\/blog\/wp-content\/uploads\/2024\/04\/WhatsApp-Image-2024-04-09-at-13.05.31-1.jpeg?fit=800%2C800&ssl=1&resize=350%2C200","width":350,"height":200,"srcset":"https:\/\/i0.wp.com\/cepronda.com\/blog\/wp-content\/uploads\/2024\/04\/WhatsApp-Image-2024-04-09-at-13.05.31-1.jpeg?fit=800%2C800&ssl=1&resize=350%2C200 1x, https:\/\/i0.wp.com\/cepronda.com\/blog\/wp-content\/uploads\/2024\/04\/WhatsApp-Image-2024-04-09-at-13.05.31-1.jpeg?fit=800%2C800&ssl=1&resize=525%2C300 1.5x, https:\/\/i0.wp.com\/cepronda.com\/blog\/wp-content\/uploads\/2024\/04\/WhatsApp-Image-2024-04-09-at-13.05.31-1.jpeg?fit=800%2C800&ssl=1&resize=700%2C400 2x"},"classes":[]},{"id":2533,"url":"https:\/\/cepronda.com\/blog\/nueva-actividad-formacion-permanente-gestion-de-los-recursos-del-centro\/","url_meta":{"origin":3759,"position":2},"title":"Nueva actividad \u00abFORMACI\u00d3N PERMANENTE: GESTI\u00d3N DE LOS RECURSOS DEL CENTRO\u00bb","author":"V\u00edctor Caballero","date":"10 diciembre, 2018","format":false,"excerpt":"Abrimos el plazo de inscripci\u00f3n para esta actividad dirigida a equipos directivos y personal de administraci\u00f3n de los centros docentes, donde intentaremos abordar los siguientes objetivos: Dar a conocer las \u00faltimas novedades y nuevas funcionalidades que el sistema S\u00e9neca dispone para el curso 2018\/2019 Ofrecer estrategias de uso de S\u00e9neca\u2026","rel":"","context":"En \u00abFormaciones\u00bb","block_context":{"text":"Formaciones","link":"https:\/\/cepronda.com\/blog\/category\/formaciones\/"},"img":{"alt_text":"","src":"https:\/\/i0.wp.com\/cepronda.com\/blog\/wp-content\/uploads\/2018\/12\/LogoSeneca.jpg?resize=350%2C200","width":350,"height":200},"classes":[]},{"id":7694,"url":"https:\/\/cepronda.com\/blog\/jornadas-para-responsables-de-formacion-y-equipos-directivos-de-los-centros-educativos-12h-codigo-252924ge001\/","url_meta":{"origin":3759,"position":3},"title":"JORNADAS PARA RESPONSABLES DE FORMACI\u00d3N Y EQUIPOS DIRECTIVOS DE LOS CENTROS EDUCATIVOS (12h), c\u00f3digo 252924GE001.","author":"Inmaculada Garc\u00eda","date":"11 septiembre, 2024","format":false,"excerpt":"Os informamos que se encuentra abierta la inscripci\u00f3n en el curso provincial: JORNADAS PARA RESPONSABLES DE FORMACI\u00d3N Y EQUIPOS DIRECTIVOS DE LOS CENTROS EDUCATIVOS (12h), con c\u00f3digo 252924GE001. Esta actividad est\u00e1 dirigida a equipos directivos de los diferentes niveles educativos, responsables de formaci\u00f3n de centros educativos de infantil, primaria y\u2026","rel":"","context":"En \u00abNoticias\u00bb","block_context":{"text":"Noticias","link":"https:\/\/cepronda.com\/blog\/category\/noticias\/"},"img":{"alt_text":"","src":"https:\/\/i0.wp.com\/cepronda.com\/blog\/wp-content\/uploads\/2024\/09\/CARTEL-FEIE.jpg?fit=1080%2C1080&ssl=1&resize=350%2C200","width":350,"height":200,"srcset":"https:\/\/i0.wp.com\/cepronda.com\/blog\/wp-content\/uploads\/2024\/09\/CARTEL-FEIE.jpg?fit=1080%2C1080&ssl=1&resize=350%2C200 1x, https:\/\/i0.wp.com\/cepronda.com\/blog\/wp-content\/uploads\/2024\/09\/CARTEL-FEIE.jpg?fit=1080%2C1080&ssl=1&resize=525%2C300 1.5x, https:\/\/i0.wp.com\/cepronda.com\/blog\/wp-content\/uploads\/2024\/09\/CARTEL-FEIE.jpg?fit=1080%2C1080&ssl=1&resize=700%2C400 2x, https:\/\/i0.wp.com\/cepronda.com\/blog\/wp-content\/uploads\/2024\/09\/CARTEL-FEIE.jpg?fit=1080%2C1080&ssl=1&resize=1050%2C600 3x"},"classes":[]},{"id":8870,"url":"https:\/\/cepronda.com\/blog\/encuentro-para-responsables-de-formacion-y-equipos-directivos-de-los-centros-educativos\/","url_meta":{"origin":3759,"position":4},"title":"ENCUENTRO PARA RESPONSABLES DE FORMACI\u00d3N Y EQUIPOS DIRECTIVOS DE LOS CENTROS EDUCATIVOS.","author":"V\u00edctor Caballero","date":"20 octubre, 2025","format":false,"excerpt":"Abierto el plazo de inscripci\u00f3n para el \"ENCUENTRO PARA RESPONSABLES DE FORMACI\u00d3N Y EQUIPOS DIRECTIVOS DE LOS CENTROS EDUCATIVOS.\" c\u00f3digo 262924GE001 Formaci\u00f3n destinada a equipos directivos y FEIE para mejorar el proceso de autoevaluaci\u00f3n y mejora de los centros. - Fortalecimiento de los Equipos. - Elaboraci\u00f3n del Plan de Formaci\u00f3n\u2026","rel":"","context":"En \u00abFormaciones\u00bb","block_context":{"text":"Formaciones","link":"https:\/\/cepronda.com\/blog\/category\/formaciones\/"},"img":{"alt_text":"","src":"https:\/\/i0.wp.com\/cepronda.com\/blog\/wp-content\/uploads\/2025\/09\/262924GE001-Cartel-Encuentro-Equipos-directivos-y-FEIE.png?fit=960%2C1200&ssl=1&resize=350%2C200","width":350,"height":200,"srcset":"https:\/\/i0.wp.com\/cepronda.com\/blog\/wp-content\/uploads\/2025\/09\/262924GE001-Cartel-Encuentro-Equipos-directivos-y-FEIE.png?fit=960%2C1200&ssl=1&resize=350%2C200 1x, https:\/\/i0.wp.com\/cepronda.com\/blog\/wp-content\/uploads\/2025\/09\/262924GE001-Cartel-Encuentro-Equipos-directivos-y-FEIE.png?fit=960%2C1200&ssl=1&resize=525%2C300 1.5x, https:\/\/i0.wp.com\/cepronda.com\/blog\/wp-content\/uploads\/2025\/09\/262924GE001-Cartel-Encuentro-Equipos-directivos-y-FEIE.png?fit=960%2C1200&ssl=1&resize=700%2C400 2x"},"classes":[]},{"id":9259,"url":"https:\/\/cepronda.com\/blog\/jornadas-provinciales-asadipre-genesis-de-la-direccion-escolar\/","url_meta":{"origin":3759,"position":5},"title":"JORNADAS PROVINCIALES ASADIPRE: G\u00c9NESIS DE LA DIRECCI\u00d3N ESCOLAR","author":"Inmaculada Garc\u00eda","date":"27 enero, 2026","format":false,"excerpt":"En breve se abre el plazo de inscripci\u00f3n a las jornadas provinciales: JORNADAS PROVINCIALES ASADIPRE: G\u00c9NESIS DE LA DIRECCI\u00d3N ESCOLAR, c\u00f3digo: 262924GE003. Actividad presencial con una dedicaci\u00f3n de 8h, dirigida a Equipos Directivos. Las jornadas tendr\u00e1n lugar en el Palacio de Ferias y Congresos Convento de Santo Domingo en Ronda,\u2026","rel":"","context":"En \u00abFormaciones\u00bb","block_context":{"text":"Formaciones","link":"https:\/\/cepronda.com\/blog\/category\/formaciones\/"},"img":{"alt_text":"","src":"https:\/\/i0.wp.com\/cepronda.com\/blog\/wp-content\/uploads\/2026\/01\/jornadas-provinciales-de-asadipre-malaga.jpg?fit=960%2C1200&ssl=1&resize=350%2C200","width":350,"height":200,"srcset":"https:\/\/i0.wp.com\/cepronda.com\/blog\/wp-content\/uploads\/2026\/01\/jornadas-provinciales-de-asadipre-malaga.jpg?fit=960%2C1200&ssl=1&resize=350%2C200 1x, https:\/\/i0.wp.com\/cepronda.com\/blog\/wp-content\/uploads\/2026\/01\/jornadas-provinciales-de-asadipre-malaga.jpg?fit=960%2C1200&ssl=1&resize=525%2C300 1.5x, https:\/\/i0.wp.com\/cepronda.com\/blog\/wp-content\/uploads\/2026\/01\/jornadas-provinciales-de-asadipre-malaga.jpg?fit=960%2C1200&ssl=1&resize=700%2C400 2x"},"classes":[]}],"jetpack_sharing_enabled":true,"_links":{"self":[{"href":"https:\/\/cepronda.com\/blog\/wp-json\/wp\/v2\/posts\/3759","targetHints":{"allow":["GET"]}}],"collection":[{"href":"https:\/\/cepronda.com\/blog\/wp-json\/wp\/v2\/posts"}],"about":[{"href":"https:\/\/cepronda.com\/blog\/wp-json\/wp\/v2\/types\/post"}],"author":[{"embeddable":true,"href":"https:\/\/cepronda.com\/blog\/wp-json\/wp\/v2\/users\/10"}],"replies":[{"embeddable":true,"href":"https:\/\/cepronda.com\/blog\/wp-json\/wp\/v2\/comments?post=3759"}],"version-history":[{"count":4,"href":"https:\/\/cepronda.com\/blog\/wp-json\/wp\/v2\/posts\/3759\/revisions"}],"predecessor-version":[{"id":3768,"href":"https:\/\/cepronda.com\/blog\/wp-json\/wp\/v2\/posts\/3759\/revisions\/3768"}],"wp:attachment":[{"href":"https:\/\/cepronda.com\/blog\/wp-json\/wp\/v2\/media?parent=3759"}],"wp:term":[{"taxonomy":"category","embeddable":true,"href":"https:\/\/cepronda.com\/blog\/wp-json\/wp\/v2\/categories?post=3759"},{"taxonomy":"post_tag","embeddable":true,"href":"https:\/\/cepronda.com\/blog\/wp-json\/wp\/v2\/tags?post=3759"}],"curies":[{"name":"wp","href":"https:\/\/api.w.org\/{rel}","templated":true}]}}