{"id":375,"date":"2016-11-23T19:22:46","date_gmt":"2016-11-23T18:22:46","guid":{"rendered":"http:\/\/cepronda.com\/blog\/?p=375"},"modified":"2016-11-23T19:22:46","modified_gmt":"2016-11-23T18:22:46","slug":"red-profesional-de-educacion-infantil","status":"publish","type":"post","link":"https:\/\/cepronda.com\/blog\/red-profesional-de-educacion-infantil\/","title":{"rendered":"Red Profesional de Educaci\u00f3n Infantil"},"content":{"rendered":"<p>Hola a todo el mundo, y especialmente a las y los docentes de Educaci\u00f3n Infantil,<\/p>\n<p>En el CEP de Ronda hemos convocado una actividad formativa dirigida a constituir una Red Profesional de profesorado de Educaci\u00f3n Infantil perteneciente a los centros del \u00e1mbito de actuaci\u00f3n de nuestro CEP, con la idea de crear un espacio de encuentro donde detectar necesidades formativas, resolver dudas, compartir recursos y experiencias, adem\u00e1s de conocer buenas pr\u00e1cticas educativas para trabajar con nuestro alumnado de Educaci\u00f3n Infantil.<\/p>\n<p>Tendremos tres sesiones presenciales al a\u00f1o, una por trimestre, y la primera ser\u00e1 el pr\u00f3ximo 15 de diciembre, jueves, a las 16:30 en el Sal\u00f3n de Actos del CEP.<\/p>\n<p>Los datos para inscribirte son:<\/p>\n<p>T\u00edtulo: RED PROFESIONAL DE EDUCACI\u00d3N INFANTIL DEL \u00c1MBITO DEL CEP DE RONDA<\/p>\n<p>C\u00f3digo: 172924GE153<\/p>\n<p>Nos encantar\u00eda contar contigo.<\/p>\n","protected":false},"excerpt":{"rendered":"<p>Hola a todo el mundo, y especialmente a las y los docentes de Educaci\u00f3n Infantil, En el CEP de Ronda hemos convocado una actividad formativa dirigida a constituir una Red Profesional de profesorado de Educaci\u00f3n Infantil perteneciente a los centros del \u00e1mbito de actuaci\u00f3n de nuestro CEP, con la idea de crear un espacio de [&hellip;]<\/p>\n","protected":false},"author":3,"featured_media":378,"comment_status":"open","ping_status":"open","sticky":false,"template":"","format":"standard","meta":{"_crdt_document":"","advanced_seo_description":"","jetpack_seo_html_title":"","jetpack_seo_noindex":false,"jetpack_post_was_ever_published":false,"_jetpack_newsletter_access":"","_jetpack_dont_email_post_to_subs":false,"_jetpack_newsletter_tier_id":0,"_jetpack_memberships_contains_paywalled_content":false,"_jetpack_memberships_contains_paid_content":false,"footnotes":"","jetpack_publicize_message":"","jetpack_publicize_feature_enabled":true,"jetpack_social_post_already_shared":false,"jetpack_social_options":{"image_generator_settings":{"template":"highway","default_image_id":0,"font":"","enabled":false},"version":2}},"categories":[3],"tags":[23],"class_list":{"0":"post-375","1":"post","2":"type-post","3":"status-publish","4":"format-standard","5":"has-post-thumbnail","7":"category-formaciones","8":"tag-educacion-infantil","9":"czr-hentry"},"jetpack_publicize_connections":[],"jetpack_featured_media_url":"","jetpack_shortlink":"https:\/\/wp.me\/p8M4X7-63","jetpack-related-posts":[{"id":2368,"url":"https:\/\/cepronda.com\/blog\/red-de-educacion-infantil\/","url_meta":{"origin":375,"position":0},"title":"Red de Educaci\u00f3n Infantil","author":"V\u00edctor Caballero","date":"8 octubre, 2018","format":false,"excerpt":"\u00a1Hola! \u00bfC\u00f3mo estamos? Ya sab\u00e9is que en nuestro CEP hay varias actividades que son ya una instituci\u00f3n, y una de ellas es la red de Educaci\u00f3n Infantil. Como los cursos anteriores, la ponemos en marcha con el objetivo de\u00a0 dinamizar la Red profesional de profesorado de Educaci\u00f3n Infantil perteneciente a\u2026","rel":"","context":"En \u00abFormaciones\u00bb","block_context":{"text":"Formaciones","link":"https:\/\/cepronda.com\/blog\/category\/formaciones\/"},"img":{"alt_text":"","src":"https:\/\/i0.wp.com\/cepronda.com\/blog\/wp-content\/uploads\/2018\/10\/back-to-school-3596261_1920.jpg?fit=798%2C1200&ssl=1&resize=350%2C200","width":350,"height":200,"srcset":"https:\/\/i0.wp.com\/cepronda.com\/blog\/wp-content\/uploads\/2018\/10\/back-to-school-3596261_1920.jpg?fit=798%2C1200&ssl=1&resize=350%2C200 1x, https:\/\/i0.wp.com\/cepronda.com\/blog\/wp-content\/uploads\/2018\/10\/back-to-school-3596261_1920.jpg?fit=798%2C1200&ssl=1&resize=525%2C300 1.5x, https:\/\/i0.wp.com\/cepronda.com\/blog\/wp-content\/uploads\/2018\/10\/back-to-school-3596261_1920.jpg?fit=798%2C1200&ssl=1&resize=700%2C400 2x"},"classes":[]},{"id":7321,"url":"https:\/\/cepronda.com\/blog\/abn-en-infantil-y-educacion-especial-desarrollo-de-la-competencia-matematica-2\/","url_meta":{"origin":375,"position":1},"title":"ABN EN INFANTIL Y EDUCACI\u00d3N ESPECIAL: DESARROLLO DE LA COMPETENCIA MATEM\u00c1TICA","author":"V\u00edctor Caballero","date":"11 enero, 2024","format":false,"excerpt":"Se encuentra abierto el plazo de inscripci\u00f3n para la formaci\u00f3n \u201cABN EN INFANTIL Y EDUCACI\u00d3N ESPECIAL: DESARROLLO DE LA COMPETENCIA MATEM\u00c1TICA\" C\u00d3DIGO 242924GE011 Ponentes:\u00a0 Basi Guijarro y Fabiola Heredia Duraci\u00f3n de la actividad 10 horas presenciales + 3 horas de tareas. Fecha actividad: X31 ene( 17:00 a 19:30h) CEP Ronda\u2026","rel":"","context":"En \u00abFormaciones\u00bb","block_context":{"text":"Formaciones","link":"https:\/\/cepronda.com\/blog\/category\/formaciones\/"},"img":{"alt_text":"","src":"https:\/\/i0.wp.com\/cepronda.com\/blog\/wp-content\/uploads\/2024\/01\/CARTEL-ABN-MATEMATICAS-ENERO-2024.png?fit=1080%2C1080&ssl=1&resize=350%2C200","width":350,"height":200,"srcset":"https:\/\/i0.wp.com\/cepronda.com\/blog\/wp-content\/uploads\/2024\/01\/CARTEL-ABN-MATEMATICAS-ENERO-2024.png?fit=1080%2C1080&ssl=1&resize=350%2C200 1x, https:\/\/i0.wp.com\/cepronda.com\/blog\/wp-content\/uploads\/2024\/01\/CARTEL-ABN-MATEMATICAS-ENERO-2024.png?fit=1080%2C1080&ssl=1&resize=525%2C300 1.5x, https:\/\/i0.wp.com\/cepronda.com\/blog\/wp-content\/uploads\/2024\/01\/CARTEL-ABN-MATEMATICAS-ENERO-2024.png?fit=1080%2C1080&ssl=1&resize=700%2C400 2x, https:\/\/i0.wp.com\/cepronda.com\/blog\/wp-content\/uploads\/2024\/01\/CARTEL-ABN-MATEMATICAS-ENERO-2024.png?fit=1080%2C1080&ssl=1&resize=1050%2C600 3x"},"classes":[]},{"id":7220,"url":"https:\/\/cepronda.com\/blog\/encuentro-red-profesional-de-educacion-especial-cep-de-ronda-242924ge014\/","url_meta":{"origin":375,"position":2},"title":"ENCUENTRO COMUNIDAD PROFESIONAL DE EDUCACI\u00d3N ESPECIAL. CEP DE RONDA (242924GE014)","author":"Inmaculada Garc\u00eda","date":"22 noviembre, 2023","format":false,"excerpt":"Ya tenemos fecha para nuestro primer encuentro. Nos vemos el 29 de noviembre a las 17:00 en el CEP de Ronda. No olvides inscribirte a trav\u00e9s de S\u00e9neca.\u00a0 Actualizaremos la informaci\u00f3n sobre legislaci\u00f3n, programas, informaci\u00f3n de la Inspecci\u00f3n y otros temas en los que tengamos dudas sobre nuestro trabajo diario.\u2026","rel":"","context":"En \u00abFormaciones\u00bb","block_context":{"text":"Formaciones","link":"https:\/\/cepronda.com\/blog\/category\/formaciones\/"},"img":{"alt_text":"","src":"https:\/\/i0.wp.com\/cepronda.com\/blog\/wp-content\/uploads\/2023\/11\/ENCUENTRO-RED-EE.png?fit=1200%2C1200&ssl=1&resize=350%2C200","width":350,"height":200,"srcset":"https:\/\/i0.wp.com\/cepronda.com\/blog\/wp-content\/uploads\/2023\/11\/ENCUENTRO-RED-EE.png?fit=1200%2C1200&ssl=1&resize=350%2C200 1x, https:\/\/i0.wp.com\/cepronda.com\/blog\/wp-content\/uploads\/2023\/11\/ENCUENTRO-RED-EE.png?fit=1200%2C1200&ssl=1&resize=525%2C300 1.5x, https:\/\/i0.wp.com\/cepronda.com\/blog\/wp-content\/uploads\/2023\/11\/ENCUENTRO-RED-EE.png?fit=1200%2C1200&ssl=1&resize=700%2C400 2x, https:\/\/i0.wp.com\/cepronda.com\/blog\/wp-content\/uploads\/2023\/11\/ENCUENTRO-RED-EE.png?fit=1200%2C1200&ssl=1&resize=1050%2C600 3x"},"classes":[]},{"id":4937,"url":"https:\/\/cepronda.com\/blog\/abn-en-infantil-y-educacion-especial-desarrollo-de-la-competencia-matematica\/","url_meta":{"origin":375,"position":3},"title":"ABN EN INFANTIL Y EDUCACI\u00d3N ESPECIAL: DESARROLLO DE LA COMPETENCIA MATEM\u00c1TICA","author":"V\u00edctor Caballero","date":"10 enero, 2022","format":false,"excerpt":"Buenas tardes compa\u00f1eros y compa\u00f1eras. Os informamos de la apertura de solicitudes para un curso muy interesante sobre: ABN EN INFANTIL Y EDUCACI\u00d3N ESPECIAL: DESARROLLO DE LA COMPETENCIA MATEM\u00c1TICA (222924GE045) Curso de 13 h totales 4 sesiones de 2,5 horas presenciales (2 de ellas por videoconferencias) Y 3 horas no\u2026","rel":"","context":"En \u00abFormaciones\u00bb","block_context":{"text":"Formaciones","link":"https:\/\/cepronda.com\/blog\/category\/formaciones\/"},"img":{"alt_text":"","src":"https:\/\/i0.wp.com\/cepronda.com\/blog\/wp-content\/uploads\/2022\/01\/20220208-Cartel-222924GE045-ABN-Infantil-y-EE.png?fit=848%2C1200&ssl=1&resize=350%2C200","width":350,"height":200,"srcset":"https:\/\/i0.wp.com\/cepronda.com\/blog\/wp-content\/uploads\/2022\/01\/20220208-Cartel-222924GE045-ABN-Infantil-y-EE.png?fit=848%2C1200&ssl=1&resize=350%2C200 1x, https:\/\/i0.wp.com\/cepronda.com\/blog\/wp-content\/uploads\/2022\/01\/20220208-Cartel-222924GE045-ABN-Infantil-y-EE.png?fit=848%2C1200&ssl=1&resize=525%2C300 1.5x, https:\/\/i0.wp.com\/cepronda.com\/blog\/wp-content\/uploads\/2022\/01\/20220208-Cartel-222924GE045-ABN-Infantil-y-EE.png?fit=848%2C1200&ssl=1&resize=700%2C400 2x"},"classes":[]},{"id":8165,"url":"https:\/\/cepronda.com\/blog\/educacion-innovacion-e-infancia-3-6-red-neuroeduca-y-cerebro-infantil\/","url_meta":{"origin":375,"position":4},"title":"EDUCACI\u00d3N, INNOVACI\u00d3N E INFANCIA 3-6: RED NEUROEDUCA Y CEREBRO INFANTIL","author":"Mamen Moreno","date":"17 febrero, 2025","format":false,"excerpt":"Abierto plazo solicitudes Jornadas Provinciales: \"EDUCACI\u00d3N, INNOVACI\u00d3N E INFANCIA 3-6: RED NEUROEDUCA Y CEREBRO INFANTIL\". Dirigidas al profesorado de Educaci\u00f3n Infantil 3-6. Realizaci\u00f3n y horario: 28 de marzo: de 9:00h a 14:00h y de 16:00h a 19:30h 29 de marzo: de 9:00h a 13:30h Lugar: CEP MARBELLA-CO\u00cdN \u00a0Inscripciones: 17\/02\/2025 -\u2026","rel":"","context":"En \u00abFormaciones\u00bb","block_context":{"text":"Formaciones","link":"https:\/\/cepronda.com\/blog\/category\/formaciones\/"},"img":{"alt_text":"","src":"https:\/\/i0.wp.com\/cepronda.com\/blog\/wp-content\/uploads\/2025\/02\/WhatsApp-Image-2025-02-17-at-08.30.34.jpeg?fit=1011%2C639&ssl=1&resize=350%2C200","width":350,"height":200,"srcset":"https:\/\/i0.wp.com\/cepronda.com\/blog\/wp-content\/uploads\/2025\/02\/WhatsApp-Image-2025-02-17-at-08.30.34.jpeg?fit=1011%2C639&ssl=1&resize=350%2C200 1x, https:\/\/i0.wp.com\/cepronda.com\/blog\/wp-content\/uploads\/2025\/02\/WhatsApp-Image-2025-02-17-at-08.30.34.jpeg?fit=1011%2C639&ssl=1&resize=525%2C300 1.5x, https:\/\/i0.wp.com\/cepronda.com\/blog\/wp-content\/uploads\/2025\/02\/WhatsApp-Image-2025-02-17-at-08.30.34.jpeg?fit=1011%2C639&ssl=1&resize=700%2C400 2x"},"classes":[]},{"id":8873,"url":"https:\/\/cepronda.com\/blog\/atencion-al-alumnado-tea-en-el-aula-de-educacion-infantil\/","url_meta":{"origin":375,"position":5},"title":"ATENCI\u00d3N AL ALUMNADO TEA EN EL AULA DE EDUCACI\u00d3N INFANTIL","author":"Mamen Moreno","date":"30 septiembre, 2025","format":false,"excerpt":"Abierto el plazo de inscripci\u00f3n para el curso \"ATENCI\u00d3N AL ALUMNADO TEA EN EL AULA DE EDUCACI\u00d3N INFANTIL\". C\u00f3digo: 262922GE082. Dirigido: a maestros y maestra de Educaci\u00f3n Infantil ( 3- 6 a\u00f1os). Inscripci\u00f3n: del 30\/09\/2025 al 30\/10\/2025. Actividad: del 05\/11\/2025 a 03\/12\/2025 (mi\u00e9rcoles). Duraci\u00f3n: 15 h presenciales. Lugar: V\u00eda webex\u2026","rel":"","context":"En \u00abFormaciones\u00bb","block_context":{"text":"Formaciones","link":"https:\/\/cepronda.com\/blog\/category\/formaciones\/"},"img":{"alt_text":"","src":"https:\/\/i0.wp.com\/cepronda.com\/blog\/wp-content\/uploads\/2025\/10\/Sin-titulo.png?fit=856%2C853&ssl=1&resize=350%2C200","width":350,"height":200,"srcset":"https:\/\/i0.wp.com\/cepronda.com\/blog\/wp-content\/uploads\/2025\/10\/Sin-titulo.png?fit=856%2C853&ssl=1&resize=350%2C200 1x, https:\/\/i0.wp.com\/cepronda.com\/blog\/wp-content\/uploads\/2025\/10\/Sin-titulo.png?fit=856%2C853&ssl=1&resize=525%2C300 1.5x, https:\/\/i0.wp.com\/cepronda.com\/blog\/wp-content\/uploads\/2025\/10\/Sin-titulo.png?fit=856%2C853&ssl=1&resize=700%2C400 2x"},"classes":[]}],"jetpack_sharing_enabled":true,"_links":{"self":[{"href":"https:\/\/cepronda.com\/blog\/wp-json\/wp\/v2\/posts\/375","targetHints":{"allow":["GET"]}}],"collection":[{"href":"https:\/\/cepronda.com\/blog\/wp-json\/wp\/v2\/posts"}],"about":[{"href":"https:\/\/cepronda.com\/blog\/wp-json\/wp\/v2\/types\/post"}],"author":[{"embeddable":true,"href":"https:\/\/cepronda.com\/blog\/wp-json\/wp\/v2\/users\/3"}],"replies":[{"embeddable":true,"href":"https:\/\/cepronda.com\/blog\/wp-json\/wp\/v2\/comments?post=375"}],"version-history":[{"count":0,"href":"https:\/\/cepronda.com\/blog\/wp-json\/wp\/v2\/posts\/375\/revisions"}],"wp:featuredmedia":[{"embeddable":true,"href":"https:\/\/cepronda.com\/blog\/wp-json\/"}],"wp:attachment":[{"href":"https:\/\/cepronda.com\/blog\/wp-json\/wp\/v2\/media?parent=375"}],"wp:term":[{"taxonomy":"category","embeddable":true,"href":"https:\/\/cepronda.com\/blog\/wp-json\/wp\/v2\/categories?post=375"},{"taxonomy":"post_tag","embeddable":true,"href":"https:\/\/cepronda.com\/blog\/wp-json\/wp\/v2\/tags?post=375"}],"curies":[{"name":"wp","href":"https:\/\/api.w.org\/{rel}","templated":true}]}}