{"id":3740,"date":"2020-09-15T13:33:34","date_gmt":"2020-09-15T11:33:34","guid":{"rendered":"http:\/\/cepronda.com\/blog\/?p=3740"},"modified":"2020-09-15T13:33:37","modified_gmt":"2020-09-15T11:33:37","slug":"jornadas-de-la-competencia-comunicativapensamiento-critico-y-creatividad","status":"publish","type":"post","link":"https:\/\/cepronda.com\/blog\/jornadas-de-la-competencia-comunicativapensamiento-critico-y-creatividad\/","title":{"rendered":"Jornadas de la Competencia Comunicativa:Pensamiento Cr\u00edtico y Creatividad"},"content":{"rendered":"<p><span style=\"font-weight: 400;\">Buenas&nbsp; tardes compa\u00f1eras y compa\u00f1eros,<\/span><\/p>\n<p><span style=\"font-weight: 400;\">Os informamos que est\u00e1 abierto el plazo de inscripci\u00f3n <\/span>de las Jornadas Provinciales sobre <strong>Competencia Comunicativa: Pensamiento Cr\u00edtico y Creatividad<\/strong>, dirigida a todos los niveles de centros p\u00fablicos, que se realizar\u00e1n el 30 de Septiembre y el 1 de Octubre, en horario de 17:00 a 19:00 horas, en formato on line.<\/p>\n<p>El plazo de inscripci\u00f3n finaliza el 24 de Septiembre. Puedes acceder a la inscripci\u00f3n en el siguiente <a href=\"https:\/\/www.juntadeandalucia.es\/educacion\/secretariavirtual\/consultaCEP\/actividad\/212925GE200\/\">enlace. <\/a><span style=\"font-weight: 400;\">&nbsp;Adjuntamos cartel informativo.<\/span><\/p>\n<p><span style=\"font-weight: 400;\">Deseamos que sea de vuestro inter\u00e9s.&nbsp;<\/span><\/p>\n<p><span style=\"font-weight: 400;\">Saludos.<\/span><\/p>\n<div>&nbsp;<\/div>\n\n\n<figure class=\"wp-block-image size-large\"><img data-recalc-dims=\"1\" loading=\"lazy\" decoding=\"async\" width=\"723\" height=\"1024\" src=\"https:\/\/i0.wp.com\/cepronda.com\/blog\/wp-content\/uploads\/2020\/09\/WhatsApp-Image-2020-09-15-at-13.29.01-723x1024.jpeg?resize=723%2C1024\" alt=\"\" class=\"wp-image-3747\" srcset=\"https:\/\/i0.wp.com\/cepronda.com\/blog\/wp-content\/uploads\/2020\/09\/WhatsApp-Image-2020-09-15-at-13.29.01.jpeg?resize=723%2C1024&amp;ssl=1 723w, https:\/\/i0.wp.com\/cepronda.com\/blog\/wp-content\/uploads\/2020\/09\/WhatsApp-Image-2020-09-15-at-13.29.01.jpeg?resize=212%2C300&amp;ssl=1 212w, https:\/\/i0.wp.com\/cepronda.com\/blog\/wp-content\/uploads\/2020\/09\/WhatsApp-Image-2020-09-15-at-13.29.01.jpeg?resize=768%2C1087&amp;ssl=1 768w, https:\/\/i0.wp.com\/cepronda.com\/blog\/wp-content\/uploads\/2020\/09\/WhatsApp-Image-2020-09-15-at-13.29.01.jpeg?w=904&amp;ssl=1 904w\" sizes=\"auto, (max-width: 723px) 100vw, 723px\" \/><\/figure>\n\n\n\n<p class=\"wp-block-paragraph\"><\/p>\n","protected":false},"excerpt":{"rendered":"<p>Buenas&nbsp; tardes compa\u00f1eras y compa\u00f1eros, Os informamos que est\u00e1 abierto el plazo de inscripci\u00f3n de las Jornadas Provinciales sobre Competencia Comunicativa: Pensamiento Cr\u00edtico y Creatividad, dirigida a todos los niveles de centros p\u00fablicos, que se realizar\u00e1n el 30 de Septiembre y el 1 de Octubre, en horario de 17:00 a 19:00 horas, en formato on [&hellip;]<\/p>\n","protected":false},"author":10,"featured_media":0,"comment_status":"closed","ping_status":"open","sticky":false,"template":"","format":"standard","meta":{"_crdt_document":"","advanced_seo_description":"","jetpack_seo_html_title":"","jetpack_seo_noindex":false,"jetpack_post_was_ever_published":false,"_jetpack_newsletter_access":"","_jetpack_dont_email_post_to_subs":false,"_jetpack_newsletter_tier_id":0,"_jetpack_memberships_contains_paywalled_content":false,"_jetpack_memberships_contains_paid_content":false,"footnotes":"","jetpack_publicize_message":"","jetpack_publicize_feature_enabled":true,"jetpack_social_post_already_shared":true,"jetpack_social_options":{"image_generator_settings":{"template":"highway","default_image_id":0,"font":"","enabled":false},"version":2}},"categories":[3,5],"tags":[184],"class_list":{"0":"post-3740","1":"post","2":"type-post","3":"status-publish","4":"format-standard","6":"category-formaciones","7":"category-noticias","8":"tag-competencia-linguistica","9":"czr-hentry"},"jetpack_publicize_connections":[],"jetpack_featured_media_url":"","jetpack_shortlink":"https:\/\/wp.me\/p8M4X7-Yk","jetpack-related-posts":[{"id":5089,"url":"https:\/\/cepronda.com\/blog\/jornadas-de-pensamiento-critico\/","url_meta":{"origin":3740,"position":0},"title":"JORNADAS DE PENSAMIENTO CR\u00cdTICO","author":"Maribel Mu\u00f1oz","date":"4 febrero, 2022","format":false,"excerpt":"Buenos d\u00edas compa\u00f1eras y compa\u00f1eros Os informamos que est\u00e1 abierto el plazo de solicitudes para la actividad provincial JORNADAS DE PENSAMIENTO CR\u00cdTICO (222925GE213), dirigidas a todo el profesorado de centros p\u00fablicos. La actividad se realizar\u00e1 por videoconferencia los d\u00edas 8 y 9 de Marzo en horario de 16:30 a 19:00\u2026","rel":"","context":"En \u00abFormaciones\u00bb","block_context":{"text":"Formaciones","link":"https:\/\/cepronda.com\/blog\/category\/formaciones\/"},"img":{"alt_text":"","src":"https:\/\/i0.wp.com\/cepronda.com\/blog\/wp-content\/uploads\/2022\/02\/WhatsApp-Image-2022-02-04-at-14.04.33-1.jpeg?fit=848%2C1200&ssl=1&resize=350%2C200","width":350,"height":200,"srcset":"https:\/\/i0.wp.com\/cepronda.com\/blog\/wp-content\/uploads\/2022\/02\/WhatsApp-Image-2022-02-04-at-14.04.33-1.jpeg?fit=848%2C1200&ssl=1&resize=350%2C200 1x, https:\/\/i0.wp.com\/cepronda.com\/blog\/wp-content\/uploads\/2022\/02\/WhatsApp-Image-2022-02-04-at-14.04.33-1.jpeg?fit=848%2C1200&ssl=1&resize=525%2C300 1.5x, https:\/\/i0.wp.com\/cepronda.com\/blog\/wp-content\/uploads\/2022\/02\/WhatsApp-Image-2022-02-04-at-14.04.33-1.jpeg?fit=848%2C1200&ssl=1&resize=700%2C400 2x"},"classes":[]},{"id":5807,"url":"https:\/\/cepronda.com\/blog\/competencia-digital-docente-nivel-a1-2\/","url_meta":{"origin":3740,"position":1},"title":"COMPETENCIA DIGITAL DOCENTE NIVEL A1 (232924QPF420)","author":"Inmaculada Garc\u00eda","date":"24 febrero, 2023","format":false,"excerpt":"Buenos d\u00edas. Os recordamos que est\u00e1 abierto el plazo de inscripci\u00f3n en el CURSO A DISTANCIA: COMPETENCIA DIGITAL DOCENTE NIVEL A1 M\u00e1s informaci\u00f3n e inscripci\u00f3n: https:\/\/www.juntadeandalucia.es\/educacion\/secretariavirtual\/consultaCEP\/actividad\/232924QPF420\/ Fechas de inscripci\u00f3n: 21\/02\/2023 hasta 13\/03\/2023 Fecha actividad: 20\/03\/2023 hasta 19\/05\/2023","rel":"","context":"En \u00abFormaciones\u00bb","block_context":{"text":"Formaciones","link":"https:\/\/cepronda.com\/blog\/category\/formaciones\/"},"img":{"alt_text":"","src":"https:\/\/i0.wp.com\/cepronda.com\/blog\/wp-content\/uploads\/2023\/02\/DEFINITIVO-CDD-A1.jpg?fit=1000%2C1000&ssl=1&resize=350%2C200","width":350,"height":200,"srcset":"https:\/\/i0.wp.com\/cepronda.com\/blog\/wp-content\/uploads\/2023\/02\/DEFINITIVO-CDD-A1.jpg?fit=1000%2C1000&ssl=1&resize=350%2C200 1x, https:\/\/i0.wp.com\/cepronda.com\/blog\/wp-content\/uploads\/2023\/02\/DEFINITIVO-CDD-A1.jpg?fit=1000%2C1000&ssl=1&resize=525%2C300 1.5x, https:\/\/i0.wp.com\/cepronda.com\/blog\/wp-content\/uploads\/2023\/02\/DEFINITIVO-CDD-A1.jpg?fit=1000%2C1000&ssl=1&resize=700%2C400 2x"},"classes":[]},{"id":4585,"url":"https:\/\/cepronda.com\/blog\/desarrollo-de-la-competencia-matematica-en-infantil-y-primaria\/","url_meta":{"origin":3740,"position":2},"title":"DESARROLLO DE LA COMPETENCIA MATEM\u00c1TICA EN INFANTIL Y PRIMARIA","author":"V\u00edctor Caballero","date":"6 septiembre, 2021","format":false,"excerpt":"Buenos d\u00edas\u00a0 compa\u00f1eras y compa\u00f1eros, Desde el CEP de Ronda os informamos que est\u00e1 abierto el plazo de inscripci\u00f3n de la formaci\u00f3n\u00a0 DESARROLLO DE LA COMPETENCIA MATEM\u00c1TICA EN INFANTIL Y PRIMARIA . C\u00f3digo: 222924GE003.\u00a0 Las fechas de la formaci\u00f3n son las siguientes:\u00a0 *Fecha inscripci\u00f3n:\u00a0 Del 6 al 17 de septiembre\u2026","rel":"","context":"En \u00abFormaciones\u00bb","block_context":{"text":"Formaciones","link":"https:\/\/cepronda.com\/blog\/category\/formaciones\/"},"img":{"alt_text":"","src":"https:\/\/i0.wp.com\/cepronda.com\/blog\/wp-content\/uploads\/2021\/09\/DESARROLLO-DE-LA-COMPETENCIA-MATEMA%CC%81TICA-EN-INFANTIL-Y-PRIMARIA.png?fit=848%2C1200&ssl=1&resize=350%2C200","width":350,"height":200,"srcset":"https:\/\/i0.wp.com\/cepronda.com\/blog\/wp-content\/uploads\/2021\/09\/DESARROLLO-DE-LA-COMPETENCIA-MATEMA%CC%81TICA-EN-INFANTIL-Y-PRIMARIA.png?fit=848%2C1200&ssl=1&resize=350%2C200 1x, https:\/\/i0.wp.com\/cepronda.com\/blog\/wp-content\/uploads\/2021\/09\/DESARROLLO-DE-LA-COMPETENCIA-MATEMA%CC%81TICA-EN-INFANTIL-Y-PRIMARIA.png?fit=848%2C1200&ssl=1&resize=525%2C300 1.5x, https:\/\/i0.wp.com\/cepronda.com\/blog\/wp-content\/uploads\/2021\/09\/DESARROLLO-DE-LA-COMPETENCIA-MATEMA%CC%81TICA-EN-INFANTIL-Y-PRIMARIA.png?fit=848%2C1200&ssl=1&resize=700%2C400 2x"},"classes":[]},{"id":7480,"url":"https:\/\/cepronda.com\/blog\/como-mejorar-la-competencia-linguistica\/","url_meta":{"origin":3740,"position":3},"title":"\u00bfC\u00d3MO MEJORAR LA COMPETENCIA LING\u00dc\u00cdSTICA?","author":"Maribel Mu\u00f1oz","date":"20 febrero, 2024","format":false,"excerpt":"Abierto el plazo de inscripci\u00f3n para la formaci\u00f3n\u00a0\u201c\u00bfC\u00d3MO MEJORAR LA COMPETENCIA LING\u00dc\u00cdSTICA?\u201d. C\u00d3DIGO 242924GE021. Duraci\u00f3n de la actividad\u00a010 horas: 6 horas presenciales , 3 horas videoconferencia y 1 hora no presencial. Lugar de realizaci\u00f3n: Aula del CEP de Ronda y plataforma de videoconferencias. Fecha inscripci\u00f3n: 20\/02\/2024 hasta 30\/03\/2024 Fecha actividad:\u2026","rel":"","context":"En \u00abFormaciones\u00bb","block_context":{"text":"Formaciones","link":"https:\/\/cepronda.com\/blog\/category\/formaciones\/"},"img":{"alt_text":"","src":"https:\/\/i0.wp.com\/cepronda.com\/blog\/wp-content\/uploads\/2024\/02\/WhatsApp-Image-2024-02-20-at-12.32.48.jpeg?fit=1080%2C1080&ssl=1&resize=350%2C200","width":350,"height":200,"srcset":"https:\/\/i0.wp.com\/cepronda.com\/blog\/wp-content\/uploads\/2024\/02\/WhatsApp-Image-2024-02-20-at-12.32.48.jpeg?fit=1080%2C1080&ssl=1&resize=350%2C200 1x, https:\/\/i0.wp.com\/cepronda.com\/blog\/wp-content\/uploads\/2024\/02\/WhatsApp-Image-2024-02-20-at-12.32.48.jpeg?fit=1080%2C1080&ssl=1&resize=525%2C300 1.5x, https:\/\/i0.wp.com\/cepronda.com\/blog\/wp-content\/uploads\/2024\/02\/WhatsApp-Image-2024-02-20-at-12.32.48.jpeg?fit=1080%2C1080&ssl=1&resize=700%2C400 2x, https:\/\/i0.wp.com\/cepronda.com\/blog\/wp-content\/uploads\/2024\/02\/WhatsApp-Image-2024-02-20-at-12.32.48.jpeg?fit=1080%2C1080&ssl=1&resize=1050%2C600 3x"},"classes":[]},{"id":5598,"url":"https:\/\/cepronda.com\/blog\/competencia-digital-docente-nivel-a1\/","url_meta":{"origin":3740,"position":4},"title":"COMPETENCIA DIGITAL DOCENTE NIVEL A1","author":"Inmaculada Garc\u00eda","date":"10 noviembre, 2022","format":false,"excerpt":"Os informamos que est\u00e1 abierto el plazo de inscripci\u00f3n en el curso COMPETENCIA DIGITAL DOCENTE NIVEL A1\u00a0con c\u00f3digo239924KPF420. Fechas de inscripci\u00f3n : 10\/11\/2022 hasta el 25\/11\/2022 Fecha de realizaci\u00f3n: 01\/12\/2022 hasta 15\/02\/2023 Horas: 40 horas no presenciales. Lugar de realizaci\u00f3n: Aula Virtual de Formaci\u00f3n del Profesorado. Para m\u00e1s informaci\u00f3n e\u2026","rel":"","context":"En \u00abNoticias\u00bb","block_context":{"text":"Noticias","link":"https:\/\/cepronda.com\/blog\/category\/noticias\/"},"img":{"alt_text":"","src":"https:\/\/i0.wp.com\/cepronda.com\/blog\/wp-content\/uploads\/2022\/11\/Copia-de-CDD-A1.jpg?fit=1000%2C1000&ssl=1&resize=350%2C200","width":350,"height":200,"srcset":"https:\/\/i0.wp.com\/cepronda.com\/blog\/wp-content\/uploads\/2022\/11\/Copia-de-CDD-A1.jpg?fit=1000%2C1000&ssl=1&resize=350%2C200 1x, https:\/\/i0.wp.com\/cepronda.com\/blog\/wp-content\/uploads\/2022\/11\/Copia-de-CDD-A1.jpg?fit=1000%2C1000&ssl=1&resize=525%2C300 1.5x, https:\/\/i0.wp.com\/cepronda.com\/blog\/wp-content\/uploads\/2022\/11\/Copia-de-CDD-A1.jpg?fit=1000%2C1000&ssl=1&resize=700%2C400 2x"},"classes":[]},{"id":6015,"url":"https:\/\/cepronda.com\/blog\/curso-competencia-digital-docente-a1\/","url_meta":{"origin":3740,"position":5},"title":"CURSO \u00abCOMPETENCIA DIGITAL DOCENTE A1\u00bb","author":"Inmaculada Garc\u00eda","date":"7 julio, 2023","format":false,"excerpt":"Se ha abierto el plazo para el Curso Provincial, a Distancia, de 40 horas de desempe\u00f1o: \"COMPETENCIA DIGITAL DOCENTE NIVEL A1 (232924XPF420)\" M\u00e1s informaci\u00f3n e inscripci\u00f3n: https:\/\/www.juntadeandalucia.es\/educacion\/secretariavirtual\/consultaCEP\/actividad\/232924XPF420\/ Fecha actividad:\u00a014\/07\/2023 hasta 13\/08\/2023 Fecha inscripci\u00f3n:\u00a007\/07\/2023 hasta 13\/07\/2023 Esperamos que sea de vuestro inter\u00e9s. \u00a0","rel":"","context":"En \u00abFormaciones\u00bb","block_context":{"text":"Formaciones","link":"https:\/\/cepronda.com\/blog\/category\/formaciones\/"},"img":{"alt_text":"","src":"https:\/\/i0.wp.com\/cepronda.com\/blog\/wp-content\/uploads\/2023\/07\/DEFINITIVO-CDD-A1.jpg?fit=993%2C988&ssl=1&resize=350%2C200","width":350,"height":200,"srcset":"https:\/\/i0.wp.com\/cepronda.com\/blog\/wp-content\/uploads\/2023\/07\/DEFINITIVO-CDD-A1.jpg?fit=993%2C988&ssl=1&resize=350%2C200 1x, https:\/\/i0.wp.com\/cepronda.com\/blog\/wp-content\/uploads\/2023\/07\/DEFINITIVO-CDD-A1.jpg?fit=993%2C988&ssl=1&resize=525%2C300 1.5x, https:\/\/i0.wp.com\/cepronda.com\/blog\/wp-content\/uploads\/2023\/07\/DEFINITIVO-CDD-A1.jpg?fit=993%2C988&ssl=1&resize=700%2C400 2x"},"classes":[]}],"jetpack_sharing_enabled":true,"_links":{"self":[{"href":"https:\/\/cepronda.com\/blog\/wp-json\/wp\/v2\/posts\/3740","targetHints":{"allow":["GET"]}}],"collection":[{"href":"https:\/\/cepronda.com\/blog\/wp-json\/wp\/v2\/posts"}],"about":[{"href":"https:\/\/cepronda.com\/blog\/wp-json\/wp\/v2\/types\/post"}],"author":[{"embeddable":true,"href":"https:\/\/cepronda.com\/blog\/wp-json\/wp\/v2\/users\/10"}],"replies":[{"embeddable":true,"href":"https:\/\/cepronda.com\/blog\/wp-json\/wp\/v2\/comments?post=3740"}],"version-history":[{"count":2,"href":"https:\/\/cepronda.com\/blog\/wp-json\/wp\/v2\/posts\/3740\/revisions"}],"predecessor-version":[{"id":3749,"href":"https:\/\/cepronda.com\/blog\/wp-json\/wp\/v2\/posts\/3740\/revisions\/3749"}],"wp:attachment":[{"href":"https:\/\/cepronda.com\/blog\/wp-json\/wp\/v2\/media?parent=3740"}],"wp:term":[{"taxonomy":"category","embeddable":true,"href":"https:\/\/cepronda.com\/blog\/wp-json\/wp\/v2\/categories?post=3740"},{"taxonomy":"post_tag","embeddable":true,"href":"https:\/\/cepronda.com\/blog\/wp-json\/wp\/v2\/tags?post=3740"}],"curies":[{"name":"wp","href":"https:\/\/api.w.org\/{rel}","templated":true}]}}