{"id":3739,"date":"2020-09-15T13:33:37","date_gmt":"2020-09-15T11:33:37","guid":{"rendered":"http:\/\/cepronda.com\/blog\/?p=3739"},"modified":"2020-09-15T13:33:41","modified_gmt":"2020-09-15T11:33:41","slug":"ideo-cepronda","status":"publish","type":"post","link":"https:\/\/cepronda.com\/blog\/ideo-cepronda\/","title":{"rendered":"IDEO-CEPRONDA."},"content":{"rendered":"\n<p class=\"wp-block-paragraph\">Hola compa\u00f1eros y compa\u00f1eras.&nbsp;<\/p>\n\n\n\n<p class=\"wp-block-paragraph\">El pasado mes de mayo naci\u00f3 nuestro nuevo portal sobre \u201c<strong>Impulso y Difusi\u00f3n de la ense\u00f1anza online\u201d<\/strong>, <strong>IDEO-CEPRONDA.<\/strong><\/p>\n\n\n\n<div class=\"wp-block-image\"><figure class=\"aligncenter is-resized\"><a href=\"https:\/\/view.genial.ly\/5e7939080fcfb90d9faa65ea\/presentation-ideo-cepronda\"><img data-recalc-dims=\"1\" loading=\"lazy\" decoding=\"async\" src=\"https:\/\/i0.wp.com\/cepronda.com\/blog\/wp-content\/uploads\/2020\/09\/IDEO-CEPRONDA.png?resize=236%2C236\" alt=\"\" class=\"wp-image-3741\" width=\"236\" height=\"236\" srcset=\"https:\/\/i0.wp.com\/cepronda.com\/blog\/wp-content\/uploads\/2020\/09\/IDEO-CEPRONDA.png?w=500&amp;ssl=1 500w, https:\/\/i0.wp.com\/cepronda.com\/blog\/wp-content\/uploads\/2020\/09\/IDEO-CEPRONDA.png?resize=300%2C300&amp;ssl=1 300w, https:\/\/i0.wp.com\/cepronda.com\/blog\/wp-content\/uploads\/2020\/09\/IDEO-CEPRONDA.png?resize=150%2C150&amp;ssl=1 150w, https:\/\/i0.wp.com\/cepronda.com\/blog\/wp-content\/uploads\/2020\/09\/IDEO-CEPRONDA.png?resize=50%2C50&amp;ssl=1 50w\" sizes=\"auto, (max-width: 236px) 100vw, 236px\" \/><\/a><\/figure><\/div>\n\n\n\n<p class=\"wp-block-paragraph\">\u00a0El objetivo de la creaci\u00f3n de este portal es visibilizar la gran labor que est\u00e1is realizando, creando un espacio colaborativo en el que todos y todas podamos aportar nuestras experiencias y recursos. Aqu\u00ed\u00a0 encontrar\u00e9is varias secciones\u00a0 de utilidad como\u00a0 normativa vigente, Apps \u00fatiles para educaci\u00f3n, preguntas frecuentes, entre otras, y,\u00a0 la m\u00e1s importante, BUENAS PR\u00c1CTICAS de los centros de la zona.\u00a0<\/p>\n\n\n\n<p class=\"wp-block-paragraph\">A su vez, hemos creado un formulario muy sencillo para ir recogiendo vuestras aportaciones, que sabemos que son muchas, muy \u00fatiles e innovadoras. Os dejamos el enlace en el que pod\u00e9is hacernos llegar vuestra web, blog, red social o cualquier otro espacio virtual en el que se muestren vuestras aportaciones para adaptar la actividad docente a las circunstancias en las que estamos inmersos\/as. Estas aportaciones se incluir\u00e1n en el Portal IDEO en la secci\u00f3n destinada a tal fin.<\/p>\n\n\n\n<div class=\"wp-block-image\"><figure class=\"aligncenter size-large is-resized\"><a href=\"https:\/\/docs.google.com\/forms\/d\/e\/1FAIpQLScDrTFzaGZ2O9fduHf12X8UKhppd3CPi1cFuoBdBK-sF71TAw\/viewform?usp=sf_link\"><img data-recalc-dims=\"1\" loading=\"lazy\" decoding=\"async\" src=\"https:\/\/i0.wp.com\/cepronda.com\/blog\/wp-content\/uploads\/2020\/09\/%C2%A1BUSCAMOS-BUENAS-PRACTICAS-724x1024.png?resize=234%2C331\" alt=\"\" class=\"wp-image-3742\" width=\"234\" height=\"331\" srcset=\"https:\/\/i0.wp.com\/cepronda.com\/blog\/wp-content\/uploads\/2020\/09\/%C2%A1BUSCAMOS-BUENAS-PRACTICAS.png?resize=724%2C1024&amp;ssl=1 724w, https:\/\/i0.wp.com\/cepronda.com\/blog\/wp-content\/uploads\/2020\/09\/%C2%A1BUSCAMOS-BUENAS-PRACTICAS.png?resize=212%2C300&amp;ssl=1 212w, https:\/\/i0.wp.com\/cepronda.com\/blog\/wp-content\/uploads\/2020\/09\/%C2%A1BUSCAMOS-BUENAS-PRACTICAS.png?resize=768%2C1086&amp;ssl=1 768w, https:\/\/i0.wp.com\/cepronda.com\/blog\/wp-content\/uploads\/2020\/09\/%C2%A1BUSCAMOS-BUENAS-PRACTICAS.png?resize=1086%2C1536&amp;ssl=1 1086w, https:\/\/i0.wp.com\/cepronda.com\/blog\/wp-content\/uploads\/2020\/09\/%C2%A1BUSCAMOS-BUENAS-PRACTICAS.png?resize=1448%2C2048&amp;ssl=1 1448w, https:\/\/i0.wp.com\/cepronda.com\/blog\/wp-content\/uploads\/2020\/09\/%C2%A1BUSCAMOS-BUENAS-PRACTICAS.png?w=1587&amp;ssl=1 1587w\" sizes=\"auto, (max-width: 234px) 100vw, 234px\" \/><\/a><\/figure><\/div>\n\n\n\n<p class=\"wp-block-paragraph\">Esperamos que os sea \u00fatil, seguiremos mejorando y actualizando el espacio con todos los recursos y novedades necesarias.&nbsp;<\/p>\n","protected":false},"excerpt":{"rendered":"<p>Hola compa\u00f1eros y compa\u00f1eras.&nbsp; El pasado mes de mayo naci\u00f3 nuestro nuevo portal sobre \u201cImpulso y Difusi\u00f3n de la ense\u00f1anza online\u201d, IDEO-CEPRONDA. \u00a0El objetivo de la creaci\u00f3n de este portal es visibilizar la gran labor que est\u00e1is realizando, creando un espacio colaborativo en el que todos y todas podamos aportar nuestras experiencias y recursos. Aqu\u00ed\u00a0 [&hellip;]<\/p>\n","protected":false},"author":9,"featured_media":3741,"comment_status":"closed","ping_status":"open","sticky":false,"template":"","format":"standard","meta":{"_crdt_document":"","advanced_seo_description":"","jetpack_seo_html_title":"","jetpack_seo_noindex":false,"jetpack_post_was_ever_published":false,"_jetpack_newsletter_access":"","_jetpack_dont_email_post_to_subs":false,"_jetpack_newsletter_tier_id":0,"_jetpack_memberships_contains_paywalled_content":false,"_jetpack_memberships_contains_paid_content":false,"footnotes":"","jetpack_publicize_message":"","jetpack_publicize_feature_enabled":true,"jetpack_social_post_already_shared":true,"jetpack_social_options":{"image_generator_settings":{"template":"highway","default_image_id":0,"font":"","enabled":false},"version":2}},"categories":[5],"tags":[],"class_list":{"0":"post-3739","1":"post","2":"type-post","3":"status-publish","4":"format-standard","5":"has-post-thumbnail","7":"category-noticias","8":"czr-hentry"},"jetpack_publicize_connections":[],"jetpack_featured_media_url":"https:\/\/i0.wp.com\/cepronda.com\/blog\/wp-content\/uploads\/2020\/09\/IDEO-CEPRONDA.png?fit=500%2C500&ssl=1","jetpack_shortlink":"https:\/\/wp.me\/p8M4X7-Yj","jetpack-related-posts":[{"id":3602,"url":"https:\/\/cepronda.com\/blog\/impulso-y-difusion-de-la-ensenanza-on-line-nuestro-espacio-ideo\/","url_meta":{"origin":3739,"position":0},"title":"Impulso y difusi\u00f3n de la ense\u00f1anza on-line, nuestro espacio IDEO","author":"V\u00edctor Caballero","date":"2 junio, 2020","format":false,"excerpt":"Hola familia, Queremos compartir con todas y todos vosotros este portal elaborado con motivo y ocasi\u00f3n de toda esta nueva realidad que estamos viviendo. Os invitamos a conocerla, \"bichearla\" y compartir vuestras pr\u00e1cticas docentes en estos tiempos de docencia on-line.","rel":"","context":"En \u00abFormaciones\u00bb","block_context":{"text":"Formaciones","link":"https:\/\/cepronda.com\/blog\/category\/formaciones\/"},"img":{"alt_text":"","src":"https:\/\/i0.wp.com\/cepronda.com\/blog\/wp-content\/uploads\/2020\/06\/ideo.png?fit=1200%2C673&ssl=1&resize=350%2C200","width":350,"height":200,"srcset":"https:\/\/i0.wp.com\/cepronda.com\/blog\/wp-content\/uploads\/2020\/06\/ideo.png?fit=1200%2C673&ssl=1&resize=350%2C200 1x, https:\/\/i0.wp.com\/cepronda.com\/blog\/wp-content\/uploads\/2020\/06\/ideo.png?fit=1200%2C673&ssl=1&resize=525%2C300 1.5x, https:\/\/i0.wp.com\/cepronda.com\/blog\/wp-content\/uploads\/2020\/06\/ideo.png?fit=1200%2C673&ssl=1&resize=700%2C400 2x, https:\/\/i0.wp.com\/cepronda.com\/blog\/wp-content\/uploads\/2020\/06\/ideo.png?fit=1200%2C673&ssl=1&resize=1050%2C600 3x"},"classes":[]},{"id":3794,"url":"https:\/\/cepronda.com\/blog\/iii-premios-para-el-reconocimiento-a-centros-publicos-de-andalucia-con-buenas-practicas-docentes-en-bibliotecas-escolares-y-en-el-fomento-de-la-lectura-2\/","url_meta":{"origin":3739,"position":1},"title":"III Premios para el reconocimiento a centros p\u00fablicos de Andaluc\u00eda con buenas pr\u00e1cticas docentes en Bibliotecas Escolares y en el fomento de la lectura","author":"Inmaculada Garc\u00eda","date":"5 octubre, 2020","format":false,"excerpt":"\u00a0 \u00a0 \u00a0 Enhorabuena a todos los centros que han sido premiados en los III Premios para el reconocimiento a centros p\u00fablicos de Andaluc\u00eda con buenas pr\u00e1cticas docentes en bibliotecas escolares y en el fomento de la lectura correspondientes al curso 2019-2020. (Publicaci\u00f3n del fallo del jurado) \u00a0 \u00a0 \u00a0\u2026","rel":"","context":"En \u00abNoticias\u00bb","block_context":{"text":"Noticias","link":"https:\/\/cepronda.com\/blog\/category\/noticias\/"},"img":{"alt_text":"","src":"https:\/\/i0.wp.com\/cepronda.com\/blog\/wp-content\/uploads\/2020\/03\/premio_bibliotecas_escolares.png?fit=1200%2C678&ssl=1&resize=350%2C200","width":350,"height":200,"srcset":"https:\/\/i0.wp.com\/cepronda.com\/blog\/wp-content\/uploads\/2020\/03\/premio_bibliotecas_escolares.png?fit=1200%2C678&ssl=1&resize=350%2C200 1x, https:\/\/i0.wp.com\/cepronda.com\/blog\/wp-content\/uploads\/2020\/03\/premio_bibliotecas_escolares.png?fit=1200%2C678&ssl=1&resize=525%2C300 1.5x, https:\/\/i0.wp.com\/cepronda.com\/blog\/wp-content\/uploads\/2020\/03\/premio_bibliotecas_escolares.png?fit=1200%2C678&ssl=1&resize=700%2C400 2x, https:\/\/i0.wp.com\/cepronda.com\/blog\/wp-content\/uploads\/2020\/03\/premio_bibliotecas_escolares.png?fit=1200%2C678&ssl=1&resize=1050%2C600 3x"},"classes":[]},{"id":7623,"url":"https:\/\/cepronda.com\/blog\/portal-de-experiencias-educativas-de-exito-de-la-provincia-de-malaga\/","url_meta":{"origin":3739,"position":2},"title":"PORTAL DE EXPERIENCIAS EDUCATIVAS DE \u00c9XITO DE LA PROVINCIA DE M\u00c1LAGA","author":"Mamen Moreno","date":"14 mayo, 2024","format":false,"excerpt":"\u00bfConoc\u00e9is el portal www.experienciaseducativasmalaga.com? Si vuestro centro realiza experiencia de \u00e9xito o si quer\u00e9is inspiraros en otras, este es vuestro portal https:\/\/www.experienciaseducativasmalaga.com\/ \u00a0 \u00a0","rel":"","context":"En \u00abFormaciones\u00bb","block_context":{"text":"Formaciones","link":"https:\/\/cepronda.com\/blog\/category\/formaciones\/"},"img":{"alt_text":"","src":"https:\/\/i0.wp.com\/cepronda.com\/blog\/wp-content\/uploads\/2024\/05\/Diseno-sin-titulo-6-1.png?fit=600%2C600&ssl=1&resize=350%2C200","width":350,"height":200,"srcset":"https:\/\/i0.wp.com\/cepronda.com\/blog\/wp-content\/uploads\/2024\/05\/Diseno-sin-titulo-6-1.png?fit=600%2C600&ssl=1&resize=350%2C200 1x, https:\/\/i0.wp.com\/cepronda.com\/blog\/wp-content\/uploads\/2024\/05\/Diseno-sin-titulo-6-1.png?fit=600%2C600&ssl=1&resize=525%2C300 1.5x"},"classes":[]},{"id":5763,"url":"https:\/\/cepronda.com\/blog\/portal-web-de-experiencias-educativas-de-exito\/","url_meta":{"origin":3739,"position":3},"title":"PORTAL WEB DE EXPERIENCIAS EDUCATIVAS DE \u00c9XITO","author":"Inmaculada Garc\u00eda","date":"9 febrero, 2023","format":false,"excerpt":"Los Centros del Profesorado de la provincia de M\u00e1laga anuncian el lanzamiento de un portal web de Experiencias Educativas de \u00c9xito que se desarrollan en los centros de nuestra provincia. Se puede acceder desde el enlace www.experienciaseducativasmalaga.com Los centros interesados en compartir sus proyectos y buenas pr\u00e1cticas pueden enviar la\u2026","rel":"","context":"En \u00abFormaciones\u00bb","block_context":{"text":"Formaciones","link":"https:\/\/cepronda.com\/blog\/category\/formaciones\/"},"img":{"alt_text":"","src":"https:\/\/i0.wp.com\/cepronda.com\/blog\/wp-content\/uploads\/2023\/02\/portal.png?fit=594%2C395&ssl=1&resize=350%2C200","width":350,"height":200,"srcset":"https:\/\/i0.wp.com\/cepronda.com\/blog\/wp-content\/uploads\/2023\/02\/portal.png?fit=594%2C395&ssl=1&resize=350%2C200 1x, https:\/\/i0.wp.com\/cepronda.com\/blog\/wp-content\/uploads\/2023\/02\/portal.png?fit=594%2C395&ssl=1&resize=525%2C300 1.5x"},"classes":[]},{"id":9043,"url":"https:\/\/cepronda.com\/blog\/curso-de-formacion-sobre-el-desarrollo-de-la-funcion-directiva-2025-2026\/","url_meta":{"origin":3739,"position":4},"title":"Curso de Formaci\u00f3n sobre el Desarrollo de la Funci\u00f3n Directiva 2025-2026","author":"Inmaculada Garc\u00eda","date":"13 noviembre, 2025","format":false,"excerpt":"Hoy se ha publicado la convocatoria para el Curso de Formaci\u00f3n sobre el Desarrollo de la Funci\u00f3n Directiva 2025-26. Plazo de presentaci\u00f3n de solicitudes del 14 al 27 de noviembre ambos inclusive a trav\u00e9s de Portal Docente. Pincha aqu\u00ed para acceder al\u00a0ENLACE A LA CONVOCATORIA.","rel":"","context":"En \u00abNoticias\u00bb","block_context":{"text":"Noticias","link":"https:\/\/cepronda.com\/blog\/category\/noticias\/"},"img":{"alt_text":"","src":"https:\/\/i0.wp.com\/cepronda.com\/blog\/wp-content\/uploads\/2025\/11\/direccion.jpg?fit=640%2C900&ssl=1&resize=350%2C200","width":350,"height":200,"srcset":"https:\/\/i0.wp.com\/cepronda.com\/blog\/wp-content\/uploads\/2025\/11\/direccion.jpg?fit=640%2C900&ssl=1&resize=350%2C200 1x, https:\/\/i0.wp.com\/cepronda.com\/blog\/wp-content\/uploads\/2025\/11\/direccion.jpg?fit=640%2C900&ssl=1&resize=525%2C300 1.5x"},"classes":[]},{"id":5653,"url":"https:\/\/cepronda.com\/blog\/movilidad-bobbio\/","url_meta":{"origin":3739,"position":5},"title":"Movilidad Bobbio","author":"V\u00edctor Caballero","date":"12 diciembre, 2022","format":false,"excerpt":"\u00a0 \u00a0 \u00a0 \u00a0 \u00a0 \u00a0 \u00a0 \u00a0 \u00a0 \u00a0 \u00a0 \u00a0 \u00a0 \u00a0 \u00a0 \u00a0 \u00a0 \u00a0 \u00a0 \u00a0 \u00a0 \u00a0 \u00a0 \u00a0 \u00a0 \u00a0 \u00a0 \u00a0 \u00a0 \u00a0 \u00a0 \u00a0 \u00a0 \u00a0 \u00a0 \u00a0 \u00a0 \u00a0 \u00a0 \u00a0 \u00a0 \u00a0 \u00a0 \u00a0 \u00a0 \u00a0 \u00a0 \u00a0 \u00a0 \u00a0\u2026","rel":"","context":"En \u00abNoticias\u00bb","block_context":{"text":"Noticias","link":"https:\/\/cepronda.com\/blog\/category\/noticias\/"},"img":{"alt_text":"","src":"https:\/\/i0.wp.com\/cepronda.com\/blog\/wp-content\/uploads\/2022\/12\/Sin-titulo.png?fit=1200%2C673&ssl=1&resize=350%2C200","width":350,"height":200,"srcset":"https:\/\/i0.wp.com\/cepronda.com\/blog\/wp-content\/uploads\/2022\/12\/Sin-titulo.png?fit=1200%2C673&ssl=1&resize=350%2C200 1x, https:\/\/i0.wp.com\/cepronda.com\/blog\/wp-content\/uploads\/2022\/12\/Sin-titulo.png?fit=1200%2C673&ssl=1&resize=525%2C300 1.5x, https:\/\/i0.wp.com\/cepronda.com\/blog\/wp-content\/uploads\/2022\/12\/Sin-titulo.png?fit=1200%2C673&ssl=1&resize=700%2C400 2x, https:\/\/i0.wp.com\/cepronda.com\/blog\/wp-content\/uploads\/2022\/12\/Sin-titulo.png?fit=1200%2C673&ssl=1&resize=1050%2C600 3x"},"classes":[]}],"jetpack_sharing_enabled":true,"_links":{"self":[{"href":"https:\/\/cepronda.com\/blog\/wp-json\/wp\/v2\/posts\/3739","targetHints":{"allow":["GET"]}}],"collection":[{"href":"https:\/\/cepronda.com\/blog\/wp-json\/wp\/v2\/posts"}],"about":[{"href":"https:\/\/cepronda.com\/blog\/wp-json\/wp\/v2\/types\/post"}],"author":[{"embeddable":true,"href":"https:\/\/cepronda.com\/blog\/wp-json\/wp\/v2\/users\/9"}],"replies":[{"embeddable":true,"href":"https:\/\/cepronda.com\/blog\/wp-json\/wp\/v2\/comments?post=3739"}],"version-history":[{"count":2,"href":"https:\/\/cepronda.com\/blog\/wp-json\/wp\/v2\/posts\/3739\/revisions"}],"predecessor-version":[{"id":3746,"href":"https:\/\/cepronda.com\/blog\/wp-json\/wp\/v2\/posts\/3739\/revisions\/3746"}],"wp:featuredmedia":[{"embeddable":true,"href":"https:\/\/cepronda.com\/blog\/wp-json\/wp\/v2\/media\/3741"}],"wp:attachment":[{"href":"https:\/\/cepronda.com\/blog\/wp-json\/wp\/v2\/media?parent=3739"}],"wp:term":[{"taxonomy":"category","embeddable":true,"href":"https:\/\/cepronda.com\/blog\/wp-json\/wp\/v2\/categories?post=3739"},{"taxonomy":"post_tag","embeddable":true,"href":"https:\/\/cepronda.com\/blog\/wp-json\/wp\/v2\/tags?post=3739"}],"curies":[{"name":"wp","href":"https:\/\/api.w.org\/{rel}","templated":true}]}}