{"id":3726,"date":"2020-09-04T14:04:33","date_gmt":"2020-09-04T12:04:33","guid":{"rendered":"http:\/\/cepronda.com\/blog\/?p=3726"},"modified":"2025-04-25T12:06:15","modified_gmt":"2025-04-25T10:06:15","slug":"convocatoria-premios-rosa-regas-2","status":"publish","type":"post","link":"https:\/\/cepronda.com\/blog\/convocatoria-premios-rosa-regas-2\/","title":{"rendered":"CONVOCATORIA PREMIOS    \u00abROSA REG\u00c1S\u00bb"},"content":{"rendered":"\n<p class=\"wp-block-paragraph\">Buenas tardes compa\u00f1eras y compa\u00f1eros,<\/p>\n\n\n\n<p class=\"wp-block-paragraph\">Os informamos que se ha publicado la convocatoria de los premios \u00abRosa Reg\u00e0s\u00bb a materiales curriculares que promuevan la igualdad entre hombres y mujeres en educaci\u00f3n y que destaquen por su valor coeducativo, en su XIV edici\u00f3n correspondiente al curso 2019-2020.<\/p>\n\n\n\n<p class=\"wp-block-paragraph\">Aqu\u00ed pod\u00e9is acceder al <a href=\"https:\/\/drive.google.com\/file\/d\/1R21DVcVW7o4rB2lR2AYDC1680vpjPxFn\/view?usp=sharing\" title=\"https:\/\/drive.google.com\/file\/d\/1R21DVcVW7o4rB2lR2AYDC1680vpjPxFn\/view?usp=sharing\" target=\"_blank\" rel=\"noreferrer noopener\">enlace<\/a> y deseamos que sea de inter\u00e9s.<\/p>\n\n\n<p style=\"text-align: center;\"><a href=\"_wp_link_placeholder\" data-wplink-edit=\"true\"><img data-recalc-dims=\"1\" loading=\"lazy\" decoding=\"async\" class=\"alignnone size-medium wp-image-3713\" src=\"https:\/\/i0.wp.com\/cepronda.com\/blog\/wp-content\/uploads\/2020\/09\/foto-Rosa-regas-300x185.jpg?resize=300%2C185\" alt=\"Rosa Reg\u00e1s\" width=\"300\" height=\"185\"><\/a><\/p>\n\n<p><img data-recalc-dims=\"1\" loading=\"lazy\" decoding=\"async\" class=\"alignnone size-medium wp-image-3713 aligncenter\" src=\"https:\/\/i0.wp.com\/cepronda.com\/blog\/wp-content\/uploads\/2020\/09\/foto-Rosa-regas-300x185.jpg?resize=300%2C185\" alt=\"Rosa Reg\u00e1s\" width=\"300\" height=\"185\"><\/p>","protected":false},"excerpt":{"rendered":"<p>Buenas tardes compa\u00f1eras y compa\u00f1eros, Os informamos que se ha publicado la convocatoria de los premios \u00abRosa Reg\u00e0s\u00bb a materiales curriculares que promuevan la igualdad entre hombres y mujeres en educaci\u00f3n y que destaquen por su valor coeducativo, en su XIV edici\u00f3n correspondiente al curso 2019-2020. Aqu\u00ed pod\u00e9is acceder al enlace y deseamos que sea [&hellip;]<\/p>\n","protected":false},"author":10,"featured_media":0,"comment_status":"open","ping_status":"open","sticky":false,"template":"","format":"standard","meta":{"_crdt_document":"","advanced_seo_description":"","jetpack_seo_html_title":"","jetpack_seo_noindex":false,"jetpack_post_was_ever_published":false,"_jetpack_newsletter_access":"","_jetpack_dont_email_post_to_subs":false,"_jetpack_newsletter_tier_id":0,"_jetpack_memberships_contains_paywalled_content":false,"_jetpack_memberships_contains_paid_content":false,"footnotes":"","jetpack_publicize_message":"","jetpack_publicize_feature_enabled":true,"jetpack_social_post_already_shared":true,"jetpack_social_options":{"image_generator_settings":{"template":"highway","default_image_id":0,"font":"","enabled":false},"version":2}},"categories":[5],"tags":[180],"class_list":{"0":"post-3726","1":"post","2":"type-post","3":"status-publish","4":"format-standard","6":"category-noticias","7":"tag-concursos","8":"czr-hentry"},"jetpack_publicize_connections":[],"jetpack_featured_media_url":"","jetpack_shortlink":"https:\/\/wp.me\/p8M4X7-Y6","jetpack-related-posts":[{"id":1769,"url":"https:\/\/cepronda.com\/blog\/convocatoria-de-los-premios-rosa-regas\/","url_meta":{"origin":3726,"position":0},"title":"Convocatoria de los premios Rosa Reg\u00e0s","author":"V\u00edctor Caballero","date":"4 mayo, 2018","format":false,"excerpt":"\u00a1Hola de nuevo! Vuelvo a escribiros para compartir con todos y todas la convocatoria de los premios Rosa Reg\u00e0s. Acaba de salir publicada la resoluci\u00f3n de 17 de abril de 2018, de la Direcci\u00f3n General de Participaci\u00f3n y Equidad, por la que se convocan los premios \u00abRosa Reg\u00e0s\u00bb a materiales\u2026","rel":"","context":"En \u00abNoticias\u00bb","block_context":{"text":"Noticias","link":"https:\/\/cepronda.com\/blog\/category\/noticias\/"},"img":{"alt_text":"","src":"https:\/\/i0.wp.com\/cepronda.com\/blog\/wp-content\/uploads\/2018\/05\/Premiorosaregas.jpg?fit=600%2C300&ssl=1&resize=350%2C200","width":350,"height":200,"srcset":"https:\/\/i0.wp.com\/cepronda.com\/blog\/wp-content\/uploads\/2018\/05\/Premiorosaregas.jpg?fit=600%2C300&ssl=1&resize=350%2C200 1x, https:\/\/i0.wp.com\/cepronda.com\/blog\/wp-content\/uploads\/2018\/05\/Premiorosaregas.jpg?fit=600%2C300&ssl=1&resize=525%2C300 1.5x"},"classes":[]},{"id":2874,"url":"https:\/\/cepronda.com\/blog\/convocatoria-de-los-premios-rosa-regas-2\/","url_meta":{"origin":3726,"position":1},"title":"Convocatoria de los premios Rosa Reg\u00e1s","author":"V\u00edctor Caballero","date":"6 junio, 2019","format":false,"excerpt":"Muy buenas, Os comunicamos que ha salido publicada la Resoluci\u00f3n de 24 de mayo de 2019, de la Direcci\u00f3n General de Atenci\u00f3n a la Diversidad, Participaci\u00f3n y Convivencia Escolar, por la que se convocan los premios Rosa Reg\u00e0s a materiales curriculares que promuevan la igualdad entre hombres y mujeres en\u2026","rel":"","context":"En \u00abFormaciones\u00bb","block_context":{"text":"Formaciones","link":"https:\/\/cepronda.com\/blog\/category\/formaciones\/"},"img":{"alt_text":"","src":"https:\/\/i0.wp.com\/cepronda.com\/blog\/wp-content\/uploads\/2018\/05\/Premiorosaregas.jpg?fit=600%2C300&ssl=1&resize=350%2C200","width":350,"height":200,"srcset":"https:\/\/i0.wp.com\/cepronda.com\/blog\/wp-content\/uploads\/2018\/05\/Premiorosaregas.jpg?fit=600%2C300&ssl=1&resize=350%2C200 1x, https:\/\/i0.wp.com\/cepronda.com\/blog\/wp-content\/uploads\/2018\/05\/Premiorosaregas.jpg?fit=600%2C300&ssl=1&resize=525%2C300 1.5x"},"classes":[]},{"id":1943,"url":"https:\/\/cepronda.com\/blog\/convocatoria-premios-buenas-practicas-en-bibliotecas-escolares-y-en-fomento-de-la-lectura\/","url_meta":{"origin":3726,"position":2},"title":"Convocatoria Premios Buenas Pr\u00e1cticas en Bibliotecas Escolares y en Fomento de la Lectura","author":"V\u00edctor Caballero","date":"25 mayo, 2018","format":false,"excerpt":"Muy buenas de nuevo,\u00a0 Compartimos con todas las personas responsables de biblioteca esta convocatoria, que vemos muy interesante y a la que creemos muchas de vuestras bibliotecas pueden optar. Si segu\u00eds este enlace podr\u00e9is acceder a toda la informaci\u00f3n.\u00a0 \u00a1Os animamos a participar!","rel":"","context":"En \u00abFormaciones\u00bb","block_context":{"text":"Formaciones","link":"https:\/\/cepronda.com\/blog\/category\/formaciones\/"},"img":{"alt_text":"","src":"https:\/\/i0.wp.com\/cepronda.com\/blog\/wp-content\/uploads\/2018\/05\/premio_biblioteca_escolar.png?fit=731%2C892&ssl=1&resize=350%2C200","width":350,"height":200,"srcset":"https:\/\/i0.wp.com\/cepronda.com\/blog\/wp-content\/uploads\/2018\/05\/premio_biblioteca_escolar.png?fit=731%2C892&ssl=1&resize=350%2C200 1x, https:\/\/i0.wp.com\/cepronda.com\/blog\/wp-content\/uploads\/2018\/05\/premio_biblioteca_escolar.png?fit=731%2C892&ssl=1&resize=525%2C300 1.5x, https:\/\/i0.wp.com\/cepronda.com\/blog\/wp-content\/uploads\/2018\/05\/premio_biblioteca_escolar.png?fit=731%2C892&ssl=1&resize=700%2C400 2x"},"classes":[]},{"id":780,"url":"https:\/\/cepronda.com\/blog\/convocatoria-de-la-xxix-edicion-del-concurso-de-los-premios-joaquin-guichot-y-antonio-dominguez-ortiz\/","url_meta":{"origin":3726,"position":3},"title":"Convocatoria de la XXIX edici\u00f3n del concurso de los Premios Joaqu\u00edn Guichot y Antonio Dom\u00ednguez Ortiz.","author":"V\u00edctor Caballero","date":"18 abril, 2017","format":false,"excerpt":"Muy buenas, Compartimos con todas y todos vosotros esta informaci\u00f3n relativa al concurso de los premios Joaqu\u00edn Guichot y Antonio Dom\u00ednguez Ort\u00edz. Se convoca la XXIX edici\u00f3n del concurso para el fomento de la investigaci\u00f3n e innovaci\u00f3n educativa en sus dos modalidades, Premio \u00abJoaqu\u00edn Guichot\u00bb y Premio \u00abAntonio Dom\u00ednguez Ortiz\u00bb\u2026","rel":"","context":"En \u00abNoticias\u00bb","block_context":{"text":"Noticias","link":"https:\/\/cepronda.com\/blog\/category\/noticias\/"},"img":{"alt_text":"","src":"https:\/\/i0.wp.com\/cepronda.com\/blog\/wp-content\/uploads\/2017\/05\/logo_ja_ce_mejor.jpg?fit=732%2C600&ssl=1&resize=350%2C200","width":350,"height":200,"srcset":"https:\/\/i0.wp.com\/cepronda.com\/blog\/wp-content\/uploads\/2017\/05\/logo_ja_ce_mejor.jpg?fit=732%2C600&ssl=1&resize=350%2C200 1x, https:\/\/i0.wp.com\/cepronda.com\/blog\/wp-content\/uploads\/2017\/05\/logo_ja_ce_mejor.jpg?fit=732%2C600&ssl=1&resize=525%2C300 1.5x, https:\/\/i0.wp.com\/cepronda.com\/blog\/wp-content\/uploads\/2017\/05\/logo_ja_ce_mejor.jpg?fit=732%2C600&ssl=1&resize=700%2C400 2x"},"classes":[]},{"id":2848,"url":"https:\/\/cepronda.com\/blog\/premios-andalucia-sobre-migraciones-xv-edicion-2019\/","url_meta":{"origin":3726,"position":4},"title":"Premios Andaluc\u00eda sobre Migraciones. XV edici\u00f3n (2019)","author":"V\u00edctor Caballero","date":"20 mayo, 2019","format":false,"excerpt":"Hola de nuevo, Queremos compartir con todos los centros de nuestra zona la convocatoria de estos premios, ya que una de las modalidades de los mismos est\u00e1 dedicada a la Modalidad Programas Educativos de Fomento de la Interculturalidad, y sabemos que muchos y muchas de nuestras docentes est\u00e1is haciendo grandes\u2026","rel":"","context":"En \u00abFormaciones\u00bb","block_context":{"text":"Formaciones","link":"https:\/\/cepronda.com\/blog\/category\/formaciones\/"},"img":{"alt_text":"","src":"https:\/\/i0.wp.com\/cepronda.com\/blog\/wp-content\/uploads\/2019\/05\/logo-nuevo.jpg?fit=531%2C342&ssl=1&resize=350%2C200","width":350,"height":200,"srcset":"https:\/\/i0.wp.com\/cepronda.com\/blog\/wp-content\/uploads\/2019\/05\/logo-nuevo.jpg?fit=531%2C342&ssl=1&resize=350%2C200 1x, https:\/\/i0.wp.com\/cepronda.com\/blog\/wp-content\/uploads\/2019\/05\/logo-nuevo.jpg?fit=531%2C342&ssl=1&resize=525%2C300 1.5x"},"classes":[]},{"id":3006,"url":"https:\/\/cepronda.com\/blog\/premios-anuales-a-la-promocion-de-la-cultura-de-paz-y-la-convivencia-escolar-en-andalucia-para-el-curso-escolar-2019-2020\/","url_meta":{"origin":3726,"position":5},"title":"Premios Anuales a la Promoci\u00f3n de la Cultura de Paz y la Convivencia Escolar en Andaluc\u00eda para el curso escolar 2019-2020.","author":"V\u00edctor Caballero","date":"18 septiembre, 2019","format":false,"excerpt":"Muy buenas de nuevo, Compartimos tambi\u00e9n la convocatoria de los Premios Anuales a la Promoci\u00f3n de la Cultura de Paz y la Convivencia Escolar en Andaluc\u00eda para el curso escolar 2019-2020. Pod\u00e9is encontrar toda la informaci\u00f3n en el siguiente enlace.","rel":"","context":"En \u00abNoticias\u00bb","block_context":{"text":"Noticias","link":"https:\/\/cepronda.com\/blog\/category\/noticias\/"},"img":{"alt_text":"","src":"https:\/\/i0.wp.com\/cepronda.com\/blog\/wp-content\/uploads\/2019\/09\/vw-1308501_1920.jpg?resize=350%2C200&ssl=1","width":350,"height":200,"srcset":"https:\/\/i0.wp.com\/cepronda.com\/blog\/wp-content\/uploads\/2019\/09\/vw-1308501_1920.jpg?resize=350%2C200&ssl=1 1x, https:\/\/i0.wp.com\/cepronda.com\/blog\/wp-content\/uploads\/2019\/09\/vw-1308501_1920.jpg?resize=525%2C300&ssl=1 1.5x, https:\/\/i0.wp.com\/cepronda.com\/blog\/wp-content\/uploads\/2019\/09\/vw-1308501_1920.jpg?resize=700%2C400&ssl=1 2x, https:\/\/i0.wp.com\/cepronda.com\/blog\/wp-content\/uploads\/2019\/09\/vw-1308501_1920.jpg?resize=1050%2C600&ssl=1 3x, https:\/\/i0.wp.com\/cepronda.com\/blog\/wp-content\/uploads\/2019\/09\/vw-1308501_1920.jpg?resize=1400%2C800&ssl=1 4x"},"classes":[]}],"jetpack_sharing_enabled":true,"_links":{"self":[{"href":"https:\/\/cepronda.com\/blog\/wp-json\/wp\/v2\/posts\/3726","targetHints":{"allow":["GET"]}}],"collection":[{"href":"https:\/\/cepronda.com\/blog\/wp-json\/wp\/v2\/posts"}],"about":[{"href":"https:\/\/cepronda.com\/blog\/wp-json\/wp\/v2\/types\/post"}],"author":[{"embeddable":true,"href":"https:\/\/cepronda.com\/blog\/wp-json\/wp\/v2\/users\/10"}],"replies":[{"embeddable":true,"href":"https:\/\/cepronda.com\/blog\/wp-json\/wp\/v2\/comments?post=3726"}],"version-history":[{"count":2,"href":"https:\/\/cepronda.com\/blog\/wp-json\/wp\/v2\/posts\/3726\/revisions"}],"predecessor-version":[{"id":3728,"href":"https:\/\/cepronda.com\/blog\/wp-json\/wp\/v2\/posts\/3726\/revisions\/3728"}],"wp:attachment":[{"href":"https:\/\/cepronda.com\/blog\/wp-json\/wp\/v2\/media?parent=3726"}],"wp:term":[{"taxonomy":"category","embeddable":true,"href":"https:\/\/cepronda.com\/blog\/wp-json\/wp\/v2\/categories?post=3726"},{"taxonomy":"post_tag","embeddable":true,"href":"https:\/\/cepronda.com\/blog\/wp-json\/wp\/v2\/tags?post=3726"}],"curies":[{"name":"wp","href":"https:\/\/api.w.org\/{rel}","templated":true}]}}