{"id":3639,"date":"2020-07-07T09:22:57","date_gmt":"2020-07-07T07:22:57","guid":{"rendered":"http:\/\/cepronda.com\/blog\/?p=3639"},"modified":"2020-07-07T09:23:04","modified_gmt":"2020-07-07T07:23:04","slug":"resolucion-del-jurado-de-ciencia-en-accion-xxi-opcion-presencial","status":"publish","type":"post","link":"https:\/\/cepronda.com\/blog\/resolucion-del-jurado-de-ciencia-en-accion-xxi-opcion-presencial\/","title":{"rendered":"Resoluci\u00f3n del Jurado de Ciencia en Acci\u00f3n XXI opci\u00f3n Presencial"},"content":{"rendered":"\n<p class=\"wp-block-paragraph\">Unos 35 estudiantes del Mart\u00edn Rivero han conseguido premios en 8 categor\u00edas, 6 de ellos a nombre del IES Mart\u00edn Rivero del concurso internacional ciencia en acci\u00f3n.<\/p>\n\n\n\n<figure class=\"wp-block-embed-wordpress wp-block-embed is-type-wp-embed is-provider-ciencia-en-accion\"><div class=\"wp-block-embed__wrapper\">\n<blockquote class=\"wp-embedded-content\" data-secret=\"LY3bLgRVHd\"><a href=\"https:\/\/cienciaenaccion.org\/resolucion-del-jurado-de-ciencia-en-accion-xxi-opcion-presencial\/\">Resoluci\u00f3n del Jurado de Ciencia en Acci\u00f3n XXI opci\u00f3n Presencial<\/a><\/blockquote><iframe loading=\"lazy\" class=\"wp-embedded-content\" sandbox=\"allow-scripts\" security=\"restricted\" style=\"position: absolute; clip: rect(1px, 1px, 1px, 1px);\" title=\"\u00abResoluci\u00f3n del Jurado de Ciencia en Acci\u00f3n XXI opci\u00f3n Presencial\u00bb \u2014 Ciencia en Acci\u00f3n\" src=\"https:\/\/cienciaenaccion.org\/resolucion-del-jurado-de-ciencia-en-accion-xxi-opcion-presencial\/embed\/#?secret=LY3bLgRVHd\" data-secret=\"LY3bLgRVHd\" width=\"600\" height=\"338\" frameborder=\"0\" marginwidth=\"0\" marginheight=\"0\" scrolling=\"no\"><\/iframe>\n<\/div><\/figure>\n\n\n\n<p class=\"wp-block-paragraph\"><\/p>\n","protected":false},"excerpt":{"rendered":"<p>Unos 35 estudiantes del Mart\u00edn Rivero han conseguido premios en 8 categor\u00edas, 6 de ellos a nombre del IES Mart\u00edn Rivero del concurso internacional ciencia en acci\u00f3n.<\/p>\n","protected":false},"author":3,"featured_media":0,"comment_status":"open","ping_status":"open","sticky":false,"template":"","format":"standard","meta":{"_crdt_document":"","advanced_seo_description":"","jetpack_seo_html_title":"","jetpack_seo_noindex":false,"jetpack_post_was_ever_published":false,"_jetpack_newsletter_access":"","_jetpack_dont_email_post_to_subs":false,"_jetpack_newsletter_tier_id":0,"_jetpack_memberships_contains_paywalled_content":false,"_jetpack_memberships_contains_paid_content":false,"footnotes":"","jetpack_publicize_message":"","jetpack_publicize_feature_enabled":true,"jetpack_social_post_already_shared":true,"jetpack_social_options":{"image_generator_settings":{"template":"highway","default_image_id":0,"font":"","enabled":false},"version":2}},"categories":[5],"tags":[162],"class_list":{"0":"post-3639","1":"post","2":"type-post","3":"status-publish","4":"format-standard","6":"category-noticias","7":"tag-ciencia","8":"czr-hentry"},"jetpack_publicize_connections":[],"jetpack_featured_media_url":"","jetpack_shortlink":"https:\/\/wp.me\/p8M4X7-WH","jetpack-related-posts":[{"id":1205,"url":"https:\/\/cepronda.com\/blog\/el-ies-martin-rivero-participa-en-el-certamen-ciencia-en-accion\/","url_meta":{"origin":3639,"position":0},"title":"El IES Mart\u00edn Rivero participa en el Certamen \u00abCiencia en Acci\u00f3n\u00bb","author":"V\u00edctor Caballero","date":"6 septiembre, 2017","format":false,"excerpt":"Un total de seis iniciativas propuestas por centros educativos malague\u00f1os han sido seleccionadas por la Comisi\u00f3n de \u201cCiencia en Acci\u00f3n\u201d para participar en la final de dicho certamen que tendr\u00e1 lugar en la localidad de Ermua el pr\u00f3ximo mes de octubre. En lo que respecta a lo que respecta a\u2026","rel":"","context":"En \u00abNoticias\u00bb","block_context":{"text":"Noticias","link":"https:\/\/cepronda.com\/blog\/category\/noticias\/"},"img":{"alt_text":"","src":"https:\/\/i0.wp.com\/cepronda.com\/blog\/wp-content\/uploads\/2017\/09\/ciencia_en_accion-295x300.jpg?resize=350%2C200","width":350,"height":200},"classes":[]},{"id":6001,"url":"https:\/\/cepronda.com\/blog\/el-ies-gran-capitan-de-cordoba-y-martin-rivero-de-ronda-logran-el-primer-premio-ciccartuja-futuros-investigadores\/","url_meta":{"origin":3639,"position":1},"title":"El IES Gran Capit\u00e1n de C\u00f3rdoba y Mart\u00edn Rivero de Ronda, logran el primer Premio CicCartuja \u201cfuturos investigadores\u201d","author":"Inmaculada Garc\u00eda","date":"17 mayo, 2023","format":false,"excerpt":"Desde el CEP de Ronda queremos dar la enhorabuena al alumnado y al profesorado del I.E.S. MArt\u00edn Rivero (Ronda) por su premio. \u201cDocumentales y Youtube: En busca de ideas para nuevas investigaciones\u201d es el t\u00edtulo del trabajo realizado de manera simult\u00e1nea durante este curso escolar en los IES Gran Capit\u00e1n\u2026","rel":"","context":"En \u00abNoticias\u00bb","block_context":{"text":"Noticias","link":"https:\/\/cepronda.com\/blog\/category\/noticias\/"},"img":{"alt_text":"","src":"https:\/\/i0.wp.com\/cepronda.com\/blog\/wp-content\/uploads\/2023\/05\/Entrega-premio-total.jpg?fit=853%2C841&ssl=1&resize=350%2C200","width":350,"height":200,"srcset":"https:\/\/i0.wp.com\/cepronda.com\/blog\/wp-content\/uploads\/2023\/05\/Entrega-premio-total.jpg?fit=853%2C841&ssl=1&resize=350%2C200 1x, https:\/\/i0.wp.com\/cepronda.com\/blog\/wp-content\/uploads\/2023\/05\/Entrega-premio-total.jpg?fit=853%2C841&ssl=1&resize=525%2C300 1.5x, https:\/\/i0.wp.com\/cepronda.com\/blog\/wp-content\/uploads\/2023\/05\/Entrega-premio-total.jpg?fit=853%2C841&ssl=1&resize=700%2C400 2x"},"classes":[]},{"id":7672,"url":"https:\/\/cepronda.com\/blog\/el-ies-martin-rivero-de-ronda-junto-con-ies-gran-capitan-de-cordoba-premidados-por-su-fabrica-de-ideas-e-inventos\/","url_meta":{"origin":3639,"position":2},"title":"EL IES MART\u00cdN RIVERO DE RONDA JUNTO CON EL IES GRAN CAPIT\u00c1N DE C\u00d3RDOBA PREMIDADOS POR SU F\u00c1BRICA DE IDEAS E INVENTOS","author":"Mamen Moreno","date":"12 julio, 2024","format":false,"excerpt":"El IES Mart\u00edn Rivero ha sido premiado por su F\u00e1brica de Ideas e Inventos de estudiantes, junto con el IES Gran Capit\u00e1n de C\u00f3rdoba. El Ministerio de Ciencia, Innovaci\u00f3n y Universidades ha reconocido este prestigioso reconocimiento a la RED de centros andaluces FAB-IDI \"F\u00e1bricas de Ideas e Inventos\", coordinada en\u2026","rel":"","context":"En \u00abNoticias\u00bb","block_context":{"text":"Noticias","link":"https:\/\/cepronda.com\/blog\/category\/noticias\/"},"img":{"alt_text":"","src":"https:\/\/i0.wp.com\/cepronda.com\/blog\/wp-content\/uploads\/2024\/07\/WhatsApp-Image-2024-07-12-at-11.33.31-e1720792423312.jpeg?fit=871%2C515&ssl=1&resize=350%2C200","width":350,"height":200,"srcset":"https:\/\/i0.wp.com\/cepronda.com\/blog\/wp-content\/uploads\/2024\/07\/WhatsApp-Image-2024-07-12-at-11.33.31-e1720792423312.jpeg?fit=871%2C515&ssl=1&resize=350%2C200 1x, https:\/\/i0.wp.com\/cepronda.com\/blog\/wp-content\/uploads\/2024\/07\/WhatsApp-Image-2024-07-12-at-11.33.31-e1720792423312.jpeg?fit=871%2C515&ssl=1&resize=525%2C300 1.5x, https:\/\/i0.wp.com\/cepronda.com\/blog\/wp-content\/uploads\/2024\/07\/WhatsApp-Image-2024-07-12-at-11.33.31-e1720792423312.jpeg?fit=871%2C515&ssl=1&resize=700%2C400 2x"},"classes":[]},{"id":3057,"url":"https:\/\/cepronda.com\/blog\/premiados-en-el-ies-martin-rivero\/","url_meta":{"origin":3639,"position":3},"title":"Premiados en el IES Mart\u00edn Rivero","author":"V\u00edctor Caballero","date":"27 septiembre, 2019","format":false,"excerpt":"Muy buenas, nos llegan dos magn\u00edficas noticias de premiados en el IES Mart\u00edn Rivero en distintos premios y cert\u00e1menes. Os dejamos con los enlaces a las noticias, y desde el CEP damos la enhorabuena al alumnado premiado. Fad y BBVA fallan los proyectos educativos ganadores del Premio a la Acci\u00f3n\u2026","rel":"","context":"En \u00abNoticias\u00bb","block_context":{"text":"Noticias","link":"https:\/\/cepronda.com\/blog\/category\/noticias\/"},"img":{"alt_text":"","src":"","width":0,"height":0},"classes":[]},{"id":2009,"url":"https:\/\/cepronda.com\/blog\/talentos-e-inventos-en-el-ies-martin-rivero\/","url_meta":{"origin":3639,"position":4},"title":"\u00abTalentos e inventos\u00bb en el IES Mart\u00edn Rivero","author":"V\u00edctor Caballero","date":"31 mayo, 2018","format":false,"excerpt":"\u00a1Muy buenas! C\u00f3mo ya hemos comentado en varias ocasiones, en el CEP tenemos la suerte de poder asistir a muchas de vuestras actividades y disfrutarlas. En esta ocasi\u00f3n nos hemos trasladado al IES Mart\u00edn Rivero donde hoy hab\u00edan preparado su jornada de puertas abiertas denominada \"Talentos e inventos\". En las\u2026","rel":"","context":"En \u00abNoticias\u00bb","block_context":{"text":"Noticias","link":"https:\/\/cepronda.com\/blog\/category\/noticias\/"},"img":{"alt_text":"","src":"https:\/\/i0.wp.com\/cepronda.com\/blog\/wp-content\/uploads\/2018\/05\/IMG_20180531_124240.jpg?fit=1200%2C900&ssl=1&resize=350%2C200","width":350,"height":200,"srcset":"https:\/\/i0.wp.com\/cepronda.com\/blog\/wp-content\/uploads\/2018\/05\/IMG_20180531_124240.jpg?fit=1200%2C900&ssl=1&resize=350%2C200 1x, https:\/\/i0.wp.com\/cepronda.com\/blog\/wp-content\/uploads\/2018\/05\/IMG_20180531_124240.jpg?fit=1200%2C900&ssl=1&resize=525%2C300 1.5x, https:\/\/i0.wp.com\/cepronda.com\/blog\/wp-content\/uploads\/2018\/05\/IMG_20180531_124240.jpg?fit=1200%2C900&ssl=1&resize=700%2C400 2x, https:\/\/i0.wp.com\/cepronda.com\/blog\/wp-content\/uploads\/2018\/05\/IMG_20180531_124240.jpg?fit=1200%2C900&ssl=1&resize=1050%2C600 3x"},"classes":[]},{"id":2919,"url":"https:\/\/cepronda.com\/blog\/xxxi-certamen-jovenes-investigadores-2019\/","url_meta":{"origin":3639,"position":5},"title":"XXXI Certamen J\u00f3venes Investigadores 2019","author":"V\u00edctor Caballero","date":"21 junio, 2019","format":false,"excerpt":"El Jurado del XXXI Certamen J\u00f3venes Investigadores 2019\u00a0ha seleccionado cuarenta proyectos que sus autores defender\u00e1n p\u00fablicamente en un Congreso que se celebrar\u00e1 en el\u00a0Centro Eurolatinoamericano de Juventud (CEULAJ)\u00a0en Mollina (M\u00e1laga), del 17 al 20 de junio de 2019.\u00a0 Dentro de los trabajos seleccionados y posteriormente premiados podemos encontrar dos alumnos\u2026","rel":"","context":"En \u00abNoticias\u00bb","block_context":{"text":"Noticias","link":"https:\/\/cepronda.com\/blog\/category\/noticias\/"},"img":{"alt_text":"","src":"https:\/\/i0.wp.com\/cepronda.com\/blog\/wp-content\/uploads\/2019\/06\/logo-jovenes-investigadores-1.jpg?fit=1200%2C1200&ssl=1&resize=350%2C200","width":350,"height":200,"srcset":"https:\/\/i0.wp.com\/cepronda.com\/blog\/wp-content\/uploads\/2019\/06\/logo-jovenes-investigadores-1.jpg?fit=1200%2C1200&ssl=1&resize=350%2C200 1x, https:\/\/i0.wp.com\/cepronda.com\/blog\/wp-content\/uploads\/2019\/06\/logo-jovenes-investigadores-1.jpg?fit=1200%2C1200&ssl=1&resize=525%2C300 1.5x, https:\/\/i0.wp.com\/cepronda.com\/blog\/wp-content\/uploads\/2019\/06\/logo-jovenes-investigadores-1.jpg?fit=1200%2C1200&ssl=1&resize=700%2C400 2x, https:\/\/i0.wp.com\/cepronda.com\/blog\/wp-content\/uploads\/2019\/06\/logo-jovenes-investigadores-1.jpg?fit=1200%2C1200&ssl=1&resize=1050%2C600 3x"},"classes":[]}],"jetpack_sharing_enabled":true,"_links":{"self":[{"href":"https:\/\/cepronda.com\/blog\/wp-json\/wp\/v2\/posts\/3639","targetHints":{"allow":["GET"]}}],"collection":[{"href":"https:\/\/cepronda.com\/blog\/wp-json\/wp\/v2\/posts"}],"about":[{"href":"https:\/\/cepronda.com\/blog\/wp-json\/wp\/v2\/types\/post"}],"author":[{"embeddable":true,"href":"https:\/\/cepronda.com\/blog\/wp-json\/wp\/v2\/users\/3"}],"replies":[{"embeddable":true,"href":"https:\/\/cepronda.com\/blog\/wp-json\/wp\/v2\/comments?post=3639"}],"version-history":[{"count":1,"href":"https:\/\/cepronda.com\/blog\/wp-json\/wp\/v2\/posts\/3639\/revisions"}],"predecessor-version":[{"id":3640,"href":"https:\/\/cepronda.com\/blog\/wp-json\/wp\/v2\/posts\/3639\/revisions\/3640"}],"wp:attachment":[{"href":"https:\/\/cepronda.com\/blog\/wp-json\/wp\/v2\/media?parent=3639"}],"wp:term":[{"taxonomy":"category","embeddable":true,"href":"https:\/\/cepronda.com\/blog\/wp-json\/wp\/v2\/categories?post=3639"},{"taxonomy":"post_tag","embeddable":true,"href":"https:\/\/cepronda.com\/blog\/wp-json\/wp\/v2\/tags?post=3639"}],"curies":[{"name":"wp","href":"https:\/\/api.w.org\/{rel}","templated":true}]}}